{"id":73282,"date":"2025-03-17T10:00:00","date_gmt":"2025-03-17T08:00:00","guid":{"rendered":"https:\/\/obera.fr\/nosso-conselho\/solucao-refroidissement-efficacite-energetique\/"},"modified":"2025-04-14T14:49:33","modified_gmt":"2025-04-14T12:49:33","slug":"solucao-refroidissement-efficacite-energetique","status":"publish","type":"post","link":"https:\/\/obera.fr\/pt-pt\/nosso-conselho\/solucao-refroidissement-efficacite-energetique\/","title":{"rendered":"Solu\u00e7\u00f5es de refrigera\u00e7\u00e3o industrial para uma maior efici\u00eancia energ\u00e9tica"},"content":{"rendered":"\n<div class=\"wp-block-columns is-layout-flex wp-container-core-columns-is-layout-28f84493 wp-block-columns-is-layout-flex\">\n<div class=\"wp-block-column is-layout-flow wp-block-column-is-layout-flow\" style=\"flex-basis:66.66%\">\n<p>A sobriedade industrial, associada ao aumento dos pre\u00e7os da energia, obriga as empresas a repensar as suas abordagens, nomeadamente no que diz respeito \u00e0 <strong>gest\u00e3o t\u00e9rmica dos edif\u00edcios industriais<\/strong>. Enquanto o aquecimento continua a ser a prioridade no inverno, as ondas de calor do ver\u00e3o amplificam a necessidade de uma solu\u00e7\u00e3o de arrefecimento que combine efici\u00eancia energ\u00e9tica, sustentabilidade e conforto. A OberA, especialista em arrefecimento industrial, analisa as<strong> solu\u00e7\u00f5es mais eficazes<\/strong> e sustent\u00e1veis para ajudar as empresas a conseguir uma gest\u00e3o t\u00e9rmica optimizada e respons\u00e1vel. <\/p>\n<\/div>\n\n\n\n<div class=\"wp-block-column is-layout-flow wp-block-column-is-layout-flow\" style=\"flex-basis:33.33%\">\n<figure class=\"wp-block-image aligncenter size-large is-resized\"><img decoding=\"async\" width=\"1024\" height=\"1024\" src=\"https:\/\/obera.fr\/wp-content\/uploads\/2025\/03\/conseil-raf-5-1024x1024.png\" alt=\"Efici&#xEA;ncia energ&#xE9;tica\" class=\"wp-image-77664\" style=\"width:227px;height:auto\" srcset=\"https:\/\/obera.fr\/wp-content\/uploads\/2025\/03\/conseil-raf-5-1024x1024.png 1024w, https:\/\/obera.fr\/wp-content\/uploads\/2025\/03\/conseil-raf-5-300x300.png 300w, https:\/\/obera.fr\/wp-content\/uploads\/2025\/03\/conseil-raf-5-150x150.png 150w, https:\/\/obera.fr\/wp-content\/uploads\/2025\/03\/conseil-raf-5-768x768.png 768w, https:\/\/obera.fr\/wp-content\/uploads\/2025\/03\/conseil-raf-5.png 1200w\" sizes=\"(max-width: 1024px) 100vw, 1024px\" \/><\/figure>\n<\/div>\n<\/div>\n\n<h2 class=\"wp-block-heading\">Os desafios da efici\u00eancia energ\u00e9tica na refrigera\u00e7\u00e3o<\/h2>\n\n<h3 class=\"wp-block-heading\">A import\u00e2ncia da efici\u00eancia energ\u00e9tica nos sistemas de refrigera\u00e7\u00e3o<\/h3>\n\n<p>O <strong>sector industrial<\/strong> consome cerca de um ter\u00e7o da energia mundial, e uma <a href=\"https:\/\/obera.fr\/pt-pt\/nosso-conselho\/les-avantages-du-rafraichissement-adiabatique-dominent-largement-ses-inconvenients\/\">parte significativa desta<\/a> \u00e9 utilizada para arrefecer edif\u00edcios. Neste contexto, a efici\u00eancia energ\u00e9tica dos sistemas <strong>de refrigera\u00e7\u00e3o est\u00e1 a tornar-se crucial<\/strong>, tanto do ponto de vista ambiental, para apoiar a transi\u00e7\u00e3o energ\u00e9tica, como do ponto de vista econ\u00f3mico, para melhorar a competitividade das empresas atrav\u00e9s da redu\u00e7\u00e3o dos seus custos de produ\u00e7\u00e3o.   <\/p>\n\n<h3 class=\"wp-block-heading\">Impacto econ\u00f3mico<\/h3>\n\n<p><strong>Os sistemas de arrefecimento energeticamente eficientes<\/strong> oferecem benef\u00edcios econ\u00f3micos significativos, particularmente atrav\u00e9s da sua capacidade de reduzir o consumo de energia. Esta redu\u00e7\u00e3o das necessidades energ\u00e9ticas traduz-se em custos operacionais mais baixos, uma vantagem clara num contexto de aumento dos pre\u00e7os da energia e dos combust\u00edveis. \u00c9 claro que <strong>a instala\u00e7\u00e3o destas tecnologias<\/strong> representa um investimento inicial, mas este esfor\u00e7o financeiro \u00e9 rapidamente compensado pelas economias efectuadas nos custos de funcionamento e de manuten\u00e7\u00e3o a longo prazo. Ao otimizar os custos de produ\u00e7\u00e3o, estes sistemas refor\u00e7am a competitividade das empresas nos mercados internacionais e melhoram a sua imagem de marca, uma <strong>vantagem competitiva<\/strong> importante na conjuntura atual.   <\/p>\n\n<h3 class=\"wp-block-heading\">Impacto ambiental  <\/h3>\n\n<figure class=\"wp-block-image alignleft size-full is-resized\"><img decoding=\"async\" width=\"535\" height=\"574\" src=\"https:\/\/obera.fr\/wp-content\/uploads\/2025\/03\/ecologie.png\" alt=\"ecologia\" class=\"wp-image-76272\" style=\"width:108px;height:auto\" srcset=\"https:\/\/obera.fr\/wp-content\/uploads\/2025\/03\/ecologie.png 535w, https:\/\/obera.fr\/wp-content\/uploads\/2025\/03\/ecologie-280x300.png 280w\" sizes=\"(max-width: 535px) 100vw, 535px\" \/><\/figure>\n\n<p><strong>Os sistemas de refrigera\u00e7\u00e3o energeticamente eficientes <\/strong>desempenham um papel fundamental na redu\u00e7\u00e3o da utiliza\u00e7\u00e3o de energia e das emiss\u00f5es de CO\u2082. Estas solu\u00e7\u00f5es n\u00e3o s\u00f3 reduzem a depend\u00eancia dos combust\u00edveis f\u00f3sseis, como tamb\u00e9m contribuem para a transi\u00e7\u00e3o energ\u00e9tica. Al\u00e9m disso, ao limitarem as ilhas de calor urbanas, estas tecnologias baixam as temperaturas em zonas densas, melhorando a qualidade de vida dos residentes. A<strong>efici\u00eancia energ\u00e9tica das novas tecnologias<\/strong> de arrefecimento reduz a pegada de carbono, ao mesmo tempo que desempenha um papel fundamental na luta contra as altera\u00e7\u00f5es clim\u00e1ticas.   <\/p>\n\n<h3 class=\"wp-block-heading\">Regulamenta\u00e7\u00e3o no sector industrial<\/h3>\n\n<p>A Fran\u00e7a tem como objetivo uma melhoria de 27% na efici\u00eancia energ\u00e9tica at\u00e9 2030. <strong>Em conformidade com o Acordo de Paris<\/strong>, as empresas devem reduzir o seu consumo de energia e as suas emiss\u00f5es<sub>de CO2<\/sub>. Para alcan\u00e7ar estas ambi\u00e7\u00f5es, a Lei de Transi\u00e7\u00e3o Energ\u00e9tica de 2015 estabelece um quadro legislativo para incentivar as ind\u00fastrias a adotar <strong>solu\u00e7\u00f5es sustent\u00e1veis e inovadoras<\/strong>.   <\/p>\n\n<p>As grandes empresas s\u00e3o obrigadas a efetuar auditorias de quatro em quatro anos para analisar as suas despesas de energia, identificar oportunidades de poupan\u00e7a e aplicar<strong> estrat\u00e9gias espec\u00edficas para melhorar o seu desempenho ambiental<\/strong>. Podem tamb\u00e9m adotar normas como a ISO 50001, a abordagem SM\u00c9nergie e beneficiar de certificados de economia de energia (CEE) para estruturar as suas iniciativas e promover os seus esfor\u00e7os em termos de sustentabilidade e efici\u00eancia energ\u00e9tica. <\/p>\n\n<figure class=\"wp-block-image alignright size-full is-resized\"><img decoding=\"async\" width=\"608\" height=\"567\" src=\"https:\/\/obera.fr\/wp-content\/uploads\/2025\/03\/fraicheur.png\" alt=\"floco de neve representando o frio\" class=\"wp-image-76310\" style=\"width:152px;height:auto\" srcset=\"https:\/\/obera.fr\/wp-content\/uploads\/2025\/03\/fraicheur.png 608w, https:\/\/obera.fr\/wp-content\/uploads\/2025\/03\/fraicheur-300x280.png 300w\" sizes=\"(max-width: 608px) 100vw, 608px\" \/><\/figure>\n\n<h2 class=\"wp-block-heading\">Solu\u00e7\u00f5es de refrigera\u00e7\u00e3o energeticamente eficientes para a ind\u00fastria  <\/h2>\n\n<h3 class=\"wp-block-heading\">Arrefecimento adiab\u00e1tico  <\/h3>\n\n<p><a href=\"https:\/\/obera.fr\/pt-pt\/produits\/rafraichisseurs-air\/\">O arrefecimento adiab\u00e1tico<\/a> utiliza a evapora\u00e7\u00e3o da \u00e1gua para baixar a temperatura do ar. \u00c0 medida que a \u00e1gua se evapora, absorve o calor sens\u00edvel do ar, produzindo um fluxo de ar arrefecido. Consumindo at\u00e9 90% menos energia do que um <strong>sistema de ar condicionado convencional<\/strong>, este arrefecimento \u00e9 particularmente eficaz para grandes espa\u00e7os industriais, como oficinas e armaz\u00e9ns. Ao utilizar \u00e1gua l\u00edquida como principal meio de arrefecimento, oferece uma solu\u00e7\u00e3o sustent\u00e1vel e eficiente em termos energ\u00e9ticos.   <\/p>\n\n<h3 class=\"wp-block-heading\">Sistema de arrefecimento passivo<\/h3>\n\n<p><strong>O arrefecimento passivo<\/strong> regula a temperatura dos edif\u00edcios sem a utiliza\u00e7\u00e3o de energia ativa, utilizando materiais inovadores como revestimentos reflectores, aerog\u00e9is de s\u00edlica e isolamento composto, bem como t\u00e9cnicas como telhados verdes, <strong>vidros inteligentes e ventila\u00e7\u00e3o natural<\/strong>. Ao limitar o ganho de calor e promover a sua dissipa\u00e7\u00e3o, esta abordagem reduz a depend\u00eancia de sistemas de ar condicionado que consomem muita energia e melhora a sustentabilidade dos edif\u00edcios. \u00c9 particularmente eficaz em <strong>estruturas &#8220;inteligentes&#8221; <\/strong>capazes de gerir autonomamente as suas necessidades t\u00e9rmicas. A melhor forma de a integrar \u00e9 na fase de projeto dos edif\u00edcios, para maximizar o desempenho a longo prazo.   <\/p>\n\n<h3 class=\"wp-block-heading\">Redes de arrefecimento urbano (refrigera\u00e7\u00e3o urbana)<\/h3>\n\n<p><strong>As redes de arrefecimento urbano<\/strong>, ou sistemas de distribui\u00e7\u00e3o de frio, funcionam como as redes de aquecimento urbano, mas distribuem frio a temperaturas de 5 a 15\u00b0C. Uma central arrefece um fluido (\u00e1gua ou glicol) e transporta-o atrav\u00e9s de tubos isolados at\u00e9 aos utilizadores para aplica\u00e7\u00f5es como o ar condicionado, o arrefecimento de<strong> processos industriais ou unidades de produ\u00e7\u00e3o<\/strong>. O fluido aquecido \u00e9 depois devolvido \u00e0 central para ser novamente arrefecido.  <\/p>\n\n<p>Mais eficientes em termos energ\u00e9ticos do que os sistemas de ar condicionado individuais, estas redes reduzem <strong>as perdas de calor<\/strong>, aliviam a carga da rede el\u00e9ctrica e reduzem a pegada de carbono. Oferecem, assim, uma solu\u00e7\u00e3o sustent\u00e1vel para a necessidade crescente de refrigera\u00e7\u00e3o, nomeadamente em zonas densamente povoadas e industriais. <\/p>\n\n<h3 class=\"wp-block-heading\">Integrar as energias renov\u00e1veis nos sistemas de refrigera\u00e7\u00e3o<\/h3>\n\n<p><strong>Os sistemas de refrigera\u00e7\u00e3o<\/strong> est\u00e3o cada vez mais a incorporar energias renov\u00e1veis. Por exemplo, a energia solar pode alimentar sistemas de absor\u00e7\u00e3o, em que o calor captado pelos pain\u00e9is solares \u00e9 convertido em refrigera\u00e7\u00e3o atrav\u00e9s de ciclos termodin\u00e2micos. As turbinas e\u00f3licas e as bombas de calor tamb\u00e9m podem ser utilizadas para arrefecer <strong>instala\u00e7\u00f5es ou apoiar redes urbanas<\/strong>, fornecendo uma fonte de energia sustent\u00e1vel e reduzindo a depend\u00eancia da eletricidade. Ao mesmo tempo, a utiliza\u00e7\u00e3o de refrigerantes ecol\u00f3gicos reduz o impacto ambiental destes sistemas, limitando as emiss\u00f5es de gases com efeito de estufa.   <\/p>\n\n<h2 class=\"wp-block-heading\">Otimiza\u00e7\u00e3o do sistema existente para uma maior efici\u00eancia energ\u00e9tica  <\/h2>\n\n<h3 class=\"wp-block-heading\">O papel dos term\u00f3statos ligados e da dom\u00f3tica<\/h3>\n\n<p>Os term\u00f3statos ligados permitem reduzir a temperatura com precis\u00e3o em fun\u00e7\u00e3o das necessidades reais, ajudando a evitar o consumo excessivo de energia. <strong>A dom\u00f3tica controla v\u00e1rios equipamentos<\/strong> para maximizar a efici\u00eancia energ\u00e9tica e garantir um conforto \u00f3timo. A integra\u00e7\u00e3o destas tecnologias nos sistemas existentes optimiza a gest\u00e3o da energia e reduz o<strong>impacto ambiental dos edif\u00edcios e das instala\u00e7\u00f5es industriais<\/strong>.  <\/p>\n\n<h3 class=\"wp-block-heading\">A import\u00e2ncia do isolamento t\u00e9rmico<\/h3>\n\n<p>O isolamento \u00e9 crucial para<strong> otimizar a efici\u00eancia energ\u00e9tica de um edif\u00edcio<\/strong>. Um bom isolamento reduz a perda de calor no inverno e o ganho de calor no ver\u00e3o, reduzindo as necessidades de aquecimento e arrefecimento. Ao melhorar o isolamento das paredes, telhados, janelas e pavimentos, os edif\u00edcios consomem menos energia para manter uma temperatura confort\u00e1vel. A incorpora\u00e7\u00e3o de materiais modernos, como o <strong>isolamento ecol\u00f3gico e as janelas com vidros duplos<\/strong>, optimiza a efici\u00eancia energ\u00e9tica e promove a sustentabilidade.   <\/p>\n\n<h3 class=\"wp-block-heading\">Recupera\u00e7\u00e3o de calor<\/h3>\n\n<p>A recupera\u00e7\u00e3o de calor \u00e9 uma solu\u00e7\u00e3o eficaz para melhorar a efici\u00eancia energ\u00e9tica, capturando o excesso de calor gerado por m\u00e1quinas industriais, <strong>equipamentos de produ\u00e7\u00e3o<\/strong> ou mesmo processos de aquecimento e arrefecimento. Este calor, muitas vezes considerado um subproduto n\u00e3o utilizado, pode ser redireccionado para outras aplica\u00e7\u00f5es, como o aquecimento de \u00e1gua ou a otimiza\u00e7\u00e3o de<strong> processos industriais em edif\u00edcios<\/strong>.   <\/p>\n\n<figure class=\"wp-block-image aligncenter size-large is-resized\"><img decoding=\"async\" width=\"1024\" height=\"1024\" src=\"https:\/\/obera.fr\/wp-content\/uploads\/2025\/03\/conseil-raf-1-1-1024x1024.png\" alt=\"conselho raf (1)\" class=\"wp-image-77688\" style=\"width:236px;height:auto\" srcset=\"https:\/\/obera.fr\/wp-content\/uploads\/2025\/03\/conseil-raf-1-1-1024x1024.png 1024w, https:\/\/obera.fr\/wp-content\/uploads\/2025\/03\/conseil-raf-1-1-300x300.png 300w, https:\/\/obera.fr\/wp-content\/uploads\/2025\/03\/conseil-raf-1-1-150x150.png 150w, https:\/\/obera.fr\/wp-content\/uploads\/2025\/03\/conseil-raf-1-1-768x768.png 768w, https:\/\/obera.fr\/wp-content\/uploads\/2025\/03\/conseil-raf-1-1.png 1200w\" sizes=\"(max-width: 1024px) 100vw, 1024px\" \/><\/figure>\n\n<h2 class=\"wp-block-heading\">Estudos de caso  <\/h2>\n\n<h3 class=\"wp-block-heading\">Arrefecimento gratuito de um centro de dados  <\/h3>\n\n<p>O arrefecimento de um centro de dados representa um grande desafio energ\u00e9tico, sendo respons\u00e1vel por 30% a 40% do seu consumo total. Estas infra-estruturas, importantes para o <strong>armazenamento e a distribui\u00e7\u00e3o de dados<\/strong>, geram muito calor devido ao funcionamento cont\u00ednuo dos servidores, exigindo equipamentos de refrigera\u00e7\u00e3o de alto desempenho. Este elevado consumo de energia \u00e9 um dos principais factores de <strong>polui\u00e7\u00e3o digital<\/strong>, com emiss\u00f5es significativas de gases com efeito de estufa. Em 2020, o consumo de eletricidade dos centros de dados em Fran\u00e7a era equivalente ao de uma cidade de 50 000 habitantes.   <\/p>\n\n<p>O arrefecimento livre \u00e9 uma <strong>solu\u00e7\u00e3o de arrefecimento eficaz<\/strong> para um centro de dados. O arrefecimento gratuito baseia-se na utiliza\u00e7\u00e3o do ar exterior (ou, por vezes, da \u00e1gua) para arrefecer diretamente as instala\u00e7\u00f5es, sem necessidade de dispositivos de arrefecimento que consomem muita energia. Quando est\u00e1 frio no exterior, o ar pode ser utilizado para <a href=\"https:\/\/obera.fr\/pt-pt\/nosso-conselho\/rafraichisseur-air-basse-temperature\/\">manter uma temperatura baixa<\/a> nas salas dos servidores, reduzindo consideravelmente o consumo de energia e limitando a utiliza\u00e7\u00e3o de compressores e outras tecnologias que consomem muita energia para produzir frio.  <\/p>\n\n<h3 class=\"wp-block-heading\">Arrefecimento adiab\u00e1tico para grandes superf\u00edcies industriais<\/h3>\n\n<p>Em grandes espa\u00e7os industriais, onde o calor gerado pelos equipamentos e processos produtivos pode tornar-se um problema,<strong> o arrefecimento adiab\u00e1tico (baseado na evapora\u00e7\u00e3o da \u00e1gua)<\/strong> representa uma alternativa econ\u00f3mica e ecol\u00f3gica que supera<strong> largamente <\/strong>os<strong> sistemas de ar condicionado <\/strong>convencionais. O ar condicionado tem uma s\u00e9rie de desvantagens, incluindo um elevado consumo de energia, particularmente em tempo muito quente, bem como um impacto ambiental significativo, incompatibilidade em espa\u00e7os abertos, manuten\u00e7\u00e3o complexa e dispendiosa e conforto question\u00e1vel.   <\/p>\n\n<p><strong> O arrefecimento adiab\u00e1tico com evapora\u00e7\u00e3o de \u00e1gua<\/strong> reduz o consumo de energia, melhora o conforto dos trabalhadores e reduz a pegada de carbono. Este sistema \u00e9 particularmente adequado para sectores como o processamento de alimentos, impress\u00e3o, autom\u00f3vel e log\u00edstica, onde o controlo da temperatura \u00e9 frequentemente necess\u00e1rio. <strong>As unidades adiab\u00e1ticas m\u00f3veis<\/strong> tamb\u00e9m oferecem uma grande flexibilidade, tornando poss\u00edvel visar \u00e1reas espec\u00edficas ou satisfazer requisitos de refrigera\u00e7\u00e3o pontuais.    <\/p>\n\n<p><\/p>\n","protected":false},"excerpt":{"rendered":"<p>A sobriedade industrial, associada ao aumento dos pre\u00e7os da energia, obriga as empresas a repensar as suas abordagens, nomeadamente no que diz respeito \u00e0 gest\u00e3o t\u00e9rmica dos edif\u00edcios industriais.<\/p>\n","protected":false},"author":13,"featured_media":80667,"comment_status":"open","ping_status":"closed","sticky":false,"template":"","format":"standard","meta":{"_acf_changed":false,"_seopress_robots_primary_cat":"none","_seopress_titles_title":"Solutions de refroidissement : boostez votre efficacit\u00e9 \u00e9nerg\u00e9tique !","_seopress_titles_desc":"D\u00e9couvrez les solutions de refroidissement alliant efficacit\u00e9 \u00e9nerg\u00e9tique, durabilit\u00e9 et performance pour optimiser la gestion thermique des b\u00e2timents industriels.","_seopress_robots_index":"","footnotes":""},"categories":[55],"tags":[],"class_list":["post-73282","post","type-post","status-publish","format-standard","has-post-thumbnail","hentry","category-nosso-conselho","generate-columns","tablet-grid-50","mobile-grid-100","grid-parent","grid-50","no-featured-image-padding","resize-featured-image"],"acf":[],"_links":{"self":[{"href":"https:\/\/obera.fr\/pt-pt\/wp-json\/wp\/v2\/posts\/73282","targetHints":{"allow":["GET"]}}],"collection":[{"href":"https:\/\/obera.fr\/pt-pt\/wp-json\/wp\/v2\/posts"}],"about":[{"href":"https:\/\/obera.fr\/pt-pt\/wp-json\/wp\/v2\/types\/post"}],"author":[{"embeddable":true,"href":"https:\/\/obera.fr\/pt-pt\/wp-json\/wp\/v2\/users\/13"}],"replies":[{"embeddable":true,"href":"https:\/\/obera.fr\/pt-pt\/wp-json\/wp\/v2\/comments?post=73282"}],"version-history":[{"count":3,"href":"https:\/\/obera.fr\/pt-pt\/wp-json\/wp\/v2\/posts\/73282\/revisions"}],"predecessor-version":[{"id":77724,"href":"https:\/\/obera.fr\/pt-pt\/wp-json\/wp\/v2\/posts\/73282\/revisions\/77724"}],"wp:featuredmedia":[{"embeddable":true,"href":"https:\/\/obera.fr\/pt-pt\/wp-json\/wp\/v2\/media\/80667"}],"wp:attachment":[{"href":"https:\/\/obera.fr\/pt-pt\/wp-json\/wp\/v2\/media?parent=73282"}],"wp:term":[{"taxonomy":"category","embeddable":true,"href":"https:\/\/obera.fr\/pt-pt\/wp-json\/wp\/v2\/categories?post=73282"},{"taxonomy":"post_tag","embeddable":true,"href":"https:\/\/obera.fr\/pt-pt\/wp-json\/wp\/v2\/tags?post=73282"}],"curies":[{"name":"wp","href":"https:\/\/api.w.org\/{rel}","templated":true}]}}