{"id":86375,"date":"2023-01-25T10:26:15","date_gmt":"2023-01-25T08:26:15","guid":{"rendered":"https:\/\/obera.fr\/nosso-conselho\/obera-se-devoile-sur-bfm-alsace\/"},"modified":"2025-04-23T09:17:33","modified_gmt":"2025-04-23T07:17:33","slug":"obera-se-devoile-sur-bfm-alsace","status":"publish","type":"post","link":"https:\/\/obera.fr\/pt-pt\/nosso-conselho\/obera-se-devoile-sur-bfm-alsace\/","title":{"rendered":"OberA revela-se na BFM Alsace"},"content":{"rendered":"\n<h2 class=\"wp-block-heading\">V\u00eddeo da entrevista por BFM Alsace<\/h2>\n\n<p>Com o objetivo de destacar os actores industriais da Als\u00e1cia, a BFM Alsace filmou uma entrevista atrav\u00e9s da CCI para promover as nossas actividades e a g\u00e9nese da OberA.<\/p>\n\n<figure class=\"wp-block-video aligncenter\"><video height=\"1080\" style=\"aspect-ratio: 1920 \/ 1080;\" width=\"1920\" controls=\"\" src=\"https:\/\/obera.fr\/wp-content\/uploads\/2023\/01\/bfm-tv-x-obera_nzuvdkgl.mp4\"><\/video><\/figure>\n\n<h3 class=\"wp-block-heading\"><strong>A g\u00e9nese da OberA<\/strong><\/h3>\n\n<p>Como explicou o respons\u00e1vel, o Sr. Samsel, a OberA equipa as ind\u00fastrias com o objetivo de proteger a sa\u00fade dos seus trabalhadores, respondendo a uma necessidade real ou a um constrangimento ligado aos valores-limite de exposi\u00e7\u00e3o profissional no local de trabalho.  <\/p>\n\n<h3 class=\"wp-block-heading\"><strong>As profiss\u00f5es OberA<\/strong><\/h3>\n\n<p>Na entrevista, podemos ver as 3 principais actividades da OberA. O primeiro \u00e9 a purifica\u00e7\u00e3o do ar ambiente atrav\u00e9s de purificadores de ar. A segunda \u00e9 a remo\u00e7\u00e3o de poeiras, com colectores de poeiras industriais dedicados \u00e0 extra\u00e7\u00e3o diretamente na fonte. Um desenvolvimento mais recente \u00e9 o arrefecimento do ar industrial atrav\u00e9s de refrigeradores adiab\u00e1ticos, para arrefecer as ind\u00fastrias de forma ecol\u00f3gica e econ\u00f3mica (at\u00e9 10 vezes mais barato do que o ar condicionado).   <\/p>\n\n<div class=\"wp-block-columns is-layout-flex wp-container-core-columns-is-layout-28f84493 wp-block-columns-is-layout-flex\">\n<div class=\"wp-block-column is-layout-flow wp-block-column-is-layout-flow\">\n<div class=\"wp-block-buttons is-layout-flex wp-block-buttons-is-layout-flex\">\n<div class=\"wp-block-button aligncenter\"><a class=\"wp-block-button__link wp-element-button\" href=\"https:\/\/obera.fr\/produits\/purificateurs-air\/\">Os nossos purificadores de ar<\/a><\/div>\n<\/div>\n<\/div>\n\n\n\n<div class=\"wp-block-column is-layout-flow wp-block-column-is-layout-flow\">\n<div class=\"wp-block-buttons is-layout-flex wp-block-buttons-is-layout-flex\">\n<div class=\"wp-block-button aligncenter\"><a class=\"wp-block-button__link wp-element-button\" href=\"https:\/\/obera.fr\/produits\/depoussiereurs-industriels\/\">Os nossos colectores de p\u00f3<\/a><\/div>\n<\/div>\n<\/div>\n\n\n\n<div class=\"wp-block-column is-layout-flow wp-block-column-is-layout-flow\">\n<div class=\"wp-block-buttons is-layout-flex wp-block-buttons-is-layout-flex\">\n<div class=\"wp-block-button aligncenter\"><a class=\"wp-block-button__link wp-element-button\" href=\"https:\/\/obera.fr\/produits\/rafraichisseurs-air\/\">As nossas geleiras<\/a><\/div>\n<\/div>\n<\/div>\n<\/div>\n","protected":false},"excerpt":{"rendered":"<p>A OberA foi entrevistada pela BFM Alsace sobre a iniciativa da CCI para promover o sector industrial na Als\u00e1cia. Descobre as origens da OberA e as diferentes profiss\u00f5es envolvidas. <\/p>\n","protected":false},"author":4,"featured_media":85741,"comment_status":"open","ping_status":"closed","sticky":false,"template":"","format":"standard","meta":{"_acf_changed":false,"_seopress_robots_primary_cat":"none","_seopress_titles_title":"OberA revela-se na BFM Alsace","_seopress_titles_desc":"OberA foi entrevistado pela BFM Alsace sobre a iniciativa da CCI para promover o sector industrial na Als\u00e1cia.","_seopress_robots_index":"","footnotes":""},"categories":[55],"tags":[147],"class_list":["post-86375","post","type-post","status-publish","format-standard","has-post-thumbnail","hentry","category-nosso-conselho","tag-pequena-entrada","generate-columns","tablet-grid-50","mobile-grid-100","grid-parent","grid-50","no-featured-image-padding","resize-featured-image"],"acf":[],"_links":{"self":[{"href":"https:\/\/obera.fr\/pt-pt\/wp-json\/wp\/v2\/posts\/86375","targetHints":{"allow":["GET"]}}],"collection":[{"href":"https:\/\/obera.fr\/pt-pt\/wp-json\/wp\/v2\/posts"}],"about":[{"href":"https:\/\/obera.fr\/pt-pt\/wp-json\/wp\/v2\/types\/post"}],"author":[{"embeddable":true,"href":"https:\/\/obera.fr\/pt-pt\/wp-json\/wp\/v2\/users\/4"}],"replies":[{"embeddable":true,"href":"https:\/\/obera.fr\/pt-pt\/wp-json\/wp\/v2\/comments?post=86375"}],"version-history":[{"count":1,"href":"https:\/\/obera.fr\/pt-pt\/wp-json\/wp\/v2\/posts\/86375\/revisions"}],"predecessor-version":[{"id":86381,"href":"https:\/\/obera.fr\/pt-pt\/wp-json\/wp\/v2\/posts\/86375\/revisions\/86381"}],"wp:featuredmedia":[{"embeddable":true,"href":"https:\/\/obera.fr\/pt-pt\/wp-json\/wp\/v2\/media\/85741"}],"wp:attachment":[{"href":"https:\/\/obera.fr\/pt-pt\/wp-json\/wp\/v2\/media?parent=86375"}],"wp:term":[{"taxonomy":"category","embeddable":true,"href":"https:\/\/obera.fr\/pt-pt\/wp-json\/wp\/v2\/categories?post=86375"},{"taxonomy":"post_tag","embeddable":true,"href":"https:\/\/obera.fr\/pt-pt\/wp-json\/wp\/v2\/tags?post=86375"}],"curies":[{"name":"wp","href":"https:\/\/api.w.org\/{rel}","templated":true}]}}