{"id":96478,"date":"2021-07-16T16:22:06","date_gmt":"2021-07-16T14:22:06","guid":{"rendered":"https:\/\/obera.fr\/nosso-conselho\/purificateurs-d-air-contre-covid-19-creches-maternelles-ecoles-colleges-lycees\/"},"modified":"2025-05-06T11:07:50","modified_gmt":"2025-05-06T09:07:50","slug":"purificateurs-d-air-contre-covid-19-creches-maternelles-ecoles-colleges-lycees","status":"publish","type":"post","link":"https:\/\/obera.fr\/pt-pt\/nosso-conselho\/purificateurs-d-air-contre-covid-19-creches-maternelles-ecoles-colleges-lycees\/","title":{"rendered":"Os nossos purificadores de ar s\u00e3o eficazes contra a Covid-19 em creches, jardins-de-inf\u00e2ncia, escolas e universidades."},"content":{"rendered":"\n<h2 class=\"wp-block-heading\">Ao protegermos os nossos filhos, estamos a proteger-nos a n\u00f3s pr\u00f3prios e aos outros.  <\/h2>\n\n<p>\u00c9 da nossa responsabilidade estarmos atentos \u00e0 sa\u00fade dos nossos filhos. Felizmente, na maioria dos casos, as crian\u00e7as e os adolescentes s\u00e3o apenas ligeiramente afectados pelo Sars-Cov-2 e saem ilesos, mas os riscos existem. O principal problema nas escolas, creches e jardins-de-inf\u00e2ncia \u00e9 o potencial de propaga\u00e7\u00e3o do v\u00edrus. Uma crian\u00e7a infetada pode infetar dezenas de outras crian\u00e7as, que por sua vez podem transmitir o v\u00edrus v\u00e1rias vezes, provocando uma rea\u00e7\u00e3o em cadeia. N\u00e3o esquecendo que as crian\u00e7as tamb\u00e9m regressam a casa depois da creche ou da escola e podem infetar os pais, os irm\u00e3os e os idosos, que representam um risco significativamente maior para a sa\u00fade.      <\/p>\n\n<blockquote class=\"wp-block-quote is-layout-flow wp-block-quote-is-layout-flow\">\n<p>N\u00e3o percamos tempo, ajamos cedo e asseguremos, tanto quanto poss\u00edvel, que os v\u00edrus e bact\u00e9rias perigosos n\u00e3o se espalhem.<\/p>\n<\/blockquote>\n\n<figure class=\"wp-block-image alignright size-large is-resized\"><img decoding=\"async\" width=\"1024\" height=\"683\" src=\"https:\/\/obera.fr\/wp-content\/uploads\/2021\/07\/kids-1093758_1920-1024x683.jpg\" alt=\"crian&#xE7;as-alunos-escola\" class=\"wp-image-6304\" style=\"width:486px;height:324px\" srcset=\"https:\/\/obera.fr\/wp-content\/uploads\/2021\/07\/kids-1093758_1920-1024x683.jpg 1024w, https:\/\/obera.fr\/wp-content\/uploads\/2021\/07\/kids-1093758_1920-300x200.jpg 300w, https:\/\/obera.fr\/wp-content\/uploads\/2021\/07\/kids-1093758_1920-768x512.jpg 768w, https:\/\/obera.fr\/wp-content\/uploads\/2021\/07\/kids-1093758_1920-1536x1024.jpg 1536w, https:\/\/obera.fr\/wp-content\/uploads\/2021\/07\/kids-1093758_1920.jpg 1920w\" sizes=\"(max-width: 1024px) 100vw, 1024px\" \/><\/figure>\n\n<p>Onde quer que as crian\u00e7as e os adolescentes se re\u00fanam, a vida e a a\u00e7\u00e3o est\u00e3o garantidas. As novas regras de distanciamento e de desinfe\u00e7\u00e3o das m\u00e3os que entraram em vigor desde o SARS-CoV-2 (Covid-19) reduzem o potencial de cont\u00e1gio, mas infelizmente n\u00e3o o eliminam completamente. <\/p>\n\n<p>Para al\u00e9m da infe\u00e7\u00e3o por got\u00edculas, a contamina\u00e7\u00e3o por aeross\u00f3is \u00e9 cada vez mais objeto de aten\u00e7\u00e3o. Estes aeross\u00f3is permanecem no ar durante muito tempo, transgredindo as regras de distanciamento. Quando as crian\u00e7as est\u00e3o ao ar livre, o caso \u00e9 menos problem\u00e1tico devido \u00e0 passagem do ar exterior. O risco de infe\u00e7\u00e3o aumenta quando os espa\u00e7os s\u00e3o confinados.   <\/p>\n\n<p><a href=\"https:\/\/obera.fr\/conseils\/comparer-prix-achat-purificateurs-air-anti-virus-covid-19\/\" data-type=\"post\" data-id=\"6759\">Os purificadores de ar profissionais com sistemas de filtragem HEPA<\/a> filtram e renovam todo o ar em salas de aula, salas de reuni\u00f5es, cantinas, refeit\u00f3rios e outros espa\u00e7os confinados at\u00e9 4 a 8 vezes por hora, neutralizando de forma fi\u00e1vel germes, v\u00edrus e bact\u00e9rias.<\/p>\n\n<h2 class=\"wp-block-heading\">Crit\u00e9rios essenciais para comprar um purificador de ar eficaz para escolas, creches e pr\u00e9-escolas:<\/h2>\n\n<ul class=\"wp-block-list\">\n<li>A efici\u00eancia do filtro deve ser suficientemente elevada: pelo menos HEPA H13 ou H14. A filtragem HEPA 14 fornece 99,995% de filtragem de v\u00edrus e bact\u00e9rias em part\u00edculas &gt; 1 m\u00edcron suspensas no ar. <\/li>\n\n\n\n<li>Caudal de ar e n\u00famero de renova\u00e7\u00f5es de ar por hora (capacidade do purificador de ar): O caudal de ar, expresso em metros c\u00fabicos por hora, \u00e9 utilizado para determinar a \u00e1rea de superf\u00edcie da divis\u00e3o que o purificador de ar pode tratar. Por outras palavras, quanto mais ar passar pelo aparelho por hora, maior ser\u00e1 o tamanho da divis\u00e3o. O n\u00famero de mudan\u00e7as de ar por hora pode ser calculado a partir deste caudal. A regra geral \u00e9 que um purificador de ar deve ser capaz de filtrar o ar ambiente pelo menos 5 vezes por hora para proporcionar prote\u00e7\u00e3o suficiente contra infec\u00e7\u00f5es. Para discutir o dimensionamento do teu futuro purificador de ar com um especialista, <strong>contacta-nos<\/strong>.    <\/li>\n\n\n\n<li>Os n\u00edveis de ru\u00eddo n\u00e3o devem ser demasiado elevados: A OberA aconselha a n\u00e3o exceder 50dB na pot\u00eancia m\u00e1xima para uma sala de aula e um m\u00e1ximo de 60dB para um refeit\u00f3rio. Um n\u00edvel superior a este pode perturbar as aulas ou as discuss\u00f5es. <\/li>\n\n\n\n<li>O equipamento deve ser adequado para uma utiliza\u00e7\u00e3o cont\u00ednua: como o v\u00edrus n\u00e3o p\u00e1ra, o purificador de ar deve ser concebido para este fim, a fim de garantir uma prote\u00e7\u00e3o \u00f3ptima dos alunos e do pessoal docente. Por conseguinte, os aparelhos est\u00e3o em funcionamento 7 dias por semana, 24 horas por dia. <\/li>\n\n\n\n<li>Efic\u00e1cia contra part\u00edculas ultrafinas: Para garantir que o purificador de ar \u00e9 eficaz contra v\u00edrus e bact\u00e9rias, tens de verificar a sua capacidade de filtragem contra part\u00edculas finas. Recomendamos-te uma filtragem HEPA14 capaz de filtrar 99,995% das part\u00edculas &gt; 1 m\u00edcron. <\/li>\n\n\n\n<li>Funcionamento e manuten\u00e7\u00e3o: \u00e9 importante escolher equipamentos com filtros de longa dura\u00e7\u00e3o (grande superf\u00edcie de filtragem) e garantir que sejam f\u00e1ceis de utilizar e manter pelo pessoal operacional.  <\/li>\n<\/ul>\n\n<div class=\"wp-block-buttons is-horizontal is-content-justification-center is-layout-flex wp-container-core-buttons-is-layout-03627597 wp-block-buttons-is-layout-flex\">\n<div class=\"wp-block-button has-custom-width wp-block-button__width-100\"><a class=\"wp-block-button__link wp-element-button\" href=\"https:\/\/obera.fr\/pt-pt\/contacta-nos\/\">Saber mais<\/a><\/div>\n<\/div>\n\n<h3 class=\"wp-block-heading\"><strong>A OberA disp\u00f5e de uma gama de produtos capazes de responder \u00e0s necessidades de uma escola e de lidar eficazmente com a Covid-19.<\/strong><\/h3>\n\n<div class=\"wp-block-columns is-layout-flex wp-container-core-columns-is-layout-28f84493 wp-block-columns-is-layout-flex\">\n<div class=\"wp-block-column is-vertically-aligned-center is-layout-flow wp-block-column-is-layout-flow\">\n<figure class=\"wp-block-image aligncenter size-full is-resized\"><a href=\"https:\/\/obera.fr\/produits\/purificateurs-air\/poussieres-epur-b01-ecoprime\/\"><img decoding=\"async\" width=\"500\" height=\"500\" src=\"https:\/\/obera.fr\/wp-content\/uploads\/2021\/07\/Sans-titre.png\" alt=\"sem t&#xED;tulo\" class=\"wp-image-6315\" style=\"width:304px;height:304px\" srcset=\"https:\/\/obera.fr\/wp-content\/uploads\/2021\/07\/Sans-titre.png 500w, https:\/\/obera.fr\/wp-content\/uploads\/2021\/07\/Sans-titre-300x300.png 300w, https:\/\/obera.fr\/wp-content\/uploads\/2021\/07\/Sans-titre-150x150.png 150w\" sizes=\"(max-width: 500px) 100vw, 500px\" \/><\/a><figcaption class=\"wp-element-caption\">EcoPrime<\/figcaption><\/figure>\n\n\n\n<p>O EcoPrime \u00e9 pequeno e leve, o que facilita a sua desloca\u00e7\u00e3o. Al\u00e9m disso, o seu baixo ru\u00eddo de funcionamento permite-lhe ser instalado em qualquer espa\u00e7o, como salas de confer\u00eancia, salas de espera, escrit\u00f3rios, etc.   <\/p>\n\n\n\n<p><strong>O purificador de ar EcoPrime tem uma capacidade de filtragem de at\u00e9 190 metros c\u00fabicos por hora<\/strong>, o que o torna ideal para \u00e1reas de at\u00e9 60 metros quadrados. Disp\u00f5e de um filtro principal V-protect, capaz de tratar v\u00edrus e bact\u00e9rias t\u00e3o pequenos como 0,07 m\u00edcrones com uma efici\u00eancia superior a 99,53% (certifica\u00e7\u00e3o ISO 29463). <\/p>\n<\/div>\n\n\n\n<div class=\"wp-block-column is-vertically-aligned-top is-layout-flow wp-block-column-is-layout-flow\">\n<figure class=\"wp-block-image aligncenter size-full is-resized\"><a href=\"https:\/\/obera.fr\/produits\/purificateurs-air\/anti-covid-virus-bacteries\/epur05\/\"><img decoding=\"async\" width=\"600\" height=\"600\" src=\"https:\/\/obera.fr\/wp-content\/uploads\/2021\/05\/Sans-titre-17.jpg\" alt=\"epur05\" class=\"wp-image-5552\" style=\"width:326px;height:326px\" srcset=\"https:\/\/obera.fr\/wp-content\/uploads\/2021\/05\/Sans-titre-17.jpg 600w, https:\/\/obera.fr\/wp-content\/uploads\/2021\/05\/Sans-titre-17-300x300.jpg 300w, https:\/\/obera.fr\/wp-content\/uploads\/2021\/05\/Sans-titre-17-150x150.jpg 150w\" sizes=\"(max-width: 600px) 100vw, 600px\" \/><\/a><figcaption class=\"wp-element-caption\">ePUR 05<\/figcaption><\/figure>\n\n\n\n<p><strong>O EPUR05 \u00e9 um purificador de ar equipado com um filtro de alta precis\u00e3o capaz de tratar v\u00edrus e bact\u00e9rias, bem como poeiras finas<\/strong>, CMRs e aeross\u00f3is. Este purificador tem um caudal regul\u00e1vel e \u00e9 ideal para \u00e1reas at\u00e9 100 metros quadrados.   <\/p>\n\n\n\n<p>Foi concebido para ter um baixo ru\u00eddo de funcionamento, apenas 47 dB em funcionamento m\u00e1ximo.<\/p>\n<\/div>\n\n\n\n<div class=\"wp-block-column is-vertically-aligned-top is-layout-flow wp-block-column-is-layout-flow\">\n<figure class=\"wp-block-image aligncenter size-full is-resized\"><a href=\"https:\/\/obera.fr\/produits\/purificateurs-air\/anti-covid-virus-bacteries\/virbox\/\"><img decoding=\"async\" width=\"300\" height=\"300\" src=\"https:\/\/obera.fr\/wp-content\/uploads\/2021\/04\/Virbox_2021-removebg-preview.png\" alt=\"virbox 2021\" class=\"wp-image-5383\" style=\"width:326px;height:326px\" srcset=\"https:\/\/obera.fr\/wp-content\/uploads\/2021\/04\/Virbox_2021-removebg-preview.png 300w, https:\/\/obera.fr\/wp-content\/uploads\/2021\/04\/Virbox_2021-removebg-preview-150x150.png 150w\" sizes=\"(max-width: 300px) 100vw, 300px\" \/><\/a><figcaption class=\"wp-element-caption\">VirBox<\/figcaption><\/figure>\n\n\n\n<p>O Virbox \u00e9 um purificador de ar antiv\u00edrus concebido especificamente para tratar v\u00edrus e bact\u00e9rias. <strong>A Virbox consegue filtrar 99,995% dos v\u00edrus e bact\u00e9rias do ar ambiente<\/strong>. O seu design torna-o f\u00e1cil de mover e de passar pela porta. Com os purificadores de ar VirBox, os aeross\u00f3is podem ser capturados e filtrados o mais pr\u00f3ximo poss\u00edvel do seu ponto de descarga. Isto \u00e9 poss\u00edvel gra\u00e7as \u00e0s perfura\u00e7\u00f5es na parte superior do dispositivo, que permitem que os aeross\u00f3is sejam inalados a uma altura em que as pessoas os rejeitam. Multifuncional, a VirBox tamb\u00e9m pode ser utilizada como meio de comunica\u00e7\u00e3o.    <\/p>\n<\/div>\n<\/div>\n\n<div class=\"wp-block-columns is-layout-flex wp-container-core-columns-is-layout-28f84493 wp-block-columns-is-layout-flex\">\n<div class=\"wp-block-column is-vertically-aligned-top is-layout-flow wp-block-column-is-layout-flow\">\n<div class=\"wp-block-buttons is-horizontal is-content-justification-center is-layout-flex wp-container-core-buttons-is-layout-03627597 wp-block-buttons-is-layout-flex\">\n<div class=\"wp-block-button\"><a class=\"wp-block-button__link wp-element-button\" href=\"https:\/\/obera.fr\/produits\/purificateurs-air\/poussieres-epur-b01-ecoprime\/\">ver ecoprime<\/a><\/div>\n<\/div>\n<\/div>\n\n\n\n<div class=\"wp-block-column is-vertically-aligned-top is-layout-flow wp-block-column-is-layout-flow\">\n<div class=\"wp-block-buttons is-horizontal is-content-justification-center is-layout-flex wp-container-core-buttons-is-layout-03627597 wp-block-buttons-is-layout-flex\">\n<div class=\"wp-block-button\"><a class=\"wp-block-button__link wp-element-button\" href=\"https:\/\/obera.fr\/produits\/purificateurs-air\/anti-covid-virus-bacteries\/epur05\/\">ver epur 05<\/a><\/div>\n<\/div>\n<\/div>\n\n\n\n<div class=\"wp-block-column is-vertically-aligned-top is-layout-flow wp-block-column-is-layout-flow\">\n<div class=\"wp-block-buttons is-horizontal is-content-justification-center is-layout-flex wp-container-core-buttons-is-layout-03627597 wp-block-buttons-is-layout-flex\">\n<div class=\"wp-block-button\"><a class=\"wp-block-button__link wp-element-button\" href=\"https:\/\/obera.fr\/produits\/purificateurs-air\/anti-covid-virus-bacteries\/virbox\/\">ver virbox<\/a><\/div>\n<\/div>\n<\/div>\n<\/div>\n\n<h2 class=\"wp-block-heading\">Que tipo de purificador devo escolher e que tratamento devo utilizar?<\/h2>\n\n<p>O Instituto Nacional de Investiga\u00e7\u00e3o e Seguran\u00e7a (INRS) adverte contra certos processos de tratamento f\u00edsico-qu\u00edmico (fotocat\u00e1lise, ozoniza\u00e7\u00e3o, UV, etc.) que n\u00e3o s\u00f3 n\u00e3o reduzem o risco de transmiss\u00e3o do v\u00edrus, como podem dar origem a novos riscos.<\/p>\n\n<p>Em particular, os processos que geram UV e ozono porque :<\/p>\n\n<ul class=\"wp-block-list\">\n<li>Os s\u00f3lidos e os gases presentes no compartimento podem decompor-se sob a a\u00e7\u00e3o dos UV em produtos secund\u00e1rios que podem ser nocivos para a sa\u00fade (COV, nomeadamente compostos clorados).<\/li>\n\n\n\n<li>As l\u00e2mpadas UV produzem ozono. O equipamento UV gera concentra\u00e7\u00f5es de ozono at\u00e9 100 vezes superiores ao VLEP di\u00e1rio<a href=\"https:\/\/obera.fr\/conseils\/reglementation-vlep-evaluation-risque-chimique-lieu-de-travail\/\" data-type=\"post\" data-id=\"6575\">(VLEP = Limite de Exposi\u00e7\u00e3o Ocupacional<\/a>). O ozono \u00e9 absorvido pelas membranas mucosas do trato respirat\u00f3rio (nariz, traqueia, br\u00f4nquios, alv\u00e9olos) e reage localmente danificando as membranas celulares. A exposi\u00e7\u00e3o cr\u00f3nica provoca enfisema e fibrose pulmonar. O ozono induz muta\u00e7\u00f5es gen\u00e9ticas em diferentes tipos de estirpes e c\u00e9lulas.    <\/li>\n\n\n\n<li>As l\u00e2mpadas UV utilizam geralmente vapor de merc\u00fario para gerar radia\u00e7\u00e3o UV-C germicida. Se a l\u00e2mpada for destru\u00edda, o merc\u00fario \u00e9 libertado (o Hg \u00e9 uma subst\u00e2ncia classificada como CMR-Carcinog\u00e9nica, Mutag\u00e9nica, Reprot\u00f3xica). Por conseguinte, a substitui\u00e7\u00e3o deve ser efectuada por pessoal qualificado e autorizado. Os res\u00edduos s\u00e3o eliminados como res\u00edduos perigosos com um formul\u00e1rio de registo de res\u00edduos.   <\/li>\n\n\n\n<li>Para o pessoal exposto \u00e0 radia\u00e7\u00e3o UV-C (por exemplo, durante a substitui\u00e7\u00e3o de l\u00e2mpadas ou em caso de utiliza\u00e7\u00e3o incorrecta do equipamento), os riscos para a sa\u00fade podem ser significativos: para a <strong>pele<\/strong>, com &#8220;queimaduras solares&#8221; que v\u00e3o do simples eritema a les\u00f5es mais graves, para os <strong>olhos<\/strong>.<\/li>\n<\/ul>\n\n<p>O INRS conclui que, tendo em conta os <strong>riscos decorrentes da utiliza\u00e7\u00e3o do g\u00e1s ozono e as incertezas que parecem existir quanto \u00e0 sua efic\u00e1cia em rela\u00e7\u00e3o ao SARS-CoV-2<\/strong><strong>,<\/strong> a aplica\u00e7\u00e3o da abordagem de preven\u00e7\u00e3o dos riscos qu\u00edmicos implica a substitui\u00e7\u00e3o deste processo por outro menos perigoso e recomenda solu\u00e7\u00f5es de filtragem mec\u00e2nica com filtragem HEPA H13, no m\u00ednimo.<\/p>\n\n<blockquote class=\"wp-block-quote is-layout-flow wp-block-quote-is-layout-flow\">\n<p><a href=\"https:\/\/obera.fr\/pt-pt\/nosso-conselho\/purificateurs-air-efficaces-coronavirus\/\" data-type=\"post\" data-id=\"2074\">Os dispositivos anti-COVID da OBERA utilizados nas \u00e1reas ERP e terci\u00e1ria cumprem em todos os aspectos as recomenda\u00e7\u00f5es do INRS<\/a>.<\/p>\n<\/blockquote>\n\n<h2 class=\"wp-block-heading\">Como instalas um purificador de ar na sala de aula?<\/h2>\n\n<p>O ideal \u00e9 que o purificador de ar numa sala de aula seja posicionado em frente \u00e0 mesa ou no centro da parte de tr\u00e1s da sala. No caso de uma sala onde as mesas est\u00e3o colocadas em forma de U, o purificador de ar tamb\u00e9m pode ser colocado no centro da sala. O teto deve ser t\u00e3o liso quanto poss\u00edvel na \u00e1rea onde se encontra o purificador de ar. O caudal do purificador de ar deve ser, pelo menos, 5 vezes superior ao volume do espa\u00e7o. Durante as pausas, o caudal deve ser regulado para a pot\u00eancia m\u00e1xima (se o aparelho estiver equipado com um caudal regul\u00e1vel). Tamb\u00e9m \u00e9 aconselh\u00e1vel reduzir a concentra\u00e7\u00e3o de CO2 na divis\u00e3o. Se poss\u00edvel, recomenda-se que abras ou inclines uma janela durante as pausas, pelo menos 3 vezes por dia. O desempenho de filtragem do purificador de ar n\u00e3o ser\u00e1 afetado.       <\/p>\n\n<h2 class=\"wp-block-heading\">Como instalas um purificador de ar num refeit\u00f3rio?<\/h2>\n\n<p>S\u00e3o necess\u00e1rios purificadores de ar de alto desempenho para reduzir o risco indireto de infe\u00e7\u00e3o. Dependendo da situa\u00e7\u00e3o e da dimens\u00e3o da sala, recomenda-se a utiliza\u00e7\u00e3o de v\u00e1rios dispositivos para assegurar, pelo menos, 6 vezes a circula\u00e7\u00e3o de ar ambiente por hora em toda a \u00e1rea de restaura\u00e7\u00e3o com purifica\u00e7\u00e3o de ar HEPA de alta efici\u00eancia. As pessoas que trabalham na \u00e1rea de distribui\u00e7\u00e3o de alimentos tamb\u00e9m devem ser protegidas por divis\u00f3rias com um aro de prote\u00e7\u00e3o contra aeross\u00f3is.  <\/p>\n\n<h2 class=\"wp-block-heading\">Apesar dos purificadores de ar: tens de ventilar!<\/h2>\n\n<p>Alguns estabelecimentos optaram por instalar sensores de CO2 que medem continuamente a concentra\u00e7\u00e3o de CO2 e avisam quando a sala precisa de ser arejada, quando o limite \u00e9 ultrapassado. Para al\u00e9m da purifica\u00e7\u00e3o do ar, recomendamos que as janelas das salas de aula sejam abertas quando os n\u00edveis de CO2 forem iguais ou superiores a 1000 ppm. A utiliza\u00e7\u00e3o de purificadores de ar ambiente n\u00e3o torna esta medida obrigat\u00f3ria, mas recomendamo-la de qualquer forma para evitar um n\u00edvel demasiado elevado de CO2 no ar ambiente, o que ajuda a reduzir as concentra\u00e7\u00f5es de aeross\u00f3is.  <\/p>\n\n<h2 class=\"wp-block-heading\">Os sensores de CO2 dizem-te quando deves ventilar<\/h2>\n\n<p>V\u00e1rios sindicatos de professores pedem a instala\u00e7\u00e3o de sensores de CO2 para monitorizar continuamente a qualidade do ar. Estes sensores de CO2 s\u00e3o uma boa forma de tornar vis\u00edvel a qualidade do ar nas salas de aula: &#8220;Nas salas de aula, os sensores de C02 mostram quando os limites foram atingidos e quando \u00e9 necess\u00e1rio abrir as janelas.   <\/p>\n\n<p>Muitos estudos recomendam a utiliza\u00e7\u00e3o de sensores de CO2 em espa\u00e7os interiores. A este respeito, seria sensato aplic\u00e1-los em todas as salas de aula, em particular. Estes instrumentos de medi\u00e7\u00e3o fazem soar o alarme quando os interiores precisam de ser ventilados.    <\/p>\n\n<h2 class=\"wp-block-heading\">Programas de apoio \u00e0s escolas e \u00e0s comunidades<\/h2>\n\n<p>V\u00e1rias regi\u00f5es francesas decidiram financiar a totalidade ou parte do custo dos purificadores de ar para ajudar os estabelecimentos de ensino a adquiri-los.<\/p>\n\n<p>A regi\u00e3o de Auvergne-Rh\u00f4ne-Alpes votou a favor de um plano de investimento regional de 10 milh\u00f5es de euros para a purifica\u00e7\u00e3o do ar nas escolas secund\u00e1rias e col\u00e9gios da regi\u00e3o. A regi\u00e3o de Ile-de-France concede um financiamento de 10.000 euros \u00e0s escolas secund\u00e1rias e \u00e0s colectividades locais para a compra de equipamentos relacionados com a sa\u00fade, tais como purificadores de ar como os nossos ePUR e VirBox. <\/p>\n","protected":false},"excerpt":{"rendered":"<p>\u00c9 da nossa responsabilidade estarmos atentos \u00e0 sa\u00fade dos nossos filhos. Felizmente, na maioria dos casos, as crian\u00e7as e os adolescentes s\u00e3o apenas ligeiramente afectados pelo Sars-Cov-2 e saem ilesos, mas os riscos existem. O principal problema nas escolas, creches e infant\u00e1rios \u00e9 o potencial de propaga\u00e7\u00e3o do v\u00edrus.    <\/p>\n","protected":false},"author":4,"featured_media":96351,"comment_status":"open","ping_status":"closed","sticky":false,"template":"","format":"standard","meta":{"_acf_changed":false,"_seopress_robots_primary_cat":"none","_seopress_titles_title":"Tratamento da Covid-19 em creches, infant\u00e1rios e escolas","_seopress_titles_desc":"A Obera disp\u00f5e de uma gama de purificadores de ar capazes de tratar v\u00edrus (COVID-19) e bact\u00e9rias, respeitando as exig\u00eancias de um local de aprendizagem.","_seopress_robots_index":"","footnotes":""},"categories":[55],"tags":[147],"class_list":["post-96478","post","type-post","status-publish","format-standard","has-post-thumbnail","hentry","category-nosso-conselho","tag-pequena-entrada","generate-columns","tablet-grid-50","mobile-grid-100","grid-parent","grid-50","no-featured-image-padding","resize-featured-image"],"acf":[],"_links":{"self":[{"href":"https:\/\/obera.fr\/pt-pt\/wp-json\/wp\/v2\/posts\/96478","targetHints":{"allow":["GET"]}}],"collection":[{"href":"https:\/\/obera.fr\/pt-pt\/wp-json\/wp\/v2\/posts"}],"about":[{"href":"https:\/\/obera.fr\/pt-pt\/wp-json\/wp\/v2\/types\/post"}],"author":[{"embeddable":true,"href":"https:\/\/obera.fr\/pt-pt\/wp-json\/wp\/v2\/users\/4"}],"replies":[{"embeddable":true,"href":"https:\/\/obera.fr\/pt-pt\/wp-json\/wp\/v2\/comments?post=96478"}],"version-history":[{"count":1,"href":"https:\/\/obera.fr\/pt-pt\/wp-json\/wp\/v2\/posts\/96478\/revisions"}],"predecessor-version":[{"id":96480,"href":"https:\/\/obera.fr\/pt-pt\/wp-json\/wp\/v2\/posts\/96478\/revisions\/96480"}],"wp:featuredmedia":[{"embeddable":true,"href":"https:\/\/obera.fr\/pt-pt\/wp-json\/wp\/v2\/media\/96351"}],"wp:attachment":[{"href":"https:\/\/obera.fr\/pt-pt\/wp-json\/wp\/v2\/media?parent=96478"}],"wp:term":[{"taxonomy":"category","embeddable":true,"href":"https:\/\/obera.fr\/pt-pt\/wp-json\/wp\/v2\/categories?post=96478"},{"taxonomy":"post_tag","embeddable":true,"href":"https:\/\/obera.fr\/pt-pt\/wp-json\/wp\/v2\/tags?post=96478"}],"curies":[{"name":"wp","href":"https:\/\/api.w.org\/{rel}","templated":true}]}}