{"id":96782,"date":"2021-07-26T12:25:45","date_gmt":"2021-07-26T10:25:45","guid":{"rendered":"https:\/\/obera.fr\/nosso-conselho\/gains-productivite-rafraichissement-air-par-evaporation\/"},"modified":"2025-05-06T13:41:10","modified_gmt":"2025-05-06T11:41:10","slug":"gains-productivite-rafraichissement-air-par-evaporation","status":"publish","type":"post","link":"https:\/\/obera.fr\/pt-pt\/nosso-conselho\/gains-productivite-rafraichissement-air-par-evaporation\/","title":{"rendered":"Ganhos de produtividade com a refrigera\u00e7\u00e3o por evapora\u00e7\u00e3o do ar"},"content":{"rendered":"\n<h2 class=\"wp-block-heading\">Arrefecimento evaporativo<\/h2>\n\n<p>Quer seja devido a dias particularmente quentes ou a processos de fabrico geradores de calor, as instala\u00e7\u00f5es de produ\u00e7\u00e3o \u00e0 escala industrial podem tornar-se ambientes muito quentes de forma excecionalmente r\u00e1pida. Para al\u00e9m dos riscos \u00f3bvios e do desconforto para os funcion\u00e1rios, a incapacidade de gerir e manter as temperaturas a n\u00edveis aceit\u00e1veis pode tamb\u00e9m abrandar significativamente a produtividade. <\/p>\n\n<blockquote class=\"wp-block-quote is-layout-flow wp-block-quote-is-layout-flow\">\n<p>Um local de trabalho produtivo \u00e9 um fator vital para o sucesso destas instala\u00e7\u00f5es, e foram realizados v\u00e1rios estudos que demonstram at\u00e9 que ponto os n\u00edveis de calor n\u00e3o controlados t\u00eam um efeito determinante.  <\/p>\n<\/blockquote>\n\n<p>Por exemplo, a investiga\u00e7\u00e3o da NASA sobre a produtividade mostrou que os erros e os defeitos aumentam exponencialmente \u00e0 medida que as temperaturas sobem, o que leva a uma produ\u00e7\u00e3o mais lenta, a mais defeitos e a uma perda significativa de receitas.  <\/p>\n\n<p>O quadro seguinte resume as rela\u00e7\u00f5es identificadas nos ensaios NASA entre a temperatura, a produ\u00e7\u00e3o e a precis\u00e3o.<\/p>\n\n<table id=\"tablepress-161\" class=\"tablepress tablepress-id-161\">\n<tbody class=\"row-striping row-hover\">\n<tr class=\"row-1\">\n\t<td class=\"column-1\">Temp\u00e9rature effective<\/td><td class=\"column-2\">24\u00baC<\/td><td class=\"column-3\">26\u00baC<\/td><td class=\"column-4\">29\u00baC<\/td><td class=\"column-5\">32\u00baC<\/td><td class=\"column-6\">35\u00baC<\/td><td class=\"column-7\">38\u00baC<\/td><td class=\"column-8\">40\u00baC<\/td>\n<\/tr>\n<tr class=\"row-2\">\n\t<td class=\"column-1\">Perte de production<\/td><td class=\"column-2\">3%<\/td><td class=\"column-3\">8%<\/td><td class=\"column-4\">18%<\/td><td class=\"column-5\">29%<\/td><td class=\"column-6\">45%<\/td><td class=\"column-7\">62%<\/td><td class=\"column-8\">79%<\/td>\n<\/tr>\n<tr class=\"row-3\">\n\t<td class=\"column-1\">Augmentation du taux d'erreur<\/td><td class=\"column-2\">0%<\/td><td class=\"column-3\">5%<\/td><td class=\"column-4\">40%<\/td><td class=\"column-5\">300%<\/td><td class=\"column-6\">700%<\/td><td class=\"column-7\">N\/A<\/td><td class=\"column-8\">N\/A<\/td>\n<\/tr>\n<\/tbody>\n<\/table>\n\n\n<p>Os dados acima s\u00e3o uma prova clara de como o aumento dos n\u00edveis de calor nos ambientes de trabalho afecta negativamente a produtividade em geral: \u00e0 medida que as temperaturas sobem, os n\u00edveis de concentra\u00e7\u00e3o diminuem, a fadiga instala-se, s\u00e3o cometidos erros e os trabalhadores produzem menos. Em \u00faltima an\u00e1lise, isto leva a perdas substanciais de receitas para a tua empresa. <\/p>\n\n<h2 class=\"wp-block-heading\">Porque \u00e9 que as instala\u00e7\u00f5es de produ\u00e7\u00e3o industrial s\u00e3o t\u00e3o sens\u00edveis ao calor?<\/h2>\n\n<p>Todos os locais de trabalho devem ser concebidos para criar um ambiente de trabalho seguro para os seus empregados. No entanto, as instala\u00e7\u00f5es de produ\u00e7\u00e3o industrial enfrentam desafios \u00fanicos: <\/p>\n\n<h3 class=\"wp-block-heading\">Pr\u00e1tico<\/h3>\n\n<p>Numa instala\u00e7\u00e3o de produ\u00e7\u00e3o com tectos altos e pontes rolantes, a instala\u00e7\u00e3o de sistemas de condutas, tais como unidades de ar condicionado, \u00e9 dispendiosa e pode tornar-se um obst\u00e1culo \u00e0s opera\u00e7\u00f5es de manuseamento interno. Em muitos casos, a instala\u00e7\u00e3o de um sistema de ar condicionado simplesmente n\u00e3o \u00e9 poss\u00edvel devido ao tamanho do edif\u00edcio. <\/p>\n\n<h3 class=\"wp-block-heading\">Processo<\/h3>\n\n<p>Em instala\u00e7\u00f5es com processos de fabrico intensivos em calor, como a produ\u00e7\u00e3o de a\u00e7o, fundi\u00e7\u00f5es, fabrico de autom\u00f3veis, produ\u00e7\u00e3o de vidro, fabrico de tijolos e telhas, fornos na ind\u00fastria alimentar, fornos e fornalhas s\u00e3o utilizados durante todo o dia. Embora possa ser tentador investir em ventiladores industriais como uma solu\u00e7\u00e3o de custo relativamente baixo, nestes ambientes extremos os ventiladores ir\u00e3o simplesmente agitar o ar quente no espa\u00e7o sem reduzir efetivamente a temperatura. <\/p>\n\n<h3 class=\"wp-block-heading\">Altera\u00e7\u00f5es clim\u00e1ticas<\/h3>\n\n<p>O n\u00famero de dias quentes est\u00e1 a aumentar todos os anos. As altera\u00e7\u00f5es clim\u00e1ticas est\u00e3o a tornar-se uma preocupa\u00e7\u00e3o crescente \u00e0 medida que as temperaturas aumentam em todo o mundo. \u00c0 medida que os regulamentos se tornam mais rigorosos, torna-se mais dif\u00edcil proporcionar condi\u00e7\u00f5es de trabalho seguras e confort\u00e1veis aos trabalhadores. Este problema \u00e9 ainda mais grave quando se trata de instala\u00e7\u00f5es de produ\u00e7\u00e3o e fabrico, uma vez que os edif\u00edcios s\u00e3o geralmente grandes e com tectos altos, e muitas vezes em plano aberto. Estas configura\u00e7\u00f5es tornam mais dif\u00edcil e dispendioso o arrefecimento com solu\u00e7\u00f5es de ar condicionado tradicionais.    <\/p>\n\n<h2 class=\"wp-block-heading\">Porqu\u00ea escolher a refrigera\u00e7\u00e3o evaporativa?<\/h2>\n\n<div class=\"wp-block-columns is-layout-flex wp-container-core-columns-is-layout-28f84493 wp-block-columns-is-layout-flex\">\n<div class=\"wp-block-column is-layout-flow wp-block-column-is-layout-flow\" style=\"flex-basis:33.33%\">\n<figure class=\"wp-block-image aligncenter size-large is-resized\"><img decoding=\"async\" width=\"1024\" height=\"682\" src=\"https:\/\/obera.fr\/wp-content\/uploads\/2022\/04\/pexels-aphiwat-chuangchoem-347925-1024x682.jpg\" alt=\"Frescura\" class=\"wp-image-9729\" srcset=\"https:\/\/obera.fr\/wp-content\/uploads\/2022\/04\/pexels-aphiwat-chuangchoem-347925-1024x682.jpg 1024w, https:\/\/obera.fr\/wp-content\/uploads\/2022\/04\/pexels-aphiwat-chuangchoem-347925-300x200.jpg 300w, https:\/\/obera.fr\/wp-content\/uploads\/2022\/04\/pexels-aphiwat-chuangchoem-347925-768x512.jpg 768w, https:\/\/obera.fr\/wp-content\/uploads\/2022\/04\/pexels-aphiwat-chuangchoem-347925-1536x1024.jpg 1536w, https:\/\/obera.fr\/wp-content\/uploads\/2022\/04\/pexels-aphiwat-chuangchoem-347925-2048x1365.jpg 2048w\" sizes=\"(max-width: 1024px) 100vw, 1024px\" \/><\/figure>\n<\/div>\n\n\n\n<div class=\"wp-block-column is-vertically-aligned-center is-layout-flow wp-block-column-is-layout-flow\" style=\"flex-basis:66.66%\">\n<p>O custo de instala\u00e7\u00e3o e funcionamento de um <a href=\"https:\/\/obera.fr\/pt-pt\/nosso-conselho\/le-rafraichisseur-adiabatique-mobile-repond-aux-situations-de-rafraichissement-durgence-et-aux-besoins-temporaires\/\">refrigerador evaporativo m\u00f3vel<\/a> \u00e9 significativamente mais baixo do que o do ar condicionado normal e \u00e9 pr\u00e1tico em quase todos os tipos de ambientes quentes.  <\/p>\n\n\n\n<p>As unidades de arrefecimento evaporativo aproveitam o poder natural da evapora\u00e7\u00e3o para arrefecer o ar num espa\u00e7o. Quando a \u00e1gua evapora, o processo de evapora\u00e7\u00e3o consome energia; esta energia \u00e9 retirada do fluxo de ar que passa pela unidade, resultando numa descida da temperatura.   <\/p>\n\n\n\n<p>Isto significa que quanto mais quente for o ar num espa\u00e7o, mais \u00e1gua pode ser evaporada e mais eficiente se torna o sistema. Por outras palavras, obt\u00e9m mais refrigera\u00e7\u00e3o quando mais precisa dela. <\/p>\n<\/div>\n<\/div>\n\n<h2 class=\"wp-block-heading\">Quais s\u00e3o as principais utiliza\u00e7\u00f5es do arrefecimento evaporativo adiab\u00e1tico?<\/h2>\n\n<p><a href=\"https:\/\/obera.fr\/pt-pt\/produits\/rafraichisseurs-air\/\">O arrefecimento adiab\u00e1tico<\/a> \u00e9 geralmente utilizado nos casos em que o ar condicionado n\u00e3o \u00e9 poss\u00edvel porque \u00e9 demasiado caro ou imposs\u00edvel de instalar.<\/p>\n\n<ul class=\"wp-block-list\">\n<li>Edif\u00edcios abertos ao exterior e pouco herm\u00e9ticos<\/li>\n\n\n\n<li>Cais de carga com portas seccionais regularmente abertas<\/li>\n\n\n\n<li>Edif\u00edcios mal isolados<\/li>\n\n\n\n<li>Oficina e f\u00e1brica com processos de fabrico geradores de calor<\/li>\n\n\n\n<li>Arrefecimento de \u00e1reas de trabalho abertas num grande edif\u00edcio (ilhas de arrefecimento)<\/li>\n\n\n\n<li>Arrefecimento de m\u00e1quinas ou \u00e1reas t\u00e9cnicas (compressores, motores, bombas, salas t\u00e9cnicas, variadores de frequ\u00eancia, etc.)<\/li>\n\n\n\n<li>Arrefecimento dos postos de trabalho junto de m\u00e1quinas quentes (fornos, extrusoras, estufas de secagem, etc.)<\/li>\n<\/ul>\n\n<h2 class=\"wp-block-heading\">O que \u00e9 o arrefecimento direcionado?<\/h2>\n\n<p>Com as unidades m\u00f3veis OberA, pode ser implementado um arrefecimento pontual direcionado para levar o ar frio a \u00e1reas espec\u00edficas onde o pessoal est\u00e1 a trabalhar, sem desperdi\u00e7ar energia a arrefecer espa\u00e7os vazios. Isto \u00e9 particularmente \u00fatil em grandes instala\u00e7\u00f5es onde a maior parte de um edif\u00edcio \u00e9 utilizada para armazenamento. <\/p>\n\n<p>Em termos de produtividade, isto d\u00e1 ao pessoal a flexibilidade de mover os refrigeradores conforme necess\u00e1rio e\/ou direcionar o ar frio para as m\u00e1quinas para reduzir o tempo de inatividade causado pelo sobreaquecimento. Al\u00e9m disso, \u00e9 poss\u00edvel obter uma maior efici\u00eancia com a capacidade de deslocar as unidades de refrigera\u00e7\u00e3o, caso estas interfiram com as opera\u00e7\u00f5es. <\/p>\n\n<p>Tamb\u00e9m \u00e9 importante notar que <a href=\"https:\/\/obera.fr\/pt-pt\/nosso-conselho\/le-rafraichissement-adiabatique-savere-un-mode-de-climatisation-tres-economique\/\">os refrigeradores adiab\u00e1ticos n\u00e3o consomem energia para arrefecer<\/a> (apenas a \u00e1gua \u00e9 evaporada). Por isso, n\u00e3o desperdi\u00e7a energia e ajuda a reduzir o aquecimento global. <\/p>\n\n<p>Ao contr\u00e1rio do ar condicionado, por exemplo, o processo de arrefecimento evaporativo n\u00e3o requer gases refrigerantes, muitos dos quais s\u00e3o incrivelmente prejudiciais para o ambiente. E devido \u00e0 sua capacidade de aproveitar o poder natural da evapora\u00e7\u00e3o e ao seu baixo consumo de energia, <strong>a refrigera\u00e7\u00e3o evaporativa \u00e9 uma das solu\u00e7\u00f5es de refrigera\u00e7\u00e3o mais ecol\u00f3gicas dispon\u00edveis<\/strong>.   <\/p>\n\n<p>Assim, para al\u00e9m de baixar as temperaturas nas suas instala\u00e7\u00f5es para uma maior produtividade, a refrigera\u00e7\u00e3o evaporativa ajuda-o a reduzir a sua pegada de carbono.<\/p>\n\n<h3 class=\"wp-block-heading\">Come\u00e7a a aumentar a tua produtividade hoje mesmo  <\/h3>\n\n<p>Contacta a nossa equipa de especialistas para encontrar as solu\u00e7\u00f5es mais eficazes para aumentar a produtividade e criar ambientes de trabalho seguros e confort\u00e1veis para o teu pessoal.<\/p>\n\n<div class=\"wp-block-buttons is-content-justification-center is-layout-flex wp-container-core-buttons-is-layout-a89b3969 wp-block-buttons-is-layout-flex\">\n<div class=\"wp-block-button\"><a class=\"wp-block-button__link wp-element-button\" href=\"https:\/\/obera.fr\/pt-pt\/contact\/\">Contacta-nos<\/a><\/div>\n<\/div>\n","protected":false},"excerpt":{"rendered":"<p>Quer seja devido a per\u00edodos de calor ou a um processo de fabrico gerador de calor, as instala\u00e7\u00f5es de produ\u00e7\u00e3o \u00e0 escala industrial podem tornar-se ambientes muito quentes de forma excecionalmente r\u00e1pida. L\u00ea os nossos conselhos sobre como aumentar a produtividade com a refrigera\u00e7\u00e3o evaporativa do ar. <\/p>\n","protected":false},"author":4,"featured_media":96744,"comment_status":"open","ping_status":"closed","sticky":false,"template":"","format":"standard","meta":{"_acf_changed":false,"_seopress_robots_primary_cat":"none","_seopress_titles_title":"Ganhos de produtividade com o arrefecimento evaporativo","_seopress_titles_desc":"Descobre os ganhos de produtividade que um sistema de arrefecimento evaporativo do ar pode trazer ao teu espa\u00e7o de trabalho.","_seopress_robots_index":"","footnotes":""},"categories":[55],"tags":[147],"class_list":["post-96782","post","type-post","status-publish","format-standard","has-post-thumbnail","hentry","category-nosso-conselho","tag-pequena-entrada","generate-columns","tablet-grid-50","mobile-grid-100","grid-parent","grid-50","no-featured-image-padding","resize-featured-image"],"acf":[],"_links":{"self":[{"href":"https:\/\/obera.fr\/pt-pt\/wp-json\/wp\/v2\/posts\/96782","targetHints":{"allow":["GET"]}}],"collection":[{"href":"https:\/\/obera.fr\/pt-pt\/wp-json\/wp\/v2\/posts"}],"about":[{"href":"https:\/\/obera.fr\/pt-pt\/wp-json\/wp\/v2\/types\/post"}],"author":[{"embeddable":true,"href":"https:\/\/obera.fr\/pt-pt\/wp-json\/wp\/v2\/users\/4"}],"replies":[{"embeddable":true,"href":"https:\/\/obera.fr\/pt-pt\/wp-json\/wp\/v2\/comments?post=96782"}],"version-history":[{"count":1,"href":"https:\/\/obera.fr\/pt-pt\/wp-json\/wp\/v2\/posts\/96782\/revisions"}],"predecessor-version":[{"id":96785,"href":"https:\/\/obera.fr\/pt-pt\/wp-json\/wp\/v2\/posts\/96782\/revisions\/96785"}],"wp:featuredmedia":[{"embeddable":true,"href":"https:\/\/obera.fr\/pt-pt\/wp-json\/wp\/v2\/media\/96744"}],"wp:attachment":[{"href":"https:\/\/obera.fr\/pt-pt\/wp-json\/wp\/v2\/media?parent=96782"}],"wp:term":[{"taxonomy":"category","embeddable":true,"href":"https:\/\/obera.fr\/pt-pt\/wp-json\/wp\/v2\/categories?post=96782"},{"taxonomy":"post_tag","embeddable":true,"href":"https:\/\/obera.fr\/pt-pt\/wp-json\/wp\/v2\/tags?post=96782"}],"curies":[{"name":"wp","href":"https:\/\/api.w.org\/{rel}","templated":true}]}}