{"id":98104,"date":"2021-07-29T09:50:37","date_gmt":"2021-07-29T07:50:37","guid":{"rendered":"https:\/\/obera.fr\/nosso-conselho\/vlep-filtration-de-poussiere-reglementation\/"},"modified":"2025-05-07T09:25:25","modified_gmt":"2025-05-07T07:25:25","slug":"vlep-filtration-de-poussiere-reglementation","status":"publish","type":"post","link":"https:\/\/obera.fr\/pt-pt\/nosso-conselho\/vlep-filtration-de-poussiere-reglementation\/","title":{"rendered":"Filtragem de poeiras e VLEP: uma atualiza\u00e7\u00e3o regulamentar"},"content":{"rendered":"\n<p><strong>A poeira \u00e9 uma part\u00edcula<\/strong> com menos de 100 microns. Os valores-limite de exposi\u00e7\u00e3o profissional<a href=\"https:\/\/obera.fr\/pt-pt\/nosso-conselho\/reglementation-vlep-evaluation-risque-chimique-lieu-de-travail\/\" data-type=\"URL\" data-id=\"https:\/\/obera.fr\/conseils\/reglementation-vlep-evaluation-risque-chimique-lieu-de-travail\/\">(regulamentos OELV<\/a>) indicam as medidas a tomar em rela\u00e7\u00e3o \u00e0s poeiras no local de trabalho. As poeiras e os VLEP conduzem \u00e0 implementa\u00e7\u00e3o de um <strong>controlo da <\/strong>qualidade do ar. Para te ajudar, o INRS fornece informa\u00e7\u00f5es sobre a preven\u00e7\u00e3o e a prote\u00e7\u00e3o contra a exposi\u00e7\u00e3o a poeiras no local de trabalho.     <\/p>\n\n<p>Queres salvaguardar a tua <strong>atividade profissional <\/strong>e reduzir os riscos para a sa\u00fade? Podemos ajudar-te com informa\u00e7\u00f5es fi\u00e1veis. <\/p>\n\n<h2 class=\"wp-block-heading\">Defini\u00e7\u00e3o e preven\u00e7\u00e3o de poeiras<\/h2>\n\n<p><strong>As poeiras s\u00e3o part\u00edculas <\/strong>com uma estrutura cristalina: uma poeira tem uma forma redonda, com contornos angulares e potencial abrasivo. Todas as part\u00edculas com menos de 100 m\u00edcrones (0,1 mm, PM 1, PM 2,5 e PM 10) pertencem a esta categoria de agentes perigosos. Quando a <strong>concentra\u00e7\u00e3o de <\/strong>PM 2,5 (tamanho 2,5 microns) \u00e9 elevada,<strong>a exposi\u00e7\u00e3o profissional<\/strong> apresenta um risco de cancro.  <\/p>\n\n<h3 class=\"wp-block-heading\">Poeira no trabalho: os diferentes tipos<\/h3>\n\n<p><strong>Os trabalhadores <\/strong>sabem pouco sobre os riscos de exposi\u00e7\u00e3o no trabalho. A avalia\u00e7\u00e3o dos riscos, a preven\u00e7\u00e3o e a prote\u00e7\u00e3o contra os efeitos perigosos das poeiras para a sa\u00fade s\u00e3o da responsabilidade das empresas. Existem dois tipos principais de <strong>poeiras<\/strong>:  <\/p>\n\n<ul class=\"wp-block-list\">\n<li>poeiras inorg\u00e2nicas (poeiras industriais).<\/li>\n<\/ul>\n\n<figure class=\"wp-block-image size-full is-resized\"><img decoding=\"async\" src=\"https:\/\/obera.fr\/wp-content\/uploads\/2022\/08\/Sans-titre.jpg\" alt=\"Poeiras inorg&#xE2;nicas\" class=\"wp-image-14084\" width=\"275\" height=\"100\" srcset=\"https:\/\/obera.fr\/wp-content\/uploads\/2022\/08\/Sans-titre.jpg 550w, https:\/\/obera.fr\/wp-content\/uploads\/2022\/08\/Sans-titre-300x109.jpg 300w\" sizes=\"(max-width: 275px) 100vw, 275px\" \/><\/figure>\n\n<ul class=\"wp-block-list\">\n<li>poeiras org\u00e2nicas (empresas t\u00eaxteis e de transforma\u00e7\u00e3o de alimentos).<\/li>\n<\/ul>\n\n<figure class=\"wp-block-image size-full is-resized\"><img decoding=\"async\" src=\"https:\/\/obera.fr\/wp-content\/uploads\/2021\/07\/textile.jpg\" alt=\"poeira org&#xE2;nica\" class=\"wp-image-14088\" width=\"275\" height=\"100\" srcset=\"https:\/\/obera.fr\/wp-content\/uploads\/2021\/07\/textile.jpg 550w, https:\/\/obera.fr\/wp-content\/uploads\/2021\/07\/textile-300x109.jpg 300w\" sizes=\"(max-width: 275px) 100vw, 275px\" \/><\/figure>\n\n<h3 class=\"wp-block-heading\">As poeiras mais perigosas para a sa\u00fade<\/h3>\n\n<p><strong>As poeiras com menos de 10 microns<\/strong> (PM10) atingem as c\u00e9lulas alveolares dos pulm\u00f5es. As poeiras finas passam diretamente para a corrente sangu\u00ednea. As poeiras inferiores a PM1 s\u00e3o as mais perigosas, apresentando riscos elevados de CMR, carcinog\u00e9nicos e patog\u00e9nicos. O diagn\u00f3stico da qualidade do ar no local de trabalho \u00e9, por conseguinte, essencial. Quanto mais fina for a poeira, mais elevada \u00e9 a sua <strong>concentra\u00e7\u00e3o no ar <\/strong>e mais tempo permanece em suspens\u00e3o (de 1 a 40 horas).    <\/p>\n\n<figure class=\"wp-block-image aligncenter size-full is-resized\"><img decoding=\"async\" src=\"https:\/\/obera.fr\/wp-content\/uploads\/2020\/11\/4-fraction-poussieres.jpg\" alt=\"Organismo - Toxicidade\" class=\"wp-image-1840\" width=\"375\" height=\"395\" srcset=\"https:\/\/obera.fr\/wp-content\/uploads\/2020\/11\/4-fraction-poussieres.jpg 500w, https:\/\/obera.fr\/wp-content\/uploads\/2020\/11\/4-fraction-poussieres-285x300.jpg 285w\" sizes=\"(max-width: 375px) 100vw, 375px\" \/><\/figure>\n\n<p>Quanto mais fina for a poeira, mais tempo demora a assentar. Por exemplo, as part\u00edculas do tamanho de um cabelo humano (50\u00b5m) depositam-se rapidamente (cerca de 6s por metro). Sedimentam perto da sua zona de emiss\u00e3o ou permanecem em suspens\u00e3o se o movimento do ar for suficientemente forte para impedir a sua sedimenta\u00e7\u00e3o. Em contrapartida, as part\u00edculas de 0,1\u00b5m comportam-se de forma semelhante \u00e0s mol\u00e9culas. Deslocam-se segundo um movimento browniano (aleat\u00f3rio) e, por conseguinte, permanecem em suspens\u00e3o e n\u00e3o t\u00eam uma velocidade de sedimenta\u00e7\u00e3o mensur\u00e1vel. Cai um metro em 20 dias sem ser perturbada. \u00c9 f\u00e1cil de compreender que, sem movimento for\u00e7ado (arejamento, ventila\u00e7\u00e3o mec\u00e2nica, extra\u00e7\u00e3o centralizada, purifica\u00e7\u00e3o do ar), estas part\u00edculas mais finas e mais perigosas nunca assentam e permanecem em suspens\u00e3o.      <\/p>\n\n<h2 class=\"wp-block-heading\">Poeiras e VLEP: o que dizem os regulamentos<\/h2>\n\n<p>Como \u00e9 que <strong>a poeira e o VLEP <\/strong>devem ser interpretados no local de trabalho? Considera que as poeiras profissionais prov\u00eam de processos de fabrico, movimentos de m\u00e1quinas ou manuseamento de bens e produtos. A <strong>multiplicidade de part\u00edculas de poeira em suspens\u00e3o<\/strong> apresenta riscos para a sa\u00fade. A lei criou uma <strong>classifica\u00e7\u00e3o das poeiras<\/strong> por n\u00edvel de penetra\u00e7\u00e3o no organismo.   <\/p>\n\n<h3 class=\"wp-block-heading\">As part\u00edculas respir\u00e1veis e o ambiente de trabalho<\/h3>\n\n<p>A rela\u00e7\u00e3o <strong>entre poeira e VLEP<\/strong> produz resultados diferentes, dependendo do tamanho da poeira. As part\u00edculas respir\u00e1veis s\u00e3o as que t\u00eam um di\u00e2metro inferior a 4 microns. Como vimos, a OMS reduz o limiar para 2,5 (PM 2,5), porque estas <strong>part\u00edculas s\u00e3o as mais perigosas<\/strong>. O controlo permanente no local de trabalho \u00e9 poss\u00edvel atrav\u00e9s da<strong>instala\u00e7\u00e3o de uma caixa<\/strong>, de uma sonda ou de um analisador de ar.   <\/p>\n\n<h3 class=\"wp-block-heading\">Poeira tor\u00e1cica e penetra\u00e7\u00e3o: quais s\u00e3o os valores?<\/h3>\n\n<p>O trato respirat\u00f3rio superior filtra <strong>as chamadas poeiras totais<\/strong>. N\u00e3o t\u00eam mais de 100 microns e a sua <strong>fra\u00e7\u00e3o tor\u00e1cica <\/strong>\u00e9 inferior a 10 microns. Penetram nos pulm\u00f5es, podem irritar os br\u00f4nquios e constituem um<strong> risco para a asma<\/strong>.  <\/p>\n\n<h2 class=\"wp-block-heading\">Poeiras e VLEP: Valor limite de exposi\u00e7\u00e3o de 8 horas<\/h2>\n\n<p>O <strong>VLEP vinculativo<\/strong> (para o amianto, a madeira, a s\u00edlica e as cer\u00e2micas cancer\u00edgenas) \u00e9 um valor de refer\u00eancia para qualquer risco diferido para a sa\u00fade decorrente da<strong> exposi\u00e7\u00e3o<\/strong>. Estas ferramentas destinam-se ao mundo do trabalho e o INRS utiliza-as para elaborar os seus guias de sa\u00fade e seguran\u00e7a. O<strong> controlo oficial do VLEP <\/strong>nas empresas \u00e9 da responsabilidade do COFRAC.  <\/p>\n\n<blockquote class=\"wp-block-quote is-layout-flow wp-block-quote-is-layout-flow\">\n<p>L\u00ea tamb\u00e9m: O que \u00e9 um <a href=\"https:\/\/obera.fr\/pt-pt\/nosso-conselho\/valeur-limite-exposition-professionnelle-ou-vlep\/\" data-type=\"post\" data-id=\"1999\">Limite de Exposi\u00e7\u00e3o Ocupacional ou OEL<\/a>?<\/p>\n<\/blockquote>\n\n<h3 class=\"wp-block-heading\">Valor limite de exposi\u00e7\u00e3o profissional (OEL) 8 horas<\/h3>\n\n<p>O <strong>C\u00f3digo do Trabalho<\/strong> franc\u00eas define o n\u00edvel do VLEP de 8 horas em condi\u00e7\u00f5es normais de temperatura. A<strong> concentra\u00e7\u00e3o m\u00e9dia<\/strong> de poeiras totais deve ser inferior ao limiar de 10 mg\/m\u00b3 de ar. A concentra\u00e7\u00e3o m\u00e9dia de <strong>poeiras respir\u00e1veis<\/strong> deve ser inferior a 5 mg\/m\u00b3 de ar.  <\/p>\n\n<blockquote class=\"wp-block-quote is-layout-flow wp-block-quote-is-layout-flow\">\n<p>Tamb\u00e9m vale a pena ler: <a href=\"https:\/\/obera.fr\/pt-pt\/nosso-conselho\/vlep-quels-risques-cas-de-non-respect-reglementation\/\" data-type=\"post\" data-id=\"1816\">Quais s\u00e3o os riscos de n\u00e3o cumprir as VLEP?<\/a><\/p>\n<\/blockquote>\n\n<h3 class=\"wp-block-heading\">Poeiras e VLEP de 8 horas: alguns exemplos<\/h3>\n\n<p>Algumas <strong>part\u00edculas t\u00eam efeitos<\/strong> mais nocivos para a sa\u00fade. A medi\u00e7\u00e3o VLEP \u00e9 mais rigorosa: p\u00f3 de madeira 1 mg\/m\u00b3, p\u00f3 de s\u00edlica entre 0,1 e 0,005 mg\/m\u00b3, p\u00f3 de linho 0,2 mg\/m\u00b3, amianto 10 fibras\/cm\u00b3. Se estes n\u00edveis forem <strong>ultrapassados <\/strong>, a empresa deve tomar medidas de prote\u00e7\u00e3o e de preven\u00e7\u00e3o.  <\/p>\n\n<h2 class=\"wp-block-heading\">Est\u00e3o dispon\u00edveis solu\u00e7\u00f5es de filtragem e remo\u00e7\u00e3o de poeiras<\/h2>\n\n<figure class=\"wp-block-image aligncenter size-full is-resized\"><img decoding=\"async\" src=\"https:\/\/obera.fr\/wp-content\/uploads\/2021\/07\/Traitements-des-polluants-VLEP.jpg\" alt=\"tratamento de poluentes vlep\" class=\"wp-image-14091\" width=\"500\" height=\"100\" srcset=\"https:\/\/obera.fr\/wp-content\/uploads\/2021\/07\/Traitements-des-polluants-VLEP.jpg 1000w, https:\/\/obera.fr\/wp-content\/uploads\/2021\/07\/Traitements-des-polluants-VLEP-300x60.jpg 300w, https:\/\/obera.fr\/wp-content\/uploads\/2021\/07\/Traitements-des-polluants-VLEP-768x154.jpg 768w\" sizes=\"(max-width: 500px) 100vw, 500px\" \/><\/figure>\n\n<p>Tens um <strong>problema de p\u00f3 <\/strong>nas tuas oficinas? H\u00e1 20 anos que a OBERA \u00e9 especialista em tratamento de ar e despoeiramento. Protege o teu pessoal e a tua produtividade, confia na nossa experi\u00eancia. Preenche o nosso <strong><a href=\"https:\/\/obera.fr\/pt-pt\/contact\/\" data-type=\"page\" data-id=\"124\">formul\u00e1rio de contacto<\/a><\/strong> para obter respostas \u00e0s tuas perguntas.   <\/p>\n","protected":false},"excerpt":{"rendered":"<p>Os valores-limite de exposi\u00e7\u00e3o profissional (regulamenta\u00e7\u00e3o VLEP) indicam as medidas a tomar em rela\u00e7\u00e3o \u00e0s poeiras no local de trabalho. Para te ajudar, o INRS fornece informa\u00e7\u00f5es sobre a preven\u00e7\u00e3o e a prote\u00e7\u00e3o contra a exposi\u00e7\u00e3o a poeiras no local de trabalho.   <\/p>\n","protected":false},"author":4,"featured_media":85306,"comment_status":"closed","ping_status":"closed","sticky":false,"template":"","format":"standard","meta":{"_acf_changed":false,"_seopress_robots_primary_cat":"none","_seopress_titles_title":"Filtragem de poeiras e VLEP: os regulamentos em pormenor","_seopress_titles_desc":"Descobre mais sobre os regulamentos relacionados com a filtragem de poeiras e os seus VLEP. A Obera concebe equipamentos capazes de cumprir estes VLEP. ","_seopress_robots_index":"","footnotes":""},"categories":[55],"tags":[147],"class_list":["post-98104","post","type-post","status-publish","format-standard","has-post-thumbnail","hentry","category-nosso-conselho","tag-pequena-entrada","generate-columns","tablet-grid-50","mobile-grid-100","grid-parent","grid-50","no-featured-image-padding","resize-featured-image"],"acf":[],"_links":{"self":[{"href":"https:\/\/obera.fr\/pt-pt\/wp-json\/wp\/v2\/posts\/98104","targetHints":{"allow":["GET"]}}],"collection":[{"href":"https:\/\/obera.fr\/pt-pt\/wp-json\/wp\/v2\/posts"}],"about":[{"href":"https:\/\/obera.fr\/pt-pt\/wp-json\/wp\/v2\/types\/post"}],"author":[{"embeddable":true,"href":"https:\/\/obera.fr\/pt-pt\/wp-json\/wp\/v2\/users\/4"}],"replies":[{"embeddable":true,"href":"https:\/\/obera.fr\/pt-pt\/wp-json\/wp\/v2\/comments?post=98104"}],"version-history":[{"count":1,"href":"https:\/\/obera.fr\/pt-pt\/wp-json\/wp\/v2\/posts\/98104\/revisions"}],"predecessor-version":[{"id":98107,"href":"https:\/\/obera.fr\/pt-pt\/wp-json\/wp\/v2\/posts\/98104\/revisions\/98107"}],"wp:featuredmedia":[{"embeddable":true,"href":"https:\/\/obera.fr\/pt-pt\/wp-json\/wp\/v2\/media\/85306"}],"wp:attachment":[{"href":"https:\/\/obera.fr\/pt-pt\/wp-json\/wp\/v2\/media?parent=98104"}],"wp:term":[{"taxonomy":"category","embeddable":true,"href":"https:\/\/obera.fr\/pt-pt\/wp-json\/wp\/v2\/categories?post=98104"},{"taxonomy":"post_tag","embeddable":true,"href":"https:\/\/obera.fr\/pt-pt\/wp-json\/wp\/v2\/tags?post=98104"}],"curies":[{"name":"wp","href":"https:\/\/api.w.org\/{rel}","templated":true}]}}