{"id":103751,"date":"2025-05-23T10:03:14","date_gmt":"2025-05-23T08:03:14","guid":{"rendered":"https:\/\/obera.fr\/nase-rada\/depoussiereur-taille-pierre\/"},"modified":"2025-07-16T11:22:16","modified_gmt":"2025-07-16T09:22:16","slug":"depoussiereur-taille-pierre","status":"publish","type":"post","link":"https:\/\/obera.fr\/ro\/taierea-pietrei\/depoussiereur-taille-pierre\/","title":{"rendered":"Colector de praf pentru atelierele de t\u0103iat piatr\u0103"},"content":{"rendered":"\n<p>\u00cen atelierele de prelucrare a pietrei \u0219i marmurei, <strong>producerea de praf fin este inevitabil\u0103<\/strong>. Aceste particule pot afecta s\u0103n\u0103tatea lucr\u0103torilor \u0219i durabilitatea echipamentelor. Pentru a garanta un mediu de lucru s\u0103n\u0103tos care respect\u0103 standardele, este esen\u021bial s\u0103 instala\u021bi colectoare de praf industriale adecvate. OberA, referin\u021ba pentru profesioni\u0219tii din domeniul pietrei, explic\u0103 cum func\u021bioneaz\u0103 aceste echipamente<strong> \u0219i care sunt modelele<\/strong> cele mai potrivite. <\/p>\n\n<h2 class=\"wp-block-heading\">T\u0103ierea pietrei \u0219i prelucrarea marmurei: de ce s\u0103 cump\u0103ra\u021bi un colector de praf industrial?<\/h2>\n\n<h3 class=\"wp-block-heading\">Praful din zid\u0103rie: problemele \u00een joc<\/h3>\n\n<p>Praful generat \u00een timpul <strong>t\u0103ierii pietrei con\u021bine adesea siliciu cristalin.<\/strong> Inhalarea prelungit\u0103 a acestor particule poate cauza afec\u021biuni respiratorii grave, cum ar fi silicoza. \u00cen plus, acest praf abraziv se poate acumula pe utilaje, duc\u00e2nd la uzur\u0103 prematur\u0103 \u0219i defec\u021biuni frecvente. Pot fi emise \u0219i alte particule fine: carbona\u021bi de calciu din marmur\u0103 \u0219i calcar, alumin\u0103 \u0219i oxizi metalici prezen\u021bi \u00een ardezie \u0219i bazalt. Dar nu numai <strong>particulele fine<\/strong>, \u00een ateliere sunt prezente \u0219i microdebitele \u0219i vaporii proveni\u021bi din opera\u021biunile de asamblare \u0219i lustruire a pietrei.   <\/p>\n\n<blockquote class=\"wp-block-quote is-layout-flow wp-block-quote-is-layout-flow\">\n<p><em>Bine de \u0219tiut: \u00cen plus fa\u021b\u0103 de riscurile pentru s\u0103n\u0103tate, reglement\u0103rile impun limite stricte privind expunerea la praf. Un mediu de lucru curat reduce riscul de accidente \u0219i \u00eembun\u0103t\u0103\u021be\u0219te bun\u0103starea angaja\u021bilor. Pentru a proteja \u00eentreprinderea de eventuale sanc\u021biuni, este esen\u021bial s\u0103 alege\u021bi echipamente care garanteaz\u0103 calitatea aerului \u00een ateliere \u0219i pe \u0219antiere.  <\/em><\/p>\n<\/blockquote>\n\n<h3 class=\"wp-block-heading\">Avantajele colectoarelor de praf pentru t\u0103ierea pietrei<\/h3>\n\n<div class=\"wp-block-columns is-layout-flex wp-container-core-columns-is-layout-28f84493 wp-block-columns-is-layout-flex\">\n<div class=\"wp-block-column is-layout-flow wp-block-column-is-layout-flow\" style=\"flex-basis:66.66%\">\n<p><strong>Colectorii industriali de praf <\/strong>sunt concepu\u021bi pentru a capta \u0219i trata eficient poluan\u021bii precum praful, fumul, a\u0219chiile, cea\u021ba de ulei \u0219i mirosurile.  <\/p>\n\n\n\n<p>Avantajele acestora includ<\/p>\n\n\n\n<ul class=\"wp-block-list\">\n<li>Reducerea prafului \u00een suspensie \u00een ateliere<em>: <\/em><a href=\"https:\/\/obera.fr\/ro\/produits\/depoussiereurs-industriels\/\"> colectoarele de praf industriale<\/a> capteaz\u0103 eficient particulele fine la surs\u0103, \u00eempiedic\u00e2nd dispersarea lor \u00een aerul \u00eenconjur\u0103tor.  <\/li>\n\n\n\n<li><strong>\u00cembun\u0103t\u0103\u021birea condi\u021biilor de munc\u0103 <\/strong>\u0219i protejarea s\u0103n\u0103t\u0103\u021bii operatorilor:<em> <\/em>O calitate mai bun\u0103 a aerului favorizeaz\u0103 confortul lucr\u0103torilor \u0219i reduce absen\u021bele datorate problemelor de s\u0103n\u0103tate. Rezultatul este o productivitate mai mare \u0219i un mediu de lucru pozitiv. <\/li>\n\n\n\n<li><strong>Protejarea uneltelor \u0219i echipamentelor<\/strong> \u00eempotriva acumul\u0103rii de praf abraziv: prin eliminarea prafului la surs\u0103, colectoarele de praf prelungesc durata de via\u021b\u0103 a utilajelor \u0219i reduc costurile de \u00eentre\u021binere. Echipamentele func\u021bioneaz\u0103 la niveluri optime, asigur\u00e2nd o produc\u021bie continu\u0103 \u0219i eficient\u0103. <\/li>\n<\/ul>\n<\/div>\n\n\n\n<div class=\"wp-block-column is-layout-flow wp-block-column-is-layout-flow\" style=\"flex-basis:33.33%\">\n<figure class=\"wp-block-image aligncenter size-large\"><img decoding=\"async\" width=\"1024\" height=\"767\" src=\"https:\/\/obera.fr\/wp-content\/uploads\/2025\/05\/image10-1024x767.jpg\" alt=\"imagine10\" class=\"wp-image-120923\" srcset=\"https:\/\/obera.fr\/wp-content\/uploads\/2025\/05\/image10-1024x767.jpg 1024w, https:\/\/obera.fr\/wp-content\/uploads\/2025\/05\/image10-300x225.jpg 300w, https:\/\/obera.fr\/wp-content\/uploads\/2025\/05\/image10-768x576.jpg 768w, https:\/\/obera.fr\/wp-content\/uploads\/2025\/05\/image10-1536x1151.jpg 1536w, https:\/\/obera.fr\/wp-content\/uploads\/2025\/05\/image10.jpg 1720w\" sizes=\"(max-width: 1024px) 100vw, 1024px\" \/><\/figure>\n<\/div>\n<\/div>\n\n<h2 class=\"wp-block-heading\">Func\u021bionarea colectoarelor de praf pentru t\u0103ierea pietrei<\/h2>\n\n<p>Colectorii de praf proiecta\u021bi pentru uz industrial utilizeaz\u0103 <strong>diferite sisteme de filtrare<\/strong> \u00een func\u021bie de natura \u0219i dimensiunea poluantului. Filtrele cu cartu\u0219, de exemplu, sunt utilizate pentru captarea particulelor fine. Aceste filtre sunt echipate cu sisteme automate de deblocare pentru a garanta <strong>eficien\u021ba constant\u0103 a echipamentului<\/strong>. La OberA, oferim dou\u0103 tipuri de colectori de praf:   <\/p>\n\n<ul class=\"wp-block-list\">\n<li>Aspira\u021bie centralizat\u0103, care colecteaz\u0103 praful de la mai multe sta\u021bii de lucru simultan, optimiz\u00e2nd procesul de \u00eendep\u0103rtare a prafului.<\/li>\n\n\n\n<li>Extrac\u021bie mobil\u0103, astfel \u00eenc\u00e2t operatorii s\u0103 poat\u0103 muta cu u\u0219urin\u021b\u0103 colectorul de praf \u0219i s\u0103 extrag\u0103 la surs\u0103, de la un post de lucru la altul.<\/li>\n<\/ul>\n\n<p>Unele instala\u021bii combin\u0103 cabinele de lucru cu <strong>sisteme de aspira\u021bie integrate<\/strong>. Aceast\u0103 configura\u021bie limiteaz\u0103 praful la surs\u0103, \u00eempiedic\u00e2nd r\u0103sp\u00e2ndirea acestuia \u00een \u00eentregul atelier. Aceasta asigur\u0103 o protec\u021bie suplimentar\u0103 pentru operatori \u0219i men\u021bine mediul de lucru curat.  <\/p>\n\n<h2 class=\"wp-block-heading\">Cum alege\u021bi colectorul de praf potrivit pentru pietrari?<\/h2>\n\n<div class=\"wp-block-columns is-layout-flex wp-container-core-columns-is-layout-28f84493 wp-block-columns-is-layout-flex\">\n<div class=\"wp-block-column is-layout-flow wp-block-column-is-layout-flow\" style=\"flex-basis:33.33%\">\n<figure class=\"wp-block-image aligncenter size-large is-resized\"><img decoding=\"async\" width=\"1024\" height=\"1024\" src=\"https:\/\/obera.fr\/wp-content\/uploads\/2025\/03\/conseil-raf-1024x1024.png\" alt=\"Verificare\" class=\"wp-image-77456\" style=\"width:304px;height:auto\" srcset=\"https:\/\/obera.fr\/wp-content\/uploads\/2025\/03\/conseil-raf-1024x1024.png 1024w, https:\/\/obera.fr\/wp-content\/uploads\/2025\/03\/conseil-raf-300x300.png 300w, https:\/\/obera.fr\/wp-content\/uploads\/2025\/03\/conseil-raf-150x150.png 150w, https:\/\/obera.fr\/wp-content\/uploads\/2025\/03\/conseil-raf-768x768.png 768w, https:\/\/obera.fr\/wp-content\/uploads\/2025\/03\/conseil-raf.png 1200w\" sizes=\"(max-width: 1024px) 100vw, 1024px\" \/><\/figure>\n<\/div>\n\n\n\n<div class=\"wp-block-column is-layout-flow wp-block-column-is-layout-flow\" style=\"flex-basis:66.66%\">\n<h3 class=\"wp-block-heading\">Evaluarea volumului de praf generat de opera\u021biunile de produc\u021bie<\/h3>\n\n\n\n<p>Este esen\u021bial s\u0103 selecta\u021bi un <strong>colector de praf capabil s\u0103 gestioneze volumul de<\/strong> praf produs \u00een timpul opera\u021biunilor de t\u0103iere, asamblare \u0219i lustruire. O capacitate insuficient\u0103 poate duce la ineficien\u021ba sistemului \u0219i la cre\u0219terea riscurilor pentru s\u0103n\u0103tate. Pentru a identifica cu precizie natura \u0219i <strong>volumul de praf emis<\/strong>, tehnicienii no\u0219tri efectueaz\u0103 o analiz\u0103 aprofundat\u0103 pentru a sugera cel mai potrivit sistem de eliminare a prafului.  <\/p>\n\n\n\n<blockquote class=\"wp-block-quote is-layout-flow wp-block-quote-is-layout-flow\">\n<p><em>Sfat OberA: este esen\u021bial s\u0103 alege\u021bi un colector de praf cu o capacitate de aspira\u021bie \u00een concordan\u021b\u0103 cu volumul de praf pe care \u00eel genera\u021bi. A   <\/em><strong><em>echipamente subdimensionate  <\/em><\/strong><em>va fi mai pu\u021bin eficient. Pe de alt\u0103 parte, un colector de praf supradimensionat va reprezenta costuri nejustificat de mari pentru afacerea dumneavoastr\u0103. <\/em><\/p>\n<\/blockquote>\n<\/div>\n<\/div>\n\n<div class=\"wp-block-columns is-layout-flex wp-container-core-columns-is-layout-28f84493 wp-block-columns-is-layout-flex\">\n<div class=\"wp-block-column is-layout-flow wp-block-column-is-layout-flow\" style=\"flex-basis:33.33%\">\n<figure class=\"wp-block-image aligncenter size-large is-resized\"><img decoding=\"async\" width=\"1024\" height=\"1024\" src=\"https:\/\/obera.fr\/wp-content\/uploads\/2025\/03\/conseil-raf-1024x1024.png\" alt=\"Verificare\" class=\"wp-image-77456\" style=\"width:304px;height:auto\" srcset=\"https:\/\/obera.fr\/wp-content\/uploads\/2025\/03\/conseil-raf-1024x1024.png 1024w, https:\/\/obera.fr\/wp-content\/uploads\/2025\/03\/conseil-raf-300x300.png 300w, https:\/\/obera.fr\/wp-content\/uploads\/2025\/03\/conseil-raf-150x150.png 150w, https:\/\/obera.fr\/wp-content\/uploads\/2025\/03\/conseil-raf-768x768.png 768w, https:\/\/obera.fr\/wp-content\/uploads\/2025\/03\/conseil-raf.png 1200w\" sizes=\"(max-width: 1024px) 100vw, 1024px\" \/><\/figure>\n<\/div>\n\n\n\n<div class=\"wp-block-column is-layout-flow wp-block-column-is-layout-flow\" style=\"flex-basis:66.66%\">\n<h3 class=\"wp-block-heading\">Verifica\u021bi dac\u0103 sistemul de vid este compatibil cu echipamentul dvs.<\/h3>\n\n\n\n<p>Colectorul de praf trebuie s\u0103 se integreze armonios cu echipamentele existente. Compatibilitatea optim\u0103 asigur\u0103 <strong>eficien\u021ba maxim\u0103 a sistemului de colectare a prafului<\/strong>, trebuie verificate urm\u0103toarele puncte: <\/p>\n\n\n\n<ul class=\"wp-block-list\">\n<li>Compatibilitate cu cabinetele<strong> de lucru<\/strong>, astfel \u00eenc\u00e2t s\u0103 pute\u021bi conecta colectorul de praf direct la cabine f\u0103r\u0103 a pierde vidul sau a aglomera sistemul de filtrare;  <\/li>\n\n\n\n<li>Posibilitatea de a conecta colectorul de praf, mobil sau centralizat, la <strong>echipamentele<\/strong> dvs. <strong>mari, cum ar fi fer\u0103straie de pod<\/strong>, debiteuze, ma\u0219ini de lustruit \u0219i ma\u0219ini de frezat CNC;<\/li>\n\n\n\n<li>Sistemul de gestionare a prafului u\u0219or umed al colectorului de praf se adapteaz\u0103 la sistemele dvs. de umidificare.<\/li>\n<\/ul>\n<\/div>\n<\/div>\n\n<div class=\"wp-block-columns is-layout-flex wp-container-core-columns-is-layout-28f84493 wp-block-columns-is-layout-flex\">\n<div class=\"wp-block-column is-layout-flow wp-block-column-is-layout-flow\" style=\"flex-basis:33.33%\">\n<figure class=\"wp-block-image aligncenter size-large is-resized\"><img decoding=\"async\" width=\"1024\" height=\"1024\" src=\"https:\/\/obera.fr\/wp-content\/uploads\/2025\/03\/conseil-raf-1024x1024.png\" alt=\"Verificare\" class=\"wp-image-77456\" style=\"width:304px;height:auto\" srcset=\"https:\/\/obera.fr\/wp-content\/uploads\/2025\/03\/conseil-raf-1024x1024.png 1024w, https:\/\/obera.fr\/wp-content\/uploads\/2025\/03\/conseil-raf-300x300.png 300w, https:\/\/obera.fr\/wp-content\/uploads\/2025\/03\/conseil-raf-150x150.png 150w, https:\/\/obera.fr\/wp-content\/uploads\/2025\/03\/conseil-raf-768x768.png 768w, https:\/\/obera.fr\/wp-content\/uploads\/2025\/03\/conseil-raf.png 1200w\" sizes=\"(max-width: 1024px) 100vw, 1024px\" \/><\/figure>\n<\/div>\n\n\n\n<div class=\"wp-block-column is-layout-flow wp-block-column-is-layout-flow\" style=\"flex-basis:66.66%\">\n<h3 class=\"wp-block-heading\">Opta\u021bi pentru colectoare de praf modulare  <\/h3>\n\n\n\n<p>Unele colectoare de praf ofer\u0103 op\u021biuni \u0219i<strong> sisteme de filtrare personalizate<\/strong>, cum este cazul colectoarelor de praf OberA. \u00cen detaliu:   <\/p>\n\n\n\n<ul class=\"wp-block-list\">\n<li>Unele echipamente dispun de un sistem automat de cur\u0103\u021bare pentru a facilita \u00eentre\u021binerea, a preveni saturarea filtrului \u0219i a reduce timpul de inactivitate.  <\/li>\n\n\n\n<li>Unele dintre modelele noastre permit ad\u0103ugarea de filtre specifice, cum ar fi filtrele HEPA pentru particule ultrafine.<\/li>\n<\/ul>\n\n\n\n<p>Un colector de praf bine adaptat la echipamentul existent <strong>\u00eembun\u0103t\u0103\u021be\u0219te calitatea aerului,<\/strong> longevitatea utilajului \u0219i confortul operatorului. La OberA, solu\u021biile de captare a prafului sunt concepute pentru a fi integrate cu u\u0219urin\u021b\u0103 \u00een diferitele sisteme de produc\u021bie ale <strong>atelierelor de t\u0103iat piatr\u0103<\/strong>. Dup\u0103 cum subliniaz\u0103 <a href=\"https:\/\/obera.fr\/ro\/conseils\/interview-sacha-wehrli\/\">Sacha Wehrli<\/a>, referentul dumneavoastr\u0103 pentru proiectul de t\u0103iere a pietrei la OberA:<em> &#8222;Un colector de praf bun face mai mult dec\u00e2t s\u0103 filtreze aerul, transform\u0103 mediul de lucru pentru a-l face mai s\u0103n\u0103tos \u0219i mai eficient.<\/em>  <\/p>\n<\/div>\n<\/div>\n\n<p><\/p>\n\n<h3 class=\"wp-block-heading\">Colectori de praf: gama OberA pentru pietrari<\/h3>\n\n<figure class=\"wp-block-table\"><table class=\"has-fixed-layout\"><tbody><tr><td><strong>Caracteristici<\/strong><\/td><td><br\/><strong>DUSTOMAT 16M<br\/><\/strong><br\/><\/td><td><br\/><strong>Unit\u0103\u021bi mobile de aspirare<br\/><\/strong><br\/><\/td><\/tr><tr><td><strong>Mobilitate<\/strong><\/td><td>Proiectat pentru mobilitate mare, facilit\u00e2nd deplasarea \u00een atelier.<\/td><td>Acestea sunt, de asemenea, mobile, pentru a satisface nevoia de flexibilitate \u00een atelier sau pe \u0219antierele de construc\u021bii.<\/td><\/tr><tr><td><strong>Tipuri de poluan\u021bi trata\u021bi<\/strong><\/td><td>Special conceput pentru extragerea prafului sub form\u0103 de pulbere, inclusiv a prafului mineral (piatr\u0103, grafit, beton), plastic \u0219i metalic.<\/td><td>Potrivit pentru o gam\u0103 larg\u0103 de poluan\u021bi, inclusiv praf, fum \u0219i alte particule fine.<\/td><\/tr><tr><td><strong>Tehnologia de filtrare<\/strong><\/td><td>Echipate cu cartu\u0219e filtrante eficiente pentru separarea particulelor fine, cu op\u021biune de cur\u0103\u021bare manual\u0103 sau automat\u0103.<\/td><td>Sisteme de filtrare de \u00eenalt\u0103 performan\u021b\u0103 pentru captarea eficient\u0103 a poluan\u021bilor, cu filtre adaptate nevoilor specifice.<\/td><\/tr><tr><td><strong>Accesorii disponibile<\/strong><\/td><td>Ofer\u0103 o gam\u0103 larg\u0103 de accesorii pentru a satisface nevoile industria\u0219ilor, cum ar fi cabine de extrac\u021bie, mese de aspira\u021bie etc.<\/td><td>Ofer\u0103 o gam\u0103 de accesorii pentru a se potrivi diferitelor aplica\u021bii industriale, sporind versatilitatea dispozitivului.<\/td><\/tr><tr><td><strong>Aplica\u021bii recomandate<\/strong><\/td><td>Ideal pentru industriile care manipuleaz\u0103 pulberi pulverulente, \u00een special \u00een sectoarele pietrei, maselor plastice \u0219i metalelor.<\/td><td>Potrivit pentru o varietate de industrii care necesit\u0103 extrac\u021bia mobil\u0103 a diferitelor tipuri de poluan\u021bi.<\/td><\/tr><\/tbody><\/table><\/figure>\n\n<h2 class=\"wp-block-heading\">OberA: un partener pentru profesioni\u0219tii \u00een t\u0103ierea pietrei \u0219i a marmurei<\/h2>\n\n<p>OberA se angajeaz\u0103 s\u0103 ofere solu\u021bii de <strong>\u00eendep\u0103rtare a prafului adaptate nevoilor atelierelor de zid\u0103rie de piatr\u0103 \u0219i marmur\u0103<\/strong>. Pe l\u00e2ng\u0103 faptul c\u0103 ofer\u0103 o gam\u0103 de echipamente dedicate pietrarilor, OberA sprijin\u0103 WorldSkills din 2020 \u0219i se angajeaz\u0103 s\u0103 sensibilizeze artizanii cu privire la riscurile implicate \u00een aceast\u0103 meserie. <em>&#8222;Am \u00eenceput recent un parteneriat cu Guillaume Cahen <\/em>, <a href=\"https:\/\/obera.fr\/ro\/sfatul-nostru\/efficacite-depoussieur-purificateur-obera-temoignage-compagnons-devoir-baillargues\/\"><em>un pietrar format de Compagnons du Devoir<\/em><\/a>  <em>. El \u00eemp\u0103rt\u0103\u0219e\u0219te viziunea noastr\u0103 de a transmite acest know-how, educ\u00e2nd \u0219i, mai presus de toate, protej\u00e2nd tinerii artizani.  <\/em>&#8222;, spune Sacha Wehrli, director de v\u00e2nz\u0103ri \u0219i <strong>lider al proiectului Taille de Pierre la OberA<\/strong>.  <\/p>\n\n<p>Pentru a garanta un mediu de lucru sigur care respect\u0103 reglement\u0103rile \u00een vigoare, OberA v\u0103 poate<strong>ajuta s\u0103 alege\u021bi cel mai bun sistem de \u00eendep\u0103rtare a prafului<\/strong>.<\/p>\n","protected":false},"excerpt":{"rendered":"<p>\u00cen atelierele de prelucrare a pietrei \u0219i marmurei, producerea de praf fin este inevitabil\u0103. Aceste particule pot afecta s\u0103n\u0103tatea lucr\u0103torilor \u0219i durabilitatea echipamentelor.<\/p>\n","protected":false},"author":13,"featured_media":114324,"comment_status":"open","ping_status":"closed","sticky":false,"template":"","format":"standard","meta":{"_acf_changed":false,"_seopress_robots_primary_cat":"none","_seopress_titles_title":"Cum aleg un colector de praf pentru t\u0103ierea pietrei?","_seopress_titles_desc":"Selecta\u021bi un colector de praf eficient pentru t\u0103ierea pietrei: compatibilitate cu cabinele, filtrare a particulelor fine \u0219i \u00eentre\u021binere simplificat\u0103. Sfaturile noastre \u0219i produsele adecvate.","_seopress_robots_index":"","footnotes":""},"categories":[658],"tags":[495],"class_list":["post-103751","post","type-post","status-publish","format-standard","has-post-thumbnail","hentry","category-taierea-pietrei","tag-colectori-de-praf","generate-columns","tablet-grid-50","mobile-grid-100","grid-parent","grid-50","no-featured-image-padding","resize-featured-image"],"acf":[],"_links":{"self":[{"href":"https:\/\/obera.fr\/ro\/wp-json\/wp\/v2\/posts\/103751","targetHints":{"allow":["GET"]}}],"collection":[{"href":"https:\/\/obera.fr\/ro\/wp-json\/wp\/v2\/posts"}],"about":[{"href":"https:\/\/obera.fr\/ro\/wp-json\/wp\/v2\/types\/post"}],"author":[{"embeddable":true,"href":"https:\/\/obera.fr\/ro\/wp-json\/wp\/v2\/users\/13"}],"replies":[{"embeddable":true,"href":"https:\/\/obera.fr\/ro\/wp-json\/wp\/v2\/comments?post=103751"}],"version-history":[{"count":6,"href":"https:\/\/obera.fr\/ro\/wp-json\/wp\/v2\/posts\/103751\/revisions"}],"predecessor-version":[{"id":123173,"href":"https:\/\/obera.fr\/ro\/wp-json\/wp\/v2\/posts\/103751\/revisions\/123173"}],"wp:featuredmedia":[{"embeddable":true,"href":"https:\/\/obera.fr\/ro\/wp-json\/wp\/v2\/media\/114324"}],"wp:attachment":[{"href":"https:\/\/obera.fr\/ro\/wp-json\/wp\/v2\/media?parent=103751"}],"wp:term":[{"taxonomy":"category","embeddable":true,"href":"https:\/\/obera.fr\/ro\/wp-json\/wp\/v2\/categories?post=103751"},{"taxonomy":"post_tag","embeddable":true,"href":"https:\/\/obera.fr\/ro\/wp-json\/wp\/v2\/tags?post=103751"}],"curies":[{"name":"wp","href":"https:\/\/api.w.org\/{rel}","templated":true}]}}