{"id":103861,"date":"2025-05-24T10:05:32","date_gmt":"2025-05-24T08:05:32","guid":{"rendered":"https:\/\/obera.fr\/nase-rada\/depoussiereur-papier-carton\/"},"modified":"2025-07-16T11:43:45","modified_gmt":"2025-07-16T09:43:45","slug":"depoussiereur-papier-carton","status":"publish","type":"post","link":"https:\/\/obera.fr\/ro\/hartie-carton\/depoussiereur-papier-carton\/","title":{"rendered":"Colector de praf pentru industria h\u00e2rtiei \u0219i cartonului"},"content":{"rendered":"\n<p>\u00cen industria h\u00e2rtiei \u0219i a cartonului, <strong>particulele generate \u00een timpul proceselor de fabrica\u021bie<\/strong> pot afecta s\u0103n\u0103tatea operatorilor, calitatea produselor \u0219i durata de via\u021b\u0103 a echipamentelor. Pentru a reduce aceste riscuri, exist\u0103 o solu\u021bie: instalarea de<a href=\"https:\/\/obera.fr\/ro\/produits\/depoussiereurs-industriels\/\"> colectoare de praf industriale<\/a> adaptate la suprafa\u021ba atelierului, la poluan\u021bii genera\u021bi \u0219i la opera\u021biunile de produc\u021bie. OberA v\u0103 ghideaz\u0103 prin cele mai eficiente <strong>sisteme de colectare \u0219i tratare a aerului<\/strong>. <\/p>\n\n<h2 class=\"wp-block-heading\">Industria h\u00e2rtiei \u0219i cartonului: de ce s\u0103 instala\u021bi un colector de praf industrial?<\/h2>\n\n<h3 class=\"wp-block-heading\">Particule nocive generate \u00een industria h\u00e2rtiei \u0219i cartonului<\/h3>\n\n<p>Opera\u021biunile de transformare a h\u00e2rtiei \u0219i cartonului produc o cantitate semnificativ\u0103 de<strong> praf fin \u0219i fibre<\/strong>. Numero\u0219i poluan\u021bi \u0219i praf de celuloz\u0103 sunt emi\u0219i \u00een timpul etapelor de preg\u0103tire a materiei prime \u0219i de rafinare a celulozei, precum \u0219i \u00een timpul opera\u021biunilor de produc\u021bie (imprimare, t\u0103iere, tundere, m\u0103run\u021bire, c\u0103ptu\u0219ire, l\u0103cuire etc.).   <\/p>\n\n<p>Aceste particule, adesea invizibile cu ochiul liber,<strong> se disperseaz\u0103 \u00een aer \u0219i se acumuleaz\u0103 pe suprafe\u021be<\/strong>, cre\u00e2nd riscuri pentru s\u0103n\u0103tate \u0219i siguran\u021b\u0103.  <\/p>\n\n<h3 class=\"wp-block-heading\">Riscuri pentru s\u0103n\u0103tatea lucr\u0103torilor \u0219i siguran\u021ba ma\u0219inilor<\/h3>\n\n<div class=\"wp-block-columns is-layout-flex wp-container-core-columns-is-layout-28f84493 wp-block-columns-is-layout-flex\">\n<div class=\"wp-block-column is-layout-flow wp-block-column-is-layout-flow\" style=\"flex-basis:66.66%\">\n<p>Procesele de fabrica\u021bie din industria h\u00e2rtiei \u0219i cartonului genereaz\u0103 diver\u0219i poluan\u021bi care pot afecta mediul,<strong> s\u0103n\u0103tatea lucr\u0103torilor \u0219i calitatea produselor<\/strong>. Ace\u0219ti poluan\u021bi sunt distribui\u021bi \u00een principal dup\u0103 cum urmeaz\u0103: <\/p>\n\n\n\n<ul class=\"wp-block-list\">\n<li><strong> Praful \u0219i particulele fine<\/strong> pot cauza probleme respiratorii lucr\u0103torilor (astm, irita\u021bii). De asemenea, acestea reprezint\u0103 riscuri de explozie \u0219i de incendiu. <strong> <\/strong><\/li>\n\n\n\n<li><strong> Emisiile gazoase \u00een timpul etapei de transformare a celulozei<\/strong>, care genereaz\u0103 COV (compu\u0219i organici volatili) \u0219i formaldehid\u0103. Ace\u0219ti compu\u0219i au efecte toxice asupra s\u0103n\u0103t\u0103\u021bii, dar contribuie \u0219i la poluarea aerului (efectul de ser\u0103). <\/li>\n<\/ul>\n\n\n\n<p>Inhalarea acestora poate cauza probleme respiratorii angaja\u021bilor. Mai mult,<strong>acumularea acestor particule<\/strong> \u00een utilaje poate cauza defec\u021biuni, poate cre\u0219te uzura \u0219i poate duce chiar la incendii din cauza inflamabilit\u0103\u021bii lor. <\/p>\n\n\n\n<p>\u00cen plus fa\u021b\u0103 de ace\u0219ti poluan\u021bi, care afecteaz\u0103 \u00een mod direct s\u0103n\u0103tatea operatorilor,<strong>industria h\u00e2rtiei \u0219i cartonului <\/strong>trebuie s\u0103 se ocupe \u0219i de gestionarea de\u0219eurilor de produc\u021bie \u0219i a apelor reziduale industriale.  <\/p>\n\n\n\n<p><\/p>\n<\/div>\n\n\n\n<div class=\"wp-block-column is-layout-flow wp-block-column-is-layout-flow\" style=\"flex-basis:33.33%\">\n<figure class=\"wp-block-image aligncenter size-large is-resized\"><img decoding=\"async\" width=\"1024\" height=\"1024\" src=\"https:\/\/obera.fr\/wp-content\/uploads\/2025\/05\/sante-des-travailleurs-1024x1024.png\" alt=\"s&#x103;n&#x103;tatea angaja&#x21B;ilor\" class=\"wp-image-121015\" style=\"width:321px;height:auto\" srcset=\"https:\/\/obera.fr\/wp-content\/uploads\/2025\/05\/sante-des-travailleurs-1024x1024.png 1024w, https:\/\/obera.fr\/wp-content\/uploads\/2025\/05\/sante-des-travailleurs-300x300.png 300w, https:\/\/obera.fr\/wp-content\/uploads\/2025\/05\/sante-des-travailleurs-150x150.png 150w, https:\/\/obera.fr\/wp-content\/uploads\/2025\/05\/sante-des-travailleurs-768x768.png 768w, https:\/\/obera.fr\/wp-content\/uploads\/2025\/05\/sante-des-travailleurs.png 1200w\" sizes=\"(max-width: 1024px) 100vw, 1024px\" \/><\/figure>\n<\/div>\n<\/div>\n\n<h3 class=\"wp-block-heading\">Impactul particulelor asupra calit\u0103\u021bii produc\u021biei \u0219i a mediului de lucru<\/h3>\n\n<p><strong> Praful din zonele de produc\u021bie<\/strong> poate contamina produsele finite, afect\u00e2nd calitatea acestora. De asemenea, un mediu de lucru plin de praf reduce vizibilitatea, cre\u0219te riscul de accidente \u0219i necesit\u0103 o cur\u0103\u021bare mai frecvent\u0103. <\/p>\n\n<h3 class=\"wp-block-heading\">Avantajele unui colector de praf industrial<\/h3>\n\n<p><strong>Instalarea unui colector de praf industrial <\/strong>ofer\u0103 o serie de beneficii:<\/p>\n\n<ul class=\"wp-block-list\">\n<li>Controlul \u0219i reducerea particulelor fine \u0219i a prafului \u00een zonele de produc\u021bie, \u00eembun\u0103t\u0103\u021birea calit\u0103\u021bii aerului \u0219i a cur\u0103\u021beniei \u00een fabric\u0103;<\/li>\n\n\n\n<li>\u00cembun\u0103t\u0103\u021birea condi\u021biilor de siguran\u021b\u0103 \u0219i reducerea riscurilor de incendiu prin eliminarea acumul\u0103rilor de praf inflamabil (de exemplu, praf de celuloz\u0103);<\/li>\n\n\n\n<li>Optimizarea duratei de via\u021b\u0103 a echipamentelor, cum ar fi <strong>toc\u0103toarele \u0219i<\/strong> ma\u0219inile de <strong>umplutur\u0103<\/strong>, prin prevenirea \u00eenfund\u0103rii \u0219i a uzurii premature.<\/li>\n<\/ul>\n\n<p>Aceste echipamente capteaz\u0103 particulele la surs\u0103, \u00een special \u00een timpul <strong>opera\u021biunilor de t\u0103iere sau rectificare<\/strong>. Acestea pot fi echipate cu un sistem avansat de filtrare (HEPA, filtre cu sac) pentru a minimiza dispersia prafului nociv \u00een aer. <\/p>\n\n<h2 class=\"wp-block-heading\">Func\u021bionarea colectoarelor de praf pentru h\u00e2rtie \u0219i carton<\/h2>\n\n<div class=\"wp-block-columns is-layout-flex wp-container-core-columns-is-layout-28f84493 wp-block-columns-is-layout-flex\">\n<div class=\"wp-block-column is-layout-flow wp-block-column-is-layout-flow\" style=\"flex-basis:66.66%\">\n<p>Colectorul de praf este conectat la ma\u0219ini care genereaz\u0103 praf, cum ar fi :<\/p>\n\n\n\n<ul class=\"wp-block-list\">\n<li><strong>Distrug\u0103toare HSM <\/strong>pentru m\u0103run\u021birea h\u00e2rtiei ;<\/li>\n\n\n\n<li>Ma\u0219inile de capitonare Profipack transform\u0103 cartonul \u00een materiale de capitonare;<\/li>\n\n\n\n<li><strong> Linii de t\u0103iere \u0219i \u0219lefuire \u00een care<\/strong> sunt emise<strong> cantit\u0103\u021bi mari de fibre<\/strong> \u0219i particule.<\/li>\n<\/ul>\n\n\n\n<p>Colectorul de praf aspir\u0103 imediat <strong>particulele din aer<\/strong> pentru a preveni dispersarea lor \u00een atelierul de ma\u0219ini. Particulele captate sunt dirijate prin unitatea de filtrare, exist\u00e2nd dou\u0103 scenarii \u00een func\u021bie de sistemul de colectare a prafului ales: cu sistemele centralizate, mai multe ma\u0219ini sunt conectate la o unitate central\u0103 printr-o re\u021bea de conducte, permi\u021b\u00e2nd <strong>acoperirea \u00eentregii fabrici<\/strong>. \u00cen cazul modelelor mobile, operatorul poate deplasa cu u\u0219urin\u021b\u0103 colectorul de praf pentru a aspira utilajele la surs\u0103.  <\/p>\n\n\n\n<p>\u00cen ambele cazuri, un ventilator puternic asigur\u0103 <strong>transportul continuu al prafului<\/strong>, iar particulele sunt separate. Particulele mai mari cad \u00eentr-un bunc\u0103r, \u00een timp ce particulele mai fine sunt oprite de un sistem de filtrare sofisticat care poate fi configurat \u00een func\u021bie de nevoile dumneavoastr\u0103: <\/p>\n\n\n\n<ul class=\"wp-block-list\">\n<li><strong>Filtre cu cartu\u0219<\/strong>: ofer\u0103 o suprafa\u021b\u0103 mare de filtrare \u00eentr-un spa\u021biu compact, potrivite pentru praf fin;<\/li>\n\n\n\n<li><strong>Filtre cu saci<\/strong>: robuste \u0219i eficiente pentru volume mari de praf ;<\/li>\n\n\n\n<li><a href=\"https:\/\/obera.fr\/ro\/sfatul-nostru\/filtre-hepa-et-purificateur-d-air\/\">Filtre HEPA<\/a><strong> <\/strong>: capabile s\u0103 capteze particule ultrafine, garant\u00e2nd o calitate optim\u0103 a aerului.<\/li>\n<\/ul>\n\n\n\n<p>Aerul curat este apoi expulzat direct \u00een atelier sau \u00een exterior, \u00een func\u021bie de instala\u021bia aleas\u0103.<\/p>\n<\/div>\n\n\n\n<div class=\"wp-block-column is-layout-flow wp-block-column-is-layout-flow\" style=\"flex-basis:33.33%\">\n<figure class=\"wp-block-image size-large\"><img decoding=\"async\" width=\"1024\" height=\"1024\" src=\"https:\/\/obera.fr\/wp-content\/uploads\/2025\/05\/filtre-particules-1024x1024.png\" alt=\"filtru de particule\" class=\"wp-image-121038\" srcset=\"https:\/\/obera.fr\/wp-content\/uploads\/2025\/05\/filtre-particules-1024x1024.png 1024w, https:\/\/obera.fr\/wp-content\/uploads\/2025\/05\/filtre-particules-300x300.png 300w, https:\/\/obera.fr\/wp-content\/uploads\/2025\/05\/filtre-particules-150x150.png 150w, https:\/\/obera.fr\/wp-content\/uploads\/2025\/05\/filtre-particules-768x768.png 768w, https:\/\/obera.fr\/wp-content\/uploads\/2025\/05\/filtre-particules.png 1200w\" sizes=\"(max-width: 1024px) 100vw, 1024px\" \/><\/figure>\n<\/div>\n<\/div>\n\n<h2 class=\"wp-block-heading\">Cum aleg colectorul de praf industrial potrivit?<\/h2>\n\n<p>Pentru a v\u0103 asigura c\u0103 face\u021bi alegerea corect\u0103, trebuie s\u0103 lua\u021bi \u00een considerare o serie de factori:<\/p>\n\n<ul class=\"wp-block-list\">\n<li>Natura poluan\u021bilor care urmeaz\u0103 s\u0103 fie trata\u021bi ;<\/li>\n\n\n\n<li>Capacitatea de tratare a colectorului de praf ;<\/li>\n\n\n\n<li>Compatibilitatea sa cu echipamentul dumneavoastr\u0103 de produc\u021bie.<\/li>\n<\/ul>\n\n<h3 class=\"wp-block-heading\">Caracteristicile poluan\u021bilor care urmeaz\u0103 s\u0103 fie trata\u021bi<\/h3>\n\n<p>Dimensiune, densitate, inflamabilitate, sub form\u0103 de praf, gaz sau produse chimice&#8230; Exist\u0103 un <strong>colector de praf industrial <\/strong>pentru fiecare aplica\u021bie. Pentru siguran\u021ba operatorilor \u0219i a echipamentelor dumneavoastr\u0103, precum \u0219i pentru respectarea standardelor de mediu, este esen\u021bial s\u0103 efectua\u021bi o analiz\u0103 aprofundat\u0103 a mediului dumneavoastr\u0103. \u00cen acest scop, tehnicienii no\u0219tri vor studia nevoile specifice ale instala\u021biei dumneavoastr\u0103.    <\/p>\n\n<h3 class=\"wp-block-heading\">Capacitatea de tratare bazat\u0103 pe volumele de de\u0219euri \u0219i praf generate<\/h3>\n\n<p>Este esen\u021bial s\u0103 evalua\u021bi cu exactitate <strong>cantitatea de praf produs\u0103 de utilajele dvs.<\/strong> pentru a dimensiona corect colectorul de praf. De exemplu, un sistem centralizat este recomandat dac\u0103 se produce mult praf. Pentru cerin\u021be mai ocazionale, un colector de praf mobil care ofer\u0103 performan\u021be excelente de captare a surselor va fi suficient. Este important s\u0103 ob\u021bine\u021bi consiliere, deoarece o<strong> unitate subdimensionat\u0103<\/strong> va fi ineficient\u0103, \u00een timp ce o unitate supradimensionat\u0103 va genera costuri inutile.   <\/p>\n\n<h3 class=\"wp-block-heading\">Integrare u\u0219oar\u0103 \u00een liniile dvs. de produc\u021bie<\/h3>\n\n<p><strong>Colectorul de praf <\/strong>ales trebuie s\u0103 se integreze armonios cu utilajele existente, cum ar fi toc\u0103toarele HSM sau ma\u0219inile de umplutur\u0103 Profipack. Compatibilitatea optim\u0103 asigur\u0103 o eficien\u021b\u0103 sporit\u0103 \u0219i o \u00eentre\u021binere simplificat\u0103. <\/p>\n\n<p><em>Sfatul OberA: pentru eficien\u021b\u0103 maxim\u0103, lua\u021bi \u00een considerare solu\u021biile de despr\u0103fuire integrate direct \u00een liniile de produc\u021bie \u0219i ambalare. <\/em><strong><em>linii de produc\u021bie \u0219i ambalare<\/em><\/strong><em>. Acest lucru permite captarea particulelor imediat la surs\u0103, reduc\u00e2nd dispersia lor \u00een mediul de lucru.<\/em><\/p>\n\n<h2 class=\"wp-block-heading\">Compara\u021bie \u00eentre sistemele centralizate \u0219i cele mobile pentru industria h\u00e2rtiei, ambalajelor \u0219i recicl\u0103rii<\/h2>\n\n<p>OberA ofer\u0103 <strong>mai multe game de colectoare de praf<\/strong> concepute pentru a satisface nevoile industriei h\u00e2rtiei \u0219i cartonului. Exist\u0103 dou\u0103 categorii principale: <\/p>\n\n<figure class=\"wp-block-table\"><table class=\"has-fixed-layout\"><tbody><tr><td><strong>Sistem de \u00eendep\u0103rtare a prafului<\/strong><\/td><td><strong>Industrie<\/strong><\/td><td><strong>Beneficii<\/strong><\/td><td><strong>Gama OberA<\/strong><\/td><\/tr><tr><td><strong>Colector de praf centralizat<\/strong><\/td><td>Instala\u021bii mari cu mai multe puncte de extrac\u021bie<\/td><td>Eficien\u021b\u0103 pe suprafe\u021be mari, \u00eentre\u021binere simplificat\u0103, gestionare centralizat\u0103 a de\u0219eurilor<\/td><td>DUSTMAC<\/td><\/tr><tr><td><strong>Colector de praf mobil<\/strong><\/td><td>Instala\u021bii mici sau cerin\u021be punctuale<\/td><td>Flexibilitate, mobilitate, solu\u021bii rapide pentru opera\u021biuni specifice<\/td><td>DUSTOMAT,<strong> <\/strong>ePURBOX,<strong> <\/strong>ePUR EX, Jumbo<\/td><\/tr><\/tbody><\/table><\/figure>\n\n<p><em>Sfatul expertului: industria h\u00e2rtiei \u0219i a cartonului prezint\u0103 adesea riscuri de explozie din cauza<\/em><strong><em> riscuri de explozie din cauza prafului de celuloz\u0103.<\/em><\/strong><em>asigura\u021bi-v\u0103 c\u0103 alege\u021bi un model care <\/em><a href=\"https:\/\/obera.fr\/ro\/sfatul-nostru\/quand-suis-je-soumis-reglementation-atex\/\"><em>Model conform ATEX<\/em><\/a><em>. C\u00e2teva dintre modelele noastre sunt disponibile \u00een versiuni ATEX, a\u0219a c\u0103 nu ezita\u021bi s\u0103 ne cere\u021bi sfatul.<\/em><\/p>\n","protected":false},"excerpt":{"rendered":"<p>\u00cen industria h\u00e2rtiei \u0219i a cartonului, particulele generate \u00een timpul proceselor de fabrica\u021bie pot afecta s\u0103n\u0103tatea operatorilor, calitatea produselor \u0219i durata de via\u021b\u0103 a echipamentelor.<\/p>\n","protected":false},"author":13,"featured_media":114301,"comment_status":"open","ping_status":"closed","sticky":false,"template":"","format":"standard","meta":{"_acf_changed":false,"_seopress_robots_primary_cat":"none","_seopress_titles_title":"Colector de praf pentru industria h\u00e2rtiei \u0219i cartonului","_seopress_titles_desc":"Cum aleg cel mai bun colector de praf industrial pentru industria h\u00e2rtiei \u0219i cartonului? Consultan\u021b\u0103 privind aspira\u021bia, siguran\u021ba, compatibilitatea \u0219i optimizarea produc\u021biei.","_seopress_robots_index":"","footnotes":""},"categories":[786],"tags":[495],"class_list":["post-103861","post","type-post","status-publish","format-standard","has-post-thumbnail","hentry","category-hartie-carton","tag-colectori-de-praf","generate-columns","tablet-grid-50","mobile-grid-100","grid-parent","grid-50","no-featured-image-padding","resize-featured-image"],"acf":[],"_links":{"self":[{"href":"https:\/\/obera.fr\/ro\/wp-json\/wp\/v2\/posts\/103861","targetHints":{"allow":["GET"]}}],"collection":[{"href":"https:\/\/obera.fr\/ro\/wp-json\/wp\/v2\/posts"}],"about":[{"href":"https:\/\/obera.fr\/ro\/wp-json\/wp\/v2\/types\/post"}],"author":[{"embeddable":true,"href":"https:\/\/obera.fr\/ro\/wp-json\/wp\/v2\/users\/13"}],"replies":[{"embeddable":true,"href":"https:\/\/obera.fr\/ro\/wp-json\/wp\/v2\/comments?post=103861"}],"version-history":[{"count":5,"href":"https:\/\/obera.fr\/ro\/wp-json\/wp\/v2\/posts\/103861\/revisions"}],"predecessor-version":[{"id":123581,"href":"https:\/\/obera.fr\/ro\/wp-json\/wp\/v2\/posts\/103861\/revisions\/123581"}],"wp:featuredmedia":[{"embeddable":true,"href":"https:\/\/obera.fr\/ro\/wp-json\/wp\/v2\/media\/114301"}],"wp:attachment":[{"href":"https:\/\/obera.fr\/ro\/wp-json\/wp\/v2\/media?parent=103861"}],"wp:term":[{"taxonomy":"category","embeddable":true,"href":"https:\/\/obera.fr\/ro\/wp-json\/wp\/v2\/categories?post=103861"},{"taxonomy":"post_tag","embeddable":true,"href":"https:\/\/obera.fr\/ro\/wp-json\/wp\/v2\/tags?post=103861"}],"curies":[{"name":"wp","href":"https:\/\/api.w.org\/{rel}","templated":true}]}}