{"id":103906,"date":"2025-05-25T10:14:09","date_gmt":"2025-05-25T08:14:09","guid":{"rendered":"https:\/\/obera.fr\/nase-rada\/depoussiereur-plastique\/"},"modified":"2025-07-16T11:30:13","modified_gmt":"2025-07-16T09:30:13","slug":"depoussiereur-plastique","status":"publish","type":"post","link":"https:\/\/obera.fr\/ro\/materiale-plastice-prelucrarea-materialelor-plastice-materiale-compozite\/depoussiereur-plastique\/","title":{"rendered":"Colector de praf pentru industria maselor plastice"},"content":{"rendered":"\n<p>Prelucrarea materialelor plastice, industria cauciucului&#8230; Fabricarea produselor din plastic expune <strong>operatorii la substan\u021be chimice<\/strong> \u0219i prafuri nocive. Pentru a limita aceste riscuri, solu\u021biile de tratare a aerului sunt esen\u021biale, \u00een special utilizarea <a href=\"https:\/\/obera.fr\/ro\/produits\/depoussiereurs-industriels\/\">colectoarelor industriale de praf<\/a>. Concentra\u021bi-v\u0103 pe OberA, un specialist \u00een tratarea aerului. <\/p>\n\n<h2 class=\"wp-block-heading\">De ce s\u0103 utiliza\u021bi un colector de praf \u00een industria maselor plastice?<\/h2>\n\n<div class=\"wp-block-columns is-layout-flex wp-container-core-columns-is-layout-28f84493 wp-block-columns-is-layout-flex\">\n<div class=\"wp-block-column is-layout-flow wp-block-column-is-layout-flow\" style=\"flex-basis:33.33%\">\n<figure class=\"wp-block-image aligncenter size-large is-resized\"><img decoding=\"async\" width=\"1024\" height=\"1024\" src=\"https:\/\/obera.fr\/wp-content\/uploads\/2025\/05\/polluants-nocifs-1024x1024.png\" alt=\"poluan&#x21B;i nocivi\" class=\"wp-image-121106\" style=\"width:208px;height:auto\" srcset=\"https:\/\/obera.fr\/wp-content\/uploads\/2025\/05\/polluants-nocifs-1024x1024.png 1024w, https:\/\/obera.fr\/wp-content\/uploads\/2025\/05\/polluants-nocifs-300x300.png 300w, https:\/\/obera.fr\/wp-content\/uploads\/2025\/05\/polluants-nocifs-150x150.png 150w, https:\/\/obera.fr\/wp-content\/uploads\/2025\/05\/polluants-nocifs-768x768.png 768w, https:\/\/obera.fr\/wp-content\/uploads\/2025\/05\/polluants-nocifs.png 1200w\" sizes=\"(max-width: 1024px) 100vw, 1024px\" \/><\/figure>\n<\/div>\n\n\n\n<div class=\"wp-block-column is-layout-flow wp-block-column-is-layout-flow\" style=\"flex-basis:66.66%\">\n<h3 class=\"wp-block-heading\">Efectele nocive ale poluan\u021bilor \u00een fabricarea produselor din plastic<\/h3>\n\n\n\n<p>\u00cen timpul proceselor de <strong>transformare a materialelor plastice<\/strong>, diverse opera\u021biuni genereaz\u0103 emisii de praf, particule ultrafine, gaze, fumuri \u0219i <a href=\"https:\/\/obera.fr\/ro\/sfatul-nostru\/emissions-cov-different-secteur\/\">compu\u0219i chimici volatili (COV<\/a>) \u00een fiecare etap\u0103 a produc\u021biei: m\u0103cinare, \u0219lefuire, extrudare, t\u0103ierea granulelor, procese termice, tratamente ale materialelor plastice etc. Ace\u0219ti poluan\u021bi pot <strong>cauza probleme respiratorii<\/strong> operatorilor \u0219i, pe termen lung, pot duce la boli profesionale grave.<\/p>\n<\/div>\n<\/div>\n\n<div class=\"wp-block-columns is-layout-flex wp-container-core-columns-is-layout-28f84493 wp-block-columns-is-layout-flex\">\n<div class=\"wp-block-column is-layout-flow wp-block-column-is-layout-flow\" style=\"flex-basis:33.33%\">\n<figure class=\"wp-block-image aligncenter size-large is-resized\"><img decoding=\"async\" width=\"1024\" height=\"1024\" src=\"https:\/\/obera.fr\/wp-content\/uploads\/2025\/05\/sante-et-securite-au-travail-1024x1024.png\" alt=\"s&#x103;n&#x103;tatea &#x219;i securitatea la locul de munc&#x103;\" class=\"wp-image-121130\" style=\"width:247px;height:auto\" srcset=\"https:\/\/obera.fr\/wp-content\/uploads\/2025\/05\/sante-et-securite-au-travail-1024x1024.png 1024w, https:\/\/obera.fr\/wp-content\/uploads\/2025\/05\/sante-et-securite-au-travail-300x300.png 300w, https:\/\/obera.fr\/wp-content\/uploads\/2025\/05\/sante-et-securite-au-travail-150x150.png 150w, https:\/\/obera.fr\/wp-content\/uploads\/2025\/05\/sante-et-securite-au-travail-768x768.png 768w, https:\/\/obera.fr\/wp-content\/uploads\/2025\/05\/sante-et-securite-au-travail.png 1200w\" sizes=\"(max-width: 1024px) 100vw, 1024px\" \/><\/figure>\n<\/div>\n\n\n\n<div class=\"wp-block-column is-layout-flow wp-block-column-is-layout-flow\" style=\"flex-basis:66.66%\">\n<h3 class=\"wp-block-heading\">Riscuri asociate cu praful de plastic: s\u0103n\u0103tate, siguran\u021b\u0103 \u0219i impact asupra echipamentelor<\/h3>\n\n\n\n<p>Pe l\u00e2ng\u0103 faptul c\u0103 au un impact asupra s\u0103n\u0103t\u0103\u021bii operatorilor, pulberile de plastic prezint\u0103 pericole de siguran\u021b\u0103 \u00een ateliere. <strong>Acumularea excesiv\u0103 a acestor particule<\/strong> poate cre\u0219te riscul de incendiu sau de explozie, mai ales dac\u0103 praful este inflamabil. \u00cen plus, depunerile de praf pe echipamente pot duce la defec\u021biuni, reduc eficien\u021ba \u0219i cresc costurile de \u00eentre\u021binere. Prin urmare, calitatea aerului este esen\u021bial\u0103 pentru <strong>asigurarea siguran\u021bei echipelor<\/strong> \u0219i a duratei de via\u021b\u0103 a utilajelor.   <\/p>\n<\/div>\n<\/div>\n\n<div class=\"wp-block-columns is-layout-flex wp-container-core-columns-is-layout-28f84493 wp-block-columns-is-layout-flex\">\n<div class=\"wp-block-column is-layout-flow wp-block-column-is-layout-flow\" style=\"flex-basis:33.33%\">\n<figure class=\"wp-block-image aligncenter size-large is-resized\"><img decoding=\"async\" width=\"1024\" height=\"1024\" src=\"https:\/\/obera.fr\/wp-content\/uploads\/2025\/05\/impact-environnemental-1024x1024.png\" alt=\"impactul asupra mediului\" class=\"wp-image-121153\" style=\"width:167px;height:auto\" srcset=\"https:\/\/obera.fr\/wp-content\/uploads\/2025\/05\/impact-environnemental-1024x1024.png 1024w, https:\/\/obera.fr\/wp-content\/uploads\/2025\/05\/impact-environnemental-300x300.png 300w, https:\/\/obera.fr\/wp-content\/uploads\/2025\/05\/impact-environnemental-150x150.png 150w, https:\/\/obera.fr\/wp-content\/uploads\/2025\/05\/impact-environnemental-768x768.png 768w, https:\/\/obera.fr\/wp-content\/uploads\/2025\/05\/impact-environnemental.png 1200w\" sizes=\"(max-width: 1024px) 100vw, 1024px\" \/><\/figure>\n<\/div>\n\n\n\n<div class=\"wp-block-column is-layout-flow wp-block-column-is-layout-flow\" style=\"flex-basis:66.66%\">\n<h3 class=\"wp-block-heading\">Probleme de mediu \u0219i conformitatea cu standardele industriale<\/h3>\n\n\n\n<p>Industria maselor plastice este supus\u0103<strong> unor reglement\u0103ri stricte privind emisiile poluante<\/strong>. \u00centreprinderile trebuie s\u0103 respecte standardele de mediu pentru a-\u0219i limita impactul ecologic. Utilizarea colectoarelor de praf de \u00eenalt\u0103 performan\u021b\u0103 capteaz\u0103 \u0219i filtreaz\u0103 particulele \u00eenainte ca acestea s\u0103 fie eliberate \u00een atmosfer\u0103, contribuind la<strong> reducerea impactului asupra mediului.<\/strong>   <\/p>\n<\/div>\n<\/div>\n\n<p><\/p>\n\n<h3 class=\"wp-block-heading\">Avantajele colectorilor de praf \u00een industria maselor plastice<\/h3>\n\n<ul class=\"wp-block-list\">\n<li><strong>Gestionarea eficient\u0103 a particulelor \u0219i a prafului fin<\/strong>, asigur\u00e2nd un aer mai curat \u00een zonele de produc\u021bie;<\/li>\n\n\n\n<li>Condi\u021bii de lucru mai s\u0103n\u0103toase pentru operatori, sporindu-le confortul \u0219i productivitatea;<\/li>\n\n\n\n<li><strong>Mai pu\u021bine zile libere din<\/strong> cauza bolilor profesionale;<\/li>\n\n\n\n<li>Cre\u0219terea duratei de via\u021b\u0103 a echipamentelor \u0219i \u00eembun\u0103t\u0103\u021birea calit\u0103\u021bii produselor fabricate prin eliminarea acumul\u0103rilor d\u0103un\u0103toare;<\/li>\n\n\n\n<li>Reducerea costurilor de \u00eentre\u021binere \u0219i a timpilor mor\u021bi.  <\/li>\n<\/ul>\n\n<h2 class=\"wp-block-heading\">Colectori industriali de praf: sisteme \u0219i op\u021biuni pentru utilizarea \u00een industria maselor plastice<\/h2>\n\n<h3 class=\"wp-block-heading\">Diferitele tehnologii de filtrare  <\/h3>\n\n<p>Mai multe tehnologii de filtrare sunt potrivite pentru industria maselor plastice:<\/p>\n\n<ul class=\"wp-block-list\">\n<li><strong>Filtrele cu cartu\u0219<\/strong> sunt foarte eficiente la filtrarea aerului \u00eenc\u0103rcat cu praf fin;<\/li>\n\n\n\n<li><strong> Sistemele mobile<\/strong>, cum ar fi colectoarele de praf compacte, sunt ideale pentru sta\u021biile de lucru individuale sau pentru zonele care necesit\u0103 o mai mare flexibilitate;  <\/li>\n\n\n\n<li><strong>Unit\u0103\u021bile centrale de extrac\u021bie<\/strong> asigur\u0103 o extrac\u021bie continu\u0103 pentru echipamentele de produc\u021bie, garant\u00e2nd filtrarea optim\u0103 a aerului \u00een \u00eentregul atelier.<\/li>\n<\/ul>\n\n<h3 class=\"wp-block-heading\">Solu\u021bii de cur\u0103\u021bare  <\/h3>\n\n<p>Pentru a men\u021bine eficien\u021ba filtrelor,<strong> sistemele de cur\u0103\u021bare<\/strong> sunt integrate \u00een colectoarele de praf. Cur\u0103\u021barea automat\u0103 cu ajutorul unui jet de aer comprimat cur\u0103\u021b\u0103 filtrele f\u0103r\u0103 a \u00eentrerupe procesul, maximiz\u00e2nd durata lor de via\u021b\u0103 \u0219i reduc\u00e2nd cerin\u021bele de \u00eentre\u021binere. Aceast\u0103 caracteristic\u0103 asigur\u0103 o performan\u021b\u0103 constant\u0103 a <strong>sistemului de colectare a prafului<\/strong>, chiar \u0219i \u00een condi\u021bii de utilizare intens\u0103. Trebuie remarcat faptul c\u0103 toate echipamentele OberA sunt echipate cu un sistem de cur\u0103\u021bare, automat sau manual, \u00een func\u021bie de colectorul de praf.   <\/p>\n\n<h3 class=\"wp-block-heading\">Colectori de praf care utilizeaz\u0103 for\u021ba centrifug\u0103<\/h3>\n\n<div class=\"wp-block-columns is-layout-flex wp-container-core-columns-is-layout-28f84493 wp-block-columns-is-layout-flex\">\n<div class=\"wp-block-column is-layout-flow wp-block-column-is-layout-flow\" style=\"flex-basis:66.66%\">\n<p><strong>Colectoarele de praf cu ciclon<\/strong> utilizeaz\u0103 for\u021ba centrifug\u0103 pentru a separa particulele solide din aer. Aerul \u00eenc\u0103rcat cu praf este aspirat \u00eentr-o camer\u0103 cilindric\u0103 unde este pus \u00een rota\u021bie. Sub efectul for\u021bei centrifuge, particulele mai grele sunt aruncate \u00eempotriva pere\u021bilor \u0219i cad \u00eentr-un colector, \u00een timp ce aerul purificat este evacuat. Aceast\u0103 metod\u0103 este deosebit de eficient\u0103 pentru <strong>praful grosier<\/strong> \u0219i pentru aplica\u021biile care necesit\u0103 separarea prealabil\u0103 a particulelor \u00eenainte de filtrarea mai fin\u0103.   <\/p>\n\n\n\n<p><em>V\u00e2rful OberA: ideal pentru particulele grosiere \u0219i abrazive emise \u00een<\/em><strong><em> fabricarea produselor din plastic<\/em><\/strong><em>Ciclonele ac\u021bioneaz\u0103 ca colectori primari de praf. Pentru a respecta reglement\u0103rile privind poluarea aerului \u0219i pentru a v\u0103 proteja echipele pe termen lung, v\u0103 sf\u0103tuim s\u0103 alege\u021bi sisteme capabile s\u0103 filtreze praful fin \u0219i grosier, precum \u0219i COV-urile. Cele mai multe dintre sistemele noastre    <\/em><a href=\"https:\/\/obera.fr\/ro\/produits\/depoussiereurs-industriels\/fixes\/\"><em>colectoare de praf fixe<\/em><\/a><strong><em> <\/em><\/strong><em>\u0219i<\/em><strong><em> unit\u0103\u021bile mobile sunt versatile<\/em><\/strong><em>V\u0103 vom \u00eendruma c\u0103tre cea mai potrivit\u0103 alegere, \u00een func\u021bie de suprafa\u021ba atelierului dvs. \u0219i de volumul de poluan\u021bi emi\u0219i de procesele dvs. industriale.<\/em><\/p>\n<\/div>\n\n\n\n<div class=\"wp-block-column is-layout-flow wp-block-column-is-layout-flow\" style=\"flex-basis:33.33%\">\n<figure class=\"wp-block-image aligncenter size-large is-resized\"><img decoding=\"async\" width=\"1024\" height=\"1024\" src=\"https:\/\/obera.fr\/wp-content\/uploads\/2025\/05\/force-centrifuge-1024x1024.png\" alt=\"for&#x21B;&#x103; centrifug&#x103;\" class=\"wp-image-121176\" style=\"width:259px;height:auto\" srcset=\"https:\/\/obera.fr\/wp-content\/uploads\/2025\/05\/force-centrifuge-1024x1024.png 1024w, https:\/\/obera.fr\/wp-content\/uploads\/2025\/05\/force-centrifuge-300x300.png 300w, https:\/\/obera.fr\/wp-content\/uploads\/2025\/05\/force-centrifuge-150x150.png 150w, https:\/\/obera.fr\/wp-content\/uploads\/2025\/05\/force-centrifuge-768x768.png 768w, https:\/\/obera.fr\/wp-content\/uploads\/2025\/05\/force-centrifuge.png 1200w\" sizes=\"(max-width: 1024px) 100vw, 1024px\" \/><\/figure>\n<\/div>\n<\/div>\n\n<h2 class=\"wp-block-heading\">Sisteme industriale de \u00eendep\u0103rtare a prafului pentru industria maselor plastice: sfaturile noastre<\/h2>\n\n<h3 class=\"wp-block-heading\">Compatibilitate cu procese specifice: injec\u021bie de plastic, extrudare, etc.<\/h3>\n\n<p>Procesele precum<strong> turnarea prin injec\u021bie sau extrudarea plasticului<\/strong> genereaz\u0103 diferite tipuri \u0219i cantit\u0103\u021bi de praf. Este esen\u021bial s\u0103 alege\u021bi un colector de praf care s\u0103 fie compatibil cu specificul procesului dvs. de produc\u021bie. Unele echipamente sunt special concepute pentru a face fa\u021b\u0103 prafului fin generat \u00een timpul extrud\u0103rii, \u00een timp ce altele sunt adaptate <strong>particulelor mai grosiere produse <\/strong>\u00een timpul turn\u0103rii prin injec\u021bie. O evaluare am\u0103nun\u021bit\u0103 a proceselor dumneavoastr\u0103 va asigura eficien\u021ba optim\u0103 a sistemului de colectare a prafului.   <\/p>\n\n<h3 class=\"wp-block-heading\">Compararea sistemelor de filtrare  <\/h3>\n\n<p>Alegerea sistemului de filtrare este esen\u021bial\u0103 pentru a asigura captarea optim\u0103 a particulelor \u00een industria maselor plastice. <strong>Filtrele cu cartu\u0219 sunt renumite pentru eficien\u021ba lor ridicat\u0103<\/strong>, \u00een special pentru filtrarea aerului care con\u021bine praf fin. Acestea sunt adesea utilizate \u00een aplica\u021bii care necesit\u0103 filtrare precis\u0103 \u0219i \u00eentre\u021binere redus\u0103.    <\/p>\n\n<p>Filtrele cu sac, pe de alt\u0103 parte, sunt potrivite pentru tratarea volumelor mari de aer care con\u021bin particule mai grosiere. Acestea ofer\u0103 o<strong> suprafa\u021b\u0103 mare de filtrare<\/strong> \u0219i sunt deosebit de eficiente \u00een medii cu concentra\u021bii ridicate de praf. Construc\u021bia lor robust\u0103 asigur\u0103 o durat\u0103 lung\u0103 de via\u021b\u0103 \u0219i performan\u021be constante, chiar \u0219i \u00een condi\u021bii de func\u021bionare intense.  <\/p>\n\n<p>Este esen\u021bial s\u0103 se evalueze caracteristicile specifice ale fiec\u0103rui proces de produc\u021bie pentru a selecta cel<strong> mai adecvat sistem de filtrare<\/strong>. O analiz\u0103 aprofundat\u0103 a tipurilor de poluan\u021bi genera\u021bi, a concentra\u021biei acestora \u0219i a constr\u00e2ngerilor atelierului va ajuta la determinarea celei mai eficiente solu\u021bii. <\/p>\n\n<p><em>Bine de \u0219tiut: unele dintre colectoarele noastre de praf industrial pot fi personalizate. \u00cen func\u021bie de poluan\u021bii produ\u0219i \u00een atelierul dvs. \u0219i de volumul acestora, putem include mai multe etape de filtrare capabile s\u0103 <\/em><strong><em>  tratarea prafului fin<\/em><\/strong><em>Avem o gam\u0103 larg\u0103 de produse pentru a v\u0103 satisface toate nevoile, de la praf grosier la Covs \u0219i fumuri. Nu ezita\u021bi s\u0103 cere\u021bi sfatul tehnicienilor no\u0219tri cu privire la cerin\u021bele dvs. specifice. <\/em><\/p>\n\n<h3 class=\"wp-block-heading\">Colectare centralizat\u0103 sau mobil\u0103 a prafului?<\/h3>\n\n<p>Alegerea \u00eentre un<strong> sistem de colectare a prafului centralizat <\/strong>sau mobil depinde de nevoile specifice ale produc\u021biei dumneavoastr\u0103:<\/p>\n\n<ul class=\"wp-block-list\">\n<li><strong> Sistemele centralizate<\/strong> sunt ideale pentru instala\u021biile la scar\u0103 larg\u0103 \u00een care mai multe sta\u021bii de lucru genereaz\u0103 praf simultan. Aceste sisteme sunt adesea integrate permanent \u0219i sunt concepute pentru a gestiona volume mari de aer \u0219i particule. <\/li>\n\n\n\n<li><a href=\"https:\/\/obera.fr\/ro\/produits\/depoussiereurs-industriels\/mobiles\/\">Colectoarele de praf mobile<\/a> ofer\u0103 o mai mare flexibilitate, ceea ce este deosebit de avantajos \u00een atelierele \u00een care sursele de praf sunt dispersate sau temporare. De exemplu, Dustomat este capabil s\u0103 trateze at\u00e2t praful, c\u00e2t \u0219i a\u0219chiile de lemn, plastic \u0219i metal. Aceast\u0103 mobilitate \u00eenseamn\u0103 c\u0103 colectorul de praf poate fi pozi\u021bionat c\u00e2t mai aproape posibil de sursa de poluare, optimiz\u00e2nd eficien\u021ba aspira\u021biei \u0219i facilit\u00e2nd cur\u0103\u021barea zonelor de produc\u021bie.  <\/li>\n<\/ul>\n\n<p>Fie c\u0103 opta\u021bi pentru un sistem centralizat sau mobil, este esen\u021bial s\u0103 selecta\u021bi <strong>echipamente care s\u0103 corespund\u0103 specificului produc\u021biei dumneavoastr\u0103<\/strong>. Solu\u021biile oferite de OberA, cum ar fi Dustomat, ofer\u0103 performan\u021be optime pentru a face fa\u021b\u0103 provoc\u0103rilor legate de \u00eendep\u0103rtarea prafului \u00een sectorul de prelucrare a materialelor plastice. <\/p>\n\n<p><\/p>\n","protected":false},"excerpt":{"rendered":"<p>Prelucrarea materialelor plastice, industria cauciucului&#8230; Fabricarea produselor din plastic expune operatorii la substan\u021be chimice \u0219i prafuri nocive.<\/p>\n","protected":false},"author":13,"featured_media":120906,"comment_status":"open","ping_status":"closed","sticky":false,"template":"","format":"standard","meta":{"_acf_changed":false,"_seopress_robots_primary_cat":"none","_seopress_titles_title":"Colector de praf pentru industria plasticului: sfatul nostru","_seopress_titles_desc":"Proteja\u021bi-v\u0103 operatorii \u0219i optimiza\u021bi produc\u021bia de mase plastice cu un colector de praf eficient: gestionarea prafului, conformitatea industrial\u0103 \u0219i solu\u021bii OberA.","_seopress_robots_index":"","footnotes":""},"categories":[710],"tags":[495],"class_list":["post-103906","post","type-post","status-publish","format-standard","has-post-thumbnail","hentry","category-materiale-plastice-prelucrarea-materialelor-plastice-materiale-compozite","tag-colectori-de-praf","generate-columns","tablet-grid-50","mobile-grid-100","grid-parent","grid-50","no-featured-image-padding","resize-featured-image"],"acf":[],"_links":{"self":[{"href":"https:\/\/obera.fr\/ro\/wp-json\/wp\/v2\/posts\/103906","targetHints":{"allow":["GET"]}}],"collection":[{"href":"https:\/\/obera.fr\/ro\/wp-json\/wp\/v2\/posts"}],"about":[{"href":"https:\/\/obera.fr\/ro\/wp-json\/wp\/v2\/types\/post"}],"author":[{"embeddable":true,"href":"https:\/\/obera.fr\/ro\/wp-json\/wp\/v2\/users\/13"}],"replies":[{"embeddable":true,"href":"https:\/\/obera.fr\/ro\/wp-json\/wp\/v2\/comments?post=103906"}],"version-history":[{"count":5,"href":"https:\/\/obera.fr\/ro\/wp-json\/wp\/v2\/posts\/103906\/revisions"}],"predecessor-version":[{"id":123304,"href":"https:\/\/obera.fr\/ro\/wp-json\/wp\/v2\/posts\/103906\/revisions\/123304"}],"wp:featuredmedia":[{"embeddable":true,"href":"https:\/\/obera.fr\/ro\/wp-json\/wp\/v2\/media\/120906"}],"wp:attachment":[{"href":"https:\/\/obera.fr\/ro\/wp-json\/wp\/v2\/media?parent=103906"}],"wp:term":[{"taxonomy":"category","embeddable":true,"href":"https:\/\/obera.fr\/ro\/wp-json\/wp\/v2\/categories?post=103906"},{"taxonomy":"post_tag","embeddable":true,"href":"https:\/\/obera.fr\/ro\/wp-json\/wp\/v2\/tags?post=103906"}],"curies":[{"name":"wp","href":"https:\/\/api.w.org\/{rel}","templated":true}]}}