{"id":105401,"date":"2025-05-29T15:05:29","date_gmt":"2025-05-29T13:05:29","guid":{"rendered":"https:\/\/obera.fr\/nase-rada\/purificateur-textile\/"},"modified":"2025-07-16T11:32:33","modified_gmt":"2025-07-16T09:32:33","slug":"purificateur-textile","status":"publish","type":"post","link":"https:\/\/obera.fr\/ro\/textile-ro\/purificateur-textile\/","title":{"rendered":"Purificatoare de aer pentru industria textil\u0103"},"content":{"rendered":"\n<p>\u00cen sectorul textil, <strong>particulele fine<\/strong>, praful \u0219i mirosurile pot afecta nu numai s\u0103n\u0103tatea angaja\u021bilor, ci \u0219i calitatea produselor finite. OberA, un specialist \u00een solu\u021bii de tratare a aerului, ofer\u0103 <a href=\"https:\/\/obera.fr\/ro\/produits\/purificateurs-air\/\">purificatoare de aer industriale<\/a> adaptate nevoilor atelierelor, depozitelor \u0219i <strong>magazinelor din sectorul textil<\/strong>.<\/p>\n\n<h2 class=\"wp-block-heading\">De ce este esen\u021bial\u0103 purificarea aerului \u00een industria textil\u0103?<\/h2>\n\n<h3 class=\"wp-block-heading\">Particulele textile \u0219i mirosurile: o provocare major\u0103 pentru calitatea aerului<\/h3>\n\n<div class=\"wp-block-columns is-layout-flex wp-container-core-columns-is-layout-28f84493 wp-block-columns-is-layout-flex\">\n<div class=\"wp-block-column is-layout-flow wp-block-column-is-layout-flow\" style=\"flex-basis:66.66%\">\n<p><strong> Procesele de fabricare <\/strong>\u0219i manipulare a textilelor elibereaz\u0103 o varietate de particule \u0219i fumuri. Ace\u0219ti contaminan\u021bi se pot acumula \u00een aerul din ateliere \u0219i zone de depozitare, cre\u00e2nd un <strong>mediu poten\u021bial d\u0103un\u0103tor <\/strong>pentru lucr\u0103tori \u0219i compromi\u021b\u00e2nd calitatea \u021bes\u0103turilor. Acestea includ:  <\/p>\n\n\n\n<ul class=\"wp-block-list\">\n<li><strong>Particulele fine de fibre textile<\/strong>, eliberate \u00een timpul opera\u021biunilor de t\u0103iere, \u021besere sau finisare, pot fi inhalate de angaja\u021bi \u0219i pot provoca irita\u021bii respiratorii.  <\/li>\n\n\n\n<li><strong>Produsele chimice utilizate pentru tratarea \u021bes\u0103turilor<\/strong>, cum ar fi coloran\u021bii, r\u0103\u0219inile \u0219i substan\u021bele ignifuge, emit compu\u0219i organici volatili (COV) care degradeaz\u0103 aerul din \u00eenc\u0103pere \u0219i pot provoca dureri de cap sau alergii.  <\/li>\n\n\n\n<li><strong>Mirosurile de la textile<\/strong>, cleiuri sau solven\u021bi sunt eliberate \u00een mediu, f\u0103c\u00e2nd aerul greu \u0219i nepl\u0103cut.  <\/li>\n<\/ul>\n\n\n\n<p>\u00cen sf\u00e2r\u0219it, umiditatea prezent\u0103 \u00een anumite spa\u021bii <strong>de depozitare favorizeaz\u0103 proliferarea mucegaiului \u0219i a bacteriilor<\/strong>, care d\u0103uneaz\u0103 at\u00e2t \u021bes\u0103turilor, c\u00e2t \u0219i s\u0103n\u0103t\u0103\u021bii lucr\u0103torilor.<\/p>\n<\/div>\n\n\n\n<div class=\"wp-block-column is-layout-flow wp-block-column-is-layout-flow\" style=\"flex-basis:33.33%\">\n<figure class=\"wp-block-image aligncenter size-large is-resized\"><img decoding=\"async\" width=\"1024\" height=\"1024\" src=\"https:\/\/obera.fr\/wp-content\/uploads\/2025\/05\/polluants-nocifs-1024x1024.png\" alt=\"poluan&#x21B;i nocivi\" class=\"wp-image-121106\" style=\"width:253px;height:auto\" srcset=\"https:\/\/obera.fr\/wp-content\/uploads\/2025\/05\/polluants-nocifs-1024x1024.png 1024w, https:\/\/obera.fr\/wp-content\/uploads\/2025\/05\/polluants-nocifs-300x300.png 300w, https:\/\/obera.fr\/wp-content\/uploads\/2025\/05\/polluants-nocifs-150x150.png 150w, https:\/\/obera.fr\/wp-content\/uploads\/2025\/05\/polluants-nocifs-768x768.png 768w, https:\/\/obera.fr\/wp-content\/uploads\/2025\/05\/polluants-nocifs.png 1200w\" sizes=\"(max-width: 1024px) 100vw, 1024px\" \/><\/figure>\n<\/div>\n<\/div>\n\n<h3 class=\"wp-block-heading\">Poluarea aerului \u00een atelier: care sunt riscurile pentru angaja\u021bii \u0219i textilele dvs.?<\/h3>\n\n<p>Calitatea sc\u0103zut\u0103 a aerului poate duce la <strong>probleme de s\u0103n\u0103tate<\/strong> pentru angaja\u021bi, cum ar fi irita\u021bii respiratorii \u0219i alergii. \u00cen plus, particulele din aer se pot depune pe textile, afect\u00e2nd cur\u0103\u021benia \u0219i aspectul acestora. De asemenea, mirosurile persistente pot p\u0103trunde <strong>\u00een produse<\/strong>.  <\/p>\n\n<p>Din toate aceste motive, purificatoarele de aer sunt o <strong>solu\u021bie esen\u021bial\u0103 pentru \u00eembun\u0103t\u0103\u021birea calit\u0103\u021bii aerului<\/strong> \u0219i a bun\u0103st\u0103rii la locul de munc\u0103. Pentru magazine, acestea contribuie, de asemenea, la experien\u021ba clien\u021bilor prin crearea unui spa\u021biu pl\u0103cut \u0219i asigurarea calit\u0103\u021bii textilelor. <\/p>\n\n<h2 class=\"wp-block-heading\">Care sunt beneficiile purificatoarelor de aer?<\/h2>\n\n<div class=\"wp-block-columns is-layout-flex wp-container-core-columns-is-layout-28f84493 wp-block-columns-is-layout-flex\">\n<div class=\"wp-block-column is-layout-flow wp-block-column-is-layout-flow\" style=\"flex-basis:33.33%\">\n<figure class=\"wp-block-image aligncenter size-large is-resized\"><img decoding=\"async\" width=\"1024\" height=\"1024\" src=\"https:\/\/obera.fr\/wp-content\/uploads\/2025\/05\/securite-1024x1024.png\" alt=\"securitate\" class=\"wp-image-121315\" style=\"width:282px;height:auto\" srcset=\"https:\/\/obera.fr\/wp-content\/uploads\/2025\/05\/securite-1024x1024.png 1024w, https:\/\/obera.fr\/wp-content\/uploads\/2025\/05\/securite-300x300.png 300w, https:\/\/obera.fr\/wp-content\/uploads\/2025\/05\/securite-150x150.png 150w, https:\/\/obera.fr\/wp-content\/uploads\/2025\/05\/securite-768x768.png 768w, https:\/\/obera.fr\/wp-content\/uploads\/2025\/05\/securite.png 1200w\" sizes=\"(max-width: 1024px) 100vw, 1024px\" \/><\/figure>\n<\/div>\n\n\n\n<div class=\"wp-block-column is-layout-flow wp-block-column-is-layout-flow\" style=\"flex-basis:66.66%\">\n<ul class=\"wp-block-list\">\n<li><strong> Aer mai s\u0103n\u0103tos pentru angaja\u021bii \u0219i textilele dvs.<\/strong>: prin eliminarea eficient\u0103 a particulelor fine \u0219i a contaminan\u021bilor, purificatoarele de aer contribuie la crearea unui mediu de lucru mai s\u0103n\u0103tos, reduc\u00e2nd riscurile pentru s\u0103n\u0103tatea angaja\u021bilor \u0219i \u00eembun\u0103t\u0103\u021bind confortul acestora.<\/li>\n\n\n\n<li>Spune\u021bi adio<strong> <\/strong><strong> mirosurilor nepl\u0103cute din atelierele \u0219i depozitele dumneavoastr\u0103<\/strong>: sistemele avansate de filtrare, precum cele echipate cu c\u0103rbune activ, sunt deosebit de eficiente \u00een absorb\u021bia \u0219i neutralizarea mirosurilor persistente, men\u021bin\u00e2nd textilele proaspete.<\/li>\n\n\n\n<li><strong>Proteja\u021bi-v\u0103 textilele de mucegai \u0219i bacterii <\/strong>: prin men\u021binerea unei calit\u0103\u021bi optime a aerului, purificatoarele de aer ajut\u0103 la prevenirea umidit\u0103\u021bii excesive \u0219i a form\u0103rii mucegaiului, protej\u00e2nd textilele depozitate \u0219i prelungindu-le durata de via\u021b\u0103.<\/li>\n<\/ul>\n<\/div>\n<\/div>\n\n<h2 class=\"wp-block-heading\">Cum func\u021bioneaz\u0103 purificatoarele de aer \u00een sectorul textil?<\/h2>\n\n<h3 class=\"wp-block-heading\">Tehnologie avansat\u0103 de filtrare pentru aer purificat continuu<\/h3>\n\n<p><strong>Purificatoarele de aer industrial OberA <\/strong>utilizeaz\u0103 sisteme avansate de filtrare pentru a trata eficient poluan\u021bii specifici industriei textile. De exemplu, modelul ePUR aspir\u0103 aerul poluat din partea superioar\u0103 a unit\u0103\u021bii, \u00eel trece prin<strong> mai multe straturi de filtrare<\/strong> \u0219i apoi evacueaz\u0103 aerul purificat din partea inferioar\u0103, cre\u00e2nd o mi\u0219care natural\u0103 de purificare. <\/p>\n\n<h3 class=\"wp-block-heading\">Purificator de aer vs solu\u021bii de dezodorizare: care este cea mai bun\u0103 op\u021biune?<\/h3>\n\n<p>Spre deosebire de <strong>odorizantele \u0219i dezinfectantele de aer<\/strong>, care mascheaz\u0103 temporar mirosurile sau elimin\u0103 agen\u021bii patogeni de pe suprafe\u021be, purificatoarele de aer trateaz\u0103 continuu aerul, captur\u00e2nd particulele \u0219i neutraliz\u00e2nd mirosurile la surs\u0103. Aceast\u0103 abordare proactiv\u0103 asigur\u0103 o calitate constant\u0103 a aerului \u0219i reduce nevoia de <strong>substan\u021be chimice suplimentare<\/strong>. <\/p>\n\n<h2 class=\"wp-block-heading\">Cum alege\u021bi purificatorul de aer ideal pentru afacerea dumneavoastr\u0103?<\/h2>\n\n<div class=\"wp-block-columns is-layout-flex wp-container-core-columns-is-layout-28f84493 wp-block-columns-is-layout-flex\">\n<div class=\"wp-block-column is-layout-flow wp-block-column-is-layout-flow\" style=\"flex-basis:33.33%\">\n<figure class=\"wp-block-image aligncenter size-large is-resized\"><img decoding=\"async\" width=\"1024\" height=\"1024\" src=\"https:\/\/obera.fr\/wp-content\/uploads\/2025\/01\/image-choix-1024x1024.jpg\" alt=\"alegerea imaginii\" class=\"wp-image-57754\" style=\"width:145px;height:auto\" srcset=\"https:\/\/obera.fr\/wp-content\/uploads\/2025\/01\/image-choix-1024x1024.jpg 1024w, https:\/\/obera.fr\/wp-content\/uploads\/2025\/01\/image-choix-300x300.jpg 300w, https:\/\/obera.fr\/wp-content\/uploads\/2025\/01\/image-choix-150x150.jpg 150w, https:\/\/obera.fr\/wp-content\/uploads\/2025\/01\/image-choix-768x768.jpg 768w, https:\/\/obera.fr\/wp-content\/uploads\/2025\/01\/image-choix-400x400.jpg 400w, https:\/\/obera.fr\/wp-content\/uploads\/2025\/01\/image-choix-600x600.jpg 600w, https:\/\/obera.fr\/wp-content\/uploads\/2025\/01\/image-choix.jpg 1200w\" sizes=\"(max-width: 1024px) 100vw, 1024px\" \/><\/figure>\n<\/div>\n\n\n\n<div class=\"wp-block-column is-layout-flow wp-block-column-is-layout-flow\" style=\"flex-basis:66.66%\">\n<h3 class=\"wp-block-heading\">Un purificator adaptat la dimensiunea spa\u021biilor dvs.<\/h3>\n\n\n\n<p>Este esen\u021bial s\u0103 selecta\u021bi un <strong>purificator de aer<\/strong> capabil s\u0103 trateze eficient volumul de aer din spa\u021biul dumneavoastr\u0103. OberA ofer\u0103 solu\u021bii pentru suprafe\u021be de la 20 m2 (birouri individuale) la peste 1 000 m\u00b2 (depozite mari), garant\u00e2nd o acoperire optim\u0103 pentru fiecare mediu. <\/p>\n<\/div>\n<\/div>\n\n<div class=\"wp-block-columns is-layout-flex wp-container-core-columns-is-layout-28f84493 wp-block-columns-is-layout-flex\">\n<div class=\"wp-block-column is-layout-flow wp-block-column-is-layout-flow\" style=\"flex-basis:33.33%\">\n<figure class=\"wp-block-image aligncenter size-large is-resized\"><img decoding=\"async\" width=\"1024\" height=\"1024\" src=\"https:\/\/obera.fr\/wp-content\/uploads\/2025\/01\/image-choix-1024x1024.jpg\" alt=\"alegerea imaginii\" class=\"wp-image-57754\" style=\"width:145px;height:auto\" srcset=\"https:\/\/obera.fr\/wp-content\/uploads\/2025\/01\/image-choix-1024x1024.jpg 1024w, https:\/\/obera.fr\/wp-content\/uploads\/2025\/01\/image-choix-300x300.jpg 300w, https:\/\/obera.fr\/wp-content\/uploads\/2025\/01\/image-choix-150x150.jpg 150w, https:\/\/obera.fr\/wp-content\/uploads\/2025\/01\/image-choix-768x768.jpg 768w, https:\/\/obera.fr\/wp-content\/uploads\/2025\/01\/image-choix-400x400.jpg 400w, https:\/\/obera.fr\/wp-content\/uploads\/2025\/01\/image-choix-600x600.jpg 600w, https:\/\/obera.fr\/wp-content\/uploads\/2025\/01\/image-choix.jpg 1200w\" sizes=\"(max-width: 1024px) 100vw, 1024px\" \/><\/figure>\n<\/div>\n\n\n\n<div class=\"wp-block-column is-layout-flow wp-block-column-is-layout-flow\" style=\"flex-basis:66.66%\">\n<h3 class=\"wp-block-heading\">Combina\u021bi purificatorul cu dezinfectan\u021bi \u0219i dezodorizan\u021bi eficien\u021bi<\/h3>\n\n\n\n<p>Unele purificatoare de aer pot fi utilizate <strong>\u00eempreun\u0103 cu dezinfectan\u021bi sau dezodorizan\u021bi <\/strong>pentru a spori eficien\u021ba tratamentului aerului. Este important s\u0103 verifica\u021bi dac\u0103 echipamentul este compatibil pentru a asigura o sinergie optim\u0103. <\/p>\n<\/div>\n<\/div>\n\n<div class=\"wp-block-columns is-layout-flex wp-container-core-columns-is-layout-28f84493 wp-block-columns-is-layout-flex\">\n<div class=\"wp-block-column is-layout-flow wp-block-column-is-layout-flow\" style=\"flex-basis:33.33%\">\n<figure class=\"wp-block-image aligncenter size-large is-resized\"><img decoding=\"async\" width=\"1024\" height=\"1024\" src=\"https:\/\/obera.fr\/wp-content\/uploads\/2025\/01\/image-choix-1024x1024.jpg\" alt=\"alegerea imaginii\" class=\"wp-image-57754\" style=\"width:145px;height:auto\" srcset=\"https:\/\/obera.fr\/wp-content\/uploads\/2025\/01\/image-choix-1024x1024.jpg 1024w, https:\/\/obera.fr\/wp-content\/uploads\/2025\/01\/image-choix-300x300.jpg 300w, https:\/\/obera.fr\/wp-content\/uploads\/2025\/01\/image-choix-150x150.jpg 150w, https:\/\/obera.fr\/wp-content\/uploads\/2025\/01\/image-choix-768x768.jpg 768w, https:\/\/obera.fr\/wp-content\/uploads\/2025\/01\/image-choix-400x400.jpg 400w, https:\/\/obera.fr\/wp-content\/uploads\/2025\/01\/image-choix-600x600.jpg 600w, https:\/\/obera.fr\/wp-content\/uploads\/2025\/01\/image-choix.jpg 1200w\" sizes=\"(max-width: 1024px) 100vw, 1024px\" \/><\/figure>\n<\/div>\n\n\n\n<div class=\"wp-block-column is-layout-flow wp-block-column-is-layout-flow\" style=\"flex-basis:66.66%\">\n<h3 class=\"wp-block-heading\">Un sistem de filtrare adaptat la nevoile dumneavoastr\u0103 specifice<\/h3>\n\n\n\n<p><strong>Cerin\u021bele de filtrare pot varia \u00een func\u021bie de procesele <\/strong>\u0219i materialele utilizate. OberA ofer\u0103 o gam\u0103 de filtre adaptate la diferitele tipuri de poluan\u021bi \u00eent\u00e2lni\u021bi \u00een industria textil\u0103, permi\u021b\u00e2nd personalizarea \u00een func\u021bie de cerin\u021bele specifice. <\/p>\n\n\n\n<p><em>Avantajele OberA: unele dintre purificatoarele noastre <\/em><strong><em>purificatoare de aer sunt echipate cu sisteme de filtrare <\/em><\/strong> <em>unit\u0103\u021bi multifunc\u021bionale care pot combina mai multe filtre. Filtru HEPA, filtru cu c\u0103rbune activ, filtru clasa H14&#8230; \u00cen func\u021bie de nevoile dumneavoastr\u0103, putem personaliza echipamentul pentru a trata eficient COV, mirosuri, solven\u021bi etc. <\/em><\/p>\n<\/div>\n<\/div>\n\n<p><\/p>\n\n<h3 class=\"wp-block-heading\">Gama OberA de purificatoare de aer \u0219i eficien\u021ba lor \u00eempotriva poluan\u021bilor textile<\/h3>\n\n<h3 class=\"wp-block-heading\">O solu\u021bie pentru fiecare nevoie<\/h3>\n\n<p>OberA ofer\u0103 <strong>mai multe game de purificatoare de aer<\/strong> adaptate la diferitele cerin\u021be ale mediilor textile. Fie c\u0103 sunte\u021bi un atelier de produc\u021bie, un depozit de depozitare sau un punct de v\u00e2nzare, exist\u0103 un model conceput pentru a v\u0103 satisface nevoile specifice. Iat\u0103 un scurt rezumat<strong> al solu\u021biilor recomandate<\/strong> pentru sectorul textil:  <\/p>\n\n<figure class=\"wp-block-table\"><table class=\"has-fixed-layout\"><tbody><tr><td><strong>Model<\/strong><\/td><td><strong>Descriere<\/strong><\/td><td><strong>Aplica\u021bii<\/strong><\/td><\/tr><tr><td><a href=\"https:\/\/obera.fr\/ro\/produits\/purificateurs-air\/purificateur-rafraichisseur-epur150-fresh\/\"><strong>EPUR150 FRESH<\/strong><\/a><\/td><td>Purificator care combin\u0103 tratarea particulelor fine \u0219i r\u0103cirea prin evaporare.<\/td><td>Fabrici, hale de depozitare, spa\u021bii \u00eentre 70 m\u00b2 \u0219i 250 m\u00b2.<\/td><\/tr><tr><td><a href=\"https:\/\/obera.fr\/ro\/produits\/purificateurs-air\/filtower\/\"><strong>FILTOWER<\/strong><\/a><\/td><td>Purificator puternic pentru tratarea prafului, fumului \u0219i ce\u021bii de ulei.<\/td><td>Zone industriale mari, ateliere de produc\u021bie.<\/td><\/tr><tr><td><a href=\"https:\/\/obera.fr\/ro\/produits\/purificateurs-air\/epur-b01-ecoprime-purificator-de-aer-cu-praf\/\"><strong>EPUR B01 EcoPrime<\/strong><\/a><\/td><td>Purificator discret cu filtrare HEPA \u0219i carbon pentru a elimina praful fin, COV-urile, viru\u0219ii \u0219i bacteriile.<\/td><td>Birouri, spa\u021bii deschise mici, \u00eentre 20 m\u00b2 \u0219i 60 m\u00b2.<\/td><\/tr><tr><td><a href=\"https:\/\/obera.fr\/ro\/produits\/purificateurs-air\/professionnel-epur-ca\/\"><strong>EPUR CA<\/strong><\/a><\/td><td>Purificator dedicat elimin\u0103rii mirosurilor cu filtre cu c\u0103rbune activ.<\/td><td>Spa\u021bii de peste 1.000 m\u00b2, depozite, supermagazine.<\/td><\/tr><\/tbody><\/table><\/figure>\n\n<h2 class=\"wp-block-heading\">Care sunt solu\u021biile complementare la purificatoarele de aer?<\/h2>\n\n<h3 class=\"wp-block-heading\">Deodorizante textile  <\/h3>\n\n<p>Ca o completare a purificatoarelor de aer, utilizarea <strong>deodorantelor pentru textile <\/strong>poate ajuta la men\u021binerea unei prospe\u021bimi pl\u0103cute a produselor. Aceste produse multifunc\u021bionale ac\u021bioneaz\u0103 at\u00e2t ca dezinfectan\u021bi, c\u00e2t \u0219i ca agen\u021bi de cur\u0103\u021bare, oferind o<strong> solu\u021bie complet\u0103 pentru \u00eengrijirea textilelor<\/strong>. <\/p>\n\n<h3 class=\"wp-block-heading\">Care sunt cele mai bune solu\u021bii: eucalipt, \u00een\u0103lbitor \u0219i alternative naturale?<\/h3>\n\n<p><strong>Odorizantele de aer pe baz\u0103 de eucalipt<\/strong> sunt apreciate pentru parfumul lor proasp\u0103t \u0219i propriet\u0103\u021bile antibacteriene naturale. \u00cen mod similar, solu\u021biile pe baz\u0103 de \u00een\u0103lbitor ofer\u0103 o dezinfec\u021bie eficient\u0103. Exist\u0103, de asemenea, op\u021biuni naturale, ecologice, pentru a r\u0103spunde preocup\u0103rilor ecologice \u00een cre\u0219tere.  <\/p>\n\n<h3 class=\"wp-block-heading\">Opta\u021bi pentru solu\u021bii ecologice \u0219i economice<\/h3>\n\n<p>Pentru <strong>companiile preocupate de impactul lor asupra mediului<\/strong>, este posibil s\u0103 aleag\u0103 deodorante \u0219i detergen\u021bi disponibili \u00een ambalaje economice \u0219i care poart\u0103 etichete ecologice, garant\u00e2nd utilizarea responsabil\u0103 a <strong>substan\u021belor chimice<\/strong>.<br\/><em>Cuv\u00e2ntul expertului: prin integrarea unor purificatoare de \u00eenalt\u0103 performan\u021b\u0103 <\/em><strong><em>purificatoare de aer<\/em><\/strong><em>  \u0219i prin adoptarea unor solu\u021bii complementare adecvate, pute\u021bi asigura un mediu de lucru s\u0103n\u0103tos \u0219i pl\u0103cut pentru angaja\u021bii dumneavoastr\u0103, p\u0103str\u00e2nd \u00een acela\u0219i timp calitatea \u0219i integritatea textilelor dumneavoastr\u0103. OberA v\u0103 st\u0103 la dispozi\u021bie pentru a v\u0103 sprijini \u00een urm\u0103toarele domenii   <\/em><strong><em>alegerea echipamentului cel mai potrivit<\/em><\/strong><em> pentru nevoile dumneavoastr\u0103 specifice.<\/em><\/p>\n","protected":false},"excerpt":{"rendered":"<p>\u00cen sectorul textil, particulele fine, praful \u0219i mirosurile pot afecta nu numai s\u0103n\u0103tatea angaja\u021bilor, ci \u0219i calitatea produselor finite.<\/p>\n","protected":false},"author":13,"featured_media":113857,"comment_status":"open","ping_status":"closed","sticky":false,"template":"","format":"standard","meta":{"_acf_changed":false,"_seopress_robots_primary_cat":"none","_seopress_titles_title":"Purificatoare de aer pentru industria textil\u0103","_seopress_titles_desc":"Descoperi\u021bi purificatoarele de aer OberA, potrivite pentru ateliere, depozite \u0219i magazine de textile. Proteja\u021bi-v\u0103 angaja\u021bii \u0219i p\u0103stra\u021bi calitatea textilelor dvs. cu solu\u021bii avansate de filtrare pentru eliminarea prafului fin, a mirosurilor \u0219i a poluan\u021bilor. ","_seopress_robots_index":"","footnotes":""},"categories":[732],"tags":[543],"class_list":["post-105401","post","type-post","status-publish","format-standard","has-post-thumbnail","hentry","category-textile-ro","tag-purificatoare","generate-columns","tablet-grid-50","mobile-grid-100","grid-parent","grid-50","no-featured-image-padding","resize-featured-image"],"acf":[],"_links":{"self":[{"href":"https:\/\/obera.fr\/ro\/wp-json\/wp\/v2\/posts\/105401","targetHints":{"allow":["GET"]}}],"collection":[{"href":"https:\/\/obera.fr\/ro\/wp-json\/wp\/v2\/posts"}],"about":[{"href":"https:\/\/obera.fr\/ro\/wp-json\/wp\/v2\/types\/post"}],"author":[{"embeddable":true,"href":"https:\/\/obera.fr\/ro\/wp-json\/wp\/v2\/users\/13"}],"replies":[{"embeddable":true,"href":"https:\/\/obera.fr\/ro\/wp-json\/wp\/v2\/comments?post=105401"}],"version-history":[{"count":3,"href":"https:\/\/obera.fr\/ro\/wp-json\/wp\/v2\/posts\/105401\/revisions"}],"predecessor-version":[{"id":121643,"href":"https:\/\/obera.fr\/ro\/wp-json\/wp\/v2\/posts\/105401\/revisions\/121643"}],"wp:featuredmedia":[{"embeddable":true,"href":"https:\/\/obera.fr\/ro\/wp-json\/wp\/v2\/media\/113857"}],"wp:attachment":[{"href":"https:\/\/obera.fr\/ro\/wp-json\/wp\/v2\/media?parent=105401"}],"wp:term":[{"taxonomy":"category","embeddable":true,"href":"https:\/\/obera.fr\/ro\/wp-json\/wp\/v2\/categories?post=105401"},{"taxonomy":"post_tag","embeddable":true,"href":"https:\/\/obera.fr\/ro\/wp-json\/wp\/v2\/tags?post=105401"}],"curies":[{"name":"wp","href":"https:\/\/api.w.org\/{rel}","templated":true}]}}