{"id":105599,"date":"2025-06-02T10:04:00","date_gmt":"2025-06-02T08:04:00","guid":{"rendered":"https:\/\/obera.fr\/nase-rada\/bien-choisir-masque-poussiere\/"},"modified":"2025-06-16T15:02:15","modified_gmt":"2025-06-16T13:02:15","slug":"bien-choisir-masque-poussiere","status":"publish","type":"post","link":"https:\/\/obera.fr\/ro\/sfatul-nostru\/bien-choisir-masque-poussiere\/","title":{"rendered":"Alegerea m\u0103\u0219tii potrivite nu este suficient\u0103: de ce este esen\u021bial\u0103 captarea prafului la surs\u0103"},"content":{"rendered":"\n<p>Praful fin este omniprezent \u00een domeniul construc\u021biilor, al pietrei \u0219i al industriei. De\u0219i purtarea unei m\u0103\u0219ti de protec\u021bie a devenit un reflex \u00een multe \u00eentreprinderi, aceasta nu este suficient\u0103 \u00een sine pentru a garanta o protec\u021bie complet\u0103. La <strong>OberA<\/strong>, sus\u021binem o abordare global\u0103 a prevenirii: <strong>ac\u021bion\u0103m la surs\u0103 pentru a neutraliza pericolul \u00eenainte ca acesta s\u0103 se r\u0103sp\u00e2ndeasc\u0103<\/strong>.    <\/p>\n\n<h2 class=\"wp-block-heading\">M\u0103\u0219tile: o barier\u0103, nu singura solu\u021bie  <\/h2>\n\n<p>Aparatul respirator este o pies\u0103 esen\u021bial\u0103 a echipamentului personal, mai ales dac\u0103 este bine ales, bine montat \u0219i bine \u00eentre\u021binut. Dar chiar \u0219i cele mai eficiente modele au limitele lor:   <\/p>\n\n<ul class=\"wp-block-list\">\n<li>Ele protejeaz\u0103 <strong>doar purt\u0103torul<\/strong>.  <\/li>\n\n\n\n<li>Ele devin <strong>ineficiente dac\u0103 sunt purtate incorect <\/strong>(barb\u0103, potrivire, umiditate). &#8211; <strong>Nu suprim\u0103 praful din mediul de <\/strong>lucru. Cu alte cuvinte, masca este <strong>ultima linie de ap\u0103rare<\/strong>, nu prima.    <\/li>\n<\/ul>\n\n<h2 class=\"wp-block-heading\">Capturarea la surs\u0103: cea mai bun\u0103 strategie de prevenire  <\/h2>\n\n<p>Captarea la surs\u0103 const\u0103 \u00een aspirarea sau re\u021binerea prafului <strong>chiar \u00een momentul \u00een care acesta este generat<\/strong>. Este o abordare de bun sim\u021b, dar care este \u00eenc\u0103 prea des neglijat\u0103. Cu toate acestea, are multe avantaje:    <\/p>\n\n<ul class=\"wp-block-list\">\n<li><strong>Reducerea imediat\u0103 a concentra\u021biei de praf \u00een aerul \u00eenconjur\u0103tor<\/strong>.  <\/li>\n\n\n\n<li><strong>Protec\u021bie colectiv\u0103 \u00eembun\u0103t\u0103\u021bit\u0103 <\/strong>: to\u021bi angaja\u021bii beneficiaz\u0103 de un aer mai curat, chiar \u0219i cei care nu sunt expu\u0219i direct.  <\/li>\n\n\n\n<li><strong>Conservarea echipamentelor <\/strong>(ma\u0219ini, senzori, filtre, sisteme de ventila\u021bie). &#8211; <strong>\u00cembun\u0103t\u0103\u021birea cur\u0103\u021beniei posturilor de lucru<\/strong>, ceea ce duce la \u00eembun\u0103t\u0103\u021birea productivit\u0103\u021bii \u0219i a imaginii. <strong>La OberA, captarea la surs\u0103 este specialitatea noastr\u0103 <\/strong>  <\/li>\n<\/ul>\n\n<p>Echipa noastr\u0103 proiecteaz\u0103 \u0219i instaleaz\u0103 <strong>sisteme de extrac\u021bie adaptate fiec\u0103rui post de lucru <\/strong>: bra\u021be de extrac\u021bie, mese de extrac\u021bie, carcase de extrac\u021bie integrate, cabine confinate etc. De asemenea, efectu\u0103m audituri pentru a identifica punctele critice \u0219i propunem solu\u021bii tehnice <strong>fiabile, durabile \u0219i ergonomice<\/strong>.   <\/p>\n\n<p>Dar dincolo de aspectele tehnice, <strong>cuno\u0219tin\u021bele <\/strong>noastre <strong>aprofundate despre meseriile manuale \u0219i industriale <\/strong>fac diferen\u021ba. \u0218tim c\u0103 o solu\u021bie eficient\u0103 este una care este <strong>practic\u0103, acceptat\u0103 \u0219i utilizat\u0103 \u00een domeniu<\/strong>.   <\/p>\n\n<h2 class=\"wp-block-heading\"><strong>Prevenirea este un lan\u021b: fiecare verig\u0103 conteaz\u0103  <\/strong><\/h2>\n\n<p>M\u0103\u0219ti, ventila\u021bie, captare, cur\u0103\u021bare&#8230; Protec\u021bia \u00eempotriva prafului fin se bazeaz\u0103 pe o strategie global\u0103. Dar dac\u0103 exist\u0103 <strong>o prioritate<\/strong>, aceasta este <strong>colectarea la surs\u0103<\/strong>. Mai pu\u021bin praf emis = mai pu\u021bin praf de respirat.  <\/p>\n\n<p><strong>OberA <\/strong>v\u0103 sprijin\u0103 \u00een aceast\u0103 tranzi\u021bie esen\u021bial\u0103, cu o singur\u0103 ambi\u021bie: s\u0103 se asigure c\u0103 angaja\u021bii dumneavoastr\u0103 lucreaz\u0103 \u00eentr-un mediu mai sigur, mai curat \u0219i mai senin.<\/p>\n\n<p>\u00a0<\/p>\n\n<p>Ave\u021bi nevoie de un diagnostic sau de o solu\u021bie adaptat\u0103 nevoilor dumneavoastr\u0103?  <\/p>\n\n<p><strong>Contact OberA: prevenire conceput\u0103 pentru profesioni\u0219ti, conceput\u0103 cu g\u00e2ndul la ei.<\/strong><\/p>\n\n<p><\/p>\n","protected":false},"excerpt":{"rendered":"<p>Praful fin este omniprezent \u00een domeniul construc\u021biilor, al pietrei \u0219i al industriei. De\u0219i purtarea unei m\u0103\u0219ti de protec\u021bie a devenit un reflex \u00een multe \u00eentreprinderi, aceasta nu este suficient\u0103 \u00een sine pentru a garanta o protec\u021bie complet\u0103. <\/p>\n","protected":false},"author":13,"featured_media":112327,"comment_status":"open","ping_status":"closed","sticky":false,"template":"","format":"standard","meta":{"_acf_changed":false,"_seopress_robots_primary_cat":"none","_seopress_titles_title":"Capter la poussi\u00e8re \u00e0 la source : une pr\u00e9vention essentielle \u2013 OberA","_seopress_titles_desc":"Le masque ne suffit pas : capter la poussi\u00e8re \u00e0 la source prot\u00e8ge mieux vos \u00e9quipes. D\u00e9couvrez notre approche globale de la pr\u00e9vention avec OberA.","_seopress_robots_index":"","footnotes":""},"categories":[144],"tags":[],"class_list":["post-105599","post","type-post","status-publish","format-standard","has-post-thumbnail","hentry","category-sfatul-nostru","generate-columns","tablet-grid-50","mobile-grid-100","grid-parent","grid-50","no-featured-image-padding","resize-featured-image"],"acf":[],"_links":{"self":[{"href":"https:\/\/obera.fr\/ro\/wp-json\/wp\/v2\/posts\/105599","targetHints":{"allow":["GET"]}}],"collection":[{"href":"https:\/\/obera.fr\/ro\/wp-json\/wp\/v2\/posts"}],"about":[{"href":"https:\/\/obera.fr\/ro\/wp-json\/wp\/v2\/types\/post"}],"author":[{"embeddable":true,"href":"https:\/\/obera.fr\/ro\/wp-json\/wp\/v2\/users\/13"}],"replies":[{"embeddable":true,"href":"https:\/\/obera.fr\/ro\/wp-json\/wp\/v2\/comments?post=105599"}],"version-history":[{"count":1,"href":"https:\/\/obera.fr\/ro\/wp-json\/wp\/v2\/posts\/105599\/revisions"}],"predecessor-version":[{"id":105605,"href":"https:\/\/obera.fr\/ro\/wp-json\/wp\/v2\/posts\/105599\/revisions\/105605"}],"wp:featuredmedia":[{"embeddable":true,"href":"https:\/\/obera.fr\/ro\/wp-json\/wp\/v2\/media\/112327"}],"wp:attachment":[{"href":"https:\/\/obera.fr\/ro\/wp-json\/wp\/v2\/media?parent=105599"}],"wp:term":[{"taxonomy":"category","embeddable":true,"href":"https:\/\/obera.fr\/ro\/wp-json\/wp\/v2\/categories?post=105599"},{"taxonomy":"post_tag","embeddable":true,"href":"https:\/\/obera.fr\/ro\/wp-json\/wp\/v2\/tags?post=105599"}],"curies":[{"name":"wp","href":"https:\/\/api.w.org\/{rel}","templated":true}]}}