{"id":109145,"date":"2025-06-09T10:00:00","date_gmt":"2025-06-09T08:00:00","guid":{"rendered":"https:\/\/obera.fr\/nase-rada\/esperance-vie-conditions-travail-metiers-pierre\/"},"modified":"2025-06-16T14:55:06","modified_gmt":"2025-06-16T12:55:06","slug":"esperance-vie-conditions-travail-metiers-pierre","status":"publish","type":"post","link":"https:\/\/obera.fr\/ro\/sfatul-nostru\/esperance-vie-conditions-travail-metiers-pierre\/","title":{"rendered":"Speran\u021ba de via\u021b\u0103 \u0219i condi\u021biile de munc\u0103 \u00een industria pietrei: care sunt realit\u0103\u021bile?"},"content":{"rendered":"\n<p>Meseriile legate de piatr\u0103 sunt printre cele mai nobile \u0219i mai solicitante din lumea me\u0219te\u0219ugurilor \u0219i a industriei. T\u0103ietorii de piatr\u0103, gravorii, zidarii de marmur\u0103, sculptorii \u0219i lucr\u0103torii din cariere \u00ee\u0219i exerseaz\u0103 abilit\u0103\u021bile nepre\u021buite&#8230; adesea \u00een condi\u021bii dificile. Ceea ce mul\u021bi oameni nu realizeaz\u0103 este c\u0103 aceste condi\u021bii pot avea un <strong>impact real asupra s\u0103n\u0103t\u0103\u021bii<\/strong> \u0219i chiar asupra speran\u021bei de via\u021b\u0103.    <\/p>\n\n<figure class=\"wp-block-image alignright size-large is-resized\"><img decoding=\"async\" width=\"768\" height=\"1024\" src=\"https:\/\/obera.fr\/wp-content\/uploads\/2025\/06\/20250131_105634-768x1024.jpg\" alt=\"20250131 105634\" class=\"wp-image-111959\" style=\"width:335px;height:auto\" srcset=\"https:\/\/obera.fr\/wp-content\/uploads\/2025\/06\/20250131_105634-768x1024.jpg 768w, https:\/\/obera.fr\/wp-content\/uploads\/2025\/06\/20250131_105634-225x300.jpg 225w, https:\/\/obera.fr\/wp-content\/uploads\/2025\/06\/20250131_105634-1152x1536.jpg 1152w, https:\/\/obera.fr\/wp-content\/uploads\/2025\/06\/20250131_105634-1536x2048.jpg 1536w, https:\/\/obera.fr\/wp-content\/uploads\/2025\/06\/20250131_105634-scaled.jpg 1920w\" sizes=\"(max-width: 768px) 100vw, 768px\" \/><\/figure>\n\n<h2 class=\"wp-block-heading\"><strong>  O profesie pasionant\u0103, dar cu risc ridicat  <\/strong><\/h2>\n\n<p>Lucrul cu piatra implic\u0103 :  <\/p>\n\n<ul class=\"wp-block-list\">\n<li>efort fizic intens,  <\/li>\n\n\n\n<li>posturi incomode,  <\/li>\n\n\n\n<li>zgomot ambiental semnificativ,  <\/li>\n\n\n\n<li>\u0219i, mai ales, <strong>expunerea cronic\u0103 la praf de siliciu<\/strong>.  <\/li>\n<\/ul>\n\n<p>Acest praf extrem de fin este generat atunci c\u00e2nd piatra este t\u0103iat\u0103, \u0219lefuit\u0103 sau lustruit\u0103. Invizibil cu ochiul liber, acesta p\u0103trunde ad\u00e2nc \u00een tractul respirator \u0219i poate provoca, pe termen lung, <strong>boli grave <\/strong>: silicoz\u0103, bron\u0219it\u0103 cronic\u0103, BPOC \u0219i chiar cancer pulmonar.   <\/p>\n\n<h2 class=\"wp-block-heading\"><strong>  Speran\u021b\u0103 de via\u021b\u0103 mai scurt\u0103  <\/strong><\/h2>\n\n<p>Conform mai multor studii, lucr\u0103torii din domeniul construc\u021biilor \u0219i al pietrei au o <strong>speran\u021b\u0103 de via\u021b\u0103 cu c\u00e2\u021biva ani mai scurt\u0103 <\/strong>dec\u00e2t \u00een alte profesii. Acest lucru se datoreaz\u0103 uzurii fizice, dar \u0219i <strong>expunerii prelungite la poluan\u021bi invizibili<\/strong>.   <\/p>\n\n<p>\u0218i tocmai ceea ce nu vedem &#8211; calitatea aerului &#8211; este una dintre cele mai importante probleme cu care se confrunt\u0103 sectorul \u00een prezent.  <\/p>\n\n<h2 class=\"wp-block-heading\"><strong>  Echipamentul potrivit: o solu\u021bie practic\u0103, imediat\u0103  <\/strong><\/h2>\n\n<p>Confrunta\u021bi cu aceast\u0103 situa\u021bie, este esen\u021bial s\u0103 lua\u021bi m\u0103suri. Iar unul dintre cele mai eficiente r\u0103spunsuri este <strong>echipamentul potrivit<\/strong>. Aici intervin <strong>solu\u021biile OberA<\/strong>, concepute special pentru a \u00eendeplini cerin\u021bele atelierelor \u0219i \u0219antierelor de t\u0103iere a pietrei.    <\/p>\n\n<h3 class=\"wp-block-heading\"><strong>  Solu\u021biile OberA includ:  <\/strong><\/h3>\n\n<ul class=\"wp-block-list\">\n<li><strong>Colectori de praf industrial <\/strong>: pentru a capta praful direct de la surs\u0103, c\u00e2t mai aproape posibil de unelte \u0219i de zonele de emisie.  <\/li>\n\n\n\n<li><strong>Purificatoare de aer <\/strong>: pentru tratarea aerului ambiental din atelier \u0219i reducerea concentra\u021biei de particule \u00een suspensie.  <\/li>\n\n\n\n<li><strong>Unit\u0103\u021bi mobile de extrac\u021bie <\/strong>: o solu\u021bie flexibil\u0103 pentru opera\u021biuni punctuale sau zone f\u0103r\u0103 extrac\u021bie fix\u0103, permi\u021b\u00e2nd ac\u021biuni locale eficiente.<\/li>\n<\/ul>\n\n<p>Acest echipament joac\u0103 un rol activ \u00een <strong>reducerea expunerii lucr\u0103torilor la praf<\/strong>, \u00een conformitate cu cerin\u021bele de reglementare \u0219i cu recomand\u0103rile serviciilor de prevenire.  <\/p>\n\n<div class=\"wp-block-columns is-layout-flex wp-container-core-columns-is-layout-28f84493 wp-block-columns-is-layout-flex\">\n<div class=\"wp-block-column is-layout-flow wp-block-column-is-layout-flow\">\n<figure class=\"wp-block-image aligncenter size-large is-resized\"><img decoding=\"async\" width=\"1024\" height=\"724\" src=\"https:\/\/obera.fr\/wp-content\/uploads\/2025\/05\/depoussiereur-mobile-2-1024x724.png\" alt=\"colector de praf mobil (2)\" class=\"wp-image-104459\" style=\"width:295px;height:auto\" srcset=\"https:\/\/obera.fr\/wp-content\/uploads\/2025\/05\/depoussiereur-mobile-2-1024x724.png 1024w, https:\/\/obera.fr\/wp-content\/uploads\/2025\/05\/depoussiereur-mobile-2-300x212.png 300w, https:\/\/obera.fr\/wp-content\/uploads\/2025\/05\/depoussiereur-mobile-2-768x543.png 768w, https:\/\/obera.fr\/wp-content\/uploads\/2025\/05\/depoussiereur-mobile-2-1536x1086.png 1536w, https:\/\/obera.fr\/wp-content\/uploads\/2025\/05\/depoussiereur-mobile-2.png 2000w\" sizes=\"(max-width: 1024px) 100vw, 1024px\" \/><figcaption class=\"wp-element-caption\"><strong>Colectori de praf<\/strong><\/figcaption><\/figure>\n<\/div>\n\n\n\n<div class=\"wp-block-column is-layout-flow wp-block-column-is-layout-flow\">\n<figure class=\"wp-block-image aligncenter size-full is-resized\"><img decoding=\"async\" width=\"440\" height=\"440\" src=\"https:\/\/obera.fr\/wp-content\/uploads\/2024\/05\/purificateurs-dair-min.png\" alt=\"purificatoare de aer obera\" class=\"wp-image-30667\" style=\"width:204px;height:auto\" srcset=\"https:\/\/obera.fr\/wp-content\/uploads\/2024\/05\/purificateurs-dair-min.png 440w, https:\/\/obera.fr\/wp-content\/uploads\/2024\/05\/purificateurs-dair-min-300x300.png 300w, https:\/\/obera.fr\/wp-content\/uploads\/2024\/05\/purificateurs-dair-min-150x150.png 150w\" sizes=\"(max-width: 440px) 100vw, 440px\" \/><figcaption class=\"wp-element-caption\"><strong>Purificatoare<\/strong><\/figcaption><\/figure>\n<\/div>\n\n\n\n<div class=\"wp-block-column is-layout-flow wp-block-column-is-layout-flow\">\n<figure class=\"wp-block-image aligncenter size-large is-resized\"><img decoding=\"async\" width=\"1024\" height=\"1024\" src=\"https:\/\/obera.fr\/wp-content\/uploads\/2024\/05\/epurbox-brs-1024x1024.png\" alt=\"epurbox brs\" class=\"wp-image-30328\" style=\"width:204px;height:auto\" srcset=\"https:\/\/obera.fr\/wp-content\/uploads\/2024\/05\/epurbox-brs-1024x1024.png 1024w, https:\/\/obera.fr\/wp-content\/uploads\/2024\/05\/epurbox-brs-300x300.png 300w, https:\/\/obera.fr\/wp-content\/uploads\/2024\/05\/epurbox-brs-150x150.png 150w, https:\/\/obera.fr\/wp-content\/uploads\/2024\/05\/epurbox-brs-768x768.png 768w, https:\/\/obera.fr\/wp-content\/uploads\/2024\/05\/epurbox-brs.png 1200w\" sizes=\"(max-width: 1024px) 100vw, 1024px\" \/><figcaption class=\"wp-element-caption\"><strong>Piedestaluri mobile<\/strong><\/figcaption><\/figure>\n<\/div>\n<\/div>\n\n<h3 class=\"wp-block-heading\"><strong>  Dustlight: m\u0103surarea este control  <\/strong><\/h3>\n\n<p>Dar echiparea atelierului nu este suficient\u0103: trebuie, de asemenea, s\u0103 <strong>m\u0103sura\u021bi continuu calitatea aerului <\/strong>pentru a v\u0103 asigura c\u0103 v\u0103 afla\u021bi \u00eentr-o zon\u0103 sigur\u0103.  <\/p>\n\n<p>Acesta este rolul lui <strong>Dustlight<\/strong>, analizorul nostru inteligent de aer.  <\/p>\n\n<p>Compact, robust \u0219i u\u0219or de utilizat, Dustlight <strong>m\u0103soar\u0103 concentra\u021biile de particule fine (PM1, PM2.5, PM10) \u00een timp real <\/strong>\u0219i v\u0103 alerteaz\u0103 dac\u0103 pragurile sunt dep\u0103\u0219ite.  <\/p>\n\n<p>Datorit\u0103 interfe\u021bei sale conectate, acesta permite <strong>monitorizarea precis\u0103 \u0219i documentat\u0103 a expunerii<\/strong>, pentru \u0219efii de atelier, managerii HSE sau artizanii preocupa\u021bi de s\u0103n\u0103tate.  <\/p>\n\n<h2 class=\"wp-block-heading\"><strong>  Lucrul cu piatra f\u0103r\u0103 a v\u0103 afecta s\u0103n\u0103tatea  <\/strong><\/h2>\n\n<p>Protejarea profesioni\u0219tilor din acest sector necesit\u0103 o viziune complet\u0103: <strong>\u2192 captarea prafului, purificarea aerului, aspirarea la surs\u0103 cu solu\u021biile OberA<\/strong>, <strong>\u2192 \u0219i controlul expunerii cu Dustlight <\/strong>.  <\/p>\n\n<p>P\u0103strarea s\u0103n\u0103t\u0103\u021bii \u00eenseamn\u0103, de asemenea, p\u0103strarea gesturilor, a transmiterii \u0219i a calit\u0103\u021bii lucrului bine f\u0103cut.  <\/p>\n\n<p><strong>Pentru c\u0103 \u00een spatele fiec\u0103rei lucr\u0103ri de piatr\u0103 se afl\u0103 o m\u00e2n\u0103 expert\u0103, haide\u021bi s\u0103 \u00eei oferim un aer demn de respirat.<\/strong><\/p>\n","protected":false},"excerpt":{"rendered":"<p>Meseriile legate de piatr\u0103 sunt printre cele mai nobile \u0219i mai solicitante din lumea me\u0219te\u0219ugurilor \u0219i a industriei. T\u0103ietorii de piatr\u0103, gravorii, cioplitorii \u00een marmur\u0103, sculptorii \u0219i lucr\u0103torii din cariere \u00ee\u0219i exercit\u0103 abilit\u0103\u021bile pre\u021bioase, adesea \u00een condi\u021bii dificile.   <\/p>\n","protected":false},"author":13,"featured_media":112254,"comment_status":"open","ping_status":"closed","sticky":false,"template":"","format":"standard","meta":{"_acf_changed":false,"_seopress_robots_primary_cat":"none","_seopress_titles_title":"M\u00e9tiers de la pierre : pr\u00e9server la sant\u00e9 face aux poussi\u00e8res \u2013 OberA","_seopress_titles_desc":"Exposition \u00e0 la silice, p\u00e9nibilit\u00e9, esp\u00e9rance de vie r\u00e9duite : OberA agit pour un air sain et s\u00e9curis\u00e9 dans les m\u00e9tiers de la pierre. Prot\u00e9gez vos \u00e9quipes.","_seopress_robots_index":"","footnotes":""},"categories":[144],"tags":[],"class_list":["post-109145","post","type-post","status-publish","format-standard","has-post-thumbnail","hentry","category-sfatul-nostru","generate-columns","tablet-grid-50","mobile-grid-100","grid-parent","grid-50","no-featured-image-padding","resize-featured-image"],"acf":[],"_links":{"self":[{"href":"https:\/\/obera.fr\/ro\/wp-json\/wp\/v2\/posts\/109145","targetHints":{"allow":["GET"]}}],"collection":[{"href":"https:\/\/obera.fr\/ro\/wp-json\/wp\/v2\/posts"}],"about":[{"href":"https:\/\/obera.fr\/ro\/wp-json\/wp\/v2\/types\/post"}],"author":[{"embeddable":true,"href":"https:\/\/obera.fr\/ro\/wp-json\/wp\/v2\/users\/13"}],"replies":[{"embeddable":true,"href":"https:\/\/obera.fr\/ro\/wp-json\/wp\/v2\/comments?post=109145"}],"version-history":[{"count":2,"href":"https:\/\/obera.fr\/ro\/wp-json\/wp\/v2\/posts\/109145\/revisions"}],"predecessor-version":[{"id":111983,"href":"https:\/\/obera.fr\/ro\/wp-json\/wp\/v2\/posts\/109145\/revisions\/111983"}],"wp:featuredmedia":[{"embeddable":true,"href":"https:\/\/obera.fr\/ro\/wp-json\/wp\/v2\/media\/112254"}],"wp:attachment":[{"href":"https:\/\/obera.fr\/ro\/wp-json\/wp\/v2\/media?parent=109145"}],"wp:term":[{"taxonomy":"category","embeddable":true,"href":"https:\/\/obera.fr\/ro\/wp-json\/wp\/v2\/categories?post=109145"},{"taxonomy":"post_tag","embeddable":true,"href":"https:\/\/obera.fr\/ro\/wp-json\/wp\/v2\/tags?post=109145"}],"curies":[{"name":"wp","href":"https:\/\/api.w.org\/{rel}","templated":true}]}}