{"id":109274,"date":"2025-06-11T11:10:04","date_gmt":"2025-06-11T09:10:04","guid":{"rendered":"https:\/\/obera.fr\/nase-rada\/rafraichisseur-secteur-evenementiel\/"},"modified":"2025-07-16T11:07:52","modified_gmt":"2025-07-16T09:07:52","slug":"rafraichisseur-secteur-evenementiel","status":"publish","type":"post","link":"https:\/\/obera.fr\/ro\/arte-divertisment-si-recreere\/rafraichisseur-secteur-evenementiel\/","title":{"rendered":"R\u0103citor de aer pentru sectorul evenimentelor"},"content":{"rendered":"\n<p>\u00cen <strong>sectorul evenimentelor<\/strong>, garantarea confortului termic al echipelor \u0219i participan\u021bilor dumneavoastr\u0103 este esen\u021bial\u0103 pentru succesul evenimentelor dumneavoastr\u0103. OberA, un specialist recunoscut \u00een tratarea aerului industrial, ofer\u0103 solu\u021bii <a href=\"https:\/\/obera.fr\/ro\/produits\/rafraichisseurs-air\/\">mobile de r\u0103cire adiabatic\u0103<\/a> de \u00eenalt\u0103 performan\u021b\u0103, ecologice, adaptate cerin\u021belor evenimentelor temporare.<\/p>\n\n<h2 class=\"wp-block-heading\">De ce s\u0103 alege\u021bi un r\u0103citor de aer pentru evenimentele dumneavoastr\u0103?<\/h2>\n\n<h3 class=\"wp-block-heading\">Gestionarea c\u0103ldurii, o provocare pentru performan\u021ba evenimentelor<\/h3>\n\n<p>Fie c\u0103 este vorba despre o <strong>expozi\u021bie comercial\u0103 sub un cort<\/strong>, un festival \u00een soare sau o nunt\u0103 \u00een aer liber, temperatura ambiental\u0103 joac\u0103 un rol central \u00een experien\u021ba participan\u021bilor. O atmosfer\u0103 sufocant\u0103 diminueaz\u0103 ambian\u021ba, favorizeaz\u0103 oboseala \u0219i poate chiar compromite siguran\u021ba \u00een zonele cu densitate mare. \u00cen plus, un eveniment expus c\u0103ldurii excesive se poate transforma rapid \u00eentr-o experien\u021b\u0103 nepl\u0103cut\u0103, cu <strong>participan\u021bi care \u00ee\u0219i scurteaz\u0103 vizita,<\/strong> o sc\u0103dere a prezen\u021bei la standuri \u0219i un disconfort general.  <\/p>\n\n<p><\/p>\n\n<p>Pe de alt\u0103 parte, asigurarea unor <strong>zone de r\u0103cire eficiente<\/strong>, bine ventilate \u0219i pl\u0103cute prelunge\u0219te durata de prezen\u021b\u0103, \u00eencurajeaz\u0103 interac\u021biunea \u0219i ofer\u0103 organiza\u021biei dvs. o imagine de \u00eenalt\u0103 calitate. Pe scurt, <strong>odorizantele industriale<\/strong> sunt mult mai mult dec\u00e2t un confort: ele sunt p\u00e2rghii pentru performan\u021ba evenimentului. <\/p>\n\n<h3 class=\"wp-block-heading\">R\u0103citoare de aer: solu\u021bia ideal\u0103 pentru mediile de evenimente<\/h3>\n\n<p>R\u0103citoarele de aer r\u0103cite cu ap\u0103, cunoscute \u0219i sub denumirea de <strong>r\u0103citoare adiabatice<\/strong>, sunt solu\u021bia ideal\u0103 pentru crearea unui mediu temperat, f\u0103r\u0103 instala\u021bii grele sau consum excesiv de energie. Spre deosebire de aparatele de aer condi\u021bionat conven\u021bionale, acestea nu necesit\u0103 un circuit de refrigerare, nu consum\u0103 petrol sau gaze \u0219i nu expulzeaz\u0103 aer cald \u00een exterior. Este o tehnologie natural\u0103, bazat\u0103 pe un principiu simplu, dar puternic:<strong>evaporarea apei <\/strong>scade temperatura ambiental\u0103 rapid, economic \u0219i ecologic.  <\/p>\n\n<p><\/p>\n\n<div class=\"wp-block-columns is-layout-flex wp-container-core-columns-is-layout-28f84493 wp-block-columns-is-layout-flex\">\n<div class=\"wp-block-column is-layout-flow wp-block-column-is-layout-flow\" style=\"flex-basis:66.66%\">\n<h3 class=\"wp-block-heading\">Echipament proiectat pentru cerin\u021bele evenimentelor<\/h3>\n\n\n\n<p><strong>R\u0103citoarele de aer oferite de OberA<\/strong> au fost special selectate pentru a r\u0103spunde constr\u00e2ngerilor din mediile temporare: compactitate, putere, mobilitate pe ro\u021bi, autonomie mare datorit\u0103 rezervoarelor de ap\u0103 integrate \u0219i, mai presus de toate, eficien\u021b\u0103 de r\u0103cire dovedit\u0103.<\/p>\n\n\n\n<blockquote class=\"wp-block-quote is-layout-flow wp-block-quote-is-layout-flow\">\n<p><em>Aer mai rece \u00een mod natural, f\u0103r\u0103 constr\u00e2ngeri tehnice: odorizantele de aer mobile OberA ofer\u0103<\/em><strong><em> prospe\u021bime imediat\u0103<\/em><\/strong><em>Acestea sunt simplu de instalat, f\u0103r\u0103 a fi nevoie de re\u021bele electrice supradimensionate sau de \u00eentre\u021binere complex\u0103.<\/em><\/p>\n<\/blockquote>\n\n\n\n<p>Acestea pot fi utilizate la toate tipurile de evenimente, de la standul de b\u0103uturi r\u0103coritoare de la o pia\u021b\u0103 de noapte p\u00e2n\u0103 la zona VIP de la un concert sau pe culoarele unui t\u00e2rg. Sunt <strong>u\u0219or \u0219i rapid de utilizat<\/strong>, astfel \u00eenc\u00e2t organizatorii se pot concentra pe ceea ce este important: s\u0103 se asigure c\u0103 evenimentul se desf\u0103\u0219oar\u0103 f\u0103r\u0103 probleme. <\/p>\n\n\n\n<h2 class=\"wp-block-heading\">Ce evenimente necesit\u0103 un r\u0103citor de aer?<\/h2>\n\n\n\n<ul class=\"wp-block-list\">\n<li><strong>Evenimente \u00een aer liber <\/strong>(nun\u021bi, festivaluri, concerte, pie\u021be): \u00een medii deschise, odorizantele de aer pot crea zone r\u0103coroase, oferind participan\u021bilor un refugiu de c\u0103ldur\u0103.<\/li>\n\n\n\n<li><strong>Evenimente sub corturi sau \u00een spa\u021bii \u00eenchise<\/strong> (t\u00e2rguri, expozi\u021bii, conferin\u021be): \u00een spa\u021bii \u00eenchise, aceste unit\u0103\u021bi circul\u0103 aer proasp\u0103t, \u00eembun\u0103t\u0103\u021bind calitatea aerului \u0219i confortul termic.<\/li>\n\n\n\n<li><strong>Zone specifice<\/strong> (zone VIP, scene, standuri, zone de b\u0103uturi r\u0103coritoare): r\u0103citoarele de aer pot fi amplasate strategic pentru a viza zone specifice care necesit\u0103 o r\u0103cire special\u0103.<\/li>\n<\/ul>\n\n\n\n<p><\/p>\n<\/div>\n\n\n\n<div class=\"wp-block-column is-layout-flow wp-block-column-is-layout-flow\" style=\"flex-basis:33.33%\">\n<figure class=\"wp-block-image aligncenter size-large is-resized\"><img decoding=\"async\" width=\"1024\" height=\"681\" src=\"https:\/\/obera.fr\/wp-content\/uploads\/2025\/07\/mva-samedi-16-1024x681.jpg\" alt=\"mva s&#xE2;mb&#x103;t&#x103; 16\" class=\"wp-image-119364\" style=\"width:242px;height:auto\" srcset=\"https:\/\/obera.fr\/wp-content\/uploads\/2025\/07\/mva-samedi-16-1024x681.jpg 1024w, https:\/\/obera.fr\/wp-content\/uploads\/2025\/07\/mva-samedi-16-300x200.jpg 300w, https:\/\/obera.fr\/wp-content\/uploads\/2025\/07\/mva-samedi-16-768x511.jpg 768w, https:\/\/obera.fr\/wp-content\/uploads\/2025\/07\/mva-samedi-16-1536x1022.jpg 1536w, https:\/\/obera.fr\/wp-content\/uploads\/2025\/07\/mva-samedi-16-2048x1363.jpg 2048w\" sizes=\"(max-width: 1024px) 100vw, 1024px\" \/><\/figure>\n\n\n\n<p><\/p>\n\n\n\n<figure class=\"wp-block-image aligncenter size-large is-resized\"><img decoding=\"async\" width=\"1024\" height=\"1024\" src=\"https:\/\/obera.fr\/wp-content\/uploads\/2025\/06\/4-2-1024x1024.png\" alt=\"Festivalul Visual 2.0\" class=\"wp-image-115927\" style=\"width:249px;height:auto\" srcset=\"https:\/\/obera.fr\/wp-content\/uploads\/2025\/06\/4-2-1024x1024.png 1024w, https:\/\/obera.fr\/wp-content\/uploads\/2025\/06\/4-2-300x300.png 300w, https:\/\/obera.fr\/wp-content\/uploads\/2025\/06\/4-2-150x150.png 150w, https:\/\/obera.fr\/wp-content\/uploads\/2025\/06\/4-2-768x768.png 768w, https:\/\/obera.fr\/wp-content\/uploads\/2025\/06\/4-2.png 1200w\" sizes=\"(max-width: 1024px) 100vw, 1024px\" \/><\/figure>\n\n\n\n<p><\/p>\n\n\n\n<figure class=\"wp-block-image aligncenter size-large is-resized\"><img decoding=\"async\" width=\"1024\" height=\"683\" src=\"https:\/\/obera.fr\/wp-content\/uploads\/2025\/07\/gk8a2996-2-1024x683.jpg\" alt=\"gk8a2996 2\" class=\"wp-image-119249\" style=\"width:243px;height:auto\" srcset=\"https:\/\/obera.fr\/wp-content\/uploads\/2025\/07\/gk8a2996-2-1024x683.jpg 1024w, https:\/\/obera.fr\/wp-content\/uploads\/2025\/07\/gk8a2996-2-300x200.jpg 300w, https:\/\/obera.fr\/wp-content\/uploads\/2025\/07\/gk8a2996-2-768x512.jpg 768w, https:\/\/obera.fr\/wp-content\/uploads\/2025\/07\/gk8a2996-2-1536x1024.jpg 1536w, https:\/\/obera.fr\/wp-content\/uploads\/2025\/07\/gk8a2996-2-2048x1365.jpg 2048w\" sizes=\"(max-width: 1024px) 100vw, 1024px\" \/><\/figure>\n<\/div>\n<\/div>\n\n<h2 class=\"wp-block-heading\">Cum func\u021bioneaz\u0103 odorizantele de aer?<\/h2>\n\n<h3 class=\"wp-block-heading\">Principiul evapor\u0103rii apei: o tehnologie natural\u0103 \u0219i eficient\u0103<\/h3>\n\n<p><strong>Odorizantele de aer oferite de OberA<\/strong> utilizeaz\u0103 principiul adiabatic, \u00een care aerul cald este aspirat \u0219i trece prin medii filtrante umidificate. Evaporarea apei absoarbe c\u0103ldura, produc\u00e2nd aer mai rece care este difuzat \u00een tot spa\u021biul. <\/p>\n\n<h3 class=\"wp-block-heading\">Cu ce difer\u0103 ventilatoarele \u0219i aparatele de aer condi\u021bionat?<\/h3>\n\n<p>Spre deosebire de ventilatoare, care pur \u0219i simplu<strong> <\/strong><a href=\"https:\/\/obera.fr\/ro\/sfatul-nostru\/rafraichisseur-air-basse-temperature\/\">Agit\u00e2nd aerul cald f\u0103r\u0103 a-i schimba temperatura<\/a>, odorizantele de aer scad de fapt temperatura ambiental\u0103 datorit\u0103 unui sistem de pulverizare prin evaporare. Acestea creeaz\u0103 o senza\u021bie imediat\u0103 \u0219i natural\u0103 de prospe\u021bime, chiar \u0219i \u00een aer liber sau \u00een structuri temporare \u00een care ventilatoarele sunt ineficiente. <\/p>\n\n<p><\/p>\n\n<p>Aparatele de aer condi\u021bionat, pe de alt\u0103 parte, <strong>necesit\u0103 o instalare fix\u0103<\/strong>, o surs\u0103 de alimentare puternic\u0103 \u0219i un sistem de evacuare a aerului cald. Acestea sunt eficiente, dar nu foarte potrivite pentru evenimente unice, evenimente \u00een aer liber sau evenimente sub un cort. R\u0103citoarele sunt mai simplu de instalat, consum\u0103 mai pu\u021bin\u0103 energie \u0219i nu utilizeaz\u0103 nici gaz, nici petrol. Acestea ofer\u0103 o alternativ\u0103 mobil\u0103, economic\u0103 \u0219i ecologic\u0103. Aceast\u0103 <strong>combina\u021bie unic\u0103 de eficien\u021b\u0103<\/strong>, simplitate \u0219i flexibilitate face din r\u0103citoarele cu aer solu\u021bia cea mai potrivit\u0103 pentru a garanta confortul \u0219i prospe\u021bimea la evenimentele dumneavoastr\u0103.    <br\/><\/p>\n\n<h2 class=\"wp-block-heading\">Beneficiile r\u0103citoarelor de aer pentru evenimente<\/h2>\n\n<div class=\"wp-block-columns is-layout-flex wp-container-core-columns-is-layout-28f84493 wp-block-columns-is-layout-flex\">\n<div class=\"wp-block-column is-layout-flow wp-block-column-is-layout-flow\" style=\"flex-basis:33.33%\">\n<figure class=\"wp-block-image aligncenter size-large is-resized\"><img decoding=\"async\" width=\"1024\" height=\"1024\" src=\"https:\/\/obera.fr\/wp-content\/uploads\/2025\/01\/image-avantages-1024x1024.jpg\" alt=\"avantaje de imagine\" class=\"wp-image-57732\" style=\"width:167px;height:auto\" srcset=\"https:\/\/obera.fr\/wp-content\/uploads\/2025\/01\/image-avantages-1024x1024.jpg 1024w, https:\/\/obera.fr\/wp-content\/uploads\/2025\/01\/image-avantages-300x300.jpg 300w, https:\/\/obera.fr\/wp-content\/uploads\/2025\/01\/image-avantages-150x150.jpg 150w, https:\/\/obera.fr\/wp-content\/uploads\/2025\/01\/image-avantages-768x768.jpg 768w, https:\/\/obera.fr\/wp-content\/uploads\/2025\/01\/image-avantages-400x400.jpg 400w, https:\/\/obera.fr\/wp-content\/uploads\/2025\/01\/image-avantages-600x600.jpg 600w, https:\/\/obera.fr\/wp-content\/uploads\/2025\/01\/image-avantages.jpg 1200w\" sizes=\"(max-width: 1024px) 100vw, 1024px\" \/><\/figure>\n<\/div>\n\n\n\n<div class=\"wp-block-column is-layout-flow wp-block-column-is-layout-flow\" style=\"flex-basis:66.66%\">\n<ul class=\"wp-block-list\">\n<li><strong>Reducerea imediat\u0103 a temperaturii<\/strong> \u00een zonele deschise sau semi-deschise;<\/li>\n\n\n\n<li>Nu este nevoie de gaz, ulei sau instalare complex\u0103;<\/li>\n\n\n\n<li>Consum redus de energie, ideal pentru site-uri cu alimentare limitat\u0103;<\/li>\n\n\n\n<li>Mobilitate total\u0103: u\u0219or de mutat de la un spa\u021biu la altul;<\/li>\n\n\n\n<li>Func\u021bionare simpl\u0103, f\u0103r\u0103 \u00eentre\u021binere grea;<\/li>\n\n\n\n<li>Solu\u021bie ecologic\u0103 bazat\u0103 pe utilizarea natural\u0103 a apei.<\/li>\n<\/ul>\n<\/div>\n<\/div>\n\n<p><em>Cuv\u00e2ntul expertului: consum\u00e2nd de p\u00e2n\u0103 la 10 ori mai pu\u021bin\u0103 energie electric\u0103 dec\u00e2t un aparat de aer condi\u021bionat tradi\u021bional, OberA<\/em><strong><em> odorizantele de aer OberA sunt o alternativ\u0103 ecologic\u0103<\/em><\/strong><em>F\u0103r\u0103 emisii de gaze cu efect de ser\u0103, acestea sunt perfect adaptate la nevoile sectorului evenimentelor.<\/em><\/p>\n\n<p><\/p>\n\n<h2 class=\"wp-block-heading\">Cum aleg un r\u0103citor de aer pentru un eveniment?<\/h2>\n\n<p>Fiecare eveniment are <strong>constr\u00e2ngerile<\/strong> sale <strong>specifice<\/strong>: suprafa\u021ba, configura\u021bia, durata, densitatea publicului etc. Pentru a garanta o eficien\u021b\u0103 optim\u0103 \u0219i un confort constant, este esen\u021bial s\u0103 alege\u021bi un model adaptat nevoilor dumneavoastr\u0103 reale. Iat\u0103 care sunt principalele criterii de luat \u00een considerare. <\/p>\n\n<h3 class=\"wp-block-heading\">Capacitatea de r\u0103cire \u0219i debitul de aer<\/h3>\n\n<p>Este esen\u021bial s\u0103 alege\u021bi o unitate cu un debit de aer care <strong>s\u0103 corespund\u0103 dimensiunii spa\u021biului care urmeaz\u0103 s\u0103 fie r\u0103cit<\/strong>. De exemplu, <a href=\"https:\/\/obera.fr\/ro\/produits\/rafraichisseurs-air\/rafraichisseurs-par-evaporation-ic\/\">modelul IC30 de la OberA<\/a> ofer\u0103 un debit de aer de 30.000 m\u00b3\/h, potrivit pentru suprafe\u021be cuprinse \u00eentre 200 \u0219i 400 m\u00b2. <\/p>\n\n<h3 class=\"wp-block-heading\">Autonomia \u0219i capacitatea rezervorului<\/h3>\n\n<p>Un rezervor<strong> cu capacitate mare garanteaz\u0103 o autonomie extins\u0103<\/strong>. Din gama noastr\u0103 de r\u0103citoare, modelul IC30, de exemplu, are un rezervor de 280 L, oferind 7 ore de autonomie. <\/p>\n\n<h3 class=\"wp-block-heading\">U\u0219urin\u021ba transportului, instal\u0103rii \u0219i \u00eentre\u021binerii<\/h3>\n\n<p>R\u0103citoarele OberA sunt <strong>unit\u0103\u021bi compacte, mobile,<\/strong> concepute pentru instalare rapid\u0103 \u0219i \u00eentre\u021binere simplificat\u0103. Designul lor le face ideale pentru utilizarea temporar\u0103. <\/p>\n\n<h3 class=\"wp-block-heading\">Echipament OberA adaptat la evenimente<\/h3>\n\n<p>OberA ofer\u0103 o gam\u0103 larg\u0103 de r\u0103citoare de aer pentru a satisface nevoile specifice ale fiec\u0103rui eveniment.<\/p>\n\n<ul class=\"wp-block-list\">\n<li>IC12: compact \u0219i mobil, ideal pentru suprafe\u021be de p\u00e2n\u0103 la 100 m\u00b2.<br\/><\/li>\n\n\n\n<li>IC22: versatil, potrivit pentru spa\u021bii de 100 p\u00e2n\u0103 la 200 m\u00b2.<br\/><\/li>\n\n\n\n<li>IC30: performan\u021b\u0103 ridicat\u0103, proiectat pentru suprafe\u021be de 200 p\u00e2n\u0103 la 400 m\u00b2 .<br\/><\/li>\n<\/ul>\n\n<blockquote class=\"wp-block-quote is-layout-flow wp-block-quote-is-layout-flow\">\n<p><em>Punctele forte ale OberA: fie pentru \u00eenchiriere sau cump\u0103rare, solu\u021biile noastre sunt concepute pentru a se adapta nevoilor dumneavoastr\u0103 specifice. Pentru   <\/em><strong><em>asigurarea succesului evenimentelor dumneavoastr\u0103<\/em><\/strong><em>V\u0103 vom livra echipamentul rapid \u0219i direct la locul evenimentului. \u00cen cele din urm\u0103, oferim asisten\u021b\u0103 tehnic\u0103 pentru instalarea \u0219i \u00eentre\u021binerea echipamentului dvs. <\/em><br\/><\/p>\n<\/blockquote>\n\n<h2 class=\"wp-block-heading\">Tabel comparativ al solu\u021biilor OberA<\/h2>\n\n<figure class=\"wp-block-table\"><table class=\"has-fixed-layout\"><tbody><tr><td>Model<\/td><td>Debitul de aer (m\u00b3\/h)<\/td><td>Suprafa\u021ba acoperit\u0103 (m\u00b2)<\/td><td>Capacitatea rezervorului (L)<\/td><td>Autonomie (ore)<\/td><td>Nivelul de zgomot (dB)<\/td><\/tr><tr><td>IC12<\/td><td>12,000 m\u00b3\/h<\/td><td>80 p\u00e2n\u0103 la 150 m\u00b2 de suprafa\u021b\u0103<\/td><td>70 L<\/td><td>8h<\/td><td>63 dB<\/td><\/tr><tr><td>IC22<\/td><td>22,000 m\u00b3\/h<\/td><td>P\u00e2n\u0103 la 250 m\u00b2 de suprafa\u021b\u0103<\/td><td>130 L<\/td><td>8h<\/td><td>68 dB<\/td><\/tr><tr><td>IC30<\/td><td>30.000 m\u00b3\/h<\/td><td>200 p\u00e2n\u0103 la 400 m\u00b2 de suprafa\u021b\u0103<\/td><td>280 L<\/td><td>7h<\/td><td>70 dB<\/td><\/tr><\/tbody><\/table><\/figure>\n\n<h2 class=\"wp-block-heading\">De ce s\u0103 alege\u021bi OberA pentru evenimentele dumneavoastr\u0103?<\/h2>\n\n<ul class=\"wp-block-list\">\n<li><strong>Produse dovedite<\/strong> \u00een cele mai solicitante medii (industrie, \u0219antiere de construc\u021bii, evenimente);<br\/><\/li>\n\n\n\n<li>Un <strong>r\u0103spuns rapid la solicit\u0103rile dvs. cu livrare<\/strong> la fa\u021ba locului \u00een termen de 24 p\u00e2n\u0103 la 72 de ore, \u00een func\u021bie de zon\u0103;<br\/><\/li>\n\n\n\n<li><strong>Asisten\u021b\u0103 de specialitate de la definirea<\/strong> nevoilor dumneavoastr\u0103 p\u00e2n\u0103 la implementarea solu\u021biei;<br\/><\/li>\n<\/ul>\n\n<p>Serviciu clien\u021bi receptiv, disponibil prin e-mail sau telefon \u00een orice moment.<\/p>\n","protected":false},"excerpt":{"rendered":"<p>\u00cen sectorul evenimentelor, garantarea confortului termic al echipelor \u0219i participan\u021bilor dumneavoastr\u0103 este esen\u021bial\u0103 pentru succesul evenimentelor dumneavoastr\u0103.  <\/p>\n","protected":false},"author":13,"featured_media":113696,"comment_status":"open","ping_status":"closed","sticky":false,"template":"","format":"standard","meta":{"_acf_changed":false,"_seopress_robots_primary_cat":"none","_seopress_titles_title":"R\u0103citor de aer pentru evenimente Cump\u0103r \u0219i \u00eenchiriez","_seopress_titles_desc":"Alege\u021bi odorizante de grad industrial pentru evenimentele dumneavoastr\u0103: mobile, puternice, economice. Livrare rapid\u0103, pre\u021buri competitive, consiliere la comand\u0103.","_seopress_robots_index":"","footnotes":""},"categories":[591],"tags":[472],"class_list":["post-109274","post","type-post","status-publish","format-standard","has-post-thumbnail","hentry","category-arte-divertisment-si-recreere","tag-racitoare","generate-columns","tablet-grid-50","mobile-grid-100","grid-parent","grid-50","no-featured-image-padding","resize-featured-image"],"acf":[],"_links":{"self":[{"href":"https:\/\/obera.fr\/ro\/wp-json\/wp\/v2\/posts\/109274","targetHints":{"allow":["GET"]}}],"collection":[{"href":"https:\/\/obera.fr\/ro\/wp-json\/wp\/v2\/posts"}],"about":[{"href":"https:\/\/obera.fr\/ro\/wp-json\/wp\/v2\/types\/post"}],"author":[{"embeddable":true,"href":"https:\/\/obera.fr\/ro\/wp-json\/wp\/v2\/users\/13"}],"replies":[{"embeddable":true,"href":"https:\/\/obera.fr\/ro\/wp-json\/wp\/v2\/comments?post=109274"}],"version-history":[{"count":2,"href":"https:\/\/obera.fr\/ro\/wp-json\/wp\/v2\/posts\/109274\/revisions"}],"predecessor-version":[{"id":122213,"href":"https:\/\/obera.fr\/ro\/wp-json\/wp\/v2\/posts\/109274\/revisions\/122213"}],"wp:featuredmedia":[{"embeddable":true,"href":"https:\/\/obera.fr\/ro\/wp-json\/wp\/v2\/media\/113696"}],"wp:attachment":[{"href":"https:\/\/obera.fr\/ro\/wp-json\/wp\/v2\/media?parent=109274"}],"wp:term":[{"taxonomy":"category","embeddable":true,"href":"https:\/\/obera.fr\/ro\/wp-json\/wp\/v2\/categories?post=109274"},{"taxonomy":"post_tag","embeddable":true,"href":"https:\/\/obera.fr\/ro\/wp-json\/wp\/v2\/tags?post=109274"}],"curies":[{"name":"wp","href":"https:\/\/api.w.org\/{rel}","templated":true}]}}