{"id":109363,"date":"2025-06-12T10:23:50","date_gmt":"2025-06-12T08:23:50","guid":{"rendered":"https:\/\/obera.fr\/nase-rada\/local-compresseur-surchauffe\/"},"modified":"2025-06-16T14:50:55","modified_gmt":"2025-06-16T12:50:55","slug":"local-compresseur-surchauffe","status":"publish","type":"post","link":"https:\/\/obera.fr\/ro\/sfatul-nostru\/local-compresseur-surchauffe\/","title":{"rendered":"Camera compresorului supra\u00eenc\u0103lzit\u0103: cum au salvat produc\u021bia solu\u021biile OberA?"},"content":{"rendered":"\n<h2 class=\"wp-block-heading\">Constat\u0103ri: o camer\u0103 de compresoare de 100 m\u00b2 care nu poate fi utilizat\u0103 pe vreme cald\u0103<\/h2>\n\n<p>\u00cen apropierea verii, un client industrial ne-a contactat de urgen\u021b\u0103. Camera sa de compresoare <strong>de 100 m\u00b2<\/strong> se transforma \u00eentr-un cuptor de \u00eendat\u0103 ce temperatura exterioar\u0103 dep\u0103\u0219ea 30\u00b0C. Ca urmare, <strong>compresoarele<\/strong> se opreau din cauza c\u0103ldurii ambientale, ceea ce ducea la oprirea complet\u0103 a produc\u021biei.  <\/p>\n\n<p>Acesta este un caz tipic: \u00een industrie, camerele tehnice sunt adesea slab ventilate, f\u0103r\u0103 aer condi\u021bionat dedicat. Cu toate acestea, ele ad\u0103postesc echipamente esen\u021biale care eman\u0103 o cantitate enorm\u0103 de c\u0103ldur\u0103. <\/p>\n\n<p><\/p>\n\n<div class=\"wp-block-columns is-layout-flex wp-container-core-columns-is-layout-28f84493 wp-block-columns-is-layout-flex\">\n<div class=\"wp-block-column is-layout-flow wp-block-column-is-layout-flow\">\n<figure class=\"wp-block-image aligncenter size-full is-resized\"><img decoding=\"async\" width=\"1000\" height=\"1000\" src=\"https:\/\/obera.fr\/wp-content\/uploads\/2025\/06\/panneau-indication-local-compresseur.webp\" alt=\"semn pentru camera compresorului\" class=\"wp-image-109536\" style=\"width:364px;height:auto\" srcset=\"https:\/\/obera.fr\/wp-content\/uploads\/2025\/06\/panneau-indication-local-compresseur.webp 1000w, https:\/\/obera.fr\/wp-content\/uploads\/2025\/06\/panneau-indication-local-compresseur-300x300.webp 300w, https:\/\/obera.fr\/wp-content\/uploads\/2025\/06\/panneau-indication-local-compresseur-150x150.webp 150w, https:\/\/obera.fr\/wp-content\/uploads\/2025\/06\/panneau-indication-local-compresseur-768x768.webp 768w\" sizes=\"(max-width: 1000px) 100vw, 1000px\" \/><\/figure>\n<\/div>\n\n\n\n<div class=\"wp-block-column is-layout-flow wp-block-column-is-layout-flow\">\n<figure class=\"wp-block-image aligncenter size-large is-resized\"><img decoding=\"async\" width=\"683\" height=\"1024\" src=\"https:\/\/obera.fr\/wp-content\/uploads\/2025\/06\/chatgpt-image-12-juin-2025-12_16_27-683x1024.png\" alt=\"Camera compresorului\" class=\"wp-image-109513\" style=\"width:376px;height:auto\" srcset=\"https:\/\/obera.fr\/wp-content\/uploads\/2025\/06\/chatgpt-image-12-juin-2025-12_16_27-683x1024.png 683w, https:\/\/obera.fr\/wp-content\/uploads\/2025\/06\/chatgpt-image-12-juin-2025-12_16_27-200x300.png 200w, https:\/\/obera.fr\/wp-content\/uploads\/2025\/06\/chatgpt-image-12-juin-2025-12_16_27-768x1152.png 768w, https:\/\/obera.fr\/wp-content\/uploads\/2025\/06\/chatgpt-image-12-juin-2025-12_16_27.png 1024w\" sizes=\"(max-width: 683px) 100vw, 683px\" \/><\/figure>\n<\/div>\n<\/div>\n<div class=\"gb-container gb-container-9290c18d\">\n\n<h2 class=\"wp-block-heading\">R\u0103spunsul OberA: r\u0103citoarele noastre adiabatice mobile IC.<\/h2>\n\n\n\n<p>Pentru a restabili rapid o temperatur\u0103 controlat\u0103, am recomandat \u00eenchirierea unui r\u0103citor IC 22, <strong>r\u0103citorul adiabatic mobil patentat OberA<\/strong>, <strong>fabricat \u00een Fran\u021ba<\/strong> \u0219i conceput special pentru medii industriale.<\/p>\n\n<\/div>\n<div class=\"wp-block-columns is-layout-flex wp-container-core-columns-is-layout-28f84493 wp-block-columns-is-layout-flex\">\n<div class=\"wp-block-column is-layout-flow wp-block-column-is-layout-flow\" style=\"flex-basis:50%\">\n<div class=\"wp-block-buttons is-layout-flex wp-block-buttons-is-layout-flex\">\n<div class=\"wp-block-button\"><a class=\"wp-block-button__link has-text-align-center wp-element-button\" href=\"https:\/\/obera.fr\/location-appareil-industriel\/\">Vede\u021bi ofertele noastre de \u00eenchiriere a odorizantelor de aer  <\/a><\/div>\n<\/div>\n<\/div>\n<\/div>\n\n<p><\/p>\n\n<p><\/p>\n\n<div class=\"wp-block-columns is-layout-flex wp-container-core-columns-is-layout-28f84493 wp-block-columns-is-layout-flex\">\n<div class=\"wp-block-column is-layout-flow wp-block-column-is-layout-flow\" style=\"flex-basis:50%\">\n<h2 class=\"wp-block-heading\">De ce este IC22 ideal pentru o camer\u0103 de compresoare?<\/h2>\n\n\n\n<ul class=\"wp-block-list\">\n<li> <strong>22 kW eficien\u021b\u0103 de r\u0103cire<\/strong><\/li>\n\n\n\n<li><strong>4.500 m\u00b3\/h debit de aer<\/strong> pentru a agita aerul stagnant<\/li>\n\n\n\n<li><strong>Instalare f\u0103r\u0103 munc\u0103<\/strong>: Plug &amp; Play, gata de utilizare \u00een doar c\u00e2teva minute<\/li>\n\n\n\n<li><strong>R\u0103cire local\u0103<\/strong> posibil\u0103 \u00een jurul compresoarelor<\/li>\n\n\n\n<li><strong>Func\u021bionare 100% aer &#8211; f\u0103r\u0103 agent frigorific<\/strong><\/li>\n<\/ul>\n\n\n\n<p>Spre deosebire de aerul condi\u021bionat conven\u021bional, un <a href=\"https:\/\/obera.fr\/ro\/sfatul-nostru\/le-principe-de-fonctionnement-du-refroidissement-adiabatique-air-eau-evaporation\/\">r\u0103citor adiabatic func\u021bioneaz\u0103 prin evaporarea apei<\/a>, ceea ce \u00eel face at\u00e2t :<\/p>\n\n\n\n<ul class=\"wp-block-list\">\n<li>Mai economic \u00een utilizare<\/li>\n\n\n\n<li>Mai prietenos cu mediul<\/li>\n\n\n\n<li>Mai robust \u00een condi\u021bii industriale<\/li>\n<\/ul>\n<\/div>\n\n\n\n<div class=\"wp-block-column is-layout-flow wp-block-column-is-layout-flow\" style=\"flex-basis:50%\">\n<h2 class=\"wp-block-heading\">Rezultat : Temperatura restabilit\u0103, compresoarele repornite<\/h2>\n\n\n\n<p>IC 22 a fost livrat \u0219i instalat \u00een mai pu\u021bin de 48 de ore.<\/p>\n\n\n\n<p>Reducerea temperaturii camerei sub 30\u00b0C<br\/>Nicio oprire a compresorului de la instalare<br\/>Reluarea produc\u021biei f\u0103r\u0103 modificarea camerei<\/p>\n\n\n\n<p><\/p>\n\n\n\n<h2 class=\"wp-block-heading\">De ce s\u0103 nu v\u0103 neglija\u021bi camerele de compresoare?<\/h2>\n\n\n\n<ul class=\"wp-block-list\">\n<li>Acestea sunt <strong>zone cu o sarcin\u0103 termic\u0103 ridicat\u0103<\/strong>.<\/li>\n\n\n\n<li>Ventila\u021bia conven\u021bional\u0103 este <strong>insuficient\u0103 \u00een timpul verii<\/strong>.<\/li>\n\n\n\n<li>O oprire a compresorului \u00eenseamn\u0103 <strong>o oprire a produc\u021biei<\/strong> &#8211; \u0219i, prin urmare, un cost.<\/li>\n<\/ul>\n<\/div>\n<\/div>\n\n<figure class=\"wp-block-image aligncenter size-large is-resized\"><img decoding=\"async\" width=\"788\" height=\"1024\" src=\"https:\/\/obera.fr\/wp-content\/uploads\/2025\/05\/ic22-made-in-france-1-788x1024.png\" alt=\"ic22 fabricat &#xEE;n fran&#x21B;a\" class=\"wp-image-103987\" style=\"width:350px;height:auto\" srcset=\"https:\/\/obera.fr\/wp-content\/uploads\/2025\/05\/ic22-made-in-france-1-788x1024.png 788w, https:\/\/obera.fr\/wp-content\/uploads\/2025\/05\/ic22-made-in-france-1-231x300.png 231w, https:\/\/obera.fr\/wp-content\/uploads\/2025\/05\/ic22-made-in-france-1-768x998.png 768w, https:\/\/obera.fr\/wp-content\/uploads\/2025\/05\/ic22-made-in-france-1.png 1000w\" sizes=\"(max-width: 788px) 100vw, 788px\" \/><figcaption class=\"wp-element-caption\"><strong>Model IC 22<\/strong><\/figcaption><\/figure>\n\n<h2 class=\"wp-block-heading\">OberA: Solu\u021bii practice pentru industrie<\/h2>\n\n<p>IC22 este o solu\u021bie <strong>100% mobil\u0103, 100% industrial\u0103<\/strong>, proiectat\u0103 \u0219i fabricat\u0103 \u00een Fran\u021ba pentru a r\u0103spunde constr\u00e2ngerilor reale ale loca\u021biilor dumneavoastr\u0103.<\/p>\n\n<h3 class=\"wp-block-heading\">V\u0103 confrunta\u021bi cu supra\u00eenc\u0103lzirea \u00een camera compresorului?<\/h3>\n\n<p>Contacta\u021bi-ne: echipele noastre pot interveni rapid, oriunde \u00een Fran\u021ba. Cu OberA, p\u0103stra\u021bi controlul asupra echipamentelor dumneavoastr\u0103, chiar \u0219i sub 40\u00b0C. <\/p>\n\n<div class=\"wp-block-buttons is-content-justification-center is-layout-flex wp-container-core-buttons-is-layout-a89b3969 wp-block-buttons-is-layout-flex\">\n<div class=\"wp-block-button\"><a class=\"wp-block-button__link has-text-align-center wp-element-button\" href=\"https:\/\/obera.fr\/ro\/contact\/\">Contacta\u021bi-ne<\/a><\/div>\n<\/div>\n\n<p><\/p>\n","protected":false},"excerpt":{"rendered":"<p>Cu vara la tot pasul, un client industrial ne-a contactat de urgen\u021b\u0103. Camera sa de compresoare de 100 m\u00b2 devenea un cuptor imediat ce temperatura exterioar\u0103 dep\u0103\u0219ea 30\u00b0C. <\/p>\n","protected":false},"author":13,"featured_media":112213,"comment_status":"open","ping_status":"closed","sticky":false,"template":"","format":"standard","meta":{"_acf_changed":false,"_seopress_robots_primary_cat":"none","_seopress_titles_title":"Camera compresorului supra\u00eenc\u0103lzit\u0103: solu\u021bie mobil\u0103 eficient\u0103 OberA IC22","_seopress_titles_desc":"Camera la 40\u00b0C? IC22 OberA, un r\u0103citor adiabatic mobil, scade temperatura \u00een 48 de ore, f\u0103r\u0103 nicio munc\u0103. Produc\u021bia repornit\u0103, f\u0103r\u0103 opriri ale compresorului.  ","_seopress_robots_index":"","footnotes":""},"categories":[144],"tags":[],"class_list":["post-109363","post","type-post","status-publish","format-standard","has-post-thumbnail","hentry","category-sfatul-nostru","generate-columns","tablet-grid-50","mobile-grid-100","grid-parent","grid-50","no-featured-image-padding","resize-featured-image"],"acf":[],"_links":{"self":[{"href":"https:\/\/obera.fr\/ro\/wp-json\/wp\/v2\/posts\/109363","targetHints":{"allow":["GET"]}}],"collection":[{"href":"https:\/\/obera.fr\/ro\/wp-json\/wp\/v2\/posts"}],"about":[{"href":"https:\/\/obera.fr\/ro\/wp-json\/wp\/v2\/types\/post"}],"author":[{"embeddable":true,"href":"https:\/\/obera.fr\/ro\/wp-json\/wp\/v2\/users\/13"}],"replies":[{"embeddable":true,"href":"https:\/\/obera.fr\/ro\/wp-json\/wp\/v2\/comments?post=109363"}],"version-history":[{"count":15,"href":"https:\/\/obera.fr\/ro\/wp-json\/wp\/v2\/posts\/109363\/revisions"}],"predecessor-version":[{"id":110491,"href":"https:\/\/obera.fr\/ro\/wp-json\/wp\/v2\/posts\/109363\/revisions\/110491"}],"wp:featuredmedia":[{"embeddable":true,"href":"https:\/\/obera.fr\/ro\/wp-json\/wp\/v2\/media\/112213"}],"wp:attachment":[{"href":"https:\/\/obera.fr\/ro\/wp-json\/wp\/v2\/media?parent=109363"}],"wp:term":[{"taxonomy":"category","embeddable":true,"href":"https:\/\/obera.fr\/ro\/wp-json\/wp\/v2\/categories?post=109363"},{"taxonomy":"post_tag","embeddable":true,"href":"https:\/\/obera.fr\/ro\/wp-json\/wp\/v2\/tags?post=109363"}],"curies":[{"name":"wp","href":"https:\/\/api.w.org\/{rel}","templated":true}]}}