{"id":112370,"date":"2025-06-17T12:32:56","date_gmt":"2025-06-17T10:32:56","guid":{"rendered":"https:\/\/obera.fr\/nase-rada\/rafraichisseur-agriculture\/"},"modified":"2025-07-16T10:52:34","modified_gmt":"2025-07-16T08:52:34","slug":"rafraichisseur-agriculture","status":"publish","type":"post","link":"https:\/\/obera.fr\/ro\/agricultura-ro\/rafraichisseur-agriculture\/","title":{"rendered":"Ferme: r\u0103citoare de aer adaptate la nevoile fermierilor"},"content":{"rendered":"\n<p>Fermele se confrunt\u0103 cu <strong>provoc\u0103ri majore \u00een gestionarea temperaturilor<\/strong>, \u00een special \u00een timpul perioadelor de c\u0103ldur\u0103 intens\u0103. Cl\u0103dirile agricole, cum ar fi serele, \u0219oproanele \u0219i grajdurile, pot acumula rapid c\u0103ldur\u0103, pun\u00e2nd \u00een pericol s\u0103n\u0103tatea animalelor, calitatea recoltelor \u0219i siguran\u021ba animalelor. OberA, un <strong>specialist \u00een calitatea aerului \u00een sectoarele industriale<\/strong>, analizeaz\u0103 cele mai bune solu\u021bii pentru a face fa\u021b\u0103 acestor provoc\u0103ri. <\/p>\n\n<h2 class=\"wp-block-heading\">Provoc\u0103rile gestion\u0103rii temperaturilor \u00een ferme<\/h2>\n\n<p>Gestionarea temperaturii a devenit o problem\u0103 strategic\u0103 pentru profesioni\u0219tii din sectorul agricol. Av\u00e2nd \u00een vedere <strong>schimb\u0103rile climatice<\/strong>, verile mai lungi \u0219i cl\u0103dirile care sunt adesea slab ventilate, condi\u021biile de lucru \u0219i de produc\u021bie devin din ce \u00een ce mai greu de controlat f\u0103r\u0103 echipamente adecvate. Iat\u0103 c\u00e2teva explica\u021bii.  <\/p>\n\n<div class=\"wp-block-columns is-layout-flex wp-container-core-columns-is-layout-28f84493 wp-block-columns-is-layout-flex\">\n<div class=\"wp-block-column is-layout-flow wp-block-column-is-layout-flow\" style=\"flex-basis:66.66%\">\n<h3 class=\"wp-block-heading\">Gestiona\u021bi mai bine c\u0103ldura pentru a v\u0103 proteja culturile \u0219i animalele<\/h3>\n\n\n\n<p>\u00cen<strong>industria agricol\u0103<\/strong>, c\u0103ldura nu este doar incomod\u0103: poate deveni un adev\u0103rat pericol. Fermele, fie c\u0103 sunt sere, magazii sau cl\u0103diri pentru animale, sunt adesea slab izolate \u0219i<strong> acumuleaz\u0103 rapid c\u0103ldur\u0103<\/strong>. Acest lucru duce la pierderi de randament, degradeaz\u0103 calitatea produselor depozitate \u0219i pune \u00een pericol s\u0103n\u0103tatea animalelor.  <\/p>\n\n\n\n<h3 class=\"wp-block-heading\">C\u0103ldura excesiv\u0103: un impact direct asupra performan\u021bei agricole<\/h3>\n\n\n\n<ul class=\"wp-block-list\">\n<li>Animale de ferm\u0103:<strong> temperaturile ridicate<\/strong> pot provoca stres termic la animale, reduc\u00e2ndu-le productivitatea \u0219i cresc\u00e2nd riscul de \u00eemboln\u0103vire.<\/li>\n\n\n\n<li>Culturi: <strong>c\u0103ldura excesiv\u0103 poate duce la evaporarea rapid\u0103 a apei din sol<\/strong>, afect\u00e2nd cre\u0219terea plantelor \u0219i reduc\u00e2nd randamentele.<\/li>\n\n\n\n<li>Depozitare: produsele agricole depozitate, cum ar fi cerealele \u0219i fructele, se pot deteriora rapid sub efectul c\u0103ldurii \u0219i al umidit\u0103\u021bii.<\/li>\n<\/ul>\n<\/div>\n\n\n\n<div class=\"wp-block-column is-layout-flow wp-block-column-is-layout-flow\" style=\"flex-basis:33.33%\">\n<figure class=\"wp-block-image aligncenter size-large is-resized\"><img decoding=\"async\" width=\"1024\" height=\"1024\" src=\"https:\/\/obera.fr\/wp-content\/uploads\/2025\/05\/securite-au-travail-1024x1024.png\" alt=\"siguran&#x21B;a la locul de munc&#x103;\" class=\"wp-image-121214\" style=\"width:281px;height:auto\" srcset=\"https:\/\/obera.fr\/wp-content\/uploads\/2025\/05\/securite-au-travail-1024x1024.png 1024w, https:\/\/obera.fr\/wp-content\/uploads\/2025\/05\/securite-au-travail-300x300.png 300w, https:\/\/obera.fr\/wp-content\/uploads\/2025\/05\/securite-au-travail-150x150.png 150w, https:\/\/obera.fr\/wp-content\/uploads\/2025\/05\/securite-au-travail-768x768.png 768w, https:\/\/obera.fr\/wp-content\/uploads\/2025\/05\/securite-au-travail.png 1200w\" sizes=\"(max-width: 1024px) 100vw, 1024px\" \/><\/figure>\n<\/div>\n<\/div>\n\n<blockquote class=\"wp-block-quote is-layout-flow wp-block-quote-is-layout-flow\">\n<p><em>Un cuv\u00e2nt de la OberA: confruntate cu aceste provoc\u0103ri, odorizantele industriale <\/em><a href=\"https:\/\/obera.fr\/ro\/produits\/rafraichisseurs-air\/\"><em>odorizante de aer industriale <\/em><\/a> <em>sunt o solu\u021bie simpl\u0103, economic\u0103 \u0219i cu efect imediat. Prin sc\u0103derea semnificativ\u0103 a temperaturii \u0219i controlul umidit\u0103\u021bii, acestea ofer\u0103 operatorilor o p\u00e2rghie practic\u0103 pentru   <\/em><strong><em>s\u0103 \u00ee\u0219i protejeze culturile<\/em><\/strong><em>animalele \u0219i cl\u0103dirile.<\/em><\/p>\n<\/blockquote>\n\n<h2 class=\"wp-block-heading\">Beneficii concrete pentru fiecare sector agricol<\/h2>\n\n<div class=\"wp-block-columns is-layout-flex wp-container-core-columns-is-layout-28f84493 wp-block-columns-is-layout-flex\">\n<div class=\"wp-block-column is-layout-flow wp-block-column-is-layout-flow\" style=\"flex-basis:33.33%\">\n<figure class=\"wp-block-image aligncenter size-large is-resized\"><img decoding=\"async\" width=\"1024\" height=\"1024\" src=\"https:\/\/obera.fr\/wp-content\/uploads\/2025\/03\/conseil-raf-1024x1024.png\" alt=\"Verificare\" class=\"wp-image-77456\" style=\"width:111px;height:auto\" srcset=\"https:\/\/obera.fr\/wp-content\/uploads\/2025\/03\/conseil-raf-1024x1024.png 1024w, https:\/\/obera.fr\/wp-content\/uploads\/2025\/03\/conseil-raf-300x300.png 300w, https:\/\/obera.fr\/wp-content\/uploads\/2025\/03\/conseil-raf-150x150.png 150w, https:\/\/obera.fr\/wp-content\/uploads\/2025\/03\/conseil-raf-768x768.png 768w, https:\/\/obera.fr\/wp-content\/uploads\/2025\/03\/conseil-raf.png 1200w\" sizes=\"(max-width: 1024px) 100vw, 1024px\" \/><\/figure>\n<\/div>\n\n\n\n<div class=\"wp-block-column is-layout-flow wp-block-column-is-layout-flow\" style=\"flex-basis:66.66%\">\n<h3 class=\"wp-block-heading\">Agricultur\u0103: \u00eembun\u0103t\u0103\u021birea bun\u0103st\u0103rii \u0219i performan\u021bei animalelor<\/h3>\n\n\n\n<p><strong>Reducerea temperaturii<\/strong> \u00een grajdurile pentru vaci sau g\u0103ini \u00eembun\u0103t\u0103\u021be\u0219te semnificativ calitatea vie\u021bii animalelor. Mai pu\u021bin stresate, acestea m\u0103n\u00e2nc\u0103 mai bine, produc mai mult \u0219i se \u00eemboln\u0103vesc mai rar. Randamentul investi\u021biei este direct \u0219i m\u0103surabil.  <\/p>\n<\/div>\n<\/div>\n\n<div class=\"wp-block-columns is-layout-flex wp-container-core-columns-is-layout-28f84493 wp-block-columns-is-layout-flex\">\n<div class=\"wp-block-column is-layout-flow wp-block-column-is-layout-flow\" style=\"flex-basis:33.33%\">\n<figure class=\"wp-block-image aligncenter size-large is-resized\"><img decoding=\"async\" width=\"1024\" height=\"1024\" src=\"https:\/\/obera.fr\/wp-content\/uploads\/2025\/03\/conseil-raf-1024x1024.png\" alt=\"Verificare\" class=\"wp-image-77456\" style=\"width:111px;height:auto\" srcset=\"https:\/\/obera.fr\/wp-content\/uploads\/2025\/03\/conseil-raf-1024x1024.png 1024w, https:\/\/obera.fr\/wp-content\/uploads\/2025\/03\/conseil-raf-300x300.png 300w, https:\/\/obera.fr\/wp-content\/uploads\/2025\/03\/conseil-raf-150x150.png 150w, https:\/\/obera.fr\/wp-content\/uploads\/2025\/03\/conseil-raf-768x768.png 768w, https:\/\/obera.fr\/wp-content\/uploads\/2025\/03\/conseil-raf.png 1200w\" sizes=\"(max-width: 1024px) 100vw, 1024px\" \/><\/figure>\n<\/div>\n\n\n\n<div class=\"wp-block-column is-layout-flow wp-block-column-is-layout-flow\" style=\"flex-basis:66.66%\">\n<h3 class=\"wp-block-heading\">Depozitare: p\u0103stra\u021bi culturile pentru mai mult timp<\/h3>\n\n\n\n<p>Prin controlul <strong>temperaturii \u0219i umidit\u0103\u021bii<\/strong>, r\u0103citoarele de aer contribuie la conservarea optim\u0103. Produsele sensibile precum fructele, legumele \u0219i cerealele r\u0103m\u00e2n stabile pentru mai mult timp, f\u0103r\u0103 a fi nevoie de <strong>solu\u021bii consumatoare de energie<\/strong>. <\/p>\n<\/div>\n<\/div>\n\n<div class=\"wp-block-columns is-layout-flex wp-container-core-columns-is-layout-28f84493 wp-block-columns-is-layout-flex\">\n<div class=\"wp-block-column is-layout-flow wp-block-column-is-layout-flow\" style=\"flex-basis:33.33%\">\n<figure class=\"wp-block-image aligncenter size-large is-resized\"><img decoding=\"async\" width=\"1024\" height=\"1024\" src=\"https:\/\/obera.fr\/wp-content\/uploads\/2025\/03\/conseil-raf-1024x1024.png\" alt=\"Verificare\" class=\"wp-image-77456\" style=\"width:111px;height:auto\" srcset=\"https:\/\/obera.fr\/wp-content\/uploads\/2025\/03\/conseil-raf-1024x1024.png 1024w, https:\/\/obera.fr\/wp-content\/uploads\/2025\/03\/conseil-raf-300x300.png 300w, https:\/\/obera.fr\/wp-content\/uploads\/2025\/03\/conseil-raf-150x150.png 150w, https:\/\/obera.fr\/wp-content\/uploads\/2025\/03\/conseil-raf-768x768.png 768w, https:\/\/obera.fr\/wp-content\/uploads\/2025\/03\/conseil-raf.png 1200w\" sizes=\"(max-width: 1024px) 100vw, 1024px\" \/><\/figure>\n<\/div>\n\n\n\n<div class=\"wp-block-column is-layout-flow wp-block-column-is-layout-flow\" style=\"flex-basis:66.66%\">\n<h3 class=\"wp-block-heading\">Cl\u0103diri agricole: reducerea riscurilor \u0219i \u00eembun\u0103t\u0103\u021birea confortului<\/h3>\n\n\n\n<p><strong>C\u0103ldura excesiv\u0103<\/strong> din cl\u0103dirile agricole poate, de asemenea, deteriora echipamentele \u0219i cre\u0219te riscul de incendiu. Prin instalarea unui sistem de r\u0103cire eficient, pute\u021bi reduce temperatura <strong>ambiental\u0103<\/strong> pe termen lung, pentru un mediu mai sigur \u0219i mai pl\u0103cut \u00een care s\u0103 tr\u0103i\u021bi \u0219i s\u0103 lucra\u021bi. <\/p>\n\n\n\n<p><\/p>\n<\/div>\n<\/div>\n\n<h3 class=\"wp-block-heading\">R\u0103cirea prin evaporare: o tehnologie natural\u0103 \u0219i eficient\u0103<\/h3>\n\n<p>R\u0103citoarele de aer utilizate \u00een <strong>sectorul agricol<\/strong>, \u00een special modelele adiabatice precum cele oferite de OberA, se bazeaz\u0103 pe un principiu fizic simplu, dar foarte eficient: r\u0103cirea prin evaporare.<\/p>\n\n<h3 class=\"wp-block-heading\">Principiul adiabatic: r\u0103cire f\u0103r\u0103 agent frigorific<\/h3>\n\n<div class=\"wp-block-columns is-layout-flex wp-container-core-columns-is-layout-28f84493 wp-block-columns-is-layout-flex\">\n<div class=\"wp-block-column is-layout-flow wp-block-column-is-layout-flow\" style=\"flex-basis:66.66%\">\n<p>\u00cen termeni practici, un<strong> r\u0103citor adiabatic<\/strong> func\u021bioneaz\u0103 dup\u0103 cum urmeaz\u0103:<\/p>\n\n\n\n<ol class=\"wp-block-list\">\n<li>Aspirarea aerului cald ambiant cu ajutorul unui ventilator puternic;<\/li>\n\n\n\n<li>Aerul este apoi trecut printr-un mediu umidificat;<\/li>\n\n\n\n<li>Apa con\u021binut\u0103 \u00een mediu se evapor\u0103 la contactul cu aerul fierbinte, absorbind o cantitate mare de c\u0103ldur\u0103 \u00een acest proces;<\/li>\n\n\n\n<li>Aerul expulzat este r\u0103cit cu 4 p\u00e2n\u0103 la 10\u00b0C, \u00een func\u021bie de condi\u021biile ini\u021biale de umiditate \u0219i temperatur\u0103.<\/li>\n<\/ol>\n\n\n\n<p>Acest proces nu necesit\u0103 <strong>agent frigorific<\/strong> (ca \u00een cazul aparatelor de aer condi\u021bionat conven\u021bionale), consum\u0103 foarte pu\u021bin\u0103 energie \u0219i ofer\u0103 o eficien\u021b\u0103 energetic\u0103 excelent\u0103 pentru <a href=\"https:\/\/obera.fr\/ro\/sfatul-nostru\/le-rafraichissement-adiabatique-un-coefficient-de-performance-thermique-inegale-pour-les-grands-volumes\/\">r\u0103cirea volumelor mari<\/a>, de obicei cl\u0103diri agricole.<\/p>\n<\/div>\n\n\n\n<div class=\"wp-block-column is-layout-flow wp-block-column-is-layout-flow\" style=\"flex-basis:33.33%\">\n<figure class=\"wp-block-image aligncenter size-full is-resized\"><img decoding=\"async\" width=\"1000\" height=\"1000\" src=\"https:\/\/obera.fr\/wp-content\/uploads\/2022\/03\/Rafraichisseur-dair-par-evaporation.jpg\" alt=\"r&#x103;citor de aer cu evaporare\" class=\"wp-image-13253\" style=\"width:217px;height:auto\" srcset=\"https:\/\/obera.fr\/wp-content\/uploads\/2022\/03\/Rafraichisseur-dair-par-evaporation.jpg 1000w, https:\/\/obera.fr\/wp-content\/uploads\/2022\/03\/Rafraichisseur-dair-par-evaporation-300x300.jpg 300w, https:\/\/obera.fr\/wp-content\/uploads\/2022\/03\/Rafraichisseur-dair-par-evaporation-150x150.jpg 150w, https:\/\/obera.fr\/wp-content\/uploads\/2022\/03\/Rafraichisseur-dair-par-evaporation-768x768.jpg 768w\" sizes=\"(max-width: 1000px) 100vw, 1000px\" \/><\/figure>\n<\/div>\n<\/div>\n\n<p><\/p>\n\n<h3 class=\"wp-block-heading\">Controlul umidit\u0103\u021bii: un avantaj \u00een mediul agricol<\/h3>\n\n<p>Spre deosebire de<strong> aerul condi\u021bionat tradi\u021bional, care usuc\u0103 aerul<\/strong>, r\u0103citoarele adiabatice ajut\u0103 la men\u021binerea unui nivel stabil de umiditate, ceea ce este deosebit de benefic pentru :<\/p>\n\n<ul class=\"wp-block-list\">\n<li>Serele, unde umiditatea controlat\u0103 favorizeaz\u0103 cre\u0219terea plantelor;<\/li>\n\n\n\n<li><strong>zone de depozitare<\/strong> pentru a preveni uscarea culturilor;<\/li>\n\n\n\n<li>Cl\u0103diri pentru animale, unde aerul umed reduce praful din aer \u0219i \u00eembun\u0103t\u0103\u021be\u0219te respira\u021bia animalelor.<br\/><\/li>\n<\/ul>\n\n<h3 class=\"wp-block-heading\">Tehnologie de \u00eenalt\u0103 performan\u021b\u0103, chiar \u0219i \u00eentr-un mediu deschis<\/h3>\n\n<p>Un alt avantaj cheie al <strong>r\u0103citoarelor de aer adiabatic<\/strong> este capacitatea lor de a func\u021biona eficient \u00een medii semi-deschise sau cu schimburi mari de aer. Acest lucru le face deosebit de potrivite pentru \u0219oproanele agricole, <strong>cl\u0103dirile<\/strong> par\u021bial deschise <strong>pentru animale<\/strong> sau serele ventilate. <\/p>\n\n<h3 class=\"wp-block-heading\">Ventilator, pulverizator sau r\u0103citor: ce ar trebui s\u0103 alege\u021bi?<\/h3>\n\n<figure class=\"wp-block-table\"><table class=\"has-fixed-layout\"><tbody><tr><td><strong>Solu\u021bie<\/strong><\/td><td><strong>R\u0103cire<\/strong><\/td><td><strong>Umidificare<\/strong><\/td><td><strong>Consumul de ap\u0103<\/strong><\/td><td><strong>Aplica\u021bie ideal\u0103<\/strong><\/td><\/tr><tr><td><strong>Ventilator<\/strong><\/td><td>Nu<\/td><td>Nu<\/td><td>Nu<\/td><td>Circula\u021bia aerului f\u0103r\u0103 r\u0103cire<\/td><\/tr><tr><td><strong>Domnule<\/strong><\/td><td>Da<\/td><td>Da<\/td><td>\u00cenalt\u0103<\/td><td>R\u0103cire local\u0103<\/td><\/tr><tr><td><strong>R\u0103citor de aer<\/strong><\/td><td>Da<\/td><td>Da<\/td><td>Moderat<\/td><td>R\u0103cirea volumelor mari<\/td><\/tr><\/tbody><\/table><\/figure>\n\n<h2 class=\"wp-block-heading\">Cum alege\u021bi r\u0103citorul de aer agricol potrivit?<\/h2>\n\n<h3 class=\"wp-block-heading\">Debitul, suprafa\u021ba, umiditatea: criterii tehnice care nu trebuie neglijate<\/h3>\n\n<p>Puterea fluxului de aer este un factor cheie. La OberA, modelele variaz\u0103 de la 12.000 la 30.000 m\u00b3\/h, acoperind eficient de la 150 la peste 400 m\u00b2. De asemenea, este important s\u0103 se ia <strong>\u00een considerare nivelul de umiditate<\/strong> dorit \u0219i frecven\u021ba de utilizare.  <\/p>\n\n<h3 class=\"wp-block-heading\">U\u0219or de utilizat \u0219i adaptabil la cerin\u021bele agricole specifice<\/h3>\n\n<p><strong>R\u0103citoarele mobile<\/strong> sunt recomandate pentru fermele \u00een care cerin\u021bele variaz\u0103 de la o cl\u0103dire la alta. Mobilitatea lor permite o mare flexibilitate, f\u0103r\u0103 a fi nevoie de instala\u021bii grele. Pentru zonele fixe, cu trafic intens, cum ar fi serele mari sau \u0219oproanele, modelele montate pe tavan garanteaz\u0103 <strong>o acoperire uniform\u0103 \u0219i continu\u0103.<\/strong>  <\/p>\n\n<h3 class=\"wp-block-heading\">Compatibilitate inteligent\u0103 cu instala\u021biile dvs. existente<\/h3>\n\n<p>Modelele OberA pot fi cuplate cu duze,<strong> accesorii de pulverizare<\/strong> sau integrate cu sisteme automate. Acest lucru permite reglarea sistemului \u00een func\u021bie de v\u00e2rfurile de c\u0103ldur\u0103 sau de perioadele critice, f\u0103r\u0103 a consuma ap\u0103 \u00een exces. <\/p>\n\n<h2 class=\"wp-block-heading\">Gama OberA: aliatul dumneavoastr\u0103 de \u00eencredere pentru un mediu agricol controlat<\/h2>\n\n<h3 class=\"wp-block-heading\">Solu\u021bii concepute pentru a r\u0103spunde cerin\u021belor din domeniu<\/h3>\n\n<p>Gama IC oferit\u0103 de OberA a fost conceput\u0103 pentru a <strong>\u00eendeplini cele mai exigente condi\u021bii agricole<\/strong>: materiale robuste, capacitate mare de debit, consum redus de ap\u0103 \u0219i \u00eentre\u021binere simplificat\u0103.<\/p>\n\n<blockquote class=\"wp-block-quote is-layout-flow wp-block-quote-is-layout-flow\">\n<p><em>Ce diferen\u021biaz\u0103 OberA: livrarea rapid\u0103, instalarea de c\u0103tre echipele noastre specializate \u0219i, mai presus de toate, asisten\u021ba personalizat\u0103. Noi suntem   <\/em><strong><em>speciali\u0219ti \u00een tratarea aerului<\/em><\/strong><em>  \u0219i avem o \u00een\u021belegere aprofundat\u0103 a nevoilor produc\u0103torilor. De asemenea, oferim un serviciu de \u00eenchiriere \u0219i test\u0103m echipamentele noastre pentru a valida cea mai optim\u0103 solu\u021bie. <\/em><\/p>\n<\/blockquote>\n\n<h3 class=\"wp-block-heading\">Solu\u021bii pentru fiecare cl\u0103dire agricol\u0103<\/h3>\n\n<p>Fiecare ferm\u0103 are propriile caracteristici specifice. OberA ofer\u0103 modele perfect adaptate pentru : <\/p>\n\n<ul class=\"wp-block-list\">\n<li><strong>Sere horticole<\/strong>: men\u021binerea unei umidit\u0103\u021bi uniforme \u0219i bl\u00e2nde pentru plantele sensibile;<\/li>\n\n\n\n<li><strong>\u0218oproane agricole<\/strong>: r\u0103cirea rapid\u0103 a volumelor mari pentru a proteja oamenii \u0219i utilajele;<\/li>\n<\/ul>\n\n<p><strong>Cl\u0103diri pentru animale<\/strong>: func\u021bionare silen\u021bioas\u0103, economie de ap\u0103, durabilitate \u00eentr-un mediu cu praf.<\/p>\n","protected":false},"excerpt":{"rendered":"<p>Fermele se confrunt\u0103 cu provoc\u0103ri majore \u00een gestionarea temperaturilor, \u00een special \u00een timpul perioadelor de c\u0103ldur\u0103 intens\u0103.  <\/p>\n","protected":false},"author":13,"featured_media":113719,"comment_status":"open","ping_status":"closed","sticky":false,"template":"","format":"standard","meta":{"_acf_changed":false,"_seopress_robots_primary_cat":"none","_seopress_titles_title":"R\u0103citoare de aer pentru agricultur\u0103 OberA: eficien\u021b\u0103, confort \u0219i performan\u021b\u0103","_seopress_titles_desc":"Descoperi\u021bi modul \u00een care r\u0103citoarele adiabatice OberA \u00eembun\u0103t\u0103\u021besc confortul termic, conservarea culturilor \u0219i productivitatea animalelor. Livrare rapid\u0103 \u0219i solu\u021bii personalizate pentru fiecare cl\u0103dire agricol\u0103. ","_seopress_robots_index":"","footnotes":""},"categories":[470],"tags":[472],"class_list":["post-112370","post","type-post","status-publish","format-standard","has-post-thumbnail","hentry","category-agricultura-ro","tag-racitoare","generate-columns","tablet-grid-50","mobile-grid-100","grid-parent","grid-50","no-featured-image-padding","resize-featured-image"],"acf":[],"_links":{"self":[{"href":"https:\/\/obera.fr\/ro\/wp-json\/wp\/v2\/posts\/112370","targetHints":{"allow":["GET"]}}],"collection":[{"href":"https:\/\/obera.fr\/ro\/wp-json\/wp\/v2\/posts"}],"about":[{"href":"https:\/\/obera.fr\/ro\/wp-json\/wp\/v2\/types\/post"}],"author":[{"embeddable":true,"href":"https:\/\/obera.fr\/ro\/wp-json\/wp\/v2\/users\/13"}],"replies":[{"embeddable":true,"href":"https:\/\/obera.fr\/ro\/wp-json\/wp\/v2\/comments?post=112370"}],"version-history":[{"count":9,"href":"https:\/\/obera.fr\/ro\/wp-json\/wp\/v2\/posts\/112370\/revisions"}],"predecessor-version":[{"id":122617,"href":"https:\/\/obera.fr\/ro\/wp-json\/wp\/v2\/posts\/112370\/revisions\/122617"}],"wp:featuredmedia":[{"embeddable":true,"href":"https:\/\/obera.fr\/ro\/wp-json\/wp\/v2\/media\/113719"}],"wp:attachment":[{"href":"https:\/\/obera.fr\/ro\/wp-json\/wp\/v2\/media?parent=112370"}],"wp:term":[{"taxonomy":"category","embeddable":true,"href":"https:\/\/obera.fr\/ro\/wp-json\/wp\/v2\/categories?post=112370"},{"taxonomy":"post_tag","embeddable":true,"href":"https:\/\/obera.fr\/ro\/wp-json\/wp\/v2\/tags?post=112370"}],"curies":[{"name":"wp","href":"https:\/\/api.w.org\/{rel}","templated":true}]}}