{"id":114156,"date":"2025-06-03T15:18:31","date_gmt":"2025-06-03T13:18:31","guid":{"rendered":"https:\/\/obera.fr\/nase-rada\/rafraichisseur-plastique\/"},"modified":"2025-07-16T11:40:45","modified_gmt":"2025-07-16T09:40:45","slug":"rafraichisseur-plastique","status":"publish","type":"post","link":"https:\/\/obera.fr\/ro\/materiale-plastice-prelucrarea-materialelor-plastice-materiale-compozite\/rafraichisseur-plastique\/","title":{"rendered":"Materiale plastice \u0219i compozite: ce r\u0103citor de aer industrial ar trebui s\u0103 alege\u021bi?"},"content":{"rendered":"\n<p>\u00cen<strong> sectoarele maselor plastice \u0219i compozitelor<\/strong>, temperaturile ridicate din ateliere pun probleme reale pentru calitate, siguran\u021b\u0103 \u0219i productivitate. Pentru a garanta un mediu de produc\u021bie stabil, OberA ofer\u0103 o gam\u0103 de <a href=\"https:\/\/obera.fr\/ro\/produits\/rafraichisseurs-air\/\">r\u0103citoare de aer industriale<\/a> de \u00eenalt\u0103 performan\u021b\u0103, dovedite, disponibile pentru cump\u0103rare sau \u00eenchiriere. <\/p>\n\n<p>Datorit\u0103 expertizei sale \u00een tratarea aerului \u00een medii industriale solicitante, OberA ofer\u0103 <strong>solu\u021bii adaptate<\/strong> constr\u00e2ngerilor termice, reduc\u00e2nd \u00een acela\u0219i timp costurile de operare.<\/p>\n\n<h2 class=\"wp-block-heading\">De ce este r\u0103cirea aerului at\u00e2t de important\u0103 \u00een prelucrarea compozitelor \u0219i a materialelor plastice?<\/h2>\n\n<div class=\"wp-block-columns is-layout-flex wp-container-core-columns-is-layout-28f84493 wp-block-columns-is-layout-flex\">\n<div class=\"wp-block-column is-layout-flow wp-block-column-is-layout-flow\" style=\"flex-basis:66.66%\">\n<h3 class=\"wp-block-heading\">Controlul c\u0103ldurii pentru a garanta calitatea \u0219i conformitatea pieselor<\/h3>\n\n\n\n<p>Turnarea, extrudarea \u0219i prelucrarea materialelor compozite genereaz\u0103 mult\u0103 c\u0103ldur\u0103. F\u0103r\u0103 un<strong> sistem de r\u0103cire adecvat<\/strong>, temperatura din ateliere dep\u0103\u0219e\u0219te rapid pragurile critice, afect\u00e2nd stabilitatea dimensional\u0103 a pieselor \u0219i fiabilitatea echipamentelor. <\/p>\n\n\n\n<h3 class=\"wp-block-heading\">P\u0103strarea performan\u021belor umane \u00een condi\u021bii extreme<\/h3>\n\n\n\n<p>C\u0103ldura excesiv\u0103 degradeaz\u0103 propriet\u0103\u021bile mecanice ale compozitelor (delaminare, contrac\u021bie, fisurare), \u00een timp ce <strong>operatorii sufer\u0103 de oboseal\u0103 crescut\u0103<\/strong>, pierdere de concentrare \u0219i productivitate redus\u0103. Calitatea \u0219i viteza produc\u021biei sunt direct afectate. <\/p>\n<\/div>\n\n\n\n<div class=\"wp-block-column is-layout-flow wp-block-column-is-layout-flow\" style=\"flex-basis:33.33%\">\n<figure class=\"wp-block-image aligncenter size-large is-resized\"><img decoding=\"async\" width=\"1024\" height=\"1024\" src=\"https:\/\/obera.fr\/wp-content\/uploads\/2025\/05\/sante-et-securite-au-travail-1024x1024.png\" alt=\"s&#x103;n&#x103;tatea &#x219;i securitatea la locul de munc&#x103;\" class=\"wp-image-121130\" style=\"width:324px;height:auto\" srcset=\"https:\/\/obera.fr\/wp-content\/uploads\/2025\/05\/sante-et-securite-au-travail-1024x1024.png 1024w, https:\/\/obera.fr\/wp-content\/uploads\/2025\/05\/sante-et-securite-au-travail-300x300.png 300w, https:\/\/obera.fr\/wp-content\/uploads\/2025\/05\/sante-et-securite-au-travail-150x150.png 150w, https:\/\/obera.fr\/wp-content\/uploads\/2025\/05\/sante-et-securite-au-travail-768x768.png 768w, https:\/\/obera.fr\/wp-content\/uploads\/2025\/05\/sante-et-securite-au-travail.png 1200w\" sizes=\"(max-width: 1024px) 100vw, 1024px\" \/><\/figure>\n<\/div>\n<\/div>\n\n<h2 class=\"wp-block-heading\">Cum func\u021bioneaz\u0103 un r\u0103citor de aer industrial \u00eentr-un mediu industrial?<\/h2>\n\n<div class=\"wp-block-columns is-layout-flex wp-container-core-columns-is-layout-28f84493 wp-block-columns-is-layout-flex\">\n<div class=\"wp-block-column is-layout-flow wp-block-column-is-layout-flow\" style=\"flex-basis:66.66%\">\n<h3 class=\"wp-block-heading\">Un principiu natural: evaporarea pentru un efect imediat<\/h3>\n\n\n\n<p>R\u0103citorul func\u021bioneaz\u0103 pe baza unui principiu simplu \u0219i natural: aerul cald trece printr-un mediu umidificat, iar<a href=\"https:\/\/obera.fr\/ro\/produits\/rafraichisseurs-air\/rafraichisseurs-par-evaporation-ic\/\">evaporarea apei<\/a> \u00eei scade temperatura f\u0103r\u0103 utilizarea unui agent refrigerant. Acest proces, cunoscut sub numele de r\u0103cire adiabatic\u0103, este deosebit de eficient \u00een<strong> spa\u021biile mari, slab izolate<\/strong>. <\/p>\n\n\n\n<h3 class=\"wp-block-heading\">Avantaje fa\u021b\u0103 de sistemele de ventila\u021bie conven\u021bionale<\/h3>\n\n\n\n<ul class=\"wp-block-list\">\n<li><strong>Consum redus de energie<\/strong>: economii de p\u00e2n\u0103 la 80% comparativ cu aerul condi\u021bionat tradi\u021bional.<\/li>\n\n\n\n<li><strong>F\u0103r\u0103 agent frigorific <\/strong>: ecologic \u0219i \u00eentre\u021binere redus\u0103.<\/li>\n\n\n\n<li><strong>Utilizare mobil\u0103 <\/strong>: u\u0219or de mutat pentru a satisface nevoile ocazionale sau sezoniere.<\/li>\n\n\n\n<li><strong>Eficient\u0103 pe suprafe\u021be mari<\/strong>: ideal\u0103 pentru atelierele de materiale plastice \u0219i compozite.<br\/><\/li>\n<\/ul>\n<\/div>\n\n\n\n<div class=\"wp-block-column is-layout-flow wp-block-column-is-layout-flow\" style=\"flex-basis:33.33%\">\n<figure class=\"wp-block-image aligncenter size-full is-resized\"><img decoding=\"async\" width=\"1000\" height=\"1000\" src=\"https:\/\/obera.fr\/wp-content\/uploads\/2022\/03\/Rafraichisseur-dair-par-evaporation.jpg\" alt=\"r&#x103;citor de aer cu evaporare\" class=\"wp-image-13253\" style=\"width:341px;height:auto\" srcset=\"https:\/\/obera.fr\/wp-content\/uploads\/2022\/03\/Rafraichisseur-dair-par-evaporation.jpg 1000w, https:\/\/obera.fr\/wp-content\/uploads\/2022\/03\/Rafraichisseur-dair-par-evaporation-300x300.jpg 300w, https:\/\/obera.fr\/wp-content\/uploads\/2022\/03\/Rafraichisseur-dair-par-evaporation-150x150.jpg 150w, https:\/\/obera.fr\/wp-content\/uploads\/2022\/03\/Rafraichisseur-dair-par-evaporation-768x768.jpg 768w\" sizes=\"(max-width: 1000px) 100vw, 1000px\" \/><\/figure>\n<\/div>\n<\/div>\n\n<h2 class=\"wp-block-heading\">R\u0103citoare de aer: care sunt beneficiile concrete pentru liniile dvs. de produc\u021bie?<\/h2>\n\n<h3 class=\"wp-block-heading\">Temperaturi stabile pentru procese industriale controlate<\/h3>\n\n<p>Temperaturile constante asigur\u0103 reproductibilitatea pieselor, minimizeaz\u0103 reprelucrarea \u0219i <strong>\u00eembun\u0103t\u0103\u021besc finisarea produselor<\/strong>. \u00cen ceea ce prive\u0219te utilajele, acestea func\u021bioneaz\u0103 \u00een condi\u021bii mai bune \u0219i sunt mai pu\u021bin predispuse la uzur\u0103 prematur\u0103. <\/p>\n\n<h3 class=\"wp-block-heading\">Confort pentru operatori, siguran\u021b\u0103 pentru companie<\/h3>\n\n<p>Lucr\u0103torii beneficiaz\u0103 de un confort sporit. <strong>Feedback-ul arat\u0103 o reducere a concediilor medicale<\/strong> cauzate de temperaturile ridicate \u0219i o atmosfer\u0103 de lucru mai bun\u0103. <\/p>\n\n<h3 class=\"wp-block-heading\">Economii m\u0103surabile la facturile de energie<\/h3>\n\n<p>Modelele OberA, precum cele din <strong>gama IC<\/strong>, sunt concepute pentru utilizare intensiv\u0103, cu un consum redus de ap\u0103 \u0219i <strong>o eficien\u021b\u0103 energetic\u0103 sporit\u0103<\/strong>, rezult\u00e2nd o rentabilitate rapid\u0103 a investi\u021biei.<\/p>\n\n<h2 class=\"wp-block-heading\">Alegerea r\u0103citorului potrivit: 3 criterii de verificat<\/h2>\n\n<p>\u00centr-un mediu de produc\u021bie a materialelor plastice sau compozite, alegerea unui r\u0103citor nu se limiteaz\u0103 la puterea sa. Acesta trebuie s\u0103 \u00eendeplineasc\u0103 cerin\u021bele de continuitate, <strong>compatibilitate cu atelierul \u0219i u\u0219urin\u021b\u0103 \u00een exploatare<\/strong>. Pentru a face alegerea corect\u0103, lua\u021bi \u00een considerare urm\u0103toarele criterii:  <\/p>\n\n<ul class=\"wp-block-list\">\n<li><strong>Capacitatea rezervorului de combustibil<\/strong>: un rezervor de combustibil de 70 p\u00e2n\u0103 la 200 de litri \u00eenseamn\u0103 autonomie extins\u0103 f\u0103r\u0103 realimentare frecvent\u0103.<\/li>\n\n\n\n<li><strong>Compatibilitate cu sistemele dvs. existente <\/strong>: ventila\u021bie suplimentar\u0103, re\u021bele de aer comprimat, structur\u0103 modular\u0103.<\/li>\n\n\n\n<li><strong>\u00centre\u021binere u\u0219oar\u0103<\/strong>: filtre accesibile, rezervor deta\u0219abil, piese de schimb disponibile.<br\/><\/li>\n<\/ul>\n\n<ol class=\"wp-block-list\">\n<li>Capacitatea rezervorului de ap\u0103<\/li>\n<\/ol>\n\n<p>Capacitatea rezervorului de ap\u0103 determin\u0103 autonomia sistemului. Pentru atelierele care func\u021bioneaz\u0103 \u00een schimburi lungi, un <strong>rezervor de capacitate mare<\/strong> (\u00eentre 70 \u0219i 200 de litri) \u00eenseamn\u0103 c\u0103 r\u0103cirea poate fi men\u021binut\u0103 f\u0103r\u0103 \u00eentreruperi frecvente. Acest lucru asigur\u0103 un <strong>control stabil al temperaturii<\/strong> \u00een \u00eentregul post de lucru sau linie de produc\u021bie.  <\/p>\n\n<ol start=\"2\" class=\"wp-block-list\">\n<li>Compatibilitatea r\u0103citorului cu sistemele existente<\/li>\n<\/ol>\n\n<p>Un r\u0103citor bun trebuie s\u0103 poat\u0103 <strong>fi integrat \u00een organizarea existent\u0103<\/strong>, fie ca o completare a unui sistem de ventila\u021bie, \u00eentr-o configura\u021bie mobil\u0103 pe ro\u021bi, fie \u00eentr-o pozi\u021bie mai fix\u0103 pentru zonele strategice, cum ar fi sta\u021biile de turnare sau de finisare.<\/p>\n\n<ol start=\"3\" class=\"wp-block-list\">\n<li>\u00centre\u021binere u\u0219oar\u0103 a echipamentului<\/li>\n<\/ol>\n\n<p>\u00centre\u021binerea joac\u0103 un rol decisiv \u00een alegerea utilajului potrivit. \u00centr-un <strong>mediu cu praf sau \u00eentr-unul \u00een care materialele sunt pulverizate<\/strong>, accesibilitatea filtrelor, u\u0219urin\u021ba cu care poate fi cur\u0103\u021bat rezervorul \u0219i disponibilitatea pieselor de schimb sunt factori care trebuie lua\u021bi \u00een considerare la cump\u0103rare sau \u00eenchiriere. O ma\u0219in\u0103 care este u\u0219or de \u00eentre\u021binut \u00ee\u0219i prelunge\u0219te durata de via\u021b\u0103 \u0219i reduce timpii mor\u021bi neplanifica\u021bi.  <\/p>\n\n<blockquote class=\"wp-block-quote is-layout-flow wp-block-quote-is-layout-flow\">\n<p><em>Ave\u021bi \u00eendoieli cu privire la echipamentul dumneavoastr\u0103? Echipamentul nostru   <\/em><strong><em>speciali\u0219tii sunt la \u00eendem\u00e2n\u0103 pentru a ajuta fiecare produc\u0103tor<\/em><\/strong><em>  \u00een analiza cerin\u021belor sale termice, a configura\u021biei amplasamentului \u0219i a dimension\u0103rii precise a r\u0103citorului. \u201eRecomand\u0103rile noastre se bazeaz\u0103 \u00eentotdeauna pe studii de teren \u0219i pe o abordare practic\u0103 a activit\u0103\u021bii clien\u021bilor no\u0219tri.\u201d  Un tehnician OberA explic\u0103.  <\/em><\/p>\n<\/blockquote>\n\n<h2 class=\"wp-block-heading\">Ce ofer\u0103 OberA pentru materiale plastice \u0219i compozite?<\/h2>\n\n<h3 class=\"wp-block-heading\">Gama IC: solu\u021bii mobile puternice \u0219i rentabile<\/h3>\n\n<p><strong>Gama mobil\u0103 IC<\/strong> se remarc\u0103 prin robuste\u021bea \u0219i performan\u021ba sa. Este proiectat\u0103 pentru medii industriale grele, unde c\u0103ldura poate compromite calitatea produselor \u0219i siguran\u021ba echipei. <\/p>\n\n<h3 class=\"wp-block-heading\">Compara\u021bie tehnic\u0103  <\/h3>\n\n<figure class=\"wp-block-table\"><table class=\"has-fixed-layout\"><tbody><tr><td><strong>Model<\/strong><\/td><td><strong>Debitul de aer (m\u00b3\/h)<\/strong><\/td><td><strong>Suprafa\u021ba acoperit\u0103 (m\u00b2)<\/strong><\/td><td><strong>Capacitatea rezervorului (litri)<\/strong><\/td><td><strong>Putere electric\u0103 (W)<\/strong><\/td><\/tr><tr><td><strong>IC 12<\/strong><\/td><td>12 000<\/td><td>P\u00e2n\u0103 la 150 m\u00b2 de suprafa\u021b\u0103<\/td><td>70<\/td><td>440<\/td><\/tr><tr><td><strong>IC 23<\/strong><\/td><td>23 000<\/td><td>P\u00e2n\u0103 la 250 m\u00b2 de suprafa\u021b\u0103<\/td><td>100<\/td><td>640<\/td><\/tr><tr><td><strong>IC 30<\/strong><\/td><td>30 000<\/td><td>P\u00e2n\u0103 la 400 m\u00b2 de suprafa\u021b\u0103<\/td><td>200<\/td><td>850<\/td><\/tr><\/tbody><\/table><\/figure>\n\n<p>Aceste dispozitive sunt disponibile \u0219i pentru \u00eenchiriere, cu livrare rapid\u0103 \u0219i punere \u00een func\u021biune asigurat\u0103 de echipele OberA.<\/p>\n\n<h3 class=\"wp-block-heading\">PureFlow: aer mai s\u0103n\u0103tos, un aparat mai fiabil<\/h3>\n\n<p>Exclusiv pentru OberA, <strong>r\u0103citoarele<\/strong> noastre <strong>industriale sunt echipate cu tehnologia PureFlow<\/strong>. Aceast\u0103 inova\u021bie combin\u0103 filtrarea avansat\u0103 \u0219i tratamentul UV pentru a cur\u0103\u021ba aerul de intrare \u0219i a proteja sistemul pe termen lung. Rezultatul: aer mai curat pentru lucr\u0103torii dumneavoastr\u0103, mai pu\u021bin\u0103 \u00eenfundare \u0219i <strong>\u00eentre\u021binere redus\u0103<\/strong>. Ideal pentru mediile industriale solicitante.   <\/p>\n","protected":false},"excerpt":{"rendered":"<p>\u00cen sectoarele maselor plastice \u0219i compozitelor, temperaturile ridicate din atelier pun probleme reale pentru calitate, siguran\u021b\u0103 \u0219i productivitate.  <\/p>\n","protected":false},"author":13,"featured_media":114044,"comment_status":"open","ping_status":"closed","sticky":false,"template":"","format":"standard","meta":{"_acf_changed":false,"_seopress_robots_primary_cat":"none","_seopress_titles_title":"R\u0103citor de aer pentru ateliere de compozite \u0219i materiale plastice","_seopress_titles_desc":"Temperaturi controlate, confort pentru lucr\u0103tori, costuri reduse: adopta\u021bi un r\u0103citor industrial OberA. Expertiz\u0103, tehnologie PureFlow, \u00eenchiriere sau achizi\u021bie la cheie. ","_seopress_robots_index":"","footnotes":""},"categories":[710],"tags":[472],"class_list":["post-114156","post","type-post","status-publish","format-standard","has-post-thumbnail","hentry","category-materiale-plastice-prelucrarea-materialelor-plastice-materiale-compozite","tag-racitoare","generate-columns","tablet-grid-50","mobile-grid-100","grid-parent","grid-50","no-featured-image-padding","resize-featured-image"],"acf":[],"_links":{"self":[{"href":"https:\/\/obera.fr\/ro\/wp-json\/wp\/v2\/posts\/114156","targetHints":{"allow":["GET"]}}],"collection":[{"href":"https:\/\/obera.fr\/ro\/wp-json\/wp\/v2\/posts"}],"about":[{"href":"https:\/\/obera.fr\/ro\/wp-json\/wp\/v2\/types\/post"}],"author":[{"embeddable":true,"href":"https:\/\/obera.fr\/ro\/wp-json\/wp\/v2\/users\/13"}],"replies":[{"embeddable":true,"href":"https:\/\/obera.fr\/ro\/wp-json\/wp\/v2\/comments?post=114156"}],"version-history":[{"count":6,"href":"https:\/\/obera.fr\/ro\/wp-json\/wp\/v2\/posts\/114156\/revisions"}],"predecessor-version":[{"id":123525,"href":"https:\/\/obera.fr\/ro\/wp-json\/wp\/v2\/posts\/114156\/revisions\/123525"}],"wp:featuredmedia":[{"embeddable":true,"href":"https:\/\/obera.fr\/ro\/wp-json\/wp\/v2\/media\/114044"}],"wp:attachment":[{"href":"https:\/\/obera.fr\/ro\/wp-json\/wp\/v2\/media?parent=114156"}],"wp:term":[{"taxonomy":"category","embeddable":true,"href":"https:\/\/obera.fr\/ro\/wp-json\/wp\/v2\/categories?post=114156"},{"taxonomy":"post_tag","embeddable":true,"href":"https:\/\/obera.fr\/ro\/wp-json\/wp\/v2\/tags?post=114156"}],"curies":[{"name":"wp","href":"https:\/\/api.w.org\/{rel}","templated":true}]}}