{"id":114854,"date":"2025-06-23T14:29:46","date_gmt":"2025-06-23T12:29:46","guid":{"rendered":"https:\/\/obera.fr\/nase-rada\/jeunes-tailleurs-refusent-ateliers-poussiereux\/"},"modified":"2025-07-08T14:05:32","modified_gmt":"2025-07-08T12:05:32","slug":"jeunes-tailleurs-refusent-ateliers-poussiereux","status":"publish","type":"post","link":"https:\/\/obera.fr\/ro\/sfatul-nostru\/jeunes-tailleurs-refusent-ateliers-poussiereux\/","title":{"rendered":"Tinerii croitori resping atelierele pr\u0103fuite: o schimbare de genera\u021bie?"},"content":{"rendered":"\n<p>Asociate \u00een mod tradi\u021bional cu munci <strong>manuale considerate uneori austere<\/strong>, atelierele de croitorie \u0219i cusut au avut mult timp o imagine blocat\u0103 \u00een trecut: praf, lumin\u0103 slab\u0103, ore lungi de munc\u0103 repetitiv\u0103. Dar aceast\u0103 imagine se schimb\u0103. O nou\u0103 genera\u021bie de tineri croitori &#8211; pasiona\u021bi, ambi\u021bio\u0219i \u0219i conecta\u021bi &#8211; solicit\u0103 condi\u021bii de lucru<strong> moderne<\/strong>, creative \u0219i satisf\u0103c\u0103toare.    <\/p>\n\n<h2 class=\"wp-block-heading\">O nou\u0103 genera\u021bie care schimb\u0103 lucrurile  <\/h2>\n\n<p>S-au dus zilele atelierelor \u00eentunecate, \u00eemb\u0103tr\u00e2nite.<strong>Tinerele talente<\/strong> doresc spa\u021bii luminoase, ergonomice, concepute pentru crea\u021bie, dar \u0219i pentru schimb \u0219i \u00eenv\u0103\u021bare. Ei nu vor doar s\u0103 \u201efac\u0103\u201d, ci vor s\u0103 \u201e\u00een\u021beleag\u0103\u201d, s\u0103 \u201einoveze\u201d \u0219i s\u0103 \u201ese exprime\u201d.    <\/p>\n\n<p>Aceast\u0103 schimbare <strong>afecteaz\u0103 nu numai mediul de lucru<\/strong>, ci \u0219i modul \u00een care este perceput\u0103 profesia. Pentru mul\u021bi tineri, a fi croitor nu mai \u00eenseamn\u0103 doar reproducerea unui me\u0219te\u0219ug ancestral, ci \u0219i evolu\u021bia acestuia, adaptarea sa la cerin\u021bele contemporane &#8211; fie \u00een termeni de durabilitate, stil sau tehnologie.   <\/p>\n\n<h2 class=\"wp-block-heading\">OberA, un partener pentru genera\u021biile viitoare  <\/h2>\n\n<p>La <strong>OberA<\/strong>, am \u00een\u021beles de mult timp importan\u021ba acestei transform\u0103ri. De aceea, ne implic\u0103m activ \u00een activitatea tinerilor artizani, ajut\u00e2ndu-i s\u0103 \u00ee\u0219i dezvolte abilit\u0103\u021bile, promov\u00e2ndu-le creativitatea \u0219i sprijinindu-le ambi\u021biile.   <\/p>\n\n<p>De mai mul\u021bi ani, suntem <strong>m\u00e2ndri s\u0103 fim parteneri ai WorldSkills, at\u00e2t la nivel na\u021bional, c\u00e2t \u0219i interna\u021bional<\/strong>. Acest angajament reflect\u0103 dorin\u021ba noastr\u0103 de a sprijini excelen\u021ba, transmiterea \u0219i inovarea \u00een meseriile artizanale, \u00een special \u00een domeniul textilelor \u0219i confec\u021biilor.   <\/p>\n\n<p>WorldSkills este mai mult dec\u00e2t un simplu concurs: este o vitrin\u0103 global\u0103 pentru abilit\u0103\u021bile tinerilor, un catalizator pentru pasiunea lor \u0219i o trambulin\u0103 c\u0103tre recunoa\u0219terea profesional\u0103. Prin sprijinirea acestor tineri \u00een fiecare etap\u0103 &#8211; de la preg\u0103tire la competi\u021bia interna\u021bional\u0103 &#8211; <strong>OberA eviden\u021biaz\u0103 noile fe\u021be ale profesiei de croitor<\/strong>, cei care inventeaz\u0103 ast\u0103zi atelierele de m\u00e2ine.   <\/p>\n\n<h2 class=\"wp-block-heading\">C\u0103tre un viitor cusut manual  <\/h2>\n\n<p>Aceast\u0103 schimbare de genera\u021bie este o oportunitate fantastic\u0103 de a restabili prestigiul profesiei de croitor. Cu condi\u021bia, desigur, s\u0103 \u00eenso\u021bim aceast\u0103 tranzi\u021bie, s\u0103 sprijinim dorin\u021ba de a \u00eenv\u0103\u021ba \u00eentr-un mod diferit \u0219i s\u0103 construim pun\u021bi \u00eentre tradi\u021bie \u0219i modernitate.   <\/p>\n\n<p>La OberA, noi credem \u00een aceast\u0103 nou\u0103 genera\u021bie. \u0218i suntem m\u00e2ndri s\u0103 fim parte din c\u0103l\u0103toria lor. <\/p>\n","protected":false},"excerpt":{"rendered":"<p>Asociate \u00een mod tradi\u021bional cu munci manuale considerate uneori austere, atelierele de croitorie \u0219i cusut au avut mult timp o imagine blocat\u0103 \u00een trecut: praf, lumin\u0103 slab\u0103, ore lungi de munc\u0103 repetitiv\u0103. Dar aceast\u0103 imagine se schimb\u0103. <\/p>\n","protected":false},"author":13,"featured_media":120491,"comment_status":"open","ping_status":"closed","sticky":false,"template":"","format":"standard","meta":{"_acf_changed":false,"_seopress_robots_primary_cat":"none","_seopress_titles_title":"Les jeunes tailleurs r\u00e9inventent l\u2019atelier : vers un m\u00e9tier modernis\u00e9","_seopress_titles_desc":"Nouvelle g\u00e9n\u00e9ration, nouveaux ateliers : les jeunes tailleurs modernisent le m\u00e9tier avec cr\u00e9ativit\u00e9, innovation et exigence. OberA les accompagne.","_seopress_robots_index":"","footnotes":""},"categories":[144],"tags":[],"class_list":["post-114854","post","type-post","status-publish","format-standard","has-post-thumbnail","hentry","category-sfatul-nostru","generate-columns","tablet-grid-50","mobile-grid-100","grid-parent","grid-50","no-featured-image-padding","resize-featured-image"],"acf":[],"_links":{"self":[{"href":"https:\/\/obera.fr\/ro\/wp-json\/wp\/v2\/posts\/114854","targetHints":{"allow":["GET"]}}],"collection":[{"href":"https:\/\/obera.fr\/ro\/wp-json\/wp\/v2\/posts"}],"about":[{"href":"https:\/\/obera.fr\/ro\/wp-json\/wp\/v2\/types\/post"}],"author":[{"embeddable":true,"href":"https:\/\/obera.fr\/ro\/wp-json\/wp\/v2\/users\/13"}],"replies":[{"embeddable":true,"href":"https:\/\/obera.fr\/ro\/wp-json\/wp\/v2\/comments?post=114854"}],"version-history":[{"count":1,"href":"https:\/\/obera.fr\/ro\/wp-json\/wp\/v2\/posts\/114854\/revisions"}],"predecessor-version":[{"id":114856,"href":"https:\/\/obera.fr\/ro\/wp-json\/wp\/v2\/posts\/114854\/revisions\/114856"}],"wp:featuredmedia":[{"embeddable":true,"href":"https:\/\/obera.fr\/ro\/wp-json\/wp\/v2\/media\/120491"}],"wp:attachment":[{"href":"https:\/\/obera.fr\/ro\/wp-json\/wp\/v2\/media?parent=114854"}],"wp:term":[{"taxonomy":"category","embeddable":true,"href":"https:\/\/obera.fr\/ro\/wp-json\/wp\/v2\/categories?post=114854"},{"taxonomy":"post_tag","embeddable":true,"href":"https:\/\/obera.fr\/ro\/wp-json\/wp\/v2\/tags?post=114854"}],"curies":[{"name":"wp","href":"https:\/\/api.w.org\/{rel}","templated":true}]}}