{"id":114980,"date":"2025-06-24T12:08:40","date_gmt":"2025-06-24T10:08:40","guid":{"rendered":"https:\/\/obera.fr\/nase-rada\/rafraichisseur-mobiles-adiabatiques-evenements-ephemeres\/"},"modified":"2025-06-27T08:26:36","modified_gmt":"2025-06-27T06:26:36","slug":"rafraichisseur-mobiles-adiabatiques-evenements-ephemeres","status":"publish","type":"post","link":"https:\/\/obera.fr\/ro\/nase-rada\/rafraichisseur-mobiles-adiabatiques-evenements-ephemeres\/","title":{"rendered":"R\u0103citoare adiabatice mobile: solu\u021bia francez\u0103 pentru evenimentele dvs. efemere"},"content":{"rendered":"\n<p>Odat\u0103 cu cre\u0219terea num\u0103rului de <strong>evenimente temporare<\/strong>, cum ar fi festivalurile, evenimentele sportive, pie\u021bele ambulante, t\u00e2rgurile comerciale \u0219i restaurantele temporare, asigurarea confortului termic al participan\u021bilor devine esen\u021bial\u0103. <a href=\"https:\/\/obera.fr\/ro\/produits\/rafraichisseurs-air\/\">R\u0103citoarele noastre adiabatice mobile<\/a>, proiectate \u0219i fabricate \u00een Fran\u021ba, ofer\u0103 o solu\u021bie ecologic\u0103 \u0219i eficient\u0103, perfect adaptat\u0103 acestor structuri temporare.   <\/p>\n\n<div class=\"wp-block-columns is-layout-flex wp-container-core-columns-is-layout-28f84493 wp-block-columns-is-layout-flex\">\n<div class=\"wp-block-column is-layout-flow wp-block-column-is-layout-flow\" style=\"flex-basis:50%\">\n<h2 class=\"wp-block-heading\">\u00cen\u021belegerea r\u0103cirii adiabatice  <\/h2>\n\n\n\n<p><strong>Principiul de r\u0103cire adiabatic\u0103<\/strong> se bazeaz\u0103 pe un fenomen natural: evaporarea apei. Aerul cald \u0219i uscat este aspirat, trecut prin medii umidificate \u0219i apoi r\u0103cit, f\u0103r\u0103 utilizarea gazelor refrigerante d\u0103un\u0103toare. Acest proces consum\u0103 de p\u00e2n\u0103 la 10 ori mai pu\u021bin\u0103 energie dec\u00e2t <a href=\"https:\/\/obera.fr\/conseils\/rafraichissement-adiabatique-confort-thermique-naturel\/\">aerul condi\u021bionat tradi\u021bional<\/a>, \u00eembun\u0103t\u0103\u021bind \u00een acela\u0219i timp calitatea aerului din interior.    <\/p>\n\n\n\n<h2 class=\"wp-block-heading\">O solu\u021bie ideal\u0103 pentru structuri temporare  <\/h2>\n\n\n\n<p><strong> R\u0103citoarele<\/strong> noastre sunt special concepute pentru a se potrivi \u00een medii precum :  <\/p>\n\n\n\n<ul class=\"wp-block-list\">\n<li>Arbori, copertine, hambare \u0219i standuri pentru festivaluri \u0219i pie\u021be.  <\/li>\n\n\n\n<li>infirmerii mobile sau posturi de prim ajutor la evenimente sportive sau culturale.<\/li>\n\n\n\n<li>Restaurante efemere, camioane alimentare \u0219i standuri de b\u0103uturi r\u0103coritoare \u00een aer liber.  <\/li>\n<\/ul>\n\n\n\n<p>Mobilitatea lor, datorit\u0103 ro\u021bilor robuste, le face u\u0219or de mutat \u00eentre diferite zone, asigur\u00e2nd o greblare constant\u0103 acolo unde este necesar.  <\/p>\n<\/div>\n\n\n\n<div class=\"wp-block-column is-layout-flow wp-block-column-is-layout-flow\" style=\"flex-basis:50%\">\n<p><\/p>\n\n\n\n<p><\/p>\n\n\n\n<p><\/p>\n\n\n\n<p><\/p>\n\n\n\n<p><\/p>\n\n\n\n<p><\/p>\n\n\n\n<figure class=\"wp-block-image aligncenter size-large is-resized\"><img decoding=\"async\" width=\"569\" height=\"1024\" src=\"https:\/\/obera.fr\/wp-content\/uploads\/2025\/06\/raf-obera-events-569x1024.png\" alt=\"evenimente raf obera\" class=\"wp-image-114912\" style=\"aspect-ratio:0.6666666666666666;object-fit:cover;width:270px;height:auto\" srcset=\"https:\/\/obera.fr\/wp-content\/uploads\/2025\/06\/raf-obera-events-569x1024.png 569w, https:\/\/obera.fr\/wp-content\/uploads\/2025\/06\/raf-obera-events-167x300.png 167w, https:\/\/obera.fr\/wp-content\/uploads\/2025\/06\/raf-obera-events.png 600w\" sizes=\"(max-width: 569px) 100vw, 569px\" \/><\/figure>\n<\/div>\n<\/div>\n\n<p><\/p>\n<div class=\"gb-container gb-container-025760be alignwide\">\n<div class=\"gb-container gb-container-9f708c38\">\n<style>.wp-block-kadence-advancedgallery.kb-gallery-wrap-id-114908_8cc32c-d2{overflow:hidden;}.kb-gallery-id-114908_8cc32c-d2 .kadence-blocks-gallery-item .kb-gal-image-radius, .kb-gallery-id-114908_8cc32c-d2 .kb-slide-item .kb-gal-image-radius img{border-radius:0px 0px 0px 0px;;}.kb-gallery-wrap-id-114908_8cc32c-d2.wp-block-kadence-advancedgallery{overflow:visible;}.kb-gallery-wrap-id-114908_8cc32c-d2.wp-block-kadence-advancedgallery .kt-blocks-carousel{overflow:visible;}<\/style><div class=\"kb-gallery-wrap-id-114908_8cc32c-d2 alignnone wp-block-kadence-advancedgallery\"><div class=\"kb-gallery-ul kb-gallery-non-static kb-gallery-type-carousel kb-gallery-id-114908_8cc32c-d2 kb-gallery-caption-style-bottom-hover kb-gallery-filter-none\" data-image-filter=\"none\" data-lightbox-caption=\"true\"><div class=\"kt-blocks-carousel splide kt-carousel-container-dotstyle-dark kt-carousel-arrowstyle-whiteondark kt-carousel-dotstyle-dark kb-slider-group-arrow kb-slider-arrow-position-center\" data-columns-xxl=\"4\" data-columns-xl=\"4\" data-columns-md=\"4\" data-columns-sm=\"3\" data-columns-xs=\"2\" data-columns-ss=\"2\" data-slider-anim-speed=\"400\" data-slider-scroll=\"1\" data-slider-arrows=\"true\" data-slider-dots=\"true\" data-slider-hover-pause=\"false\" data-slider-auto=\"1\" data-slider-speed=\"7000\" data-slider-gap=\"10px\" data-slider-gap-tablet=\"10px\" data-slider-gap-mobile=\"10px\" data-show-pause-button=\"false\" data-slider-label=\"Photo Gallery Carousel\"><div class=\"splide__track\"><ul class=\"kt-blocks-carousel-init kb-gallery-carousel splide__list\"><li class=\"kb-slide-item kb-gallery-carousel-item splide__slide\"><div class=\"kadence-blocks-gallery-item\"><div class=\"kadence-blocks-gallery-item-inner\"><figure class=\"kb-gallery-figure kadence-blocks-gallery-item-hide-caption\"><div class=\"kb-gal-image-radius\"><div class=\"kb-gallery-image-contain kadence-blocks-gallery-intrinsic kb-gallery-image-ratio-square kb-has-image-ratio-square\" ><img decoding=\"async\" src=\"https:\/\/obera.fr\/wp-content\/uploads\/2025\/06\/5-2.png\" width=\"1200\" height=\"1200\" alt=\"Visuel 2.0 Buvette\" data-full-image=\"https:\/\/obera.fr\/wp-content\/uploads\/2025\/06\/5-2.png\" data-light-image=\"https:\/\/obera.fr\/wp-content\/uploads\/2025\/06\/5-2.png\" data-id=\"115951\" class=\"wp-image-115951 skip-lazy\" srcset=\"https:\/\/obera.fr\/wp-content\/uploads\/2025\/06\/5-2.png 1200w, https:\/\/obera.fr\/wp-content\/uploads\/2025\/06\/5-2-300x300.png 300w, https:\/\/obera.fr\/wp-content\/uploads\/2025\/06\/5-2-1024x1024.png 1024w, https:\/\/obera.fr\/wp-content\/uploads\/2025\/06\/5-2-150x150.png 150w, https:\/\/obera.fr\/wp-content\/uploads\/2025\/06\/5-2-768x768.png 768w\" sizes=\"(max-width: 1200px) 100vw, 1200px\" \/><\/div><\/div><\/figure><\/div><\/div><\/li><li class=\"kb-slide-item kb-gallery-carousel-item splide__slide\"><div class=\"kadence-blocks-gallery-item\"><div class=\"kadence-blocks-gallery-item-inner\"><figure class=\"kb-gallery-figure kadence-blocks-gallery-item-hide-caption\"><div class=\"kb-gal-image-radius\"><div class=\"kb-gallery-image-contain kadence-blocks-gallery-intrinsic kb-gallery-image-ratio-square kb-has-image-ratio-square\" ><img decoding=\"async\" src=\"https:\/\/obera.fr\/wp-content\/uploads\/2025\/06\/4-2.png\" width=\"1200\" height=\"1200\" alt=\"Visuel 2.0 Festival\" data-full-image=\"https:\/\/obera.fr\/wp-content\/uploads\/2025\/06\/4-2.png\" data-light-image=\"https:\/\/obera.fr\/wp-content\/uploads\/2025\/06\/4-2.png\" data-id=\"115927\" class=\"wp-image-115927 skip-lazy\" srcset=\"https:\/\/obera.fr\/wp-content\/uploads\/2025\/06\/4-2.png 1200w, https:\/\/obera.fr\/wp-content\/uploads\/2025\/06\/4-2-300x300.png 300w, https:\/\/obera.fr\/wp-content\/uploads\/2025\/06\/4-2-1024x1024.png 1024w, https:\/\/obera.fr\/wp-content\/uploads\/2025\/06\/4-2-150x150.png 150w, https:\/\/obera.fr\/wp-content\/uploads\/2025\/06\/4-2-768x768.png 768w\" sizes=\"(max-width: 1200px) 100vw, 1200px\" \/><\/div><\/div><\/figure><\/div><\/div><\/li><li class=\"kb-slide-item kb-gallery-carousel-item splide__slide\"><div class=\"kadence-blocks-gallery-item\"><div class=\"kadence-blocks-gallery-item-inner\"><figure class=\"kb-gallery-figure kadence-blocks-gallery-item-hide-caption\"><div class=\"kb-gal-image-radius\"><div class=\"kb-gallery-image-contain kadence-blocks-gallery-intrinsic kb-gallery-image-ratio-square kb-has-image-ratio-square\" ><img decoding=\"async\" src=\"https:\/\/obera.fr\/wp-content\/uploads\/2025\/06\/3-2.png\" width=\"1200\" height=\"1200\" alt=\"Visuel 2.0 Food truck\" data-full-image=\"https:\/\/obera.fr\/wp-content\/uploads\/2025\/06\/3-2.png\" data-light-image=\"https:\/\/obera.fr\/wp-content\/uploads\/2025\/06\/3-2.png\" data-id=\"115903\" class=\"wp-image-115903 skip-lazy\" srcset=\"https:\/\/obera.fr\/wp-content\/uploads\/2025\/06\/3-2.png 1200w, https:\/\/obera.fr\/wp-content\/uploads\/2025\/06\/3-2-300x300.png 300w, https:\/\/obera.fr\/wp-content\/uploads\/2025\/06\/3-2-1024x1024.png 1024w, https:\/\/obera.fr\/wp-content\/uploads\/2025\/06\/3-2-150x150.png 150w, https:\/\/obera.fr\/wp-content\/uploads\/2025\/06\/3-2-768x768.png 768w\" sizes=\"(max-width: 1200px) 100vw, 1200px\" \/><\/div><\/div><\/figure><\/div><\/div><\/li><li class=\"kb-slide-item kb-gallery-carousel-item splide__slide\"><div class=\"kadence-blocks-gallery-item\"><div class=\"kadence-blocks-gallery-item-inner\"><figure class=\"kb-gallery-figure kadence-blocks-gallery-item-hide-caption\"><div class=\"kb-gal-image-radius\"><div class=\"kb-gallery-image-contain kadence-blocks-gallery-intrinsic kb-gallery-image-ratio-square kb-has-image-ratio-square\" ><img decoding=\"async\" src=\"https:\/\/obera.fr\/wp-content\/uploads\/2025\/06\/2-2.png\" width=\"900\" height=\"1200\" alt=\"Visuel 2.0 Infirmerie mobile\" data-full-image=\"https:\/\/obera.fr\/wp-content\/uploads\/2025\/06\/2-2.png\" data-light-image=\"https:\/\/obera.fr\/wp-content\/uploads\/2025\/06\/2-2.png\" data-id=\"115880\" class=\"wp-image-115880 skip-lazy\" srcset=\"https:\/\/obera.fr\/wp-content\/uploads\/2025\/06\/2-2.png 900w, https:\/\/obera.fr\/wp-content\/uploads\/2025\/06\/2-2-225x300.png 225w, https:\/\/obera.fr\/wp-content\/uploads\/2025\/06\/2-2-768x1024.png 768w\" sizes=\"(max-width: 900px) 100vw, 900px\" \/><\/div><\/div><\/figure><\/div><\/div><\/li><\/ul><\/div><\/div><\/div><\/div>\n<\/div>\n<\/div>\n<div class=\"wp-block-columns is-layout-flex wp-container-core-columns-is-layout-28f84493 wp-block-columns-is-layout-flex\">\n<div class=\"wp-block-column is-layout-flow wp-block-column-is-layout-flow\" style=\"flex-basis:66.66%\">\n<h2 class=\"wp-block-heading\">Fabricat \u00een Fran\u021ba cu o garan\u021bie de 5 ani  <\/h2>\n\n\n\n<p>Sprijinirea industriei locale se afl\u0103 \u00een centrul abord\u0103rii noastre.<strong> R\u0103citoarele<\/strong> noastre<strong> sunt fabricate \u00een \u00eentregime \u00een Fran\u021ba<\/strong>, garant\u00e2nd o calitate superioar\u0103 \u0219i o reac\u021bie optim\u0103 atunci c\u00e2nd este nevoie. \u00cen plus, oferim o garan\u021bie de 5 ani, care atest\u0103 durabilitatea \u0219i fiabilitatea produselor noastre.    <\/p>\n\n\n\n<h2 class=\"wp-block-heading\">Ecologie \u0219i economie: un duo c\u00e2\u0219tig\u0103tor  <\/h2>\n\n\n\n<p>Pe l\u00e2ng\u0103 faptul c\u0103 sunt eficiente din punct de vedere energetic, unit\u0103\u021bile noastre nu utilizeaz\u0103 agen\u021bi frigorifici, reduc\u00e2nd astfel impactul asupra mediului. Ele sunt, de asemenea, economice \u00een utilizare, cu un consum minim <strong>de ap\u0103<\/strong> \u0219i electricitate, ceea ce le face ideale pentru evenimente punctuale sau structuri f\u0103r\u0103 acces la instala\u021bii electrice puternice.   <\/p>\n\n\n\n<h2 class=\"wp-block-heading\">Specifica\u021bii tehnice  <\/h2>\n\n\n\n<ul class=\"wp-block-list\">\n<li><strong>Debit de aer<\/strong>: P\u00e2n\u0103 la 30.000 m\u00b3\/h, adecvat pentru suprafe\u021be de p\u00e2n\u0103 la 400 m\u00b2.  <\/li>\n\n\n\n<li><strong>Rezervor de ap\u0103 <\/strong>: Capacitate mare pentru autonomie extins\u0103.  <\/li>\n\n\n\n<li><strong>Niveluri de ventila\u021bie<\/strong>: Mai multe viteze pentru confort personalizat.  <\/li>\n\n\n\n<li><strong>Nivel de zgomot<\/strong>: Silen\u021bios, ideal pentru medii care necesit\u0103 o atmosfer\u0103 calm\u0103.<\/li>\n\n\n\n<li><strong>Caracteristici suplimentare<\/strong>: cu prefiltrarea patentat\u0103 Pureflow, r\u0103citoarele noastre ofer\u0103 aer proasp\u0103t \u0219i s\u0103n\u0103tos, ideal pentru evenimente cu nisip sau praf de la alerg\u0103tori, de exemplu.  <\/li>\n<\/ul>\n<\/div>\n\n\n\n<div class=\"wp-block-column is-layout-flow wp-block-column-is-layout-flow\" style=\"flex-basis:33.33%\">\n<figure class=\"wp-block-image aligncenter size-large is-resized\"><img decoding=\"async\" width=\"576\" height=\"1024\" src=\"https:\/\/obera.fr\/wp-content\/uploads\/2025\/06\/1000001062-576x1024.jpg\" alt=\"Odorizant de aer OberA\" class=\"wp-image-114935\" style=\"aspect-ratio:0.6666666666666666;object-fit:cover;width:242px;height:auto\" srcset=\"https:\/\/obera.fr\/wp-content\/uploads\/2025\/06\/1000001062-576x1024.jpg 576w, https:\/\/obera.fr\/wp-content\/uploads\/2025\/06\/1000001062-169x300.jpg 169w, https:\/\/obera.fr\/wp-content\/uploads\/2025\/06\/1000001062-768x1365.jpg 768w, https:\/\/obera.fr\/wp-content\/uploads\/2025\/06\/1000001062-864x1536.jpg 864w, https:\/\/obera.fr\/wp-content\/uploads\/2025\/06\/1000001062.jpg 900w\" sizes=\"(max-width: 576px) 100vw, 576px\" \/><\/figure>\n<\/div>\n<\/div>\n\n<h2 class=\"wp-block-heading\">U\u0219or de instalat \u0219i utilizat  <\/h2>\n\n<p>Nu este nevoie de <a href=\"https:\/\/obera.fr\/ro\/sfatul-nostru\/le-principe-de-fonctionnement-du-refroidissement-adiabatique-air-eau-evaporation\/\">instalare complex\u0103 sau de \u021bevi de scurgere<\/a>. Trebuie doar s\u0103 umple\u021bi rezervorul de ap\u0103, s\u0103 conecta\u021bi unitatea \u0219i s\u0103 o pozi\u021biona\u021bi \u00een zona dorit\u0103. Designul lor intuitiv \u00eenseamn\u0103 c\u0103 pot fi instalate rapid, ceea ce este esen\u021bial pentru evenimentele de durat\u0103 limitat\u0103.    <\/p>\n\n<h2 class=\"wp-block-heading\">Contacta\u021bi-ne  <\/h2>\n\n<p>Sunte\u021bi gata s\u0103 aduce\u021bi o gur\u0103 <strong>de aer proasp\u0103t evenimentelor dumneavoastr\u0103<\/strong>? Exper\u021bii no\u0219tri v\u0103 stau la dispozi\u021bie pentru a v\u0103 consilia cu privire la modelul cel mai potrivit pentru nevoile dumneavoastr\u0103. Nu ezita\u021bi s\u0103 ne contacta\u021bi pentru o ofert\u0103 personalizat\u0103 sau dac\u0103 ave\u021bi \u00eentreb\u0103ri suplimentare.  <\/p>\n","protected":false},"excerpt":{"rendered":"<p>\u00cen climatul actual, \u00een care evenimentele temporare precum festivalurile, evenimentele sportive, pie\u021bele ambulante, t\u00e2rgurile comerciale \u0219i restaurantele de scurt\u0103 durat\u0103 sunt \u00een cre\u0219tere, asigurarea confortului termic al participan\u021bilor este esen\u021bial\u0103.<\/p>\n","protected":false},"author":13,"featured_media":120420,"comment_status":"open","ping_status":"closed","sticky":false,"template":"","format":"standard","meta":{"_acf_changed":false,"_seopress_robots_primary_cat":"none","_seopress_titles_title":"Rafra\u00eechisseurs mobiles fran\u00e7ais pour \u00e9v\u00e9nements \u00e9ph\u00e9m\u00e8res","_seopress_titles_desc":"Rafra\u00eechisseurs mobiles adiabatiques fabriqu\u00e9s en France, \u00e9cologiques et \u00e9conomiques, id\u00e9als pour \u00e9v\u00e9nements \u00e9ph\u00e9m\u00e8res comme festivals ou march\u00e9s.","_seopress_robots_index":"","footnotes":""},"categories":[],"tags":[],"class_list":["post-114980","post","type-post","status-publish","format-standard","has-post-thumbnail","hentry","generate-columns","tablet-grid-50","mobile-grid-100","grid-parent","grid-50","no-featured-image-padding","resize-featured-image"],"acf":[],"_links":{"self":[{"href":"https:\/\/obera.fr\/ro\/wp-json\/wp\/v2\/posts\/114980","targetHints":{"allow":["GET"]}}],"collection":[{"href":"https:\/\/obera.fr\/ro\/wp-json\/wp\/v2\/posts"}],"about":[{"href":"https:\/\/obera.fr\/ro\/wp-json\/wp\/v2\/types\/post"}],"author":[{"embeddable":true,"href":"https:\/\/obera.fr\/ro\/wp-json\/wp\/v2\/users\/13"}],"replies":[{"embeddable":true,"href":"https:\/\/obera.fr\/ro\/wp-json\/wp\/v2\/comments?post=114980"}],"version-history":[{"count":15,"href":"https:\/\/obera.fr\/ro\/wp-json\/wp\/v2\/posts\/114980\/revisions"}],"predecessor-version":[{"id":116368,"href":"https:\/\/obera.fr\/ro\/wp-json\/wp\/v2\/posts\/114980\/revisions\/116368"}],"wp:featuredmedia":[{"embeddable":true,"href":"https:\/\/obera.fr\/ro\/wp-json\/wp\/v2\/media\/120420"}],"wp:attachment":[{"href":"https:\/\/obera.fr\/ro\/wp-json\/wp\/v2\/media?parent=114980"}],"wp:term":[{"taxonomy":"category","embeddable":true,"href":"https:\/\/obera.fr\/ro\/wp-json\/wp\/v2\/categories?post=114980"},{"taxonomy":"post_tag","embeddable":true,"href":"https:\/\/obera.fr\/ro\/wp-json\/wp\/v2\/tags?post=114980"}],"curies":[{"name":"wp","href":"https:\/\/api.w.org\/{rel}","templated":true}]}}