{"id":118467,"date":"2025-06-30T15:30:10","date_gmt":"2025-06-30T13:30:10","guid":{"rendered":"https:\/\/obera.fr\/nase-rada\/rafraichisseur-garage\/"},"modified":"2025-07-16T11:03:12","modified_gmt":"2025-07-16T09:03:12","slug":"rafraichisseur-garage","status":"publish","type":"post","link":"https:\/\/obera.fr\/ro\/autoturisme-si-camioane\/rafraichisseur-garage\/","title":{"rendered":"C\u0103ldura \u00een garajele auto: o provocare zilnic\u0103 \u00een sf\u00e2r\u0219it sub control datorit\u0103 r\u0103citoarelor OberA"},"content":{"rendered":"\n<div class=\"wp-block-columns is-layout-flex wp-container-core-columns-is-layout-28f84493 wp-block-columns-is-layout-flex\">\n<div class=\"wp-block-column is-layout-flow wp-block-column-is-layout-flow\" style=\"flex-basis:66.66%\">\n<p><strong>Sectorul auto se supra\u00eenc\u0103lze\u0219te<\/strong>, iar c\u0103ldura din garaje \u0219i ateliere<br\/>devine un flagel pentru profesioni\u0219tii din sector.<br\/><br\/>\u00cen fiecare var\u0103, \u00een ateliere, c\u0103ldura devine rapid un <strong>handicap major pentru mecanici<\/strong>, afect\u00e2ndu-le s\u0103n\u0103tatea, siguran\u021ba \u0219i productivitatea.<br\/><br\/>Valurile de c\u0103ldur\u0103 sunt din ce \u00een ce mai frecvente \u0219i mai intense \u00een Fran\u021ba. Potrivit M\u00e9t\u00e9o France, \u00een ultimii 20 de ani,<strong> \u021bara a \u00eenregistrat 8 dintre cele mai fierbin\u021bi 10 veri<\/strong> din 1900. <\/p>\n<\/div>\n\n\n\n<div class=\"wp-block-column is-layout-flow wp-block-column-is-layout-flow\" style=\"flex-basis:33.33%\">\n<figure class=\"wp-block-image aligncenter size-full is-resized\"><img decoding=\"async\" width=\"612\" height=\"612\" src=\"https:\/\/obera.fr\/wp-content\/uploads\/2025\/06\/istockphoto-629496278-612x612-1.jpg\" alt=\"Garaj auto\" class=\"wp-image-118791\" style=\"width:326px;height:auto\" srcset=\"https:\/\/obera.fr\/wp-content\/uploads\/2025\/06\/istockphoto-629496278-612x612-1.jpg 612w, https:\/\/obera.fr\/wp-content\/uploads\/2025\/06\/istockphoto-629496278-612x612-1-300x300.jpg 300w, https:\/\/obera.fr\/wp-content\/uploads\/2025\/06\/istockphoto-629496278-612x612-1-150x150.jpg 150w\" sizes=\"(max-width: 612px) 100vw, 612px\" \/><\/figure>\n<\/div>\n<\/div>\n\n<h2 class=\"wp-block-heading\">Temperaturi extreme \u00een ateliere slab izolate<\/h2>\n\n<p>Garajele \u0219i <a href=\"https:\/\/obera.fr\/ro\/nase-rada\/rafraichisseur-production-automobile\/\">atelierele auto sunt adesea slab ventilate,<\/a> par\u021bial deschise, cu echipamente care genereaz\u0103 temperaturi ridicate, cum ar fi motoare fierbin\u021bi, pun\u021bi hidraulice, compresoare etc.<br\/>\u00cen timpul caniculei, <strong>temperatura ambiental\u0103 poate atinge cu u\u0219urin\u021b\u0103 35-45\u00b0C <\/strong>\u00eentr-un atelier \u00eenchis sau cu u\u0219ile deschise, ceea ce duce la temperaturi exterioare sufocante.<br\/><br\/>Aceste temperaturi ridicate au consecin\u021be concrete pentru mecanicii auto:  <\/p>\n\n<ul class=\"wp-block-list\">\n<li><strong>Probleme de s\u0103n\u0103tate<\/strong> \u2192 loviturile de c\u0103ldur\u0103, deshidratarea \u0219i starea de r\u0103u devin recurente<\/li>\n\n\n\n<li><strong>Concentra\u021bia redus\u0103<\/strong> \u2192 c\u0103ldura conduce la un risc crescut de erori tehnice<\/li>\n\n\n\n<li><strong>Impactul asupra performan\u021bei generale<\/strong> \u2192 produc\u021bie redus\u0103, pierdere de eficien\u021b\u0103, incapacitate temporar\u0103 de munc\u0103<\/li>\n\n\n\n<li><strong>Consecin\u021be pentru echipe<\/strong> \u2192 fluctua\u021bie crescut\u0103, \u00eenlocuiri frecvente<\/li>\n<\/ul>\n\n<p><\/p>\n\n<h2 class=\"wp-block-heading\">O solu\u021bie \u00eencercat\u0103 \u0219i testat\u0103: r\u0103citoarele de aer industriale OberA<\/h2>\n\n<p>OberA ofer\u0103 solu\u021bia de r\u0103cire de \u00eenalt\u0103 performan\u021b\u0103, durabil\u0103 \u0219i u\u0219or de instalat. Gama noastr\u0103 de r\u0103citoare IC este perfect <strong>adaptat\u0103 mediilor auto<\/strong>, cum ar fi garajele \u0219i atelierele de \u00eentre\u021binere, repara\u021bii \u0219i produc\u021bie. <\/p>\n\n<p><br\/>Potrivite pentru suprafe\u021be cuprinse \u00eentre 80 \u0219i 400m\u00b2, IC-urile noastre ofer\u0103 sectorului dumneavoastr\u0103 :<br\/><\/p>\n\n<ul class=\"wp-block-list\">\n<li>O inova\u021bie tehnologic\u0103 bazat\u0103 pe un principiu istoric \u0219i natural: evaporarea apei<\/li>\n\n\n\n<li>Costuri de func\u021bionare de 15 ori mai mici dec\u00e2t aerul condi\u021bionat<\/li>\n\n\n\n<li>O gam\u0103 complet\u0103 pentru a v\u0103 satisface toate nevoile \u0219i constr\u00e2ngerile<\/li>\n\n\n\n<li>O amprent\u0103 de carbon foarte sc\u0103zut\u0103 (f\u0103r\u0103 agent frigorific) care nu elibereaz\u0103 aer cald (f\u0103r\u0103 efect de &#8222;insul\u0103 de c\u0103ldur\u0103&#8221;)<\/li>\n\n\n\n<li>O gam\u0103 de produse de calitate fabricate \u00een Fran\u021ba<\/li>\n\n\n\n<li>O solu\u021bie &#8222;plug and play&#8221; practic\u0103, adaptabil\u0103 \u0219i mobil\u0103<\/li>\n\n\n\n<li>\u00centre\u021binere rapid\u0103, rentabil\u0103<\/li>\n\n\n\n<li>Garan\u021bie de 5 ani<br\/><\/li>\n<\/ul>\n\n<p>Datorit\u0103 inova\u021biei sale patentate &#8222;Pureflow&#8221;, OberA <strong>combin\u0103 r\u0103cirea \u0219i purificarea<\/strong> pentru a garanta o calitate superioar\u0103 a aerului \u00een garajele \u0219i atelierele dvs. auto.<\/p>\n\n<p><\/p>\n\n<div class=\"wp-block-columns is-layout-flex wp-container-core-columns-is-layout-28f84493 wp-block-columns-is-layout-flex\">\n<div class=\"wp-block-column is-layout-flow wp-block-column-is-layout-flow\">\n<h3 class=\"wp-block-heading has-text-align-center\">IC 12<\/h3>\n\n\n\n<figure class=\"wp-block-image aligncenter size-full is-resized\"><a href=\"https:\/\/obera.fr\/produits\/rafraichisseurs-air\/rafraichisseurs-par-evaporation-ic\/\"><img decoding=\"async\" width=\"1200\" height=\"1200\" src=\"https:\/\/obera.fr\/wp-content\/uploads\/2025\/04\/img-ic-12.png\" alt=\"img ic 12\" class=\"wp-image-87231\" style=\"object-fit:cover;width:300px;height:300px\" srcset=\"https:\/\/obera.fr\/wp-content\/uploads\/2025\/04\/img-ic-12.png 1200w, https:\/\/obera.fr\/wp-content\/uploads\/2025\/04\/img-ic-12-300x300.png 300w, https:\/\/obera.fr\/wp-content\/uploads\/2025\/04\/img-ic-12-1024x1024.png 1024w, https:\/\/obera.fr\/wp-content\/uploads\/2025\/04\/img-ic-12-150x150.png 150w, https:\/\/obera.fr\/wp-content\/uploads\/2025\/04\/img-ic-12-768x768.png 768w\" sizes=\"(max-width: 1200px) 100vw, 1200px\" \/><\/a><\/figure>\n<\/div>\n\n\n\n<div class=\"wp-block-column is-layout-flow wp-block-column-is-layout-flow\">\n<h3 class=\"wp-block-heading has-text-align-center\">IC 22<\/h3>\n\n\n\n<figure class=\"wp-block-image aligncenter size-full is-resized\"><a href=\"https:\/\/obera.fr\/produits\/rafraichisseurs-air\/rafraichisseurs-par-evaporation-ic\/\"><img decoding=\"async\" width=\"1200\" height=\"1200\" src=\"https:\/\/obera.fr\/wp-content\/uploads\/2025\/04\/img-ic-22.png\" alt=\"img ic 22\" class=\"wp-image-87254\" style=\"object-fit:cover;width:300px;height:300px\" srcset=\"https:\/\/obera.fr\/wp-content\/uploads\/2025\/04\/img-ic-22.png 1200w, https:\/\/obera.fr\/wp-content\/uploads\/2025\/04\/img-ic-22-300x300.png 300w, https:\/\/obera.fr\/wp-content\/uploads\/2025\/04\/img-ic-22-1024x1024.png 1024w, https:\/\/obera.fr\/wp-content\/uploads\/2025\/04\/img-ic-22-150x150.png 150w, https:\/\/obera.fr\/wp-content\/uploads\/2025\/04\/img-ic-22-768x768.png 768w\" sizes=\"(max-width: 1200px) 100vw, 1200px\" \/><\/a><\/figure>\n<\/div>\n\n\n\n<div class=\"wp-block-column is-layout-flow wp-block-column-is-layout-flow\">\n<h3 class=\"wp-block-heading has-text-align-center\">IC 30<\/h3>\n\n\n\n<figure class=\"wp-block-image aligncenter size-full is-resized\"><a href=\"https:\/\/obera.fr\/produits\/rafraichisseurs-air\/rafraichisseurs-par-evaporation-ic\/\"><img decoding=\"async\" width=\"1200\" height=\"1200\" src=\"https:\/\/obera.fr\/wp-content\/uploads\/2025\/04\/img-ic-30.png\" alt=\"img ic 30\" class=\"wp-image-87278\" style=\"object-fit:cover;width:300px;height:300px\" srcset=\"https:\/\/obera.fr\/wp-content\/uploads\/2025\/04\/img-ic-30.png 1200w, https:\/\/obera.fr\/wp-content\/uploads\/2025\/04\/img-ic-30-300x300.png 300w, https:\/\/obera.fr\/wp-content\/uploads\/2025\/04\/img-ic-30-1024x1024.png 1024w, https:\/\/obera.fr\/wp-content\/uploads\/2025\/04\/img-ic-30-150x150.png 150w, https:\/\/obera.fr\/wp-content\/uploads\/2025\/04\/img-ic-30-768x768.png 768w\" sizes=\"(max-width: 1200px) 100vw, 1200px\" \/><\/a><\/figure>\n<\/div>\n<\/div>\n\n<div class=\"wp-block-buttons is-content-justification-center is-layout-flex wp-container-core-buttons-is-layout-a89b3969 wp-block-buttons-is-layout-flex\">\n<div class=\"wp-block-button\"><a class=\"wp-block-button__link has-text-align-center wp-element-button\" href=\"https:\/\/obera.fr\/ro\/produits\/rafraichisseurs-air\/\"><strong>Descoperi\u021bi r\u0103citoarele noastre<\/strong><\/a><\/div>\n<\/div>\n\n<div style=\"height:81px\" aria-hidden=\"true\" class=\"wp-block-spacer\"><\/div>\n\n<h2 class=\"wp-block-heading\">Garaj Volkswagen Fabris \u00een Irmstett (67)<\/h2>\n\n<div class=\"wp-block-columns is-layout-flex wp-container-core-columns-is-layout-28f84493 wp-block-columns-is-layout-flex\">\n<div class=\"wp-block-column is-layout-flow wp-block-column-is-layout-flow\" style=\"flex-basis:80%\">\n<p><\/p>\n\n\n\n<p>Situat \u00een regiunea Bas-Rhin din Fran\u021ba, <strong>Garage Volkswagen Fabris<\/strong> s-a confruntat, ca \u00een fiecare an, cu o cre\u0219tere semnificativ\u0103 a temperaturii \u00een atelierul s\u0103u.<br\/>Pentru a \u00eembun\u0103t\u0103\u021bi confortul mecanicilor s\u0103i, am propus un test al modelului nostru IC 12 pe parcursul mai multor zile, pentru a dovedi<strong>eficien\u021ba solu\u021biei noastre de<\/strong> r\u0103cire Made In France.<\/p>\n\n\n\n<p><\/p>\n\n\n\n<h3 class=\"wp-block-heading\">Rezultate imediate<\/h3>\n\n\n\n<blockquote class=\"wp-block-quote is-layout-flow wp-block-quote-is-layout-flow\">\n<p>&#8222;Este simplu, mecanicii mei nu credeau, dar dup\u0103 c\u00e2teva minute de utilizare, am v\u0103zut c\u0103 temperatura a sc\u0103zut semnificativ. Am <strong>c\u00e2\u0219tigat \u00een confort<\/strong>, dar \u0219i \u00een eficien\u021b\u0103. Atmosfera din atelier este mai relaxat\u0103 \u0219i favorizeaz\u0103 lucrul \u00een condi\u021bii mult \u00eembun\u0103t\u0103\u021bite.  <br\/><br\/>Domnul Fabris, proprietarul garajului FABRIS.<\/p>\n<\/blockquote>\n<\/div>\n\n\n\n<div class=\"wp-block-column is-layout-flow wp-block-column-is-layout-flow\" style=\"flex-basis:50%\"><style>.kb-gallery-id-118196_6fa53f-8e .kadence-blocks-gallery-item .kb-gal-image-radius, .kb-gallery-id-118196_6fa53f-8e .kb-slide-item .kb-gal-image-radius img{border-radius:0px 0px 0px 0px;;}.kb-gallery-wrap-id-118196_6fa53f-8e.wp-block-kadence-advancedgallery{overflow:visible;}.kb-gallery-wrap-id-118196_6fa53f-8e.wp-block-kadence-advancedgallery .kt-blocks-carousel{overflow:visible;}<\/style><div class=\"kb-gallery-wrap-id-118196_6fa53f-8e alignnone wp-block-kadence-advancedgallery\"><div class=\"kb-gallery-ul kb-gallery-non-static kb-gallery-type-slider kb-gallery-id-118196_6fa53f-8e kb-gallery-caption-style-bottom-hover kb-gallery-filter-none\" data-image-filter=\"none\" data-lightbox-caption=\"true\"><div class=\"kt-blocks-carousel splide kt-carousel-container-dotstyle-dark kt-carousel-arrowstyle-whiteondark kt-carousel-dotstyle-dark kb-slider-group-arrow kb-slider-arrow-position-center\" data-slider-anim-speed=\"400\" data-slider-scroll=\"1\" data-slider-arrows=\"true\" data-slider-fade=\"true\" data-slider-dots=\"true\" data-slider-type=\"slider\" data-slider-hover-pause=\"false\" data-slider-auto=\"\" data-slider-speed=\"7000\" data-show-pause-button=\"false\"><div class=\"splide__track\"><ul class=\"kt-blocks-carousel-init kb-blocks-slider splide__list\"><li class=\"kb-slide-item kb-gallery-slide-item splide__slide\"><div class=\"kadence-blocks-gallery-item\"><div class=\"kadence-blocks-gallery-item-inner\"><figure class=\"kb-gallery-figure kadence-blocks-gallery-item-hide-caption\"><div class=\"kb-gal-image-radius\"><div class=\"kb-gallery-image-contain kadence-blocks-gallery-intrinsic kb-gallery-image-ratio-land32 kb-has-image-ratio-land32\" ><img decoding=\"async\" src=\"https:\/\/obera.fr\/wp-content\/uploads\/2025\/06\/raf-ic-12-secteur-automobile.3-1024x1024.png\" width=\"1024\" height=\"1024\" alt=\"raf ic 12 secteur automobile\" data-full-image=\"https:\/\/obera.fr\/wp-content\/uploads\/2025\/06\/raf-ic-12-secteur-automobile.3.png\" data-light-image=\"https:\/\/obera.fr\/wp-content\/uploads\/2025\/06\/raf-ic-12-secteur-automobile.3.png\" data-id=\"118287\" class=\"wp-image-118287 skip-lazy\" srcset=\"https:\/\/obera.fr\/wp-content\/uploads\/2025\/06\/raf-ic-12-secteur-automobile.3-1024x1024.png 1024w, https:\/\/obera.fr\/wp-content\/uploads\/2025\/06\/raf-ic-12-secteur-automobile.3-300x300.png 300w, https:\/\/obera.fr\/wp-content\/uploads\/2025\/06\/raf-ic-12-secteur-automobile.3-150x150.png 150w, https:\/\/obera.fr\/wp-content\/uploads\/2025\/06\/raf-ic-12-secteur-automobile.3-768x768.png 768w, https:\/\/obera.fr\/wp-content\/uploads\/2025\/06\/raf-ic-12-secteur-automobile.3.png 1200w\" sizes=\"(max-width: 1024px) 100vw, 1024px\" \/><\/div><\/div><\/figure><\/div><\/div><\/li><li class=\"kb-slide-item kb-gallery-slide-item splide__slide\"><div class=\"kadence-blocks-gallery-item\"><div class=\"kadence-blocks-gallery-item-inner\"><figure class=\"kb-gallery-figure kadence-blocks-gallery-item-hide-caption\"><div class=\"kb-gal-image-radius\"><div class=\"kb-gallery-image-contain kadence-blocks-gallery-intrinsic kb-gallery-image-ratio-land32 kb-has-image-ratio-land32\" ><img decoding=\"async\" src=\"https:\/\/obera.fr\/wp-content\/uploads\/2025\/06\/raf-ic-12-secteur-automobile.2-1024x1024.png\" width=\"1024\" height=\"1024\" alt=\"raf ic 12 secteur\" data-full-image=\"https:\/\/obera.fr\/wp-content\/uploads\/2025\/06\/raf-ic-12-secteur-automobile.2.png\" data-light-image=\"https:\/\/obera.fr\/wp-content\/uploads\/2025\/06\/raf-ic-12-secteur-automobile.2.png\" data-id=\"118313\" class=\"wp-image-118313 skip-lazy\" srcset=\"https:\/\/obera.fr\/wp-content\/uploads\/2025\/06\/raf-ic-12-secteur-automobile.2-1024x1024.png 1024w, https:\/\/obera.fr\/wp-content\/uploads\/2025\/06\/raf-ic-12-secteur-automobile.2-300x300.png 300w, https:\/\/obera.fr\/wp-content\/uploads\/2025\/06\/raf-ic-12-secteur-automobile.2-150x150.png 150w, https:\/\/obera.fr\/wp-content\/uploads\/2025\/06\/raf-ic-12-secteur-automobile.2-768x768.png 768w, https:\/\/obera.fr\/wp-content\/uploads\/2025\/06\/raf-ic-12-secteur-automobile.2.png 1200w\" sizes=\"(max-width: 1024px) 100vw, 1024px\" \/><\/div><\/div><\/figure><\/div><\/div><\/li><li class=\"kb-slide-item kb-gallery-slide-item splide__slide\"><div class=\"kadence-blocks-gallery-item\"><div class=\"kadence-blocks-gallery-item-inner\"><figure class=\"kb-gallery-figure kadence-blocks-gallery-item-hide-caption\"><div class=\"kb-gal-image-radius\"><div class=\"kb-gallery-image-contain kadence-blocks-gallery-intrinsic kb-gallery-image-ratio-land32 kb-has-image-ratio-land32\" ><img decoding=\"async\" src=\"https:\/\/obera.fr\/wp-content\/uploads\/2025\/06\/raf-ic-12-secteur-automobile-1024x1024.png\" width=\"1024\" height=\"1024\" alt=\"raf ic 12 secteur garage\" data-full-image=\"https:\/\/obera.fr\/wp-content\/uploads\/2025\/06\/raf-ic-12-secteur-automobile.png\" data-light-image=\"https:\/\/obera.fr\/wp-content\/uploads\/2025\/06\/raf-ic-12-secteur-automobile.png\" data-id=\"118337\" class=\"wp-image-118337 skip-lazy\" srcset=\"https:\/\/obera.fr\/wp-content\/uploads\/2025\/06\/raf-ic-12-secteur-automobile-1024x1024.png 1024w, https:\/\/obera.fr\/wp-content\/uploads\/2025\/06\/raf-ic-12-secteur-automobile-300x300.png 300w, https:\/\/obera.fr\/wp-content\/uploads\/2025\/06\/raf-ic-12-secteur-automobile-150x150.png 150w, https:\/\/obera.fr\/wp-content\/uploads\/2025\/06\/raf-ic-12-secteur-automobile-768x768.png 768w, https:\/\/obera.fr\/wp-content\/uploads\/2025\/06\/raf-ic-12-secteur-automobile.png 1200w\" sizes=\"(max-width: 1024px) 100vw, 1024px\" \/><\/div><\/div><\/figure><\/div><\/div><\/li><li class=\"kb-slide-item kb-gallery-slide-item splide__slide\"><div class=\"kadence-blocks-gallery-item\"><div class=\"kadence-blocks-gallery-item-inner\"><figure class=\"kb-gallery-figure kadence-blocks-gallery-item-hide-caption\"><div class=\"kb-gal-image-radius\"><div class=\"kb-gallery-image-contain kadence-blocks-gallery-intrinsic kb-gallery-image-ratio-land32 kb-has-image-ratio-land32\" ><img decoding=\"async\" src=\"https:\/\/obera.fr\/wp-content\/uploads\/2025\/06\/raf-ic-12-secteur-automobile.4-1024x1024.png\" width=\"1024\" height=\"1024\" alt=\"raf ic 12\" data-full-image=\"https:\/\/obera.fr\/wp-content\/uploads\/2025\/06\/raf-ic-12-secteur-automobile.4.png\" data-light-image=\"https:\/\/obera.fr\/wp-content\/uploads\/2025\/06\/raf-ic-12-secteur-automobile.4.png\" data-id=\"118361\" class=\"wp-image-118361 skip-lazy\" srcset=\"https:\/\/obera.fr\/wp-content\/uploads\/2025\/06\/raf-ic-12-secteur-automobile.4-1024x1024.png 1024w, https:\/\/obera.fr\/wp-content\/uploads\/2025\/06\/raf-ic-12-secteur-automobile.4-300x300.png 300w, https:\/\/obera.fr\/wp-content\/uploads\/2025\/06\/raf-ic-12-secteur-automobile.4-150x150.png 150w, https:\/\/obera.fr\/wp-content\/uploads\/2025\/06\/raf-ic-12-secteur-automobile.4-768x768.png 768w, https:\/\/obera.fr\/wp-content\/uploads\/2025\/06\/raf-ic-12-secteur-automobile.4.png 1200w\" sizes=\"(max-width: 1024px) 100vw, 1024px\" \/><\/div><\/div><\/figure><\/div><\/div><\/li><li class=\"kb-slide-item kb-gallery-slide-item splide__slide\"><div class=\"kadence-blocks-gallery-item\"><div class=\"kadence-blocks-gallery-item-inner\"><figure class=\"kb-gallery-figure kadence-blocks-gallery-item-hide-caption\"><div class=\"kb-gal-image-radius\"><div class=\"kb-gallery-image-contain kadence-blocks-gallery-intrinsic kb-gallery-image-ratio-land32 kb-has-image-ratio-land32\" ><img decoding=\"async\" src=\"https:\/\/obera.fr\/wp-content\/uploads\/2025\/06\/raf-ic-12-secteur-automobile.1-1024x1024.png\" width=\"1024\" height=\"1024\" alt=\"raf ic 12 secteur auto\" data-full-image=\"https:\/\/obera.fr\/wp-content\/uploads\/2025\/06\/raf-ic-12-secteur-automobile.1.png\" data-light-image=\"https:\/\/obera.fr\/wp-content\/uploads\/2025\/06\/raf-ic-12-secteur-automobile.1.png\" data-id=\"118387\" class=\"wp-image-118387 skip-lazy\" srcset=\"https:\/\/obera.fr\/wp-content\/uploads\/2025\/06\/raf-ic-12-secteur-automobile.1-1024x1024.png 1024w, https:\/\/obera.fr\/wp-content\/uploads\/2025\/06\/raf-ic-12-secteur-automobile.1-300x300.png 300w, https:\/\/obera.fr\/wp-content\/uploads\/2025\/06\/raf-ic-12-secteur-automobile.1-150x150.png 150w, https:\/\/obera.fr\/wp-content\/uploads\/2025\/06\/raf-ic-12-secteur-automobile.1-768x768.png 768w, https:\/\/obera.fr\/wp-content\/uploads\/2025\/06\/raf-ic-12-secteur-automobile.1.png 1200w\" sizes=\"(max-width: 1024px) 100vw, 1024px\" \/><\/div><\/div><\/figure><\/div><\/div><\/li><\/ul><\/div><\/div><\/div><\/div><\/div>\n<\/div>\n\n<p><br\/>Ca urmare a succesului solu\u021biei noastre, garajul Volkswagen Fabris a optat pentru achizi\u021bionarea a <strong>2 r\u0103citoare OberA<\/strong>, un pas \u00eenainte major pentru confortul mecanicilor s\u0103i \u00een timpul acestor perioade de canicul\u0103 recurente.<\/p>\n\n<p><\/p>\n\n<h2 class=\"wp-block-heading\">Sunte\u021bi proprietar de garaj sau lucra\u021bi \u00een sectorul auto? Descoperi\u021bi beneficiile tangibile ale unui aer mai proasp\u0103t \u00een atelierul dumneavoastr\u0103<\/h2>\n\n<p>Combaterea c\u0103ldurii \u00eentr-un atelier mecanic nu mai este o op\u021biune: este o <strong>chestiune de s\u0103n\u0103tate, performan\u021b\u0103 \u0219i bun\u0103stare la locul de munc\u0103.<\/strong><\/p>\n\n<ul class=\"wp-block-list\">\n<li>La fel ca Garage Fabris, TRY OR RENT gama noastr\u0103 de r\u0103citoare IC<\/li>\n\n\n\n<li>Contacta\u021bi-ne ast\u0103zi pentru un diagnostic rapid al nevoilor dumneavoastr\u0103 de r\u0103cire industrial\u0103.<\/li>\n<\/ul>\n\n<p><\/p>\n\n<p>Confortul angaja\u021bilor dumneavoastr\u0103 nu poate a\u0219tepta, ac\u021biona\u021bi acum cu solu\u021biile OberA!<\/p>\n\n<div style=\"height:51px\" aria-hidden=\"true\" class=\"wp-block-spacer\"><\/div>\n\n<div class=\"wp-block-buttons is-content-justification-center is-layout-flex wp-container-core-buttons-is-layout-a89b3969 wp-block-buttons-is-layout-flex\">\n<div class=\"wp-block-button\"><a class=\"wp-block-button__link has-text-align-center wp-element-button\" href=\"https:\/\/obera.fr\/ro\/contact\/\"><strong><strong>Contacta\u021bi-ne<\/strong><\/strong><\/a><\/div>\n\n\n\n<div class=\"wp-block-button\"><a class=\"wp-block-button__link has-text-align-center wp-element-button\" href=\"https:\/\/obera.fr\/ro\/location-appareil-industriel\/\"><strong><strong>\u00cenchiria\u021bi echipamentul nostru<\/strong><\/strong><\/a><\/div>\n<\/div>\n","protected":false},"excerpt":{"rendered":"<p>Sectorul auto se supra\u00eenc\u0103lze\u0219te, iar c\u0103ldura din garaje \u0219i ateliere<br \/>\ndevine un flagel pentru profesioni\u0219tii din sector.<\/p>\n","protected":false},"author":13,"featured_media":120450,"comment_status":"open","ping_status":"closed","sticky":false,"template":"","format":"standard","meta":{"_acf_changed":false,"_seopress_robots_primary_cat":"none","_seopress_titles_title":"R\u0103citoare OberA: f\u0103r\u0103 c\u0103ldur\u0103 \u00een garajele ma\u0219inilor","_seopress_titles_desc":"OberA ofer\u0103 o solu\u021bie eficient\u0103 la problema c\u0103ldurii din atelier: confortul, siguran\u021ba \u0219i performan\u021ba sunt restabilite datorit\u0103 r\u0103citoarelor sale de aer industriale.","_seopress_robots_index":"","footnotes":""},"categories":[575],"tags":[472],"class_list":["post-118467","post","type-post","status-publish","format-standard","has-post-thumbnail","hentry","category-autoturisme-si-camioane","tag-racitoare","generate-columns","tablet-grid-50","mobile-grid-100","grid-parent","grid-50","no-featured-image-padding","resize-featured-image"],"acf":[],"_links":{"self":[{"href":"https:\/\/obera.fr\/ro\/wp-json\/wp\/v2\/posts\/118467","targetHints":{"allow":["GET"]}}],"collection":[{"href":"https:\/\/obera.fr\/ro\/wp-json\/wp\/v2\/posts"}],"about":[{"href":"https:\/\/obera.fr\/ro\/wp-json\/wp\/v2\/types\/post"}],"author":[{"embeddable":true,"href":"https:\/\/obera.fr\/ro\/wp-json\/wp\/v2\/users\/13"}],"replies":[{"embeddable":true,"href":"https:\/\/obera.fr\/ro\/wp-json\/wp\/v2\/comments?post=118467"}],"version-history":[{"count":7,"href":"https:\/\/obera.fr\/ro\/wp-json\/wp\/v2\/posts\/118467\/revisions"}],"predecessor-version":[{"id":122832,"href":"https:\/\/obera.fr\/ro\/wp-json\/wp\/v2\/posts\/118467\/revisions\/122832"}],"wp:featuredmedia":[{"embeddable":true,"href":"https:\/\/obera.fr\/ro\/wp-json\/wp\/v2\/media\/120450"}],"wp:attachment":[{"href":"https:\/\/obera.fr\/ro\/wp-json\/wp\/v2\/media?parent=118467"}],"wp:term":[{"taxonomy":"category","embeddable":true,"href":"https:\/\/obera.fr\/ro\/wp-json\/wp\/v2\/categories?post=118467"},{"taxonomy":"post_tag","embeddable":true,"href":"https:\/\/obera.fr\/ro\/wp-json\/wp\/v2\/tags?post=118467"}],"curies":[{"name":"wp","href":"https:\/\/api.w.org\/{rel}","templated":true}]}}