{"id":120624,"date":"2025-06-30T10:00:00","date_gmt":"2025-06-30T08:00:00","guid":{"rendered":"https:\/\/obera.fr\/nase-rada\/temoignages-tailleurs-pierre\/"},"modified":"2025-07-08T14:33:32","modified_gmt":"2025-07-08T12:33:32","slug":"temoignages-tailleurs-pierre","status":"publish","type":"post","link":"https:\/\/obera.fr\/ro\/sfatul-nostru\/temoignages-tailleurs-pierre\/","title":{"rendered":"&#8222;Nu mai puteam vedea soarele \u00een atelier&#8221;: m\u0103rturii ale pietrarilor confrunta\u021bi cu praful \u0219i silicoza"},"content":{"rendered":"\n<p>\u00cen atelierele de t\u0103iat piatr\u0103, praful face parte din decor. Dar ceea ce ieri p\u0103rea inofensiv este acum recunoscut ca fiind un <strong>risc major pentru s\u0103n\u0103tate<\/strong>. Am intervievat o serie de pietrari afla\u021bi \u00een diferite etape ale carierei lor. Ace\u0219tia ne povestesc experien\u021bele lor, preocup\u0103rile lor&#8230; \u0219i solu\u021biile pe care le-au pus \u00een aplicare pentru a se proteja.     <\/p>\n\n<h2 class=\"wp-block-heading\">\u2726 Pierre, 58 de ani &#8211; 35 de ani de experien\u021b\u0103 \u00een domeniu  <\/h2>\n\n<p><em>&#8222;La acea vreme, oamenii nu vorbeau despre silicoz\u0103. Era normal s\u0103 tu\u0219e\u0219ti.  <\/em><\/p>\n\n<p>&#8222;Am \u00eenceput s\u0103 lucrez ca zidar la 20 de ani. Lucram \u00een nori de praf. Pe atunci, nu aveam m\u0103\u0219ti sau ventila\u021bie. Mi se p\u0103rea normal s\u0103 \u00eenchei ziua cu g\u00e2tul \u00een fl\u0103c\u0103ri. Acum am fibroz\u0103 incipient\u0103. Doctorul meu mi-a spus c\u0103 e silicoz\u0103. Dac\u0103 a\u0219 fi \u0219tiut&#8230;&#8221;  <\/p>\n\n<h2 class=\"wp-block-heading\">\u2726 Lina, 32 de ani &#8211; me\u0219ter pietrar  <\/h2>\n\n<p><em>&#8222;Am realizat cur\u00e2nd c\u0103 praful nu era doar murdar. Era periculos.&#8221;  <\/em><\/p>\n\n<p>&#8222;C\u00e2nd m-am al\u0103turat meseriei, am fost \u0219ocat s\u0103 v\u0103d unele ateliere f\u0103r\u0103 nicio extragere a aerului. Din fericire, acolo unde lucrez, avem purificatoare OberA \u0219i unit\u0103\u021bi mobile de extrac\u021bie. Asta schimb\u0103 totul: aerul este respirabil, iar noi suntem mai pu\u021bin obosi\u021bi. Lucr\u0103m mai bine, mai senin.  <\/p>\n\n<h2 class=\"wp-block-heading\">\u2726 Julien, 41 de ani &#8211; \u0219ef de atelier  <\/h2>\n\n<p><em>&#8222;Investi\u021bia \u00eentr-un sistem bun \u00eenseamn\u0103 protejarea echipei dumneavoastr\u0103.&#8221;  <\/em><\/p>\n\n<p>&#8222;Conduc un atelier cu aproximativ zece croitori. Praful de siliciu este du\u0219manul nostru t\u0103cut. De c\u00e2nd am instalat un sistem de \u00eendep\u0103rtare a prafului OberA, reac\u021bia a fost unanim\u0103: mai pu\u021bin\u0103 tuse, mai pu\u021bin praf peste tot, o atmosfer\u0103 de lucru mai bun\u0103. Este o investi\u021bie care are sens din punct de vedere uman \u0219i care \u00eendepline\u0219te, de asemenea, cerin\u021bele de reglementare.  <\/p>\n\n<h3 class=\"wp-block-heading\">Ce spun aceste m\u0103rturii  <\/h3>\n\n<ul class=\"wp-block-list\">\n<li>Unii artizani experimenta\u021bi au devenit con\u0219tien\u021bi de acest fapt abia recent.  <\/li>\n\n\n\n<li>Genera\u021biile mai tinere sunt mai bine informate, dar caut\u0103 ateliere care investesc \u00een s\u0103n\u0103tatea lor.  <\/li>\n\n\n\n<li>Solu\u021biile tehnice exist\u0103: acestea sunt <strong>investi\u021bii preventive esen\u021biale<\/strong>, nu gadgeturi.  <\/li>\n<\/ul>\n\n<h2 class=\"wp-block-heading\">Instrumente pentru a respira mai u\u0219or, a lucra mai bine<\/h2>\n\n<p>OberA sprijin\u0103 atelierele \u00een tranzi\u021bia lor c\u0103tre un mediu mai s\u0103n\u0103tos cu solu\u021bii personalizate:  <\/p>\n\n<ul class=\"wp-block-list\">\n<li><strong>Cutii mobile <\/strong>: ideale pentru structuri mici sau opera\u021biuni punctuale.  <\/li>\n\n\n\n<li><strong>Colectoare fixe de praf <\/strong>: pentru tratarea centralizat\u0103, de \u00eenalt\u0103 performan\u021b\u0103.  <\/li>\n\n\n\n<li><strong>Purificatoare de aer <\/strong>: pentru purificarea continu\u0103 a aerului.  <\/li>\n<\/ul>\n\n<p><strong>Pentru c\u0103 nicio slujb\u0103 nu merit\u0103 s\u0103-\u021bi pierzi s\u0103n\u0103tatea.  <\/strong><\/p>\n\n<p><strong>OberA<\/strong>, un partener pentru zidarii de piatr\u0103.<\/p>\n","protected":false},"excerpt":{"rendered":"<p>\u00cen atelierele de t\u0103iat piatr\u0103, praful face parte din decor. Dar ceea ce ieri p\u0103rea inofensiv este acum recunoscut ca fiind un risc major pentru s\u0103n\u0103tate.   <\/p>\n","protected":false},"author":13,"featured_media":120532,"comment_status":"open","ping_status":"closed","sticky":false,"template":"","format":"standard","meta":{"_acf_changed":false,"_seopress_robots_primary_cat":"none","_seopress_titles_title":"Pietrarii: luarea de m\u0103suri \u00eempotriva prafului \u0219i silicozei","_seopress_titles_desc":"Silicoz\u0103, oboseal\u0103, tuse: pietrarii vorbesc. OberA ofer\u0103 solu\u021bii pentru ateliere mai s\u0103n\u0103toase \u0219i mai sigure. ","_seopress_robots_index":"","footnotes":""},"categories":[144],"tags":[],"class_list":["post-120624","post","type-post","status-publish","format-standard","has-post-thumbnail","hentry","category-sfatul-nostru","generate-columns","tablet-grid-50","mobile-grid-100","grid-parent","grid-50","no-featured-image-padding","resize-featured-image"],"acf":[],"_links":{"self":[{"href":"https:\/\/obera.fr\/ro\/wp-json\/wp\/v2\/posts\/120624","targetHints":{"allow":["GET"]}}],"collection":[{"href":"https:\/\/obera.fr\/ro\/wp-json\/wp\/v2\/posts"}],"about":[{"href":"https:\/\/obera.fr\/ro\/wp-json\/wp\/v2\/types\/post"}],"author":[{"embeddable":true,"href":"https:\/\/obera.fr\/ro\/wp-json\/wp\/v2\/users\/13"}],"replies":[{"embeddable":true,"href":"https:\/\/obera.fr\/ro\/wp-json\/wp\/v2\/comments?post=120624"}],"version-history":[{"count":1,"href":"https:\/\/obera.fr\/ro\/wp-json\/wp\/v2\/posts\/120624\/revisions"}],"predecessor-version":[{"id":120626,"href":"https:\/\/obera.fr\/ro\/wp-json\/wp\/v2\/posts\/120624\/revisions\/120626"}],"wp:featuredmedia":[{"embeddable":true,"href":"https:\/\/obera.fr\/ro\/wp-json\/wp\/v2\/media\/120532"}],"wp:attachment":[{"href":"https:\/\/obera.fr\/ro\/wp-json\/wp\/v2\/media?parent=120624"}],"wp:term":[{"taxonomy":"category","embeddable":true,"href":"https:\/\/obera.fr\/ro\/wp-json\/wp\/v2\/categories?post=120624"},{"taxonomy":"post_tag","embeddable":true,"href":"https:\/\/obera.fr\/ro\/wp-json\/wp\/v2\/tags?post=120624"}],"curies":[{"name":"wp","href":"https:\/\/api.w.org\/{rel}","templated":true}]}}