{"id":123896,"date":"2025-07-18T10:00:00","date_gmt":"2025-07-18T08:00:00","guid":{"rendered":"https:\/\/obera.fr\/nase-rada\/vie-artisan-tailleur\/"},"modified":"2025-07-22T12:05:44","modified_gmt":"2025-07-22T10:05:44","slug":"vie-artisan-tailleur","status":"publish","type":"post","link":"https:\/\/obera.fr\/ro\/sfatul-nostru\/vie-artisan-tailleur\/","title":{"rendered":"S\u0103-mi tr\u0103iesc via\u021ba de croitor \u00een 2025: \u00eentre pasiune \u0219i precau\u021bie"},"content":{"rendered":"\n<p><em>&#8222;Nu po\u021bi lucra cu piatra. Trebuie s\u0103 o respec\u021bi.  <\/em><\/p>\n\n<p>Asta mi-a spus antrenorul meu \u00een prima zi. Zece ani mai t\u00e2rziu, a devenit mantra mea. A fi pietrar \u00een 2025 este \u00eenc\u0103 o chestiune de pasiune. Dar ast\u0103zi, este vorba \u0219i despre a <strong>lua m\u0103suri de precau\u021bie<\/strong>.     <\/p>\n\n<h2 class=\"wp-block-heading\">  6.30 am &#8211; Atelierul se treze\u0219te  <\/h2>\n\n<p>Lini\u0219tea dimine\u021bii, mirosul de cafea&#8230; \u0219i sunetul familiar al compresorului. Deschid u\u0219ile atelierului. Sunt blocuri de calcar pe c\u0103rucioare, uneltele sunt preg\u0103tite. Ce \u00eemi place la aceast\u0103 meserie? Transformarea. S\u0103 iau un material brut \u0219i s\u0103-l transform \u00eentr-un lintel, o coloan\u0103, o oper\u0103 de art\u0103.       <\/p>\n\n<p>Dar \u00een ultimii ani, un alt subiect a devenit parte din via\u021ba noastr\u0103 de zi cu zi: <strong>praful<\/strong>. Genul pe care nu \u00eel po\u021bi vedea \u00eentotdeauna, dar care este peste tot. \u00cen aer, \u00een pl\u0103m\u00e2nii no\u0219tri. \u0218i, uneori, \u00een s\u0103n\u0103tatea noastr\u0103.     <\/p>\n\n<h2 class=\"wp-block-heading\">  9.00 &#8211; Praful nu mai este inevitabil  <\/h2>\n\n<div class=\"wp-block-columns is-layout-flex wp-container-core-columns-is-layout-28f84493 wp-block-columns-is-layout-flex\">\n<div class=\"wp-block-column is-layout-flow wp-block-column-is-layout-flow\" style=\"flex-basis:66.66%\">\n<p>Pe vremuri, lucram \u00een nori cenu\u0219ii. B\u0103tr\u00e2nii obi\u0219nuiau s\u0103 spun\u0103: <em>&#8222;Doar tu\u0219e\u0219te \u0219i va trece&#8221;.<\/em> Ast\u0103zi, \u0219tiu c\u0103 nu va trece. R\u0103m\u00e2ne.     <\/p>\n\n\n\n<p>\u00cen 2025, nu vom mai putea ignora pericolele <strong>silicozei<\/strong>, boala pulmonar\u0103 cauzat\u0103 de inhalarea silicei. Aceasta a provocat deja moartea unora dintre colegii no\u0219tri. A\u0219a c\u0103 suntem aten\u021bi.    <\/p>\n\n\n\n<p>\u00cen atelierul nostru, am instalat un <strong>colector de praf cuplat cu un purificator de aer OberA<\/strong>. Primul capteaz\u0103 praful direct la surs\u0103, c\u00e2t mai aproape posibil de posturile de lucru. Al doilea filtreaz\u0103 continuu aerul \u00eenconjur\u0103tor. Rezultatul: <strong>respira\u021bi mai bine, lucra\u021bi mai bine<\/strong>.     <\/p>\n\n\n\n<p>De c\u00e2nd am \u00eenfiin\u021bat acest sistem, este evident. Mai pu\u021bin praf pe bancurile de lucru, mai pu\u021bin \u00een aer&#8230; \u0219i mai pu\u021bin \u00een pl\u0103m\u00e2nii no\u0219tri.   <\/p>\n<\/div>\n\n\n\n<div class=\"wp-block-column is-layout-flow wp-block-column-is-layout-flow\" style=\"flex-basis:33.33%\">\n<div class=\"wp-block-columns is-layout-flex wp-container-core-columns-is-layout-28f84493 wp-block-columns-is-layout-flex\">\n<div class=\"wp-block-column is-layout-flow wp-block-column-is-layout-flow\">\n<figure class=\"wp-block-image aligncenter size-full is-resized\"><img decoding=\"async\" width=\"600\" height=\"600\" src=\"https:\/\/obera.fr\/wp-content\/uploads\/2020\/10\/extracteur-poussiere-pulverulente-DUSTOMAT-16.png\" alt=\"Fum - Colector de praf\" class=\"wp-image-1307\" style=\"width:115px;height:auto\" srcset=\"https:\/\/obera.fr\/wp-content\/uploads\/2020\/10\/extracteur-poussiere-pulverulente-DUSTOMAT-16.png 600w, https:\/\/obera.fr\/wp-content\/uploads\/2020\/10\/extracteur-poussiere-pulverulente-DUSTOMAT-16-300x300.png 300w, https:\/\/obera.fr\/wp-content\/uploads\/2020\/10\/extracteur-poussiere-pulverulente-DUSTOMAT-16-150x150.png 150w\" sizes=\"(max-width: 600px) 100vw, 600px\" \/><figcaption class=\"wp-element-caption\">DUSTOMAT 16<\/figcaption><\/figure>\n\n\n\n<figure class=\"wp-block-image aligncenter size-full is-resized\"><img decoding=\"async\" width=\"600\" height=\"600\" src=\"https:\/\/obera.fr\/wp-content\/uploads\/2023\/05\/epur050-2.png\" alt=\"epur050 2\" class=\"wp-image-22619\" style=\"width:99px;height:auto\" srcset=\"https:\/\/obera.fr\/wp-content\/uploads\/2023\/05\/epur050-2.png 600w, https:\/\/obera.fr\/wp-content\/uploads\/2023\/05\/epur050-2-300x300.png 300w, https:\/\/obera.fr\/wp-content\/uploads\/2023\/05\/epur050-2-150x150.png 150w\" sizes=\"(max-width: 600px) 100vw, 600px\" \/><figcaption class=\"wp-element-caption\">ePUR050<\/figcaption><\/figure>\n<\/div>\n<\/div>\n<\/div>\n<\/div>\n\n<h2 class=\"wp-block-heading\">  12.30 &#8211; Pauz\u0103 de gustare \u0219i conversa\u021bie  <\/h2>\n\n<p>Vorbim despre munc\u0103, despre familie. Vorbim, de asemenea, despre siguran\u021b\u0103. Poate p\u0103rea ciudat, dar pentru noi a devenit un punct de m\u00e2ndrie. A lucra \u00eentr-un atelier curat \u0219i bine echipat \u00eenseamn\u0103, de asemenea, a <strong>ne respecta meseria \u0219i corpul<\/strong>.     <\/p>\n\n<p>Atrage, de asemenea, tineri. Avem doi ucenici. Ei vor s\u0103 lucreze cu unelte moderne, \u00een condi\u021bii bune. Ei refuz\u0103 atelierele pr\u0103fuite de alt\u0103dat\u0103. \u0218i pe bun\u0103 dreptate.      <\/p>\n\n<h2 class=\"wp-block-heading\">  15h00 &#8211; P\u0103strarea gestului, f\u0103r\u0103 a sacrifica s\u0103n\u0103tatea  <\/h2>\n\n<p>Exist\u0103 \u00eenc\u0103 cei care spun <em>c\u0103 &#8222;\u00eenainte era mai bine&#8221;.<\/em> S-ar putea s\u0103 fie a\u0219a. Dar <strong>ast\u0103zi, este mai sigur<\/strong>. \u0218i asta nu schimb\u0103 frumuse\u021bea gestului. Continu\u0103m s\u0103 cioplim cu dalta, de m\u00e2n\u0103, cu aceea\u0219i grij\u0103. Doar c\u0103 respir\u0103m mai u\u0219or.     <\/p>\n\n<p>Pentru c\u0103, \u00een cele din urm\u0103, o unealt\u0103 bun\u0103 nu poate \u00eenlocui me\u0219terul&#8230; dar \u00eel poate <strong>proteja<\/strong>.  <\/p>\n\n<h2 class=\"wp-block-heading\">  6.00 pm &#8211; Sf\u00e2r\u0219itul zilei, m\u00e2ndria intact\u0103  <\/h2>\n\n<p>\u00cemi pun uneltele deoparte. M\u0103 uit la piesa pe care am f\u0103cut-o. Un arhivol pentru o biseric\u0103 clasificat\u0103. E praf pe halatul meu, dar mai pu\u021bin \u00een pl\u0103m\u00e2ni. \u0218i asta schimb\u0103 totul.      <\/p>\n\n<h2 class=\"wp-block-heading\">  Pasiunea \u0219i pruden\u021ba pot coexista  <\/h2>\n\n<div class=\"wp-block-columns is-layout-flex wp-container-core-columns-is-layout-28f84493 wp-block-columns-is-layout-flex\">\n<div class=\"wp-block-column is-layout-flow wp-block-column-is-layout-flow\" style=\"flex-basis:66.66%\">\n<p>A fi pietrar \u00een 2025 nu \u00eenseamn\u0103 a renun\u021ba la tradi\u021bie. \u00censeamn\u0103 s\u0103 o \u00eembog\u0103\u021be\u0219ti. \u00censeamn\u0103 s\u0103 continui s\u0103 transmi\u021bi know-how-ul ancestral, folosind \u00een acela\u0219i timp solu\u021biile de ast\u0103zi.    <\/p>\n\n\n\n<p><strong>Cu purificatoarele \u0219i colectoarele sale de praf<\/strong>, <strong>OberA <\/strong>\u00eei ajut\u0103 pe artizani s\u0103 construiasc\u0103 un viitor mai s\u0103n\u0103tos \u0219i mai durabil.  <\/p>\n\n\n\n<p>Pentru c\u0103 p\u0103strarea unei profesii \u00eenseamn\u0103 \u0219i p\u0103strarea celor care o practic\u0103.<\/p>\n<\/div>\n\n\n\n<div class=\"wp-block-column is-layout-flow wp-block-column-is-layout-flow\" style=\"flex-basis:33.33%\">\n<figure class=\"wp-block-image aligncenter size-large is-resized\"><img decoding=\"async\" width=\"1024\" height=\"1024\" src=\"https:\/\/obera.fr\/wp-content\/uploads\/2025\/05\/securite-1024x1024.png\" alt=\"securitate\" class=\"wp-image-121315\" style=\"width:132px;height:auto\" srcset=\"https:\/\/obera.fr\/wp-content\/uploads\/2025\/05\/securite-1024x1024.png 1024w, https:\/\/obera.fr\/wp-content\/uploads\/2025\/05\/securite-300x300.png 300w, https:\/\/obera.fr\/wp-content\/uploads\/2025\/05\/securite-150x150.png 150w, https:\/\/obera.fr\/wp-content\/uploads\/2025\/05\/securite-768x768.png 768w, https:\/\/obera.fr\/wp-content\/uploads\/2025\/05\/securite.png 1200w\" sizes=\"(max-width: 1024px) 100vw, 1024px\" \/><\/figure>\n<\/div>\n<\/div>\n","protected":false},"excerpt":{"rendered":"<p>Asta mi-a spus antrenorul meu \u00een prima zi. Zece ani mai t\u00e2rziu, a devenit mantra mea. A fi pietrar \u00een 2025 este \u00eenc\u0103 o chestiune de pasiune. Dar ast\u0103zi, este vorba \u0219i despre a lua m\u0103suri de precau\u021bie.     <\/p>\n","protected":false},"author":13,"featured_media":124596,"comment_status":"open","ping_status":"closed","sticky":false,"template":"","format":"standard","meta":{"_acf_changed":false,"_seopress_robots_primary_cat":"none","_seopress_titles_title":"Pietrarii \u00een 2025: \u00eentre pasiune \u0219i prevenire","_seopress_titles_desc":"\u00cen 2025, a fi pietrar \u00eenseamn\u0103 s\u0103 \u00eembini tradi\u021bia \u0219i siguran\u021ba. Datorit\u0103 OberA, me\u0219terii pot respira mai u\u0219or \u0219i pot lucra \u00eentr-un atelier s\u0103n\u0103tos \u0219i modern. ","_seopress_robots_index":"","footnotes":""},"categories":[144],"tags":[],"class_list":["post-123896","post","type-post","status-publish","format-standard","has-post-thumbnail","hentry","category-sfatul-nostru","generate-columns","tablet-grid-50","mobile-grid-100","grid-parent","grid-50","no-featured-image-padding","resize-featured-image"],"acf":[],"_links":{"self":[{"href":"https:\/\/obera.fr\/ro\/wp-json\/wp\/v2\/posts\/123896","targetHints":{"allow":["GET"]}}],"collection":[{"href":"https:\/\/obera.fr\/ro\/wp-json\/wp\/v2\/posts"}],"about":[{"href":"https:\/\/obera.fr\/ro\/wp-json\/wp\/v2\/types\/post"}],"author":[{"embeddable":true,"href":"https:\/\/obera.fr\/ro\/wp-json\/wp\/v2\/users\/13"}],"replies":[{"embeddable":true,"href":"https:\/\/obera.fr\/ro\/wp-json\/wp\/v2\/comments?post=123896"}],"version-history":[{"count":2,"href":"https:\/\/obera.fr\/ro\/wp-json\/wp\/v2\/posts\/123896\/revisions"}],"predecessor-version":[{"id":124572,"href":"https:\/\/obera.fr\/ro\/wp-json\/wp\/v2\/posts\/123896\/revisions\/124572"}],"wp:featuredmedia":[{"embeddable":true,"href":"https:\/\/obera.fr\/ro\/wp-json\/wp\/v2\/media\/124596"}],"wp:attachment":[{"href":"https:\/\/obera.fr\/ro\/wp-json\/wp\/v2\/media?parent=123896"}],"wp:term":[{"taxonomy":"category","embeddable":true,"href":"https:\/\/obera.fr\/ro\/wp-json\/wp\/v2\/categories?post=123896"},{"taxonomy":"post_tag","embeddable":true,"href":"https:\/\/obera.fr\/ro\/wp-json\/wp\/v2\/tags?post=123896"}],"curies":[{"name":"wp","href":"https:\/\/api.w.org\/{rel}","templated":true}]}}