{"id":133523,"date":"2025-11-04T11:42:40","date_gmt":"2025-11-04T09:42:40","guid":{"rendered":"https:\/\/obera.fr\/nase-rada\/masurarea-calitatii-aerului-interior-importanta-si-principiu\/"},"modified":"2025-11-21T10:32:01","modified_gmt":"2025-11-21T08:32:01","slug":"masurarea-calitatii-aerului-interior-importanta-si-principiu","status":"publish","type":"post","link":"https:\/\/obera.fr\/ro\/sfatul-nostru\/masurarea-calitatii-aerului-interior-importanta-si-principiu\/","title":{"rendered":"M\u0103surarea calit\u0103\u021bii aerului interior: importan\u021b\u0103 \u0219i principiu"},"content":{"rendered":"\n<p>Conform datelor OMS, Fran\u021ba \u00eenregistreaz\u0103 aproximativ 50.000 de decese anual legate de <strong>poluarea aerului<\/strong>, adic\u0103 de 10 ori mai mult dec\u00e2t accidentele rutiere! \u00cen plus, se estimeaz\u0103 c\u0103 aerul din interior, fie c\u0103 este vorba de o locuin\u021b\u0103 sau de un spa\u021biu profesional, este de 5 p\u00e2n\u0103 la 10 ori mai poluat dec\u00e2t cel din mediul exterior.<\/p>\n\n<p><\/p>\n\n<p><strong>Calitatea aerului \u00een companie<\/strong> reprezint\u0103 astfel o provocare crucial\u0103, at\u00e2t pentru s\u0103n\u0103tatea angaja\u021bilor, c\u00e2t \u0219i pentru productivitatea unit\u0103\u021bilor. \u00cen acest context, implementarea unui sistem de <strong>m\u0103surare a calit\u0103\u021bii aerului interior<\/strong> devine indispensabil\u0103. Care sunt parametrii care trebuie lua\u021bi \u00een considerare? Ce beneficii aduce <strong>monitorizarea calit\u0103\u021bii aerului<\/strong> \u0219i cum poate fi implementat\u0103? Descoperi\u021bi toate sfaturile noastre.    <\/p>\n\n<p><\/p>\n\n<h2 class=\"wp-block-heading\" id=\"quels-sont-les-parametres-de-la-qualite-de-l-air-interieur\">Care sunt parametrii calit\u0103\u021bii aerului interior?<\/h2>\n\n<p>Evaluarea <a href=\"https:\/\/obera.fr\/ro\/sfatul-nostru\/qualite-l-air-interieur-critere-essentiel-industrie\/\">calit\u0103\u021bii aerului interior<\/a> se bazeaz\u0103 pe <strong>detectarea poluan\u021bilor \u0219i m\u0103surarea anumitor valori fizice<\/strong> precum temperatura \u0219i umiditatea relativ\u0103. <\/p>\n\n<h3 class=\"wp-block-heading\" id=\"la-concentration-en-polluants-et-particules\">Concentra\u021bia de poluan\u021bi \u0219i particule<\/h3>\n\n<p>La birou sau \u00een cl\u0103dirile industriale, angaja\u021bii sunt expu\u0219i la dou\u0103 mari <strong>surse de poluare a aerului<\/strong>:<\/p>\n\n<ul class=\"wp-block-list\">\n<li><strong>compu\u0219ii organici volatili (COV)<\/strong> precum formaldehida, un gaz provenit din produse chimice \u0219i materiale de construc\u021bie;<\/li>\n\n\n\n<li><strong>particulele solide sau lichide<\/strong> \u00een suspensie \u00een aer, precum praful, aerosolii \u0219i microorganismele (virusuri, bacterii, mucegaiuri etc.).<\/li>\n<\/ul>\n\n<p><strong>Efectele asupra s\u0103n\u0103t\u0103\u021bii \u0219i mediului<\/strong> cresc odat\u0103 cu concentra\u021bia poluan\u021bilor din aer \u0219i timpul de expunere.<\/p>\n\n<h3 class=\"wp-block-heading\" id=\"la-temperature-et-le-niveau-d-humidite\">Temperatura \u0219i nivelul umidit\u0103\u021bii<\/h3>\n\n<p>M\u0103surarea calit\u0103\u021bii aerului interior include, de asemenea, <strong>monitorizarea temperaturii \u0219i a umidit\u0103\u021bii relative<\/strong>. Valorile excesive contribuie la proliferarea poluan\u021bilor biologici precum \u0219i la degradarea materialelor, a produselor finite \u0219i a mediului de lucru. \u00cen plus, temperatura \u0219i umiditatea accentueaz\u0103 efectele iritante ale compu\u0219ilor organici volatili (COV).  <\/p>\n\n<h2 class=\"wp-block-heading\" id=\"quel-est-l-interet-de-la-mesure-de-la-qualite-de-l-air-interieur\">Care este importan\u021ba m\u0103sur\u0103rii calit\u0103\u021bii aerului interior?<\/h2>\n\n<p>Men\u021binerea unui aer interior s\u0103n\u0103tos \u00een spa\u021biile profesionale constituie o <strong>obliga\u021bie legal\u0103<\/strong> pentru angajator. Reducerea nivelului de poluare la birou reprezint\u0103, de asemenea, un <strong>c\u00e2\u0219tig de productivitate<\/strong> pentru unit\u0103\u021bi. <\/p>\n\n<h3 class=\"wp-block-heading\" id=\"respecter-les-valeurs-limites-d-exposition-professionnelle-vlep\">Respectarea Valorilor limit\u0103 de expunere profesional\u0103 (VLEP)<\/h3>\n\n<p>Impuse de Codul Muncii, Valorile limit\u0103 de expunere profesional\u0103 (VLEP) stabilesc un <strong>nivel maxim de concentra\u021bie pentru poluan\u021bi \u0219i particule<\/strong> pentru a limita efectele asupra s\u0103n\u0103t\u0103\u021bii angaja\u021bilor. Valorile excesive duc la suspendarea postului de lucru p\u00e2n\u0103 la implementarea m\u0103surilor de limitare a expunerii angajatului. <\/p>\n\n<h3 class=\"wp-block-heading\" id=\"garantir-un-environnement-de-travail-sain-et-productif\">Garantarea unui mediu de lucru s\u0103n\u0103tos \u0219i productiv<\/h3>\n\n<p>Pe l\u00e2ng\u0103 caracterul s\u0103u reglementar, m\u0103surarea calit\u0103\u021bii aerului interior prezint\u0103 o serie de <a href=\"https:\/\/obera.fr\/ro\/sfatul-nostru\/comment-rafraichissement-evaporation-ameliorer-production-industrielle\/\">avantaje pentru unit\u0103\u021bi<\/a>:<\/p>\n\n<ul class=\"wp-block-list\">\n<li><strong>\u00cembun\u0103t\u0103\u021birea s\u0103n\u0103t\u0103\u021bii colaboratorilor<\/strong> contribuie la limitarea absenteismului \u0219i a frecven\u021bei concediilor medicale.<\/li>\n\n\n\n<li><strong>Reducerea depunerilor de particule pe aparate \u0219i pardoseli<\/strong> permite realizarea de economii la \u00eentre\u021binere \u0219i mentenan\u021b\u0103.<\/li>\n\n\n\n<li>Monitorizarea nivelului de expunere la poluan\u021bi \u0219i particule asigur\u0103 <strong>calitatea proceselor \u0219i a produselor finite<\/strong>.<\/li>\n<\/ul>\n\n<h2 class=\"wp-block-heading\" id=\"comment-mesurer-la-qualite-de-l-air-interieur\">Cum se m\u0103soar\u0103 calitatea aerului interior?<\/h2>\n\n<p><strong><a href=\"https:\/\/obera.fr\/ro\/sfatul-nostru\/qai-diagnostic-qualite-de-l-air-interieur-batiments-industriels\/\">Diagnosticul calit\u0103\u021bii aerului interior<\/a><\/strong> constituie o prim\u0103 evaluare a nivelului de poluare \u00een cl\u0103dirile dumneavoastr\u0103. O monitorizare regulat\u0103 trebuie apoi implementat\u0103 cu ajutorul <strong>aparatelor de m\u0103sur\u0103 specifice<\/strong>. <\/p>\n\n<h3 class=\"wp-block-heading\" id=\"effectuer-un-diagnostic-qualite-de-l-air-interieur\">Efectuarea unui diagnostic al calit\u0103\u021bii aerului interior<\/h3>\n\n<p><strong>Diagnosticul calit\u0103\u021bii aerului interior (CAI)<\/strong> constituie o obliga\u021bie legal\u0103 pentru cl\u0103dirile care primesc copii. Va fi impus \u00een toate institu\u021biile care primesc public \u00eencep\u00e2nd cu 2023. Expert \u00een domeniul <a href=\"https:\/\/obera.fr\/ro\/sfatul-nostru\/traitement-air-industriel-guide-complet\/\">trat\u0103rii aerului industrial<\/a>, OBERA realizeaz\u0103 un diagnostic care include:  <\/p>\n\n<ul class=\"wp-block-list\">\n<li><strong>identificarea surselor de poluare a aerului<\/strong> \u00een spa\u021biile dumneavoastr\u0103;<\/li>\n\n\n\n<li><strong>m\u0103surarea concentra\u021biei de particule \u0219i poluan\u021bi<\/strong> (COV, formaldehid\u0103 etc.).<\/li>\n<\/ul>\n\n<h3 class=\"wp-block-heading\" id=\"utiliser-un-appareil-de-mesure-de-la-qualite-de-l-air-interieur\">Utilizarea unui aparat de m\u0103surare a calit\u0103\u021bii aerului interior<\/h3>\n\n<p><a href=\"https:\/\/obera.fr\/ro\/sfatul-nostru\/analyse-qualite-l-air-interieur\/\">M\u0103surarea calit\u0103\u021bii aerului interior<\/a> se efectueaz\u0103 cu ajutorul aparatelor capabile s\u0103 detecteze natura \u0219i concentra\u021bia poluan\u021bilor. Gama noastr\u0103 de <strong>analizoare de aer industriale \u0219i profesionale<\/strong> asigur\u0103 monitorizarea continu\u0103 a parametrilor calit\u0103\u021bii aerului interior: <\/p>\n\n<ul class=\"wp-block-list\">\n<li><strong>concentra\u021bia poluan\u021bilor gazo\u0219i<\/strong>: compu\u0219i organici volatili (COV) \u0219i dioxid de carbon (CO2);<\/li>\n\n\n\n<li><strong>concentra\u021bia \u0219i dimensiunea particulelor<\/strong>: praf \u0219i particule fine PM 2,5 \u0219i PM 10;<\/li>\n\n\n\n<li><strong>temperatura \u0219i rata umidit\u0103\u021bii relative<\/strong>.<\/li>\n<\/ul>\n\n<p>Datele sunt transmise direct pe calculator unde valorile sunt afi\u0219ate sub form\u0103 de grafic. <strong>Analiza \u00een timp real<\/strong> permite o ac\u021biune rapid\u0103 \u0219i eficient\u0103 \u00een cazul m\u0103sur\u0103torilor neconforme cu VLEP. <\/p>\n\n<p>Pentru mai multe <strong>informa\u021bii despre m\u0103surarea calit\u0103\u021bii aerului interior<\/strong>, nu ezita\u021bi s\u0103 ne contacta\u021bi. V\u0103 invit\u0103m, de asemenea, s\u0103 consulta\u021bi sfaturile noastre privind implementarea unui sistem de tratare a aerului industrial. <\/p>\n\n<blockquote class=\"wp-block-quote is-layout-flow wp-block-quote-is-layout-flow\">\n<p>De citit \u0219i: Ghidul <a href=\"https:\/\/obera.fr\/conseils\/rafraichissement-adiabatique-confort-thermique-naturel\/\">r\u0103cirii adiabatice \u0219i confortul termic natural<\/a>.<\/p>\n<\/blockquote>\n","protected":false},"excerpt":{"rendered":"<p>Conform datelor OMS, Fran\u021ba ar \u00eenregistra aproape 50.000 de decese pe an legate de poluarea aerului, adic\u0103 de 10 ori mai multe dec\u00e2t accidentele rutiere! \u00cen plus, se estimeaz\u0103 c\u0103 aerul din interior, fie c\u0103 este vorba de o locuin\u021b\u0103 sau de un spa\u021biu profesional, este de 5 p\u00e2n\u0103 la 10 ori mai poluat dec\u00e2t cel din mediul exterior.<\/p>\n","protected":false},"author":13,"featured_media":95235,"comment_status":"open","ping_status":"closed","sticky":false,"template":"","format":"standard","meta":{"_acf_changed":false,"_seopress_robots_primary_cat":"none","_seopress_titles_title":"Mesure de la qualit\u00e9 de l\u2019air int\u00e9rieur : int\u00e9r\u00eat et principe","_seopress_titles_desc":"Selon les donn\u00e9es de l\u2019OMS, la France comptabiliserait pr\u00e8s de 50 000 d\u00e9c\u00e8s par an li\u00e9s \u00e0 la\u00a0pollution de l\u2019air, soit 10 fois plus que les accidents de la route !","_seopress_robots_index":"","footnotes":""},"categories":[144],"tags":[],"class_list":["post-133523","post","type-post","status-publish","format-standard","has-post-thumbnail","hentry","category-sfatul-nostru","generate-columns","tablet-grid-50","mobile-grid-100","grid-parent","grid-50","no-featured-image-padding","resize-featured-image"],"acf":[],"_links":{"self":[{"href":"https:\/\/obera.fr\/ro\/wp-json\/wp\/v2\/posts\/133523","targetHints":{"allow":["GET"]}}],"collection":[{"href":"https:\/\/obera.fr\/ro\/wp-json\/wp\/v2\/posts"}],"about":[{"href":"https:\/\/obera.fr\/ro\/wp-json\/wp\/v2\/types\/post"}],"author":[{"embeddable":true,"href":"https:\/\/obera.fr\/ro\/wp-json\/wp\/v2\/users\/13"}],"replies":[{"embeddable":true,"href":"https:\/\/obera.fr\/ro\/wp-json\/wp\/v2\/comments?post=133523"}],"version-history":[{"count":3,"href":"https:\/\/obera.fr\/ro\/wp-json\/wp\/v2\/posts\/133523\/revisions"}],"predecessor-version":[{"id":133546,"href":"https:\/\/obera.fr\/ro\/wp-json\/wp\/v2\/posts\/133523\/revisions\/133546"}],"wp:featuredmedia":[{"embeddable":true,"href":"https:\/\/obera.fr\/ro\/wp-json\/wp\/v2\/media\/95235"}],"wp:attachment":[{"href":"https:\/\/obera.fr\/ro\/wp-json\/wp\/v2\/media?parent=133523"}],"wp:term":[{"taxonomy":"category","embeddable":true,"href":"https:\/\/obera.fr\/ro\/wp-json\/wp\/v2\/categories?post=133523"},{"taxonomy":"post_tag","embeddable":true,"href":"https:\/\/obera.fr\/ro\/wp-json\/wp\/v2\/tags?post=133523"}],"curies":[{"name":"wp","href":"https:\/\/api.w.org\/{rel}","templated":true}]}}