{"id":145709,"date":"2025-12-08T13:27:24","date_gmt":"2025-12-08T11:27:24","guid":{"rendered":"https:\/\/obera.fr\/nase-rada\/89-dintre-francezi-subestimeaza-poluarea-aerului-la-locul-de-munca\/"},"modified":"2026-03-02T14:54:53","modified_gmt":"2026-03-02T12:54:53","slug":"89-dintre-francezi-subestimeaza-poluarea-aerului-la-locul-de-munca","status":"publish","type":"post","link":"https:\/\/obera.fr\/ro\/presse\/89-dintre-francezi-subestimeaza-poluarea-aerului-la-locul-de-munca\/","title":{"rendered":"89% dintre francezi subestimeaz\u0103 poluarea aerului la locul de munc\u0103"},"content":{"rendered":"\n<p class=\"has-text-align-center has-medium-font-size\">O poluare care poate fi de 5 p\u00e2n\u0103 la 10 ori mai mare dec\u00e2t afar\u0103<\/p>\n\n<p class=\"has-text-align-center has-medium-font-size\">Doar 22% dintre angaja\u021bi \u0219tiu c\u0103 men\u021binerea unui aer interior s\u0103n\u0103tos este o obliga\u021bie legal\u0103 pentru angajator<\/p>\n\n<figure class=\"wp-block-image aligncenter size-full\"><img decoding=\"async\" width=\"289\" height=\"193\" src=\"https:\/\/obera.fr\/wp-content\/uploads\/2026\/02\/etude-image-obera-pollution.png\" alt=\"imagine studiu obera poluare\" class=\"wp-image-143846\"\/><\/figure>\n\n<h2 class=\"wp-block-heading\">Ce p\u0103rere ai despre calitatea aerului la locul t\u0103u de munc\u0103?  <\/h2>\n\n<p><strong>Aceasta este \u00eentrebarea pe care compania OberA a adresat-o unui num\u0103r de 5.601 persoane, din cele \u0219ase mari sectoare de activitate*. Un sondaj care arat\u0103 c\u0103 majoritatea angaja\u021bilor subestimeaz\u0103 poluarea aerului interior, cunosc prea pu\u021bin riscurile pentru s\u0103n\u0103tate \u0219i, \u00een mare parte, nu \u0219tiu obliga\u021biile legale ale angajatorului.   <\/strong><\/p>\n\n<h2 class=\"wp-block-heading\">Francezi care evalueaz\u0103 gre\u0219it calitatea aerului <\/h2>\n\n<p>Departe de realitate, <strong>57% dintre francezi consider\u0103 c\u0103 aerul de la locul lor de munc\u0103 este \u201efoarte\u201d sau \u201edestul de\u201d bun iarna<\/strong>.  <\/p>\n\n<p>Totu\u0219i, toate studiile sunt de acord c\u0103 aerul interior poate prezenta riscuri importante pentru s\u0103n\u0103tate, chiar \u0219i f\u0103r\u0103 miros sau disconfort aparent.  <\/p>\n\n<p>Aproape <strong>1 persoan\u0103 din 3 (29%)<\/strong> consider\u0103 totu\u0219i aerul de la locul de munc\u0103 drept prost, semn c\u0103 disconfortul este deja perceptibil \u00een multe medii. Dar mai ales, <strong>14% declar\u0103 c\u0103 nu \u0219i-au pus niciodat\u0103 \u00eentrebarea<\/strong>, confirm\u00e2nd un decalaj major \u00eentre percep\u021bia angaja\u021bilor \u0219i realitatea mizei calit\u0103\u021bii aerului la munc\u0103.   <\/p>\n\n<h3 class=\"wp-block-heading\">Iarna, ai spune c\u0103 aerul din mediul t\u0103u de lucru este:<\/h3>\n\n<figure class=\"wp-block-table\"><table class=\"has-fixed-layout\"><tbody><tr><td><strong>R\u0103spunsuri <\/strong><\/td><td><strong>Procente<\/strong><\/td><\/tr><tr><td>Foarte bun <\/td><td>21 %<\/td><\/tr><tr><td>Destul de bun <\/td><td>36 %<\/td><\/tr><tr><td>Destul de prost <\/td><td>23 %<\/td><\/tr><tr><td>Foarte prost <\/td><td>6 %<\/td><\/tr><tr><td>Nu \u0219tiu \/ nu mi-am pus niciodat\u0103 \u00eentrebarea <\/td><td>14 %<\/td><\/tr><\/tbody><\/table><\/figure>\n\n<h4 class=\"wp-block-heading\">La ce folosesc sistemele existente \u00een companie?  <\/h4>\n\n<p>\u00cen mod eronat, <strong>65% dintre francezi cred c\u0103 sistemele lor de \u00eenc\u0103lzire, climatizare sau VMC filtreaz\u0103 ori purific\u0103 aerul<\/strong>, de\u0219i majoritatea acestor echipamente nu sunt concepute s\u0103 elimine poluan\u021bii f\u0103r\u0103 un dispozitiv de tratare dedicat.  <\/p>\n\n<p>Mai lucizi, <strong>23%<\/strong> consider\u0103 c\u0103 ele \u201edoar \u00eenc\u0103lzesc sau r\u0103cesc\u201d, iar <strong>12% recunosc c\u0103 nu \u0219tiu cum func\u021bioneaz\u0103<\/strong>, semn al unei confuzii generale privind rolul real al acestor instala\u021bii.<\/p>\n\n<h3 class=\"wp-block-heading\">Dup\u0103 p\u0103rerea ta, sistemele de la locul t\u0103u de munc\u0103 (\u00eenc\u0103lzire, climatizare, ventila\u021bie mecanic\u0103):  <\/h3>\n\n<figure class=\"wp-block-table\"><table class=\"has-fixed-layout\"><tbody><tr><td><strong>R\u0103spunsuri <\/strong><\/td><td><strong>Procente<\/strong><\/td><\/tr><tr><td>Purific\u0103 aerul \u0219i \u00eel fac mai s\u0103n\u0103tos <\/td><td>34 %<\/td><\/tr><tr><td>Filtreaz\u0103 pu\u021bin aerul, dar nu acesta este rolul lor principal <\/td><td>31 %<\/td><\/tr><tr><td>Doar \u00eenc\u0103lzesc \/ r\u0103cesc aerul, f\u0103r\u0103 s\u0103-l purifice <\/td><td>23 %<\/td><\/tr><tr><td>Nu \u0219tiu cum func\u021bioneaz\u0103 <\/td><td>12 %<\/td><\/tr><\/tbody><\/table><\/figure>\n\n<h4 class=\"wp-block-heading\">Controale foarte aleatorii <\/h4>\n\n<p>Aproape <strong>un angajat din doi nu \u0219tie dac\u0103 se m\u0103soar\u0103 calitatea aerului<\/strong> \u00een spa\u021biile sale: 29% r\u0103spund \u201enu, niciodat\u0103\u201d, iar 31% declar\u0103 c\u0103 nu au fost informa\u021bi niciodat\u0103 c\u0103 se poate m\u0103sura.  <\/p>\n\n<p>Doar <strong>14%<\/strong> indic\u0103 un control regulat, de\u0219i m\u0103surarea CO\u2082, a particulelor sau a COV este considerat\u0103 acum un <strong>instrument esen\u021bial<\/strong> pentru a garanta un mediu de lucru s\u0103n\u0103tos \u0219i productiv.  <\/p>\n\n<h3 class=\"wp-block-heading\">\u0218tii dac\u0103 \u00een mediul t\u0103u profesional se m\u0103soar\u0103 sau se controleaz\u0103 calitatea aerului (CO\u2082, particule fine, fum, COV, praf industrial\u2026)?<\/h3>\n\n<figure class=\"wp-block-table\"><table class=\"has-fixed-layout\"><tbody><tr><td><strong>R\u0103spunsuri <\/strong><\/td><td><strong>Procente<\/strong><\/td><\/tr><tr><td>Da, regulat <\/td><td>14 %<\/td><\/tr><tr><td>Da, dar foarte ocazional <\/td><td>26 %<\/td><\/tr><tr><td>Nu, niciodat\u0103 <\/td><td>29 %<\/td><\/tr><tr><td>Nu \u0219tiu \/ nu \u0219tiam c\u0103 se poate m\u0103sura <\/td><td>31 %<\/td><\/tr><\/tbody><\/table><\/figure>\n\n<h4 class=\"wp-block-heading\">Companii pu\u021bin preocupate <\/h4>\n\n<p>\u00cen majoritatea companiilor, calitatea aerului interior r\u0103m\u00e2ne mult \u00een urma siguran\u021bei sau ergonomiei: <strong>doar 12% dintre francezi<\/strong> consider\u0103 c\u0103 este o prioritate real\u0103.  <\/p>\n\n<p>\u00cen schimb, <strong>37% aproape c\u0103 nu vorbesc niciodat\u0103 despre asta<\/strong>, iar <strong>27% nu \u0219tiu deloc cum este gestionat subiectul<\/strong>, adic\u0103 aproape <strong>2 angaja\u021bi din 3 \u00een cea\u021b\u0103<\/strong>.  <\/p>\n\n<h3 class=\"wp-block-heading\">Dup\u0103 p\u0103rerea ta, \u00een compania ta, calitatea aerului interior iarna este considerat\u0103\u2026<\/h3>\n\n<figure class=\"wp-block-table\"><table class=\"has-fixed-layout\"><tbody><tr><td><strong>R\u0103spunsuri <\/strong><\/td><td><strong>Procente<\/strong><\/td><\/tr><tr><td>O prioritate important\u0103, la fel ca siguran\u021ba sau ergonomia <\/td><td>12 %<\/td><\/tr><tr><td>Un subiect despre care se vorbe\u0219te uneori, dar f\u0103r\u0103 ac\u021biuni vizibile <\/td><td>24 %<\/td><\/tr><tr><td>Un subiect despre care aproape nu se vorbe\u0219te niciodat\u0103 <\/td><td>37 %<\/td><\/tr><tr><td>Nu \u0219tiu deloc cum este gestionat <\/td><td>27 %<\/td><\/tr><\/tbody><\/table><\/figure>\n\n<h4 class=\"wp-block-heading\">Ce \u00eenseamn\u0103 un aer s\u0103n\u0103tos? <\/h4>\n\n<p>Un fapt foarte alarmant: o <strong>mare majoritate a angaja\u021bilor (64%)<\/strong> cred c\u0103 pot evalua calitatea aerului din spa\u021biile lor pe baza unor simple impresii subiective \u2013 lipsa mirosului, a fumului vizibil sau a pl\u00e2ngerilor \u2013 f\u0103r\u0103 nicio m\u0103surare obiectiv\u0103.  <\/p>\n\n<p>Doar <strong>25%<\/strong> men\u021bioneaz\u0103 m\u0103surarea poluan\u021bilor (CO\u2082, COV, particule etc.) ca fiind cel mai bun indicator, \u00een timp ce exper\u021bii reamintesc c\u0103 un aer poate fi puternic poluat \u0219i totu\u0219i s\u0103 r\u0103m\u00e2n\u0103 inodor \u0219i vizual \u201ecurat\u201d.<\/p>\n\n<p>Acest decalaj alimenteaz\u0103 o <strong>fals\u0103 impresie de siguran\u021b\u0103<\/strong> \u00een multe medii de lucru, de\u0219i calitatea aerului interior se m\u0103soar\u0103 precis cu ajutorul senzorilor \u0219i al diagnosticelor dedicate \u0219i reprezint\u0103 o miz\u0103 major\u0103 de s\u0103n\u0103tate \u0219i performan\u021b\u0103 \u00een companie.  <\/p>\n\n<h3 class=\"wp-block-heading\">Pentru a \u0219ti dac\u0103 aerul din spa\u021biile tale este s\u0103n\u0103tos, care este, dup\u0103 p\u0103rerea ta, cel mai bun indicator?<\/h3>\n\n<figure class=\"wp-block-table\"><table class=\"has-fixed-layout\"><tbody><tr><td><strong>R\u0103spunsuri <\/strong><\/td><td><strong>Procente<\/strong><\/td><\/tr><tr><td>Dac\u0103 nu exist\u0103 miros nepl\u0103cut <\/td><td>34 %<\/td><\/tr><tr><td>Dac\u0103 nu exist\u0103 fum sau praf vizibil <\/td><td>23 %<\/td><\/tr><tr><td>Dac\u0103 nu se pl\u00e2nge nimeni (f\u0103r\u0103 dureri de cap, f\u0103r\u0103 disconfort) <\/td><td>7 %<\/td><\/tr><tr><td>M\u0103surarea anumitor poluan\u021bi (CO\u2082, COV, particule etc.) cu un aparat adecvat <\/td><td>25 %<\/td><\/tr><tr><td>Nu \u0219tiu <\/td><td>11 %<\/td><\/tr><\/tbody><\/table><\/figure>\n\n<h4 class=\"wp-block-heading\">Lips\u0103 de cuno\u0219tin\u021be pe subiect <\/h4>\n\n<p>Foarte pu\u021bini francezi cunosc parametrii folosi\u021bi pentru a m\u0103sura calitatea aerului interior. Dac\u0103 <strong>temperatura (91%) \u0219i umiditatea relativ\u0103 (76%)<\/strong> sunt identificate pe scar\u0103 larg\u0103, doar <strong>64%<\/strong> men\u021bioneaz\u0103 <strong>CO\u2082<\/strong>, <strong>38%<\/strong> <a href=\"https:\/\/obera.fr\/ro\/sfatul-nostru\/traitement-air-industriel-guide-complet\/\" data-type=\"post\" data-id=\"1420\">particulele fine<\/a> <strong> <\/strong>\u0219i abia <strong>5%<\/strong> cunosc <strong>COV<\/strong>, de\u0219i ace\u0219ti poluan\u021bi sunt \u00een centrul diagnosticelor profesionale privind calitatea aerului. Aproape <strong>1 respondent din 10<\/strong> declar\u0103 chiar c\u0103 nu cunoa\u0219te niciunul dintre parametrii de m\u0103surare.   <\/p>\n\n<p>Aceast\u0103 necunoa\u0219tere a indicatorilor tehnici \u201ereali\u201d arat\u0103 c\u0103 multe companii comunic\u0103 foarte pu\u021bin despre m\u0103surarea calit\u0103\u021bii aerului interior, de\u0219i monitorizarea CO\u2082, a particulelor \u0219i a COV este prezentat\u0103 de exper\u021bi ca indispensabil\u0103 pentru protejarea s\u0103n\u0103t\u0103\u021bii \u0219i productivit\u0103\u021bii echipelor.  <\/p>\n\n<h3 class=\"wp-block-heading\">Dintre ace\u0219ti parametri, pe care \u00eei cuno\u0219ti (m\u0103car ca denumire) ca fiind folosi\u021bi pentru a m\u0103sura calitatea aerului interior?  <\/h3>\n\n<p><em>(mai multe r\u0103spunsuri posibile)<\/em><\/p>\n\n<figure class=\"wp-block-table\"><table class=\"has-fixed-layout\"><tbody><tr><td><strong>R\u0103spunsuri <\/strong><\/td><td><strong>Procente<\/strong><\/td><\/tr><tr><td>CO\u2082 (dioxid de carbon) <\/td><td>64 %<\/td><\/tr><tr><td>COV (compu\u0219i organici volatili) <\/td><td>5 %<\/td><\/tr><tr><td>Particule fine (PM2,5 \/ PM10) <\/td><td>38 %<\/td><\/tr><tr><td>Temperatur\u0103 <\/td><td>91 %<\/td><\/tr><tr><td>Umiditate relativ\u0103 <\/td><td>76 %<\/td><\/tr><tr><td>Niciunul dintre ace\u0219ti termeni nu-mi spune nimic <\/td><td>9 %<\/td><\/tr><\/tbody><\/table><\/figure>\n\n<h4 class=\"wp-block-heading\">O poluare a aerului interior puternic subestimat\u0103 <\/h4>\n\n<p>Aproape <strong>9 responden\u021bi din 10 (89%)<\/strong> subestimeaz\u0103 poluarea aerului interior \u00een mediile profesionale sau pur \u0219i simplu nu au nicio idee despre nivelul ei. Doar <strong>11%<\/strong> \u0219tiu c\u0103 poate fi <strong>de 5 p\u00e2n\u0103 la 10 ori mai poluat dec\u00e2t aerul exterior<\/strong>, lucru confirmat de datele OQEI. <\/p>\n\n<p>\u00cen detaliu, <strong>63%<\/strong> cred c\u0103 aerul interior este mai pu\u021bin, la fel sau doar pu\u021bin mai poluat dec\u00e2t afar\u0103, iar <strong>26%<\/strong> nu \u0219i-au pus niciodat\u0103 \u00eentrebarea.  <\/p>\n\n<p>Acest decalaj major \u00eentre percep\u021bie \u0219i realitate ilustreaz\u0103 c\u00e2t de mult poluarea aerului interior r\u0103m\u00e2ne un <strong>risc invizibil<\/strong>, de\u0219i este recunoscut\u0103 ca o problem\u0103 major\u0103 de s\u0103n\u0103tate public\u0103 \u0219i de preven\u021bie \u00een companii.  <\/p>\n\n<h3 class=\"wp-block-heading\">Dup\u0103 p\u0103rerea ta, aerul interior \u00een mediile profesionale este:<\/h3>\n\n<figure class=\"wp-block-table\"><table class=\"has-fixed-layout\"><tbody><tr><td><strong>R\u0103spunsuri <\/strong><\/td><td><strong>Procente<\/strong><\/td><\/tr><tr><td>Mai pu\u021bin poluat dec\u00e2t aerul exterior <\/td><td>12 %<\/td><\/tr><tr><td>Aproximativ la fel de poluat <\/td><td>23 %<\/td><\/tr><tr><td>Pu\u021bin mai poluat, dar nu at\u00e2t de mult <\/td><td>28 %<\/td><\/tr><tr><td>De 5 p\u00e2n\u0103 la 10 ori mai poluat <\/td><td>11 %<\/td><\/tr><tr><td>Nu \u0219tiu \/ nu mi-am pus niciodat\u0103 \u00eentrebarea <\/td><td>26 %<\/td><\/tr><\/tbody><\/table><\/figure>\n\n<h4 class=\"wp-block-heading\">\u0218i din punct de vedere legal? <\/h4>\n\n<p>Aceste rezultate arat\u0103 \u0219i o confuzie real\u0103 privind dreptul muncii: <strong>doar 22% dintre responden\u021bi \u0219tiu clar c\u0103 men\u021binerea unui aer interior s\u0103n\u0103tos este o obliga\u021bie legal\u0103 pentru angajator<\/strong>.  <\/p>\n\n<p>Desigur, 29% consider\u0103 c\u0103 este \u201eprobabil adev\u0103rat\u201d, dar <strong>aproape 1 angajat din 2 (49%) nu \u0219tie sau, mai r\u0103u, crede c\u0103 nu este o obliga\u021bie<\/strong>.  <\/p>\n\n<h3 class=\"wp-block-heading\">Dup\u0103 p\u0103rerea ta, men\u021binerea unui aer interior s\u0103n\u0103tos este o obliga\u021bie legal\u0103 pentru angajator?<\/h3>\n\n<figure class=\"wp-block-table\"><table class=\"has-fixed-layout\"><tbody><tr><td><strong>R\u0103spunsuri <\/strong><\/td><td><strong>Procente<\/strong><\/td><\/tr><tr><td>Da, este absolut adev\u0103rat <\/td><td>22 %<\/td><\/tr><tr><td>Probabil adev\u0103rat <\/td><td>29 %<\/td><\/tr><tr><td>Nu \u0219tiu dac\u0103 este adev\u0103rat sau fals <\/td><td>25 %<\/td><\/tr><tr><td>Probabil fals, nu cred c\u0103 este o obliga\u021bie <\/td><td>15 %<\/td><\/tr><tr><td>Complet fals <\/td><td>9 %<\/td><\/tr><\/tbody><\/table><\/figure>\n\n<p>Acest sondaj scoate \u00een eviden\u021b\u0103 un punct crucial: pr\u0103pastia dintre ceea ce recomand\u0103 exper\u021bii \u2013 o monitorizare structurat\u0103 \u0219i regulat\u0103 a calit\u0103\u021bii aerului interior \u2013 \u0219i realitatea din teren, unde supravegherea r\u0103m\u00e2ne \u00een mare parte marginal\u0103, ba chiar invizibil\u0103 pentru angaja\u021bi.  <\/p>\n\n<p>Totu\u0219i, <strong>Codul muncii impune clar angajatorului s\u0103 garanteze un aer s\u0103n\u0103tos \u0219i s\u0103 previn\u0103 riscurile legate de poluarea interioar\u0103<\/strong> (\u00een special articolele L4121-1 \u0219i R4222-1). Acest decalaj \u00eentre cadrul juridic \u0219i percep\u021bia angaja\u021bilor arat\u0103 c\u0103 aerul interior r\u0103m\u00e2ne un adev\u0103rat punct orb al culturii de preven\u021bie \u00een companii. <\/p>\n\n<h2 class=\"wp-block-heading has-text-align-center\">Thibaut SAMSEL, director \u0219i fondator OberA<\/h2>\n\n<p>*Metodologie: Ancheta a fost realizat\u0103 pe un e\u0219antion reprezentativ de 5.601 persoane care locuiesc \u00een Fran\u021ba, cu v\u00e2rsta de 18 ani \u0219i peste. Sondaj efectuat online \u00een noiembrie 2025, pe baza panelului de responden\u021bi BuzzPress (27.700 de persoane din Fran\u021ba chestionate electronic prin e-mail \u0219i pe re\u021belele sociale Facebook \u0219i LinkedIn). Profilurile companiilor men\u021bionate de responden\u021bi pentru locul lor de munc\u0103:    <\/p>\n\n<p>Industrie \/ produc\u021bie: 16% <\/p>\n\n<p>Servicii pentru persoane fizice (s\u0103n\u0103tate, social, \u00eengrijire la domiciliu, comer\u021b, restaurante\u2026): 28% <\/p>\n\n<p>Servicii pentru companii (consultan\u021b\u0103, IT, finan\u021be, comunicare\u2026): 23% <\/p>\n\n<p>Sector public \/ parapublic (administra\u021bii, \u00eenv\u0103\u021b\u0103m\u00e2nt, spitale\u2026): 19% <\/p>\n\n<p>Construc\u021bii \/ BTP: 7% <\/p>\n\n<p>Transport \/ logistic\u0103: 6% <\/p>\n\n<p>Altele \/ nu se pronun\u021b\u0103: 1% <\/p>\n\n<p>R\u0103spunsuri compilate \u0219i ponderate \u00een func\u021bie de cote prestabilite, pentru a asigura reprezentativitatea e\u0219antionului \u0219i pentru a ob\u021bine o reprezentativitate a popula\u021biei vizate. Toate ponder\u0103rile se bazeaz\u0103 pe date administrative \u0219i pe datele colectate de INSEE.   <\/p>\n\n<h2 class=\"wp-block-heading has-text-align-center\">Au vorbit despre noi!<\/h2>\n\n<div class=\"wp-block-columns are-vertically-aligned-center is-layout-flex wp-container-core-columns-is-layout-8bffabeb wp-block-columns-is-layout-flex\" style=\"margin-top:var(--wp--preset--spacing--30);margin-bottom:var(--wp--preset--spacing--30);padding-top:0;padding-bottom:0\">\n<div class=\"wp-block-column is-vertically-aligned-center is-layout-flow wp-block-column-is-layout-flow\">\n<figure class=\"wp-block-image size-full\"><a href=\"https:\/\/presseagence.fr\/paris-sondage-qvct-4-francais-sur-5-ignorent-comment-detecter-un-air-vraiment-sain\/\" target=\"_blank\" rel=\" noreferrer noopener\"><img decoding=\"async\" width=\"463\" height=\"153\" src=\"https:\/\/obera.fr\/wp-content\/uploads\/2026\/02\/logo_de_presse_agence.jpg\" alt=\"logo presse agence\" class=\"wp-image-143848\" srcset=\"https:\/\/obera.fr\/wp-content\/uploads\/2026\/02\/logo_de_presse_agence.jpg 463w, https:\/\/obera.fr\/wp-content\/uploads\/2026\/02\/logo_de_presse_agence-300x99.jpg 300w\" sizes=\"(max-width: 463px) 100vw, 463px\" \/><\/a><figcaption class=\"wp-element-caption\"><em>PRESSE AGENCE<\/em><\/figcaption><\/figure>\n<\/div>\n\n\n\n<div class=\"wp-block-column is-vertically-aligned-center is-layout-flow wp-block-column-is-layout-flow\">\n<figure class=\"wp-block-image size-large\"><a href=\"https:\/\/xn--horizonviesant-okb.com\/4-francais-sur-5-ignorent-comment-detecter-un-air-vraiment-sain\/\" target=\"_blank\" rel=\" noreferrer noopener\"><img decoding=\"async\" width=\"1024\" height=\"207\" src=\"https:\/\/obera.fr\/wp-content\/uploads\/2026\/02\/loog-horizonviesante-1024x207.png\" alt=\"logo horizonviesante\" class=\"wp-image-143849\" srcset=\"https:\/\/obera.fr\/wp-content\/uploads\/2026\/02\/loog-horizonviesante-1024x207.png 1024w, https:\/\/obera.fr\/wp-content\/uploads\/2026\/02\/loog-horizonviesante-300x61.png 300w, https:\/\/obera.fr\/wp-content\/uploads\/2026\/02\/loog-horizonviesante-768x156.png 768w, https:\/\/obera.fr\/wp-content\/uploads\/2026\/02\/loog-horizonviesante.png 1229w\" sizes=\"(max-width: 1024px) 100vw, 1024px\" \/><\/a><figcaption class=\"wp-element-caption\"><em>HORIZON VIE ET SANTE<\/em><\/figcaption><\/figure>\n<\/div>\n\n\n\n<div class=\"wp-block-column is-vertically-aligned-center has-contrast-background-color has-background is-layout-constrained wp-block-column-is-layout-constrained\">\n<figure class=\"wp-block-image size-full\"><a href=\"https:\/\/www.news-eco.com\/communique\/au-travail-lair-semble-correct-mais-la-plupart-se-trompent\/\" target=\"_blank\" rel=\" noreferrer noopener\"><img decoding=\"async\" width=\"215\" height=\"42\" src=\"https:\/\/obera.fr\/wp-content\/uploads\/2026\/02\/news-eco-logo2.png\" alt=\"news eco logo2\" class=\"wp-image-143850\"\/><\/a><\/figure>\n<\/div>\n\n\n\n<div class=\"wp-block-column is-vertically-aligned-center is-layout-flow wp-block-column-is-layout-flow\">\n<figure class=\"wp-block-image size-full\"><a href=\"https:\/\/www.lyftvnews.com\/t9528-au-travail-lair-a-lair-sain-mais-89-des-francais-se-trompent#10372\" target=\"_blank\" rel=\" noreferrer noopener\"><img decoding=\"async\" width=\"900\" height=\"900\" src=\"https:\/\/obera.fr\/wp-content\/uploads\/2026\/02\/logo-lyftv.jpg\" alt=\"logo lyftv\" class=\"wp-image-143851\" srcset=\"https:\/\/obera.fr\/wp-content\/uploads\/2026\/02\/logo-lyftv.jpg 900w, https:\/\/obera.fr\/wp-content\/uploads\/2026\/02\/logo-lyftv-300x300.jpg 300w, https:\/\/obera.fr\/wp-content\/uploads\/2026\/02\/logo-lyftv-150x150.jpg 150w, https:\/\/obera.fr\/wp-content\/uploads\/2026\/02\/logo-lyftv-768x768.jpg 768w\" sizes=\"(max-width: 900px) 100vw, 900px\" \/><\/a><figcaption class=\"wp-element-caption\"><em>LYF TV NEWS<\/em><\/figcaption><\/figure>\n<\/div>\n\n\n\n<div class=\"wp-block-column is-vertically-aligned-center is-layout-flow wp-block-column-is-layout-flow\">\n<figure class=\"wp-block-image size-full\"><a href=\"https:\/\/communiques.categorynet.com\/sante\/525169-4-francais-sur-5-ignorent-comment-detecter-un-air-vraiment-s\/\" target=\"_blank\" rel=\" noreferrer noopener\"><img decoding=\"async\" width=\"201\" height=\"41\" src=\"https:\/\/obera.fr\/wp-content\/uploads\/2026\/02\/cropped-cn-1.webp\" alt=\"cropped cn 1\" class=\"wp-image-143852\"\/><\/a><figcaption class=\"wp-element-caption\"><em>CATEGORYNET<\/em><\/figcaption><\/figure>\n<\/div>\n<\/div>\n\n<div class=\"wp-block-columns are-vertically-aligned-center is-layout-flex wp-container-core-columns-is-layout-28f84493 wp-block-columns-is-layout-flex\">\n<div class=\"wp-block-column is-vertically-aligned-center is-layout-flow wp-block-column-is-layout-flow\">\n<figure class=\"wp-block-image size-full\"><a href=\"https:\/\/www.esteval.fr\/article.44169.etudes-89-pourcents-des-francais-sous-estiment-la-pollution-de-l-air-sur-leur-lieu-de-travail\" target=\"_blank\" rel=\" noreferrer noopener\"><img decoding=\"async\" width=\"200\" height=\"200\" src=\"https:\/\/obera.fr\/wp-content\/uploads\/2026\/02\/logo_esteval_200_200.jpg\" alt=\"logo esteval 200 200\" class=\"wp-image-143853\" srcset=\"https:\/\/obera.fr\/wp-content\/uploads\/2026\/02\/logo_esteval_200_200.jpg 200w, https:\/\/obera.fr\/wp-content\/uploads\/2026\/02\/logo_esteval_200_200-150x150.jpg 150w\" sizes=\"(max-width: 200px) 100vw, 200px\" \/><\/a><figcaption class=\"wp-element-caption\"><em>ESTEVAL<\/em><\/figcaption><\/figure>\n<\/div>\n\n\n\n<div class=\"wp-block-column is-vertically-aligned-center is-layout-flow wp-block-column-is-layout-flow\">\n<figure class=\"wp-block-image size-full\"><img decoding=\"async\" width=\"700\" height=\"350\" src=\"https:\/\/obera.fr\/wp-content\/uploads\/2026\/02\/therm-presse01.jpg\" alt=\"therm presse01\" class=\"wp-image-143854\" srcset=\"https:\/\/obera.fr\/wp-content\/uploads\/2026\/02\/therm-presse01.jpg 700w, https:\/\/obera.fr\/wp-content\/uploads\/2026\/02\/therm-presse01-300x150.jpg 300w\" sizes=\"(max-width: 700px) 100vw, 700px\" \/><figcaption class=\"wp-element-caption\"><em>THERMPRESSE<\/em><\/figcaption><\/figure>\n<\/div>\n\n\n\n<div class=\"wp-block-column is-vertically-aligned-center is-layout-flow wp-block-column-is-layout-flow\">\n<figure class=\"wp-block-image size-full\"><a href=\"https:\/\/terre-futur.com\/un-angle-mort-sanitaire-qui-persiste-dans-les-entreprises-francaises\/\" target=\"_blank\" rel=\" noreferrer noopener\"><img decoding=\"async\" width=\"512\" height=\"512\" src=\"https:\/\/obera.fr\/wp-content\/uploads\/2026\/02\/terrefutur_logo.jpg\" alt=\"terrefutur logo\" class=\"wp-image-143855\" srcset=\"https:\/\/obera.fr\/wp-content\/uploads\/2026\/02\/terrefutur_logo.jpg 512w, https:\/\/obera.fr\/wp-content\/uploads\/2026\/02\/terrefutur_logo-300x300.jpg 300w, https:\/\/obera.fr\/wp-content\/uploads\/2026\/02\/terrefutur_logo-150x150.jpg 150w\" sizes=\"(max-width: 512px) 100vw, 512px\" \/><\/a><figcaption class=\"wp-element-caption\"><em>TERRE FUTUR<\/em><\/figcaption><\/figure>\n<\/div>\n\n\n\n<div class=\"wp-block-column is-vertically-aligned-center is-layout-flow wp-block-column-is-layout-flow\">\n<figure class=\"wp-block-image size-full\"><a href=\"https:\/\/portaildocumentaire.inrs.fr\/blog-view\/25\/veille-qualite-de-lair-interieur\/2038\/bulletin-de-veille-qualite-de-lair-interieur-janvier-2026\" target=\"_blank\" rel=\" noreferrer noopener\"><img decoding=\"async\" width=\"366\" height=\"138\" src=\"https:\/\/obera.fr\/wp-content\/uploads\/2026\/02\/logoinrs.png\" alt=\"logoinrs\" class=\"wp-image-143856\" srcset=\"https:\/\/obera.fr\/wp-content\/uploads\/2026\/02\/logoinrs.png 366w, https:\/\/obera.fr\/wp-content\/uploads\/2026\/02\/logoinrs-300x113.png 300w\" sizes=\"(max-width: 366px) 100vw, 366px\" \/><\/a><figcaption class=\"wp-element-caption\"><em>PORTAIL DOCUMENTAIRE INRS<\/em><\/figcaption><\/figure>\n<\/div>\n<\/div>\n","protected":false},"excerpt":{"rendered":"<p>O poluare care poate fi de 5 p\u00e2n\u0103 la 10 ori mai mare dec\u00e2t afar\u0103 Doar 22% dintre angaja\u021bi \u0219tiu c\u0103 men\u021binerea unui aer interior s\u0103n\u0103tos este o obliga\u021bie legal\u0103 pentru angajator Ce p\u0103rere ai despre calitatea aerului la locul t\u0103u de munc\u0103? Aceasta este \u00eentrebarea pe care compania OberA a adresat-o unui num\u0103r de 5.601 persoane, din cele \u0219ase mari sectoare de activitate*. Un sondaj care arat\u0103 c\u0103 majoritatea angaja\u021bilor subestimeaz\u0103 poluarea aerului interior, cunosc prea pu\u021bin riscurile pentru s\u0103n\u0103tate \u0219i, \u00een mare parte, nu \u0219tiu obliga\u021biile legale ale angajatorului. Francezi care evalueaz\u0103 gre\u0219it calitatea aerului Departe de realitate, &#8230; <\/p>\n<p class=\"read-more-container\"><a title=\"89% dintre francezi subestimeaz\u0103 poluarea aerului la locul de munc\u0103\" class=\"read-more button\" href=\"https:\/\/obera.fr\/ro\/presse\/89-dintre-francezi-subestimeaza-poluarea-aerului-la-locul-de-munca\/#more-145709\" aria-label=\"Cite\u0219te mai multe despre 89% dintre francezi subestimeaz\u0103 poluarea aerului la locul de munc\u0103\">Lire la suite<\/a><\/p>\n","protected":false},"author":13,"featured_media":0,"comment_status":"open","ping_status":"closed","sticky":false,"template":"","format":"standard","meta":{"_acf_changed":false,"_seopress_robots_primary_cat":"980","_seopress_titles_title":"Studiu: Poluarea aerului la locul de munc\u0103","_seopress_titles_desc":"","_seopress_robots_index":"","footnotes":""},"categories":[999],"tags":[],"class_list":["post-145709","post","type-post","status-publish","format-standard","hentry","category-presa","generate-columns","tablet-grid-50","mobile-grid-100","grid-parent","grid-50","no-featured-image-padding"],"acf":[],"_links":{"self":[{"href":"https:\/\/obera.fr\/ro\/wp-json\/wp\/v2\/posts\/145709","targetHints":{"allow":["GET"]}}],"collection":[{"href":"https:\/\/obera.fr\/ro\/wp-json\/wp\/v2\/posts"}],"about":[{"href":"https:\/\/obera.fr\/ro\/wp-json\/wp\/v2\/types\/post"}],"author":[{"embeddable":true,"href":"https:\/\/obera.fr\/ro\/wp-json\/wp\/v2\/users\/13"}],"replies":[{"embeddable":true,"href":"https:\/\/obera.fr\/ro\/wp-json\/wp\/v2\/comments?post=145709"}],"version-history":[{"count":2,"href":"https:\/\/obera.fr\/ro\/wp-json\/wp\/v2\/posts\/145709\/revisions"}],"predecessor-version":[{"id":145725,"href":"https:\/\/obera.fr\/ro\/wp-json\/wp\/v2\/posts\/145709\/revisions\/145725"}],"wp:attachment":[{"href":"https:\/\/obera.fr\/ro\/wp-json\/wp\/v2\/media?parent=145709"}],"wp:term":[{"taxonomy":"category","embeddable":true,"href":"https:\/\/obera.fr\/ro\/wp-json\/wp\/v2\/categories?post=145709"},{"taxonomy":"post_tag","embeddable":true,"href":"https:\/\/obera.fr\/ro\/wp-json\/wp\/v2\/tags?post=145709"}],"curies":[{"name":"wp","href":"https:\/\/api.w.org\/{rel}","templated":true}]}}