{"id":145734,"date":"2026-01-20T15:01:12","date_gmt":"2026-01-20T13:01:12","guid":{"rendered":"https:\/\/obera.fr\/nase-rada\/francezii-respira-sanatos-la-locul-de-munca-iarna\/"},"modified":"2026-03-02T14:55:04","modified_gmt":"2026-03-02T12:55:04","slug":"francezii-respira-sanatos-la-locul-de-munca-iarna","status":"publish","type":"post","link":"https:\/\/obera.fr\/ro\/presa\/francezii-respira-sanatos-la-locul-de-munca-iarna\/","title":{"rendered":"Francezii respir\u0103 s\u0103n\u0103tos la locul de munc\u0103 iarna?"},"content":{"rendered":"\n<p>OberA dezv\u0103luie rezultatele unui <strong>nou sondaj* realizat pe 4.102 persoane<\/strong> care eviden\u021biaz\u0103 o discrepan\u021b\u0103 persistent\u0103 \u00eentre confortul termic \u0219i calitatea aerului la locul de munc\u0103: temperaturi ideale foarte disputate, aerisire iarna rar\u0103, absen\u021ba dispozitivelor de purificare a aerului, umiditate slab controlat\u0103 \u0219i ezit\u0103ri privind gesturile corecte \u00een fa\u021ba viru\u0219ilor. Studiul subliniaz\u0103, de asemenea, o a\u0219teptare puternic\u0103 fa\u021b\u0103 de angajatori: o majoritate larg\u0103 solicit\u0103 ac\u021biuni concrete pentru un aer interior mai s\u0103n\u0103tos \u00een companii \u0219i locuri publice. <\/p>\n\n<figure class=\"wp-block-image aligncenter size-full\"><img decoding=\"async\" width=\"315\" height=\"210\" src=\"https:\/\/obera.fr\/wp-content\/uploads\/2026\/02\/sondage-obera-image.png\" alt=\"imagine sondaj obera\" class=\"wp-image-143875\" srcset=\"https:\/\/obera.fr\/wp-content\/uploads\/2026\/02\/sondage-obera-image.png 315w, https:\/\/obera.fr\/wp-content\/uploads\/2026\/02\/sondage-obera-image-300x200.png 300w\" sizes=\"(max-width: 315px) 100vw, 315px\" \/><\/figure>\n\n<h2 class=\"wp-block-heading\">Locuri de munc\u0103 slab reglate din punct de vedere al temperaturii? <\/h2>\n\n<p>A avea prea frig sau prea cald la locul de munc\u0103 poate deveni o problem\u0103 real\u0103. Dar pe acest subiect, nu toat\u0103 lumea are aceea\u0219i viziune asupra temperaturii ideale.  <\/p>\n\n<p>Conform INRS, reperele de confort termic se situeaz\u0103 \u00eentre 21 \u0219i 23\u00b0C \u0219i aceast\u0103 marj\u0103 este preferat\u0103 doar de 41%. <\/p>\n\n<p>Unii privilegiaz\u0103 reglaje mai sobri la 19\u00b0C sau mai pu\u021bin la 21%, adic\u0103 un nivel apropiat de consemnele de sobrietate energetic\u0103 reamintite \u00een comunicarea public\u0103.<\/p>\n\n<h3 class=\"wp-block-heading\">Iarna, ce temperatur\u0103 \u00ee\u021bi place s\u0103 ai la locul de munc\u0103?<\/h3>\n\n<figure class=\"wp-block-table\"><table class=\"has-fixed-layout\"><tbody><tr><td><strong>R\u0103spunsuri <\/strong><\/td><td><strong>Procente<\/strong><\/td><\/tr><tr><td>17\u00b0C <\/td><td>2 %<\/td><\/tr><tr><td>18\u00b0C <\/td><td>11 %<\/td><\/tr><tr><td>19\u00b0C <\/td><td>19 %<\/td><\/tr><tr><td>20\u00b0C <\/td><td>21 %<\/td><\/tr><tr><td>21\u00b0C <\/td><td>18 %<\/td><\/tr><tr><td>22\u00b0C <\/td><td>12 %<\/td><\/tr><tr><td>23\u00b0C <\/td><td>11 %<\/td><\/tr><tr><td>Peste 24\u00b0C <\/td><td>5 %<\/td><\/tr><tr><td>Nu \u0219tiu <\/td><td>1 %<\/td><\/tr><\/tbody><\/table><\/figure>\n\n<h3 class=\"wp-block-heading\">Francezii prefer\u0103 s\u0103 aib\u0103 cald dec\u00e2t un aer re\u00eennoit<\/h3>\n\n<p>Dac\u0103 ar fi s\u0103 aleag\u0103, aproape un francez din doi prefer\u0103 s\u0103 aib\u0103 bine cald chiar dac\u0103 aerul este pu\u021bin re\u00eennoit (48%), fa\u021b\u0103 de 41% care privilegiaz\u0103 un aer re\u00eennoit regulat, chiar dac\u0103 trebuie s\u0103 suporte o ambian\u021b\u0103 mai r\u0103coroas\u0103. \u00cen final, 11% declar\u0103 c\u0103 nu aleg, semn c\u0103 arbitrajul depinde de situa\u021bii (vreme, sensibilitate la frig, tip de \u00eenc\u0103peri). Aceste rezultate confirm\u0103 ponderea confortului termic \u00een percep\u021bia unui mediu s\u0103n\u0103tos, chiar dac\u0103 recomand\u0103rile publice insist\u0103 asupra importan\u021bei aerisirii zilnice, inclusiv iarna.   <\/p>\n\n<h3 class=\"wp-block-heading\">Dac\u0103 ar fi s\u0103 alegi, ce preferi:<\/h3>\n\n<figure class=\"wp-block-table\"><table class=\"has-fixed-layout\"><tbody><tr><td><strong>R\u0103spunsuri <\/strong><\/td><td><strong>Procente<\/strong><\/td><\/tr><tr><td><strong>S\u0103 am bine cald chiar dac\u0103 aerul este pu\u021bin re\u00eennoit <\/strong><\/td><td><strong>48 %<\/strong><\/td><\/tr><tr><td>S\u0103 am pu\u021bin mai r\u0103coare dar un aer re\u00eennoit regulat <\/td><td>41 %<\/td><\/tr><tr><td>Nu \u0219tiu \/ depinde <\/td><td>11 %<\/td><\/tr><\/tbody><\/table><\/figure>\n\n<h2 class=\"wp-block-heading\">Francezi preocupa\u021bi de umiditate&#8230; dar f\u0103r\u0103 un control real <\/h2>\n\n<p>Umiditatea aerului la locul de munc\u0103 este o preocupare foarte larg \u00eemp\u0103rt\u0103\u0219it\u0103: 90% dintre persoanele intervievate se \u00eengrijoreaz\u0103 de ea, dar doar 8% indic\u0103 c\u0103 este efectiv testat\u0103 pentru a-i cunoa\u0219te nivelul. Invers, 82% declar\u0103 c\u0103 nu dispun de o monitorizare clar\u0103 (31% nu \u0219tiu dac\u0103 exist\u0103 teste \u0219i 51% afirm\u0103 c\u0103 nimeni nu o testeaz\u0103), ceea ce se aliniaz\u0103 cu constat\u0103rile sondajelor na\u021bionale privind QAI care arat\u0103 o puternic\u0103 necunoa\u0219tere a m\u0103sur\u0103torilor \u0219i a gestion\u0103rii lor \u00een companie.  <\/p>\n\n<p>Or, umiditatea relativ\u0103 este un parametru recunoscut al confortului \u0219i s\u0103n\u0103t\u0103\u021bii, cu recomand\u0103ri adesea situate \u00een jurul valorii de 40\u201360% pentru a limita disconfortul \u0219i dezechilibrele.<\/p>\n\n<h3 class=\"wp-block-heading\">Te preocup\u0103 umiditatea prezent\u0103 \u00een aer la locul t\u0103u de munc\u0103?<\/h3>\n\n<figure class=\"wp-block-table\"><table class=\"has-fixed-layout\"><tbody><tr><td><strong>R\u0103spunsuri <\/strong><\/td><td><strong>Procente<\/strong><\/td><\/tr><tr><td>Da, este testat\u0103 pentru a-i cunoa\u0219te nivelul <\/td><td>8 %<\/td><\/tr><tr><td>Da, dar nu \u0219tiu dac\u0103 este testat\u0103 <\/td><td>31 %<\/td><\/tr><tr><td>Da, dar nimeni nu o testeaz\u0103 <\/td><td>51 %<\/td><\/tr><tr><td>Nu, nu m\u0103 preocup\u0103 <\/td><td>10 %<\/td><\/tr><\/tbody><\/table><\/figure>\n\n<h3 class=\"wp-block-heading\">Ce solu\u021bie \u00eempotriva microbilor colegilor? <\/h3>\n\n<p>Odat\u0103 cu iarna, microbii sunt \u00een aer. Totu\u0219i, r\u0103spunsurile arat\u0103 o ezitare puternic\u0103 privind reflexele corecte de adoptat pentru a evita contamin\u0103rile. Astfel, doar o minoritate relativ\u0103 de 31% alege strategia cea mai complet\u0103: aerisiri scurte + purificator. Celelalte 50% se \u00eempart \u00eentre o ac\u021biune unic\u0103 (fereastr\u0103 \u00een ciuda frigului\/polu\u0103rii la 21% sau purificator singur la 29%) \u0219i 19% declar\u0103 c\u0103 nu \u0219tiu ce atitudine s\u0103 adopte (11%) sau nu fac nimic deloc (8%).    <\/p>\n\n<p>Totu\u0219i, recomand\u0103rile sunt destul de clare \u0219i pledeaz\u0103 pentru aerisire \u0219i ventilare chiar \u0219i iarna prin deschideri repetate de c\u00e2teva minute. Aportul de aer proasp\u0103t reduce acumularea de aerosoli.  <\/p>\n\n<p>Filtrarea HEPA este, de asemenea, util\u0103 ca supliment. <\/p>\n\n<h3 class=\"wp-block-heading\">Pentru a reduce riscurile legate de microbii respiratori din aer (aerosoli), cel mai bun r\u0103spuns este, \u00een opinia ta:<\/h3>\n\n<figure class=\"wp-block-table\"><table class=\"has-fixed-layout\"><tbody><tr><td><strong>R\u0103spunsuri <\/strong><\/td><td><strong>Procente<\/strong><\/td><\/tr><tr><td>S\u0103 deschid fereastra chiar dac\u0103 aerul exterior este foarte rece \u0219i poate fi poluat <\/td><td>21 %<\/td><\/tr><tr><td>S\u0103 folosesc un purificator de aer (tip HEPA, cu c\u0103rbune activ, cu satura\u021bie, regenerabil) <\/td><td>29 %<\/td><\/tr><tr><td>S\u0103 procedez la aerisiri scurte regulate \u0219i s\u0103 folosesc un purificator de aer <\/td><td>31 %<\/td><\/tr><tr><td>S\u0103 nu fac nimic deloc <\/td><td>8 %<\/td><\/tr><tr><td>Nu \u0219tiu <\/td><td>11 %<\/td><\/tr><\/tbody><\/table><\/figure>\n\n<h2 class=\"wp-block-heading\">Stop ferestrelor \u00eenchise! <\/h2>\n\n<p>Aerisirea la locul de munc\u0103 apare \u00een mare parte insuficient\u0103 \u0219i slab st\u0103p\u00e2nit\u0103: doar 22% declar\u0103 c\u0103 deschid ferestrele cel pu\u021bin o dat\u0103 pe zi (7% de mai multe ori, 15% o dat\u0103), \u00een timp ce 54% o fac mai rar (21% de c\u00e2teva ori pe s\u0103pt\u0103m\u00e2n\u0103, 14% rar, 19% niciodat\u0103). Mai ales, 24% r\u0103spund c\u0103 nu \u0219tiu sau nu dispun de ferestre, semn al lipsei de repere \u0219i al dificult\u0103\u021bii de a aplica gesturile corecte.  <\/p>\n\n<h3 class=\"wp-block-heading\">C\u00e2t de des sunt deschise ferestrele iarna \u00een spa\u021biul t\u0103u de lucru?<\/h3>\n\n<figure class=\"wp-block-table\"><table class=\"has-fixed-layout\"><tbody><tr><td><strong>R\u0103spunsuri <\/strong><\/td><td><strong>Procente<\/strong><\/td><\/tr><tr><td>De mai multe ori pe zi <\/td><td>7 %<\/td><\/tr><tr><td>O dat\u0103 pe zi <\/td><td>15 %<\/td><\/tr><tr><td>De c\u00e2teva ori pe s\u0103pt\u0103m\u00e2n\u0103 <\/td><td>21 %<\/td><\/tr><tr><td>Rar <\/td><td>14 %<\/td><\/tr><tr><td>Niciodat\u0103 <\/td><td>19 %<\/td><\/tr><tr><td>Nu \u0219tiu \/ nu am ferestre <\/td><td>24 %<\/td><\/tr><\/tbody><\/table><\/figure>\n\n<h2 class=\"wp-block-heading\">Un aer viciat la locul de munc\u0103? <\/h2>\n\n<p>Cine nu a sim\u021bit vreodat\u0103 un aer \u00eenchis la locul de munc\u0103? <\/p>\n\n<p>78% dintre francezi \u00eel constat\u0103 (31% adesea \u0219i 47% uneori), fa\u021b\u0103 de doar 17% care nu detecteaz\u0103 nimic (14% rar, 3% niciodat\u0103). <\/p>\n\n<p>QAI r\u0103m\u00e2ne slab gestionat\u0103 \u0219i slab \u00een\u021beleas\u0103. \u00centr-adev\u0103r, c\u00e2nd aerul pare \u00eenchis, mul\u021bi nu \u0219tiu ce p\u00e2rghii s\u0103 activeze (ventilare, aerisiri scurte \u0219i regulate, filtrare). CO\u2082 este totu\u0219i un marker util al unui aer insuficient re\u00eennoit, iar gesturile simple (aerisire\/ventilare) reduc acumularea de poluan\u021bi \u0219i aerosoli.   <\/p>\n\n<h3 class=\"wp-block-heading\">Ai sim\u021bit vreodat\u0103 c\u0103 aerul este \u00eenchis la locul de munc\u0103 iarna?<\/h3>\n\n<figure class=\"wp-block-table\"><table class=\"has-fixed-layout\"><tbody><tr><td><strong>R\u0103spunsuri <\/strong><\/td><td><strong>Procente<\/strong><\/td><\/tr><tr><td>Da, adesea <\/td><td>31 %<\/td><\/tr><tr><td><strong>Da, uneori <\/strong><\/td><td><strong>47 %<\/strong><\/td><\/tr><tr><td>Nu, rar <\/td><td>14 %<\/td><\/tr><tr><td>Nu, niciodat\u0103 <\/td><td>3 %<\/td><\/tr><tr><td>Nu \u0219tiu <\/td><td>5 %<\/td><\/tr><\/tbody><\/table><\/figure>\n\n<h2 class=\"wp-block-heading\">O gestionare proast\u0103 \u00een caz de boal\u0103 <\/h2>\n\n<p>C\u00e2nd un coleg are tuse sau guturai, situa\u021bia r\u0103m\u00e2ne \u00een mare parte slab gestionat\u0103 de francezi. \u00centr-adev\u0103r, 43% declar\u0103 c\u0103 vin bolnavi la locul de munc\u0103 fa\u021b\u0103 de doar 25% care r\u0103m\u00e2n acas\u0103. Pentru 29% totul depinde de context \u0219i de situa\u021bie.   <\/p>\n\n<p>Cultura prezentismului este \u00eenc\u0103 prea prezent\u0103 \u00een Fran\u021ba, a\u0219a cum subliniaz\u0103 Dares, mai mult de o zi de boal\u0103 din patru (27%) se traduce printr-o prezen\u021b\u0103 la locul de munc\u0103. Recomand\u0103rile de s\u0103n\u0103tate public\u0103 \u0219i bunul sim\u021b reamintesc c\u0103 \u00een caz de simptome, trebuie limitat\u0103 transmiterea (\u00een special purt\u00e2nd o masc\u0103 la locul de munc\u0103 c\u00e2nd e\u0219ti bolnav) \u0219i aplicate gesturile barier\u0103.  <\/p>\n\n<p>Aceste rezultate pledeaz\u0103 pentru consemne opera\u021bionale \u00een companie (telemunc\u0103 dac\u0103 este posibil, \u00eentoarcere la birou cu masc\u0103 dac\u0103 apar simptome, aerisire\/ventilare consolidat\u0103) pentru a evita ca preven\u021bia s\u0103 se bazeze pe arbitrajul individual. <\/p>\n\n<h3 class=\"wp-block-heading\">C\u00e2nd un coleg este bolnav (tuse\/guturai), ce se \u00eent\u00e2mpl\u0103 cel mai adesea?<\/h3>\n\n<figure class=\"wp-block-table\"><table class=\"has-fixed-layout\"><tbody><tr><td><strong>R\u0103spunsuri <\/strong><\/td><td><strong>Procente<\/strong><\/td><\/tr><tr><td>R\u0103m\u00e2ne acas\u0103 <\/td><td>25 %<\/td><\/tr><tr><td><strong>Vine oricum (prin obliga\u021bie) <\/strong><\/td><td><strong>43 %<\/strong><\/td><\/tr><tr><td>Depinde de echipe \/ perioade <\/td><td>29 %<\/td><\/tr><tr><td>Nu \u0219tiu <\/td><td>3 %<\/td><\/tr><\/tbody><\/table><\/figure>\n\n<h3 class=\"wp-block-heading\">Ce fac cu adev\u0103rat francezii \u00een fa\u021ba unui coleg bolnav? <\/h3>\n\n<p>De la Covid, anumite reflexe s-au \u00eenscris \u00een obiceiurile colective. Astfel, \u00een fa\u021ba unui coleg bolnav, gesturile cele mai citate sunt igiena m\u00e2inilor\/dezinfectarea (53%) \u0219i distan\u021barea (41%).  <\/p>\n\n<p>\u00cen schimb, m\u0103surile cele mai structurante \u00een mediu \u00eenchis sunt mult mai pu\u021bin adoptate, cum ar fi aerisirea consolidat\u0103 (27%) precum \u0219i purtarea m\u0103\u0219tii (18%). <\/p>\n\n<p>Cel mai \u0219ocant este c\u0103 37% dintre francezi citeaz\u0103, de asemenea, r\u0103spunsuri de inac\u021biune (s\u0103 nu-\u0219i schimbe atitudinea la 25%, sau care nu fac nimic deloc la 12%). <\/p>\n\n<p>Aceast\u0103 sl\u0103biciune a reflexelor colective este coerent\u0103 cu toate constat\u0103rile na\u021bionale. \u00centr-adev\u0103r, gesturile barier\u0103 \u0219i utilizarea m\u0103\u0219tii au sc\u0103zut net \u00een popula\u021bie. Aceste date pledeaz\u0103 pentru consemne simple \u00een companie: aerisiri scurte repetate, posibilitatea de videoconferin\u021b\u0103, masc\u0103 la dispozi\u021bie, reguli \u00een caz de simptome \u0219i mai ales <a href=\"https:\/\/obera.fr\/ro\/produits\/purificateurs-air\/\">dispozitive de purificare a aerului<\/a>.   <\/p>\n\n<h3 class=\"wp-block-heading\">C\u00e2nd un coleg este bolnav (tuse\/guturai), ce faci cel mai adesea? (maxim 3 alegeri) <\/h3>\n\n<figure class=\"wp-block-table\"><table class=\"has-fixed-layout\"><tbody><tr><td><strong>R\u0103spunsuri <\/strong><\/td><td><strong>Procente<\/strong><\/td><\/tr><tr><td>P\u0103strez distan\u021ba \u0219i limitez schimburile fa\u021b\u0103 \u00een fa\u021b\u0103 <\/td><td>41 %<\/td><\/tr><tr><td>Port o masc\u0103 (cel pu\u021bin \u00een \u0219edin\u021b\u0103\/\u00een apropiere) <\/td><td>18 %<\/td><\/tr><tr><td>Aerisesc mai mult (deschid fereastra c\u00e2nd este posibil) <\/td><td>27 %<\/td><\/tr><tr><td>\u00cemi sp\u0103l\/dezinfectez m\u00e2inile mai des \u0219i \u00eemi dezinfectez postul <\/td><td>53 %<\/td><\/tr><tr><td>Evit \u0219edin\u021bele \u00een prezen\u021b\u0103 fizic\u0103 \/ cer o videoconferin\u021b\u0103 <\/td><td>18 %<\/td><\/tr><tr><td>Cer colegului s\u0103 se \u00eentoarc\u0103 acas\u0103 \/ s\u0103 lucreze de acas\u0103 (dac\u0103 este posibil) <\/td><td>16 %<\/td><\/tr><tr><td>Cer s\u0103 m\u0103 \u00eentorc acas\u0103 pentru a lucra de acas\u0103 (dac\u0103 este posibil) <\/td><td>12 %<\/td><\/tr><tr><td>Semnaleaz\u0103 unui manager\/RH (dac\u0103 situa\u021bia pune probleme) <\/td><td>6 %<\/td><\/tr><tr><td>Nu schimb nimic \/ m\u0103 descurc <\/td><td>25 %<\/td><\/tr><tr><td>Nu fac nimic deloc <\/td><td>12 %<\/td><\/tr><tr><td>Altceva <\/td><td>3 %<\/td><\/tr><\/tbody><\/table><\/figure>\n\n<h2 class=\"wp-block-heading\">8 francezi din 10 vor ac\u021biuni din partea companiilor \u0219i locurilor publice <\/h2>\n\n<p>Francezii exprim\u0103 o a\u0219teptare foarte puternic\u0103 fa\u021b\u0103 de companii \u0219i locurile publice: 83% consider\u0103 c\u0103 trebuie f\u0103cut mai mult pentru a garanta o calitate exemplar\u0103 a aerului, dintre care 56% estimeaz\u0103 c\u0103 \u201etotul r\u0103m\u00e2ne de f\u0103cut\u201d. O exigen\u021b\u0103 care contrasteaz\u0103 cu practicile \u00eenc\u0103 inegale de pe teren. <\/p>\n\n<p>Ea se \u00eenscrie, de asemenea, \u00eentr-un deficit de repere: o parte dintre salaria\u021bi nu \u0219tiu cum este m\u0103surat\u0103 sau gestionat\u0103 calitatea aerului, \u00een timp ce autorit\u0103\u021bile recomand\u0103 gesturi simple \u0219i eficiente precum aerisirea regulat\u0103 \u0219i monitorizarea indicatorilor (ex. CO\u2082 \u00een anumite stabilimente). <\/p>\n\n<p>\u00cen final, cei 11% care estimeaz\u0103 c\u0103 nu este rolul lor \u0219i cei 6% care nu se pronun\u021b\u0103 arat\u0103 c\u0103 r\u0103m\u00e2ne o munc\u0103 de pedagogie privind impactul sanitar al aerului interior \u0219i responsabilitatea colectiv\u0103 a administratorilor de cl\u0103diri. <\/p>\n\n<h3 class=\"wp-block-heading\">Consideri c\u0103 companiile \u0219i toate locurile publice ar trebui s\u0103 fac\u0103 mai multe eforturi pentru a asigura o calitate a aerului exemplar\u0103?<\/h3>\n\n<figure class=\"wp-block-table\"><table class=\"has-fixed-layout\"><tbody><tr><td><strong>R\u0103spunsuri <\/strong><\/td><td><strong>Procente<\/strong><\/td><\/tr><tr><td><strong>Da, absolut, totul r\u0103m\u00e2ne de f\u0103cut <\/strong><\/td><td><strong>56 %<\/strong><\/td><\/tr><tr><td>Da, dar fac deja multe lucruri <\/td><td>27 %<\/td><\/tr><tr><td>Nu, nu este rolul lor <\/td><td>11 %<\/td><\/tr><tr><td>Nu \u0219tiu \/ Nu se pronun\u021b\u0103 <\/td><td>6 %<\/td><\/tr><\/tbody><\/table><\/figure>\n\n<p><em>\u201eRezultatele acestui sondaj arat\u0103 un reflex periculos: prefer\u0103m adesea s\u0103 ne fie cald \u00een detrimentul unui aer s\u0103n\u0103tos. Or, iarna, nu avem \u00eentotdeauna reflexul de a deschide ferestrele at\u00e2t c\u00e2t ar trebui. De aceea, sistemele de purificare a aerului devin esen\u021biale: ele completeaz\u0103 eficient aerisirea \u0219i permit reducerea durabil\u0103 a \u00eenc\u0103rc\u0103turii de particule \u0219i aerosoli din spa\u021biile de lucru, f\u0103r\u0103 a sacrifica confortul. Ne confrunt\u0103m continuu cu companii care subestimeaz\u0103 necesitatea de a \u00eembun\u0103t\u0103\u021bi \u0219i de a gestiona calitatea aerului pentru angaja\u021bii lor. O con\u0219tientizare care este, totu\u0219i, vital\u0103\u201d. <\/em><\/p>\n\n<h2 class=\"wp-block-heading\">Metodologia sondajului<\/h2>\n\n<p>Sondaj realizat pe un e\u0219antion reprezentativ de 4.102 persoane care locuiesc \u00een Fran\u021ba, cu v\u00e2rsta de 18 ani \u0219i peste. Sondaj efectuat online \u00een ianuarie 2026 pornind de la panelul de responden\u021bi BuzzPress (27.700 de persoane \u00een Fran\u021ba sonda\u021bi electronic prin email \u0219i pe re\u021belele sociale Facebook \u0219i LinkedIn). Profilurile companiilor citate de responden\u021bi pentru locul lor de munc\u0103:   <\/p>\n\n<ul class=\"wp-block-list\">\n<li>Industrie \/ produc\u021bie: 16% <\/li>\n\n\n\n<li>Servicii pentru particulari (s\u0103n\u0103tate, social, ajutor la domiciliu, comer\u021b, restaura\u021bie&#8230;): 27% <\/li>\n\n\n\n<li>Servicii pentru companii (consultan\u021b\u0103, informatic\u0103, finan\u021be, comunicare&#8230;): 24% <\/li>\n\n\n\n<li>Sector public \/ parapublic (administra\u021bii, \u00eenv\u0103\u021b\u0103m\u00e2nt, spitale&#8230;): 18% <\/li>\n\n\n\n<li>Construc\u021bii \/ BTP: 8% <\/li>\n\n\n\n<li>Transport \/ logistic\u0103: 6% <\/li>\n\n\n\n<li>Altele \/ nu se pronun\u021b\u0103: 1% <\/li>\n<\/ul>\n\n<p>R\u0103spunsuri compilate \u0219i ponderate \u00een func\u021bie de cote prestabilite care vizeaz\u0103 asigurarea reprezentativit\u0103\u021bii e\u0219antionului \u0219i pentru a ob\u021bine o reprezentativitate a popula\u021biei vizate. Toate ponder\u0103rile se bazeaz\u0103 pe date administrative \u0219i pe datele colectate de INSEE. <\/p>\n\n<h2 class=\"wp-block-heading has-text-align-center\">Au vorbit despre noi!<\/h2>\n\n<div class=\"wp-block-columns are-vertically-aligned-center is-layout-flex wp-container-core-columns-is-layout-28f84493 wp-block-columns-is-layout-flex\">\n<div class=\"wp-block-column is-vertically-aligned-center is-layout-flow wp-block-column-is-layout-flow\">\n<figure class=\"wp-block-image aligncenter size-large\"><img decoding=\"async\" width=\"1024\" height=\"538\" src=\"https:\/\/obera.fr\/wp-content\/uploads\/2026\/02\/logo_de_doctissimo-1024x538.jpg\" alt=\"logo doctissimo\" class=\"wp-image-143878\" srcset=\"https:\/\/obera.fr\/wp-content\/uploads\/2026\/02\/logo_de_doctissimo-1024x538.jpg 1024w, https:\/\/obera.fr\/wp-content\/uploads\/2026\/02\/logo_de_doctissimo-300x158.jpg 300w, https:\/\/obera.fr\/wp-content\/uploads\/2026\/02\/logo_de_doctissimo-768x403.jpg 768w, https:\/\/obera.fr\/wp-content\/uploads\/2026\/02\/logo_de_doctissimo.jpg 1200w\" sizes=\"(max-width: 1024px) 100vw, 1024px\" \/><figcaption class=\"wp-element-caption\"><a href=\"https:\/\/www.doctissimo.fr\/famille\/travail\/sante-et-travail\/43-des-francais-vont-travailler-malades-et-les-virus-sinvitent-en-salle-de-reunion-603072.htm\" data-type=\"link\" data-id=\"https:\/\/www.doctissimo.fr\/famille\/travail\/sante-et-travail\/43-des-francais-vont-travailler-malades-et-les-virus-sinvitent-en-salle-de-reunion-603072.htm\" target=\"_blank\" rel=\"noreferrer noopener nofollow\">Vezi articolul<\/a><\/figcaption><\/figure>\n<\/div>\n\n\n\n<div class=\"wp-block-column is-vertically-aligned-center is-layout-flow wp-block-column-is-layout-flow\">\n<figure class=\"wp-block-image aligncenter size-large\"><img decoding=\"async\" width=\"1024\" height=\"1024\" src=\"https:\/\/obera.fr\/wp-content\/uploads\/2026\/02\/bfm_tv_logo-1024x1024.png\" alt=\"logo bfm tv\" class=\"wp-image-143879\" srcset=\"https:\/\/obera.fr\/wp-content\/uploads\/2026\/02\/bfm_tv_logo-1024x1024.png 1024w, https:\/\/obera.fr\/wp-content\/uploads\/2026\/02\/bfm_tv_logo-300x300.png 300w, https:\/\/obera.fr\/wp-content\/uploads\/2026\/02\/bfm_tv_logo-150x150.png 150w, https:\/\/obera.fr\/wp-content\/uploads\/2026\/02\/bfm_tv_logo-768x768.png 768w, https:\/\/obera.fr\/wp-content\/uploads\/2026\/02\/bfm_tv_logo.png 1200w\" sizes=\"(max-width: 1024px) 100vw, 1024px\" \/><figcaption class=\"wp-element-caption\"><a href=\"https:\/\/www.bfmtv.com\/sante\/video-selon-une-etude-43-des-francais-vont-travailler-en-etant-malades_VN-202601270111.html\" target=\"_blank\" rel=\"noreferrer noopener nofollow\">Vezi articolul<\/a><\/figcaption><\/figure>\n<\/div>\n\n\n\n<div class=\"wp-block-column is-vertically-aligned-center is-layout-flow wp-block-column-is-layout-flow\">\n<figure class=\"wp-block-image aligncenter size-full\"><img decoding=\"async\" width=\"640\" height=\"360\" src=\"https:\/\/obera.fr\/wp-content\/uploads\/2026\/02\/laprovence-logo-media.jpg\" alt=\"logo media laprovence\" class=\"wp-image-143880\" srcset=\"https:\/\/obera.fr\/wp-content\/uploads\/2026\/02\/laprovence-logo-media.jpg 640w, https:\/\/obera.fr\/wp-content\/uploads\/2026\/02\/laprovence-logo-media-300x169.jpg 300w\" sizes=\"(max-width: 640px) 100vw, 640px\" \/><figcaption class=\"wp-element-caption\"><a href=\"https:\/\/www.laprovence.com\/article\/societe\/40354383352299\/peur-detre-mal-vu-a-leuro-pres-sans-teletravail-43-des-francais-vont-travailler-en-etant-malades\" data-type=\"link\" data-id=\"https:\/\/www.laprovence.com\/article\/societe\/40354383352299\/peur-detre-mal-vu-a-leuro-pres-sans-teletravail-43-des-francais-vont-travailler-en-etant-malades\" target=\"_blank\" rel=\"noreferrer noopener nofollow\">Vezi articolul<\/a><\/figcaption><\/figure>\n<\/div>\n\n\n\n<div class=\"wp-block-column is-vertically-aligned-center is-layout-flow wp-block-column-is-layout-flow\">\n<figure class=\"wp-block-image aligncenter size-full\"><img decoding=\"async\" width=\"512\" height=\"512\" src=\"https:\/\/obera.fr\/wp-content\/uploads\/2026\/02\/corsematin-logo.png\" alt=\"logo corsematin\" class=\"wp-image-143881\" srcset=\"https:\/\/obera.fr\/wp-content\/uploads\/2026\/02\/corsematin-logo.png 512w, https:\/\/obera.fr\/wp-content\/uploads\/2026\/02\/corsematin-logo-300x300.png 300w, https:\/\/obera.fr\/wp-content\/uploads\/2026\/02\/corsematin-logo-150x150.png 150w\" sizes=\"(max-width: 512px) 100vw, 512px\" \/><\/figure>\n<\/div>\n\n\n\n<div class=\"wp-block-column is-vertically-aligned-center is-layout-flow wp-block-column-is-layout-flow\">\n<figure class=\"wp-block-image aligncenter size-full\"><img decoding=\"async\" width=\"500\" height=\"500\" src=\"https:\/\/obera.fr\/wp-content\/uploads\/2026\/02\/demotivteur-logo.jpg\" alt=\"logo demotivateur\" class=\"wp-image-143882\" srcset=\"https:\/\/obera.fr\/wp-content\/uploads\/2026\/02\/demotivteur-logo.jpg 500w, https:\/\/obera.fr\/wp-content\/uploads\/2026\/02\/demotivteur-logo-300x300.jpg 300w, https:\/\/obera.fr\/wp-content\/uploads\/2026\/02\/demotivteur-logo-150x150.jpg 150w\" sizes=\"(max-width: 500px) 100vw, 500px\" \/><figcaption class=\"wp-element-caption\"><a href=\"https:\/\/www.demotivateur.fr\/lifestyle\/43-des-francais-vont-travailler-en-etant-malades-selon-une-enquete-47039\" data-type=\"link\" data-id=\"https:\/\/www.demotivateur.fr\/lifestyle\/43-des-francais-vont-travailler-en-etant-malades-selon-une-enquete-47039\" target=\"_blank\" rel=\"noreferrer noopener nofollow\">Vezi articolul<\/a><\/figcaption><\/figure>\n<\/div>\n<\/div>\n\n<div class=\"wp-block-columns are-vertically-aligned-center is-layout-flex wp-container-core-columns-is-layout-28f84493 wp-block-columns-is-layout-flex\">\n<div class=\"wp-block-column is-vertically-aligned-center is-layout-flow wp-block-column-is-layout-flow\">\n<figure class=\"wp-block-image aligncenter size-full\"><img decoding=\"async\" width=\"1024\" height=\"443\" src=\"https:\/\/obera.fr\/wp-content\/uploads\/2026\/02\/logo-msn.png\" alt=\"logo msn\" class=\"wp-image-143883\" srcset=\"https:\/\/obera.fr\/wp-content\/uploads\/2026\/02\/logo-msn.png 1024w, https:\/\/obera.fr\/wp-content\/uploads\/2026\/02\/logo-msn-300x130.png 300w, https:\/\/obera.fr\/wp-content\/uploads\/2026\/02\/logo-msn-768x332.png 768w\" sizes=\"(max-width: 1024px) 100vw, 1024px\" \/><figcaption class=\"wp-element-caption\"><a href=\"https:\/\/www.msn.com\/fr-ch\/actualite\/other\/pr%C3%A8s-d-un-salari%C3%A9-sur-deux-va-travailler-malgr%C3%A9-des-signes-de-maladie\/ar-AA1V3q6q\" data-type=\"link\" data-id=\"https:\/\/www.doctissimo.fr\/famille\/travail\/sante-et-travail\/43-des-francais-vont-travailler-malades-et-les-virus-sinvitent-en-salle-de-reunion-603072.htm\" target=\"_blank\" rel=\"noreferrer noopener nofollow\">Vezi articolul<\/a><\/figcaption><\/figure>\n<\/div>\n\n\n\n<div class=\"wp-block-column is-vertically-aligned-center is-layout-flow wp-block-column-is-layout-flow\">\n<figure class=\"wp-block-image aligncenter size-large\"><img decoding=\"async\" width=\"1024\" height=\"349\" src=\"https:\/\/obera.fr\/wp-content\/uploads\/2026\/02\/logo-orange-1024x349.jpg\" alt=\"logo orange\" class=\"wp-image-143884\" srcset=\"https:\/\/obera.fr\/wp-content\/uploads\/2026\/02\/logo-orange-1024x349.jpg 1024w, https:\/\/obera.fr\/wp-content\/uploads\/2026\/02\/logo-orange-300x102.jpg 300w, https:\/\/obera.fr\/wp-content\/uploads\/2026\/02\/logo-orange-768x262.jpg 768w, https:\/\/obera.fr\/wp-content\/uploads\/2026\/02\/logo-orange-1536x523.jpg 1536w, https:\/\/obera.fr\/wp-content\/uploads\/2026\/02\/logo-orange.jpg 1659w\" sizes=\"(max-width: 1024px) 100vw, 1024px\" \/><figcaption class=\"wp-element-caption\"><a href=\"https:\/\/actu.orange.fr\/videos\/france\/selon-une-etude-43-des-francais-vont-travailler-en-etant-malades-CNT000002mZ3oz.html\" target=\"_blank\" rel=\"noreferrer noopener nofollow\">Vezi articolul<\/a><\/figcaption><\/figure>\n<\/div>\n\n\n\n<div class=\"wp-block-column is-vertically-aligned-center is-layout-flow wp-block-column-is-layout-flow\">\n<figure class=\"wp-block-image aligncenter size-full\"><img decoding=\"async\" width=\"259\" height=\"195\" src=\"https:\/\/obera.fr\/wp-content\/uploads\/2026\/02\/logo-maxiflash.png\" alt=\"logo maxiflash\" class=\"wp-image-143885\"\/><figcaption class=\"wp-element-caption\"><a href=\"https:\/\/haguenau.maxi-flash.com\/etude-les-francais-travaillent-meme-malades\/\" data-type=\"link\" data-id=\"https:\/\/www.laprovence.com\/article\/societe\/40354383352299\/peur-detre-mal-vu-a-leuro-pres-sans-teletravail-43-des-francais-vont-travailler-en-etant-malades\" target=\"_blank\" rel=\"noreferrer noopener nofollow\">Vezi articolul<\/a><\/figcaption><\/figure>\n<\/div>\n\n\n\n<div class=\"wp-block-column is-vertically-aligned-center is-layout-flow wp-block-column-is-layout-flow\">\n<figure class=\"wp-block-image aligncenter size-full\"><img decoding=\"async\" width=\"368\" height=\"108\" src=\"https:\/\/obera.fr\/wp-content\/uploads\/2026\/02\/logo_echo_mardi.png\" alt=\"logo echo mardi\" class=\"wp-image-143886\" srcset=\"https:\/\/obera.fr\/wp-content\/uploads\/2026\/02\/logo_echo_mardi.png 368w, https:\/\/obera.fr\/wp-content\/uploads\/2026\/02\/logo_echo_mardi-300x88.png 300w\" sizes=\"(max-width: 368px) 100vw, 368px\" \/><figcaption class=\"wp-element-caption\"><a href=\"https:\/\/www.echodumardi.com\/actualite\/43-des-francais-declarent-aller-travailler-meme-en-etant-malades\/amp\/\" data-type=\"link\" data-id=\"https:\/\/www.echodumardi.com\/actualite\/43-des-francais-declarent-aller-travailler-meme-en-etant-malades\/amp\/\" target=\"_blank\" rel=\"noreferrer noopener nofollow\">Vezi articolul<\/a><\/figcaption><\/figure>\n<\/div>\n\n\n\n<div class=\"wp-block-column is-vertically-aligned-center is-layout-flow wp-block-column-is-layout-flow\">\n<p class=\"has-text-align-center\">\u0218i multe altele&#8230;<\/p>\n<\/div>\n<\/div>\n","protected":false},"excerpt":{"rendered":"<p>OberA dezv\u0103luie rezultatele unui nou sondaj* realizat pe 4.102 persoane care eviden\u021biaz\u0103 o discrepan\u021b\u0103 persistent\u0103 \u00eentre confortul termic \u0219i calitatea aerului la locul de munc\u0103: temperaturi ideale foarte disputate, aerisire iarna rar\u0103, absen\u021ba dispozitivelor de purificare a aerului, umiditate slab controlat\u0103 \u0219i ezit\u0103ri privind gesturile corecte \u00een fa\u021ba viru\u0219ilor. Studiul subliniaz\u0103, de asemenea, o a\u0219teptare puternic\u0103 fa\u021b\u0103 de angajatori: o majoritate larg\u0103 solicit\u0103 ac\u021biuni concrete pentru un aer interior mai s\u0103n\u0103tos \u00een companii \u0219i locuri publice. Locuri de munc\u0103 slab reglate din punct de vedere al temperaturii? A avea prea frig sau prea cald la locul de munc\u0103 poate deveni &#8230; <\/p>\n<p class=\"read-more-container\"><a title=\"Francezii respir\u0103 s\u0103n\u0103tos la locul de munc\u0103 iarna?\" class=\"read-more button\" href=\"https:\/\/obera.fr\/ro\/presa\/francezii-respira-sanatos-la-locul-de-munca-iarna\/#more-145734\" aria-label=\"Cite\u0219te mai multe despre Francezii respir\u0103 s\u0103n\u0103tos la locul de munc\u0103 iarna?\">Lire la suite<\/a><\/p>\n","protected":false},"author":13,"featured_media":0,"comment_status":"open","ping_status":"closed","sticky":false,"template":"","format":"standard","meta":{"_acf_changed":false,"_seopress_robots_primary_cat":"none","_seopress_titles_title":"Studiu privind calitatea aerului la locul de munc\u0103 iarna - OberA","_seopress_titles_desc":"OberA \u00ee\u021bi dezv\u0103luie rezultatele unui nou sondaj realizat pe 4.102 persoane care eviden\u021biaz\u0103 o discrepan\u021b\u0103 \u00eentre confortul termic \u0219i calitatea aerului la locul de munc\u0103","_seopress_robots_index":"","footnotes":""},"categories":[999],"tags":[145],"class_list":["post-145734","post","type-post","status-publish","format-standard","hentry","category-presa","tag-entete-mic","generate-columns","tablet-grid-50","mobile-grid-100","grid-parent","grid-50","no-featured-image-padding"],"acf":[],"_links":{"self":[{"href":"https:\/\/obera.fr\/ro\/wp-json\/wp\/v2\/posts\/145734","targetHints":{"allow":["GET"]}}],"collection":[{"href":"https:\/\/obera.fr\/ro\/wp-json\/wp\/v2\/posts"}],"about":[{"href":"https:\/\/obera.fr\/ro\/wp-json\/wp\/v2\/types\/post"}],"author":[{"embeddable":true,"href":"https:\/\/obera.fr\/ro\/wp-json\/wp\/v2\/users\/13"}],"replies":[{"embeddable":true,"href":"https:\/\/obera.fr\/ro\/wp-json\/wp\/v2\/comments?post=145734"}],"version-history":[{"count":2,"href":"https:\/\/obera.fr\/ro\/wp-json\/wp\/v2\/posts\/145734\/revisions"}],"predecessor-version":[{"id":145742,"href":"https:\/\/obera.fr\/ro\/wp-json\/wp\/v2\/posts\/145734\/revisions\/145742"}],"wp:attachment":[{"href":"https:\/\/obera.fr\/ro\/wp-json\/wp\/v2\/media?parent=145734"}],"wp:term":[{"taxonomy":"category","embeddable":true,"href":"https:\/\/obera.fr\/ro\/wp-json\/wp\/v2\/categories?post=145734"},{"taxonomy":"post_tag","embeddable":true,"href":"https:\/\/obera.fr\/ro\/wp-json\/wp\/v2\/tags?post=145734"}],"curies":[{"name":"wp","href":"https:\/\/api.w.org\/{rel}","templated":true}]}}