{"id":37323,"date":"2024-10-24T10:50:30","date_gmt":"2024-10-24T08:50:30","guid":{"rendered":"https:\/\/obera.fr\/non-classifiee\/purificatoare-de-aer-hepa-14-pentru-scoli-secundare-solutii-dedicate-poluarii-interioare-in-scoli\/"},"modified":"2025-04-14T15:36:08","modified_gmt":"2025-04-14T13:36:08","slug":"purificateur-air-college","status":"publish","type":"post","link":"https:\/\/obera.fr\/ro\/sfatul-nostru\/purificateur-air-college\/","title":{"rendered":"Purificator de aer HEPA 14 pentru \u0219coli: solu\u021bii dedicate polu\u0103rii interioare \u00een \u0219coli"},"content":{"rendered":"\n<p>Purificatoarele de aer OberA sunt dedicate <strong>calit\u0103\u021bii aerului \u00een institu\u021bii precum cre\u0219e, gr\u0103dini\u021be, \u0219coli, colegii \u0219i licee<\/strong>. Pentru a proteja s\u0103n\u0103tatea copiilor \u0219i a personalului, sistemele de filtrare sunt configurate pentru a filtra \u0219i elimina praful, viru\u0219ii, bacteriile, polenul, particulele chimice \u0219i poluarea extern\u0103. Echipamente<strong> de \u00eenalt\u0103 performan\u021b\u0103 <\/strong>pentru a limita riscul de infec\u021bii respiratorii, astm \u0219i epidemii.    <\/p>\n\n<h2 class=\"wp-block-heading\">Surse de poluare \u00een \u0219coli<\/h2>\n\n<figure class=\"wp-block-image alignright size-large is-resized\"><img decoding=\"async\" width=\"1024\" height=\"683\" src=\"https:\/\/obera.fr\/wp-content\/uploads\/2024\/10\/ecole-1024x683.jpg\" alt=\"Profesorul indic&#x103; elevii care ridic&#x103; m&#xE2;na\" class=\"wp-image-53300\" style=\"width:353px;height:auto\" srcset=\"https:\/\/obera.fr\/wp-content\/uploads\/2024\/10\/ecole-1024x683.jpg 1024w, https:\/\/obera.fr\/wp-content\/uploads\/2024\/10\/ecole-300x200.jpg 300w, https:\/\/obera.fr\/wp-content\/uploads\/2024\/10\/ecole-768x513.jpg 768w, https:\/\/obera.fr\/wp-content\/uploads\/2024\/10\/ecole-1536x1025.jpg 1536w, https:\/\/obera.fr\/wp-content\/uploads\/2024\/10\/ecole-2048x1367.jpg 2048w\" sizes=\"(max-width: 1024px) 100vw, 1024px\" \/><\/figure>\n\n<p>S\u0103lile de clas\u0103 \u0219i de studiu sunt un <strong>teren de joac\u0103 preferat pentru viru\u0219i \u0219i bacterii<\/strong>. Dar asta nu este tot: sunt prezen\u021bi \u0219i al\u021bi poluan\u021bi care pot afecta s\u0103n\u0103tatea copiilor, o popula\u021bie deosebit de fragil\u0103. Ace\u0219tia includ :  <\/p>\n\n<ul class=\"wp-block-list\">\n<li>Produse chimice utilizate pentru \u00eentre\u021binerea \u0219i cur\u0103\u021barea s\u0103lii de clas\u0103;<\/li>\n\n\n\n<li>Loca\u021bia <strong>geografic\u0103 a \u0219colii<\/strong>, care poate fi \u00eentr-o zon\u0103 cu un nivel ridicat de poluare;<\/li>\n\n\n\n<li>Materiale utilizate \u00een construc\u021bia unit\u0103\u021bii \u0219i mobilier care emit <a href=\"https:\/\/obera.fr\/conseils\/quels-procedes-ameliorent-qualite-air-eliminant-cov\/\">compu\u0219i organici volatili (COV)<\/a> care r\u0103m\u00e2n \u00een suspensie \u00een aer;<\/li>\n\n\n\n<li><strong>Viru\u0219i \u0219i bacterii care pot fi transmise<\/strong> \u00eentre elevi \u0219i personal, cum ar fi covid 19, unde, \u00een ciuda m\u0103surilor de protec\u021bie, virusul continu\u0103 s\u0103 circule.<\/li>\n<\/ul>\n\n<p>Dac\u0103 lu\u0103m \u00een considerare faptul c\u0103 elevii \u00ee\u0219i petrec 90% din zi \u00een sala de clas\u0103, este clar c\u0103 riscul de r\u0103sp\u00e2ndire a viru\u0219ilor este deosebit de ridicat.  <\/p>\n\n<p><\/p>\n\n<p class=\"has-text-align-center\">&#8221;  <em>\u00cen timp ce riscul de infec\u021bie este o <strong>problem\u0103 major\u0103 pentru \u0219coli<\/strong>, calitatea aerului are, de asemenea, un impact asupra capacit\u0103\u021bilor cognitive ale copiilor. Aceasta este par\u021bial responsabil\u0103 de reducerea concentr\u0103rii \u0219i poate avea consecin\u021be asupra performan\u021belor \u0219colare ale elevilor.  &#8221;  <\/em><\/p>\n\n<p>Spune Thibaut Samsel, director general, care este specializat \u00een tratarea aerului de 20 de ani.<\/p>\n\n<h2 class=\"wp-block-heading\">Calitatea aerului interior: cum putem proteja s\u0103n\u0103tatea copiilor \u0219i a personalului didactic?<\/h2>\n\n<h3 class=\"wp-block-heading\">Calitatea aerului: obliga\u021bii pentru directorii de \u0219coli din Fran\u021ba  <\/h3>\n\n<p>Pentru a limita poluarea \u00een spa\u021biile publice, <strong>Ministerele S\u0103n\u0103t\u0103\u021bii \u0219i Mediului au lansat un plan de ac\u021biune<\/strong> care include \u0219i \u0219colile. Din 2015, \u00een urma decretului nr. 2015-1000, directorii de \u0219coli sunt obliga\u021bi s\u0103 monitorizeze calitatea aerului din interior.   <\/p>\n\n<p><\/p>\n\n<p>Este obligatoriu s\u0103 se monitorizeze \u0219i s\u0103 <strong>nu se dep\u0103\u0219easc\u0103 pragurile autorizate pentru concentra\u021bia de poluan\u021bi<\/strong> \u00een unit\u0103\u021bi, cum ar fi C02, formaldehid\u0103, percloroetilen\u0103 \u0219i benzen.<\/p>\n\n<p>Senzori de CO2, analizoare de aer pentru s\u0103li de clas\u0103 cu alerte atunci c\u00e2nd pragurile de CO2 sunt dep\u0103\u0219ite&#8230; Pe l\u00e2ng\u0103 purificatoarele de aer profesionale, oferim echipamente de monitorizare pentru a v\u0103 satisface cerin\u021bele.<\/p>\n\n<h3 class=\"wp-block-heading\">Covirusuri, viru\u0219i, particule fine, poluare&#8230; care este cel mai bun purificator de aer pentru s\u0103lile de clas\u0103 \u0219i spa\u021biile comune?  <\/h3>\n\n<p>Pentru a asigura eficien\u021ba echipamentului dumneavoastr\u0103, v\u0103 recomand\u0103m s\u0103<strong>opta\u021bi pentru purificatoare cu un sistem de filtrare HEPA<\/strong> capabil s\u0103 capteze p\u00e2n\u0103 la 99,995% din viru\u0219i, bacterii, polen \u0219i<a href=\"https:\/\/obera.fr\/ro\/sfatul-nostru\/filtre-hepa-et-purificateur-d-air\/\"> particule fine (filtru HEPA 14)<\/a>. Aceste filtre sunt capabile s\u0103 colecteze particule \u00een suspensie de 0,3 microni sau mai mari. <\/p>\n\n<p><\/p>\n\n<p>De asemenea, este esen\u021bial s\u0103 verifica\u021bi capacitatea de acoperire a unit\u0103\u021bii, astfel \u00eenc\u00e2t aceasta s\u0103 poat\u0103 <strong>recircula aerul \u00een \u00eentreaga sal\u0103 de clas\u0103<\/strong>, \u00een mod continuu. Pentru <strong>confortul elevilor \u0219i al profesorilor deopotriv\u0103<\/strong>, asigura\u021bi-v\u0103 c\u0103 echipamentul este silen\u021bios. <\/p>\n\n<p><\/p>\n\n<p class=\"has-text-align-center\"><em>\u0218tia\u021bi c\u0103? Toate purificatoarele noastre de aer sunt plug &amp; play: pur \u0219i simplu conecta\u021bi-l la o priz\u0103 de uz casnic atunci c\u00e2nd \u00eel primi\u021bi \u0219i acesta va \u00eencepe s\u0103 func\u021bioneze. \u00cen ceea ce prive\u0219te pozi\u021bionarea, ar <strong>fi ideal ca purificatorul s\u0103 fie plasat \u00een fa\u021ba tablei <\/strong>sau \u00een spatele clasei (\u00een centru) pentru a capta c\u00e2t mai mul\u021bi poluan\u021bi. Este totu\u0219i recomandabil s\u0103 se aeriseasc\u0103 s\u0103lile, \u00een special \u00een timpul pauzelor. Puterea de filtrare a purificatorului de aer OberA nu va fi afectat\u0103 \u00een niciun fel.    <\/em><\/p>\n\n<h2 class=\"wp-block-heading\">Purificatoare de aer anti-virus OberA cu filtru HEPA: trateaz\u0103 99,995% din viru\u0219ii \u0219i bacteriile din s\u0103lile de clas\u0103<\/h2>\n\n<p>Filtrele HEPA sunt <strong>concepute pentru a capta cele mai mici particule<\/strong>, inclusiv viru\u0219i \u0219i bacterii. Acestea sunt la fel de populare \u00een institu\u021biile de \u00eenv\u0103\u021b\u0103m\u00e2nt ca \u0219i \u00een camerele curate \u0219i laboratoarele medicale. Noi ad\u0103ug\u0103m alte niveluri de filtrare purificatoarelor noastre de aer cu c\u0103rbune activ, cum ar fi un filtru de particule, pentru a putea trata poluan\u021bii de toate dimensiunile.  <\/p>\n\n<p><\/p>\n\n<p>Oferim mai multe game de echipamente cu filtre HEPA pentru utilizarea continu\u0103 \u00een \u0219coli:<\/p>\n\n<div class=\"wp-block-columns is-layout-flex wp-container-core-columns-is-layout-28f84493 wp-block-columns-is-layout-flex\">\n<div class=\"wp-block-column is-layout-flow wp-block-column-is-layout-flow\" style=\"flex-basis:33.34%\">\n<figure class=\"wp-block-image aligncenter size-full is-resized\"><a href=\"https:\/\/obera.fr\/produits\/purificateurs-air\/poussieres-epur-b01-ecoprime\/\"><img decoding=\"async\" width=\"433\" height=\"433\" src=\"https:\/\/obera.fr\/wp-content\/uploads\/2020\/09\/epur-b01-ecoprime.jpg\" alt=\"Ober&#xE1; - Purificator de aer\" class=\"wp-image-1008\" style=\"width:250px\" srcset=\"https:\/\/obera.fr\/wp-content\/uploads\/2020\/09\/epur-b01-ecoprime.jpg 433w, https:\/\/obera.fr\/wp-content\/uploads\/2020\/09\/epur-b01-ecoprime-300x300.jpg 300w, https:\/\/obera.fr\/wp-content\/uploads\/2020\/09\/epur-b01-ecoprime-150x150.jpg 150w\" sizes=\"(max-width: 433px) 100vw, 433px\" \/><\/a><figcaption class=\"wp-element-caption\"><a href=\"https:\/\/obera.fr\/ro\/produits\/purificateurs-air\/epur-b01-ecoprime-purificator-de-aer-cu-praf\/\">EPUR B01 EcoPrime<\/a><\/figcaption><\/figure>\n\n\n\n<ul class=\"wp-block-list\">\n<li>Compact \u0219i silen\u021bios;<\/li>\n\n\n\n<li>Tratarea viru\u0219ilor, bacteriilor, prafului \u0219i aerosolilor;<\/li>\n\n\n\n<li>Ideal pentru purificarea s\u0103lilor de clas\u0103 mici (\u00eentre 20 \u0219i 60m2);<\/li>\n\n\n\n<li>99,53% eficient \u00een tratarea viru\u0219ilor \u0219i bacteriilor.<\/li>\n<\/ul>\n<\/div>\n\n\n\n<div class=\"wp-block-column is-layout-flow wp-block-column-is-layout-flow\" style=\"flex-basis:33.34%\">\n<figure class=\"wp-block-image aligncenter size-full is-resized\"><a href=\"https:\/\/obera.fr\/produits\/purificateurs-air\/anti-covid-virus-bacteries\/epur05\/\"><img decoding=\"async\" width=\"600\" height=\"600\" src=\"https:\/\/obera.fr\/wp-content\/uploads\/2021\/05\/Sans-titre-17.jpg\" alt=\"epur05\" class=\"wp-image-5552\" style=\"width:250px\" srcset=\"https:\/\/obera.fr\/wp-content\/uploads\/2021\/05\/Sans-titre-17.jpg 600w, https:\/\/obera.fr\/wp-content\/uploads\/2021\/05\/Sans-titre-17-300x300.jpg 300w, https:\/\/obera.fr\/wp-content\/uploads\/2021\/05\/Sans-titre-17-150x150.jpg 150w\" sizes=\"(max-width: 600px) 100vw, 600px\" \/><\/a><figcaption class=\"wp-element-caption\"><a href=\"https:\/\/obera.fr\/ro\/produits\/purificateurs-air\/purificatoare-de-aer-anti-virus-si-anti-bacteriene-covid-19\/purificator-de-aer-epur05\/\">EPUR 05<\/a><\/figcaption><\/figure>\n\n\n\n<ul class=\"wp-block-list\">\n<li>Design discret;<\/li>\n\n\n\n<li>Tratarea viru\u0219ilor, bacteriilor, prafului fin, CMR (agen\u021bi chimici) \u0219i aerosolilor;<\/li>\n\n\n\n<li>Camer\u0103 p\u00e2n\u0103 la 100 m2 ;<\/li>\n\n\n\n<li>99,9% eficient \u00een tratarea viru\u0219ilor \u0219i bacteriilor.<\/li>\n<\/ul>\n<\/div>\n\n\n\n<div class=\"wp-block-column is-layout-flow wp-block-column-is-layout-flow\" style=\"flex-basis:33.33%\">\n<figure class=\"wp-block-image aligncenter size-full is-resized\"><a href=\"https:\/\/obera.fr\/produits\/purificateurs-air\/anti-covid-virus-bacteries\/virbox\/\"><img decoding=\"async\" width=\"547\" height=\"688\" src=\"https:\/\/obera.fr\/wp-content\/uploads\/2021\/04\/Virbox-1-et-2.png\" alt=\"virbox 1 &#x219;i 2\" class=\"wp-image-5271\" style=\"width:198px;height:auto\" srcset=\"https:\/\/obera.fr\/wp-content\/uploads\/2021\/04\/Virbox-1-et-2.png 547w, https:\/\/obera.fr\/wp-content\/uploads\/2021\/04\/Virbox-1-et-2-239x300.png 239w\" sizes=\"(max-width: 547px) 100vw, 547px\" \/><\/a><figcaption class=\"wp-element-caption\"><a href=\"https:\/\/obera.fr\/ro\/produits\/purificateurs-air\/purificatoare-de-aer-anti-virus-si-anti-bacteriene-covid-19\/purificator-de-aer-virbox-anti-virus\/\">VIRBOX 750<\/a><\/figcaption><\/figure>\n\n\n\n<ul class=\"wp-block-list\">\n<li>Flexibil \u0219i silen\u021bios, senzor C02 op\u021bional ;<\/li>\n\n\n\n<li>Viru\u0219i, bacterii, praf ;<\/li>\n\n\n\n<li>Suprafa\u021b\u0103 tratat\u0103 p\u00e2n\u0103 la 200m2 ;<\/li>\n\n\n\n<li>99,995% din viru\u0219i \u0219i bacterii eliminate.<\/li>\n<\/ul>\n<\/div>\n<\/div>\n\n<p><\/p>\n","protected":false},"excerpt":{"rendered":"<p>Purificatoarele de aer OberA sunt dedicate calit\u0103\u021bii aerului \u00een institu\u021bii precum cre\u0219e, gr\u0103dini\u021be, \u0219coli, colegii \u0219i licee. Pentru a proteja s\u0103n\u0103tatea copiilor \u0219i a personalului, sistemele de filtrare sunt configurate pentru a filtra \u0219i elimina praful, viru\u0219ii, bacteriile, polenul, particulele chimice \u0219i poluarea extern\u0103. <\/p>\n","protected":false},"author":13,"featured_media":81001,"comment_status":"open","ping_status":"closed","sticky":false,"template":"","format":"standard","meta":{"_acf_changed":false,"_seopress_robots_primary_cat":"none","_seopress_titles_title":"Purificatoare de aer de \u00eenalt\u0103 performan\u021b\u0103 pentru colegii I OberA","_seopress_titles_desc":"\u00cembun\u0103t\u0103\u021bi\u021bi calitatea aerului interior \u0219i reduce\u021bi riscul de infec\u021bii, alergii \u0219i astm \u00een \u0219coala dumneavoastr\u0103.","_seopress_robots_index":"","footnotes":""},"categories":[144],"tags":[145],"class_list":["post-37323","post","type-post","status-publish","format-standard","has-post-thumbnail","hentry","category-sfatul-nostru","tag-entete-mic","generate-columns","tablet-grid-50","mobile-grid-100","grid-parent","grid-50","no-featured-image-padding","resize-featured-image"],"acf":[],"_links":{"self":[{"href":"https:\/\/obera.fr\/ro\/wp-json\/wp\/v2\/posts\/37323","targetHints":{"allow":["GET"]}}],"collection":[{"href":"https:\/\/obera.fr\/ro\/wp-json\/wp\/v2\/posts"}],"about":[{"href":"https:\/\/obera.fr\/ro\/wp-json\/wp\/v2\/types\/post"}],"author":[{"embeddable":true,"href":"https:\/\/obera.fr\/ro\/wp-json\/wp\/v2\/users\/13"}],"replies":[{"embeddable":true,"href":"https:\/\/obera.fr\/ro\/wp-json\/wp\/v2\/comments?post=37323"}],"version-history":[{"count":3,"href":"https:\/\/obera.fr\/ro\/wp-json\/wp\/v2\/posts\/37323\/revisions"}],"predecessor-version":[{"id":81236,"href":"https:\/\/obera.fr\/ro\/wp-json\/wp\/v2\/posts\/37323\/revisions\/81236"}],"wp:featuredmedia":[{"embeddable":true,"href":"https:\/\/obera.fr\/ro\/wp-json\/wp\/v2\/media\/81001"}],"wp:attachment":[{"href":"https:\/\/obera.fr\/ro\/wp-json\/wp\/v2\/media?parent=37323"}],"wp:term":[{"taxonomy":"category","embeddable":true,"href":"https:\/\/obera.fr\/ro\/wp-json\/wp\/v2\/categories?post=37323"},{"taxonomy":"post_tag","embeddable":true,"href":"https:\/\/obera.fr\/ro\/wp-json\/wp\/v2\/tags?post=37323"}],"curies":[{"name":"wp","href":"https:\/\/api.w.org\/{rel}","templated":true}]}}