{"id":40119,"date":"2024-05-06T12:15:11","date_gmt":"2024-05-06T10:15:11","guid":{"rendered":"https:\/\/obera.fr\/non-classifiee\/cum-sa-gestionam-impreuna-riscurile-legate-de-cov-praf-mirosuri-si-atex-in-industrie\/"},"modified":"2025-04-15T10:03:43","modified_gmt":"2025-04-15T08:03:43","slug":"cov-depoussiereur-industriel","status":"publish","type":"post","link":"https:\/\/obera.fr\/ro\/sfatul-nostru\/cov-depoussiereur-industriel\/","title":{"rendered":"Cum pot fi abordate \u00eempreun\u0103 COV-urile, praful, mirosurile \u0219i riscurile ATEX \u00een industrie?"},"content":{"rendered":"\n<figure class=\"wp-block-image alignright size-large is-resized\"><img decoding=\"async\" width=\"683\" height=\"1024\" src=\"https:\/\/obera.fr\/wp-content\/uploads\/2024\/05\/poncage-bois-683x1024.jpg\" alt=\"Un b&#x103;rbat &#xEE;&#x219;i &#x219;lefuie&#x219;te placa de surf din lemn\" class=\"wp-image-33948\" style=\"width:339px;height:auto\" srcset=\"https:\/\/obera.fr\/wp-content\/uploads\/2024\/05\/poncage-bois-683x1024.jpg 683w, https:\/\/obera.fr\/wp-content\/uploads\/2024\/05\/poncage-bois-200x300.jpg 200w, https:\/\/obera.fr\/wp-content\/uploads\/2024\/05\/poncage-bois-768x1152.jpg 768w, https:\/\/obera.fr\/wp-content\/uploads\/2024\/05\/poncage-bois-1024x1536.jpg 1024w, https:\/\/obera.fr\/wp-content\/uploads\/2024\/05\/poncage-bois-1365x2048.jpg 1365w, https:\/\/obera.fr\/wp-content\/uploads\/2024\/05\/poncage-bois-scaled.jpg 1707w\" sizes=\"(max-width: 683px) 100vw, 683px\" \/><\/figure>\n\n<p class=\"has-text-align-left\">\u00cen industrie, <strong>multe opera\u021biuni <\/strong>produc o atmosfer\u0103 \u00eenc\u0103rcat\u0103 cu praf \u0219i compu\u0219i organici volatili (COV). Fie pentru c\u0103 opera\u021biunea emite simultan aceste prafuri \u0219i COV-uri. fie pentru c\u0103 atelierul sau \u0219opronul industrial g\u0103zduie\u0219te opera\u021biuni paralele care genereaz\u0103 independent <strong>praf sau COV-uri <\/strong>, care apoi se amestec\u0103 \u00een aerul \u00eenconjur\u0103tor.   <\/p>\n\n<p class=\"has-text-align-left\">\u00cen plus, unele opera\u021biuni produc nepl\u0103ceri olfactive legate de emisiile de COV sau de praf. \u00cen plus, o mare parte din COV emi\u0219i \u00een aer \u00een atelier provin din solven\u021bii utiliza\u021bi \u00een aceste opera\u021biuni. <strong>Majoritatea solven\u021bilor sunt<\/strong> \u00eens\u0103 <strong>inflamabili<\/strong> \u0219i creeaz\u0103 o atmosfer\u0103 exploziv\u0103 (ATEX). Particulele fine \u00een suspensie \u00een aer au poten\u021bial combustibil. Amestecul gazos COV-pulberi cre\u0219te riscul de ATEX.      <\/p>\n\n<p class=\"has-text-align-left\">Acest lucru \u00eenseamn\u0103 c\u0103 produc\u0103torii trebuie s\u0103 se ocupe at\u00e2t de<strong> COV, c\u00e2t \u0219i de praf<\/strong>. Reglement\u0103rile le impun s\u0103 previn\u0103 riscurile pentru s\u0103n\u0103tate \u0219i siguran\u021b\u0103 asociate cu prezen\u021ba lor \u00een atmosfera cl\u0103dirii.   <\/p>\n\n<p class=\"has-text-align-left\">\u00cen func\u021bie de contextul de produc\u021bie, produc\u0103torii pot alege s\u0103 utilizeze o combina\u021bie de echipamente de tratare sau s\u0103 opteze pentru un filtru care combin\u0103 tehnologiile interne de tratare a prafului \u0219i COV. \u00cen general, tratarea COV<strong>elimin\u0103<\/strong> \u0219i<strong>mirosurile<\/strong>. \u00cen plus, pentru a face fa\u021b\u0103 riscului ATEX, \u00eentreprinderea industrial\u0103 se va dota cu echipamente conforme cu zona ATEX \u00een care vor fi instalate.    <\/p>\n\n<p class=\"has-text-align-left\">Dup\u0103 o prezentare general\u0103 a unora dintre sectoarele \u0219i activit\u0103\u021bile industriale care produc atmosfere <strong>care combin\u0103 COV \u0219i praf<\/strong>, care sunt adesea mirositoare sau explozive, vom prezenta tehnicile de tratare posibile. Apoi, vom analiza \u00een detaliu emisiile de COV \u0219i de praf \u00een func\u021bie de industrie, precum \u0219i <strong>disconfortul olfactiv \u0219i riscul ATEX<\/strong> pe care acestea le provoac\u0103. <\/p>\n\n<h2 class=\"wp-block-heading\">C\u00e2teva exemple de procese industriale care emit praf \u0219i COV<\/h2>\n\n<p>Mai multe procese industriale pot emite at\u00e2t <strong>particule \u00een suspensie <\/strong>(praf), c\u00e2t \u0219i compu\u0219i organici volatili (COV). COV \u0219i praful pot fi emi\u0219i \u00een acela\u0219i timp sau pot fi emi\u0219i \u00een timpul unor sarcini paralele sau succesive desf\u0103\u0219urate \u00een acela\u0219i volum. Iat\u0103 c\u00e2teva exemple:  <\/p>\n\n<h3 class=\"wp-block-heading\">Industria chimic\u0103<\/h3>\n\n<p><strong>Instala\u021biile chimice care produc substan\u021be chimice organice<\/strong> pot emite COV \u00een timpul proceselor de sintez\u0103, polimerizare, manipulare \u0219i depozitare. \u00cen plus, pot fi generate particule \u00een timpul manipul\u0103rii materiilor prime solide sau al fabric\u0103rii de produse sub form\u0103 de pudr\u0103. <\/p>\n\n<h3 class=\"wp-block-heading\">Industria auto<\/h3>\n\n<p>Activit\u0103\u021bi precum aplicarea vopselei, sudarea \u0219i \u0219lefuirea \u00een produc\u021bia de automobile pot genera at\u00e2t <strong>praf fin metalic<\/strong> sau plastic, c\u00e2t \u0219i COV din vopselele, solven\u021bii \u0219i adezivii utiliza\u021bi.<\/p>\n\n<h3 class=\"wp-block-heading\">Industria lemnului<\/h3>\n\n<p>Opera\u021biunile de t\u0103iere, \u0219lefuire \u0219i tratare a lemnului pot elibera particule de lemn, precum \u0219i COV din<strong> substan\u021bele chimice <\/strong>utilizate pentru tratarea \u0219i finisarea lemnului.<\/p>\n\n<h3 class=\"wp-block-heading\">Industria maselor plastice<\/h3>\n\n<p>Produc\u021bia de materiale plastice, \u00een special prin turnare prin <strong>injec\u021bie sau termoformare<\/strong>, poate duce la emisii de particule de plastic \u0219i COV din materialele de baz\u0103 \u0219i agen\u021bii de prelucrare.<\/p>\n\n<h3 class=\"wp-block-heading\">Industria vopselelor \u0219i a acoperirilor<\/h3>\n\n<p>Procesele de vopsire, acoperire \u0219i finisare din diverse sectoare, cum ar fi<strong>construc\u021biile, industria<\/strong> aerospa\u021bial\u0103 \u0219i marin\u0103, pot elibera at\u00e2t particule, c\u00e2t \u0219i COV din vopsele, solven\u021bi \u0219i diluan\u021bi.<\/p>\n\n<h3 class=\"wp-block-heading\">Industria alimentar\u0103<\/h3>\n\n<p>Unele activit\u0103\u021bi <strong>de prelucrare a alimentelor<\/strong>, cum ar fi pr\u0103jirea, uscarea \u0219i pr\u0103jirea, pot genera particule alimentare, precum \u0219i COV din procesele de g\u0103tire \u0219i tratare.<\/p>\n\n<p>Aceste exemple ilustreaz\u0103 modul \u00een care anumite volume industriale pot con\u021bine at\u00e2t praf, c\u00e2t \u0219i COV, subliniind importan\u021ba controlului \u0219i <strong>reducerii acestor emisii <\/strong>pentru protejarea s\u0103n\u0103t\u0103\u021bii umane \u0219i a mediului.<\/p>\n\n<h2 class=\"wp-block-heading\">Ce tehnologii sunt necesare pentru tratarea prafului \u0219i a COV-urilor?<\/h2>\n\n<p>Exist\u0103 mai multe <strong>tipuri de tehnologii<\/strong> pentru tratarea \u00eempreun\u0103 a prafului \u0219i a compu\u0219ilor organici volatili (COV). Iat\u0103 c\u00e2teva dintre cele care sunt adesea utilizate. <\/p>\n\n<h3 class=\"wp-block-heading\">Adsorb\u021bia pe c\u0103rbune activ  <\/h3>\n\n<p>Sistemele de adsorb\u021bie <strong>cu c\u0103rbune activ sunt concepute pentru a re\u021bine COV<\/strong> prin aderarea acestora la o suprafa\u021b\u0103 structurat\u0103 de c\u0103rbune activ. Aceste sisteme pot fi combinate cu alte tehnologii de filtrare pentru a <a href=\"https:\/\/obera.fr\/conseils\/solutions-traiter-poussiere-solvants\/\">trata at\u00e2t praful, c\u00e2t \u0219i COV-urile<\/a>. <\/p>\n\n<h3 class=\"wp-block-heading\">Filtre cu sac  <\/h3>\n\n<p>Filtrele cu saci folosesc<strong> saci filtran\u021bi din<\/strong> material textil pentru a capta particulele din aer. Unele modele sunt echipate \u0219i cu materiale absorbante care pot capta COV. Aceste sisteme pot fi eficiente \u00een tratarea at\u00e2t a prafului, c\u00e2t \u0219i a COV, dar uneori necesit\u0103 pretratare pentru a \u00eembun\u0103t\u0103\u021bi<strong>eficien\u021ba capt\u0103rii COV<\/strong>.  <\/p>\n\n<h3 class=\"wp-block-heading\">Sisteme combinate  <\/h3>\n\n<p>Unele sisteme de control al polu\u0103rii aerului combin\u0103 mai multe tehnologii, cum ar fi filtrele cu sac \u0219i<strong>adsorb\u021bia cu c\u0103rbune activ<\/strong>, pentru a trata eficient at\u00e2t praful, c\u00e2t \u0219i COV-urile.  <\/p>\n\n<h3 class=\"wp-block-heading\">Electrofiltre<\/h3>\n\n<p>Precipitatoarele electrostatice utilizeaz\u0103 o sarcin\u0103 electric\u0103 pentru a capta particulele din aer. Unele modele pot fi echipate \u0219i cu materiale adsorbante pentru captarea COV. Filtrele electrostatice pot fi eficiente \u00een<strong> tratarea at\u00e2t a prafului, c\u00e2t \u0219i a COV<\/strong>, dar pot necesita \u00eentre\u021binere periodic\u0103 pentru a-\u0219i men\u021bine eficien\u021ba.  <\/p>\n\n<h3 class=\"wp-block-heading\">Sisteme de biofiltrare  <\/h3>\n\n<p>Biofiltrele utilizeaz\u0103 microorganisme pentru a descompune COV \u00een compu\u0219i mai pu\u021bin nocivi. Unele biofiltre pot fi, de asemenea, echipate cu medii filtrante pentru a <strong>capta particulele din aer<\/strong>. Sistemele de biofiltrare pot fi eficiente \u00een tratarea at\u00e2t a prafului, c\u00e2t \u0219i a COV, dar pot necesita condi\u021bii specifice pentru a men\u021bine activitatea microorganismelor.  <\/p>\n\n<p>Este important s\u0103 se selecteze tehnologia \u00een func\u021bie de<strong>caracteristicile specifice ale procesului<\/strong> \u0219i de natura contaminan\u021bilor prezen\u021bi \u00een emisiile industriale.<\/p>\n\n<h2 class=\"wp-block-heading\">Colectori de praf care \u00eencorporeaz\u0103 filtrarea COV<\/h2>\n\n<p>Un colector de praf care combin\u0103 filtrele cu saci \u0219i<strong>adsorb\u021bia cu c\u0103rbune activ<\/strong> trateaz\u0103 at\u00e2t praful, c\u00e2t \u0219i compu\u0219ii organici volatili (COV). Este un sistem integrat care func\u021bioneaz\u0103 prin mai multe etape de tratare. Iat\u0103 cum func\u021bioneaz\u0103 acest tip de colector de praf    <\/p>\n\n<h3 class=\"wp-block-heading\">Etapa de captare a prafului  <\/h3>\n\n<p>Sistemul \u00eencepe prin filtrarea particulelor \u00een suspensie cu ajutorul unor filtre cu saci. <strong>Sacii filtran\u021bi sunt, \u00een general, confec\u021biona\u021bi dintr-o \u021bes\u0103tur\u0103<\/strong> sau dintr-un material poros cu g\u0103uri cu diametrul mai mic dec\u00e2t dimensiunea particulelor din gazele de evacuare. Aerul \u00eenc\u0103rcat cu praf trece prin sacii filtran\u021bi, unde particulele sunt prinse pe suprafa\u021ba sau \u00een fibrele materialului. Aerul, filtrat de praf, iese din filtrele cu saci \u00eenc\u0103 \u00eenc\u0103rcat cu COV.   <\/p>\n\n<h3 class=\"wp-block-heading\">Etapa de captare a COV  <\/h3>\n\n<p>Dup\u0103 ce <strong>trece prin filtrele cu saci<\/strong>, aerul filtrat de praf este direc\u021bionat c\u0103tre un pat de c\u0103rbune activ sau alt material adsorbant. Materialul capteaz\u0103 moleculele de COV pe suprafa\u021ba sa, ac\u021bion\u00e2nd ca un fel de burete chimic. \u00cen final, aerul este purificat at\u00e2t de <strong>praf<\/strong>, c\u00e2t \u0219i de COV-uri \u00eenainte de a fi evacuat.  <\/p>\n\n<h3 class=\"wp-block-heading\">\u00centre\u021binerea \u0219i \u00eentre\u021binerea aparatului<\/h3>\n\n<p>Filtrele cu saci trebuie cur\u0103\u021bate sau <strong>\u00eenlocuite periodic pentru a-\u0219i men\u021bine eficien\u021ba<\/strong>. Pentru a elimina particulele acumulate, filtrele sunt cur\u0103\u021bate fie manual, prin scuturare sau suflare cu aer comprimat, fie automat, cu ajutorul unui modul \u00eencorporat \u00een colectorul de praf. <\/p>\n\n<p>De asemenea, patul de c\u0103rbune activ trebuie s\u0103 fie <strong>\u00eenlocuit sau regenerat periodic<\/strong>, deoarece capacitatea sa de adsorb\u021bie scade \u00een timp.<\/p>\n\n<h3 class=\"wp-block-heading\">Control \u0219i monitorizare  <\/h3>\n\n<p>\u00cen general, un colector de praf este echipat cu senzori \u0219i dispozitive de monitorizare pentru a controla eficien\u021ba sa, \u00een special nivelurile de praf \u0219i COV din aerul filtrat. Datele colectate de ace\u0219ti senzori vor fi utilizate pentru a<strong> regla parametrii sistemului <\/strong>\u0219i a asigura func\u021bionarea optim\u0103. <\/p>\n\n<h3 class=\"wp-block-heading\">Avantajele filtrului combinat de praf \u0219i COV<\/h3>\n\n<p>Acest tip de colector combinat de praf \u0219i <strong>COV<\/strong> ofer\u0103 avantajul de a <strong>trata at\u00e2t praful, c\u00e2t \u0219i COV,<\/strong> ceea ce \u00eel face o<a href=\"https:\/\/obera.fr\/conseils\/solutions-pour-traiter-poussiere\/\"> solu\u021bie eficient\u0103 <\/a>pentru multe aplica\u021bii industriale \u00een care sunt prezente ambele tipuri de contaminan\u021bi. Filtrele mobile combinate praf-VOC au avantajul de a fi u\u0219or adaptabile la configura\u021biile schimb\u0103toare ale volumului de lucru. <\/p>\n\n<h2 class=\"wp-block-heading\">Concluzie: importan\u021ba trat\u0103rii simultane a emisiilor de praf \u0219i COV<\/h2>\n\n<p>\u00cen industrie, este important s\u0103 se instaleze sisteme de <strong>colectare a prafului \u0219i de control al COV,<\/strong> cum ar fi colectori de praf care combin\u0103 tehnologiile de captare cu filtre cu saci \u0219i cu carbon activ, sau o combina\u021bie de dispozitive independente, de exemplu filtre cu saci \u0219i filtre cu carbon activ, \u00eempreun\u0103 cu sisteme de ventila\u021bie adecvate, pentru a gestiona simultan <strong>emisiile de praf \u0219i COV<\/strong>. Acest lucru contribuie la men\u021binerea unui mediu de lucru sigur care respect\u0103 reglement\u0103rile privind <a href=\"https:\/\/obera.fr\/conseils\/quels-procedes-ameliorent-qualite-air-eliminant-cov\/\">calitatea aerului<\/a>. Deranjul olfactiv este gestionat prin filtrarea COV. Riscurile ATEX pot fi prevenite prin alegerea echipamentelor certificate ATEX.   <\/p>\n","protected":false},"excerpt":{"rendered":"<p>\u00cen industrie, multe opera\u021biuni produc o atmosfer\u0103 \u00eenc\u0103rcat\u0103 cu praf \u0219i compu\u0219i organici volatili (COV). Sau pentru c\u0103 opera\u021biunea emite simultan aceste prafuri \u0219i COV-uri. Sau pentru c\u0103 atelierul sau hangarul industrial g\u0103zduie\u0219te opera\u021biuni paralele care genereaz\u0103 independent praf sau COV, care se amestec\u0103 apoi \u00een aerul \u00eenconjur\u0103tor.  <\/p>\n","protected":false},"author":4,"featured_media":81521,"comment_status":"open","ping_status":"closed","sticky":false,"template":"","format":"standard","meta":{"_acf_changed":false,"_seopress_robots_primary_cat":"none","_seopress_titles_title":"Cum se trateaz\u0103 COV-urile, praful, mirosurile \u0219i ATEX \u00een industrie?","_seopress_titles_desc":"\u00cen industrie, multe opera\u021biuni produc o atmosfer\u0103 \u00eenc\u0103rcat\u0103 cu praf \u0219i compu\u0219i organici volatili (COV).","_seopress_robots_index":"","footnotes":""},"categories":[144],"tags":[145],"class_list":["post-40119","post","type-post","status-publish","format-standard","has-post-thumbnail","hentry","category-sfatul-nostru","tag-entete-mic","generate-columns","tablet-grid-50","mobile-grid-100","grid-parent","grid-50","no-featured-image-padding","resize-featured-image"],"acf":[],"_links":{"self":[{"href":"https:\/\/obera.fr\/ro\/wp-json\/wp\/v2\/posts\/40119","targetHints":{"allow":["GET"]}}],"collection":[{"href":"https:\/\/obera.fr\/ro\/wp-json\/wp\/v2\/posts"}],"about":[{"href":"https:\/\/obera.fr\/ro\/wp-json\/wp\/v2\/types\/post"}],"author":[{"embeddable":true,"href":"https:\/\/obera.fr\/ro\/wp-json\/wp\/v2\/users\/4"}],"replies":[{"embeddable":true,"href":"https:\/\/obera.fr\/ro\/wp-json\/wp\/v2\/comments?post=40119"}],"version-history":[{"count":5,"href":"https:\/\/obera.fr\/ro\/wp-json\/wp\/v2\/posts\/40119\/revisions"}],"predecessor-version":[{"id":81817,"href":"https:\/\/obera.fr\/ro\/wp-json\/wp\/v2\/posts\/40119\/revisions\/81817"}],"wp:featuredmedia":[{"embeddable":true,"href":"https:\/\/obera.fr\/ro\/wp-json\/wp\/v2\/media\/81521"}],"wp:attachment":[{"href":"https:\/\/obera.fr\/ro\/wp-json\/wp\/v2\/media?parent=40119"}],"wp:term":[{"taxonomy":"category","embeddable":true,"href":"https:\/\/obera.fr\/ro\/wp-json\/wp\/v2\/categories?post=40119"},{"taxonomy":"post_tag","embeddable":true,"href":"https:\/\/obera.fr\/ro\/wp-json\/wp\/v2\/tags?post=40119"}],"curies":[{"name":"wp","href":"https:\/\/api.w.org\/{rel}","templated":true}]}}