{"id":41222,"date":"2023-11-14T12:07:12","date_gmt":"2023-11-14T10:07:12","guid":{"rendered":"https:\/\/obera.fr\/non-classifiee\/obera-caz-de-utilizare-degresarea-metalelor-prin-tratare-cu-vapori\/"},"modified":"2025-04-15T11:11:49","modified_gmt":"2025-04-15T09:11:49","slug":"cas-usage-traitement-vapeurs-degraissant-nettoyage-pieces-metalliques","status":"publish","type":"post","link":"https:\/\/obera.fr\/ro\/sfatul-nostru\/cas-usage-traitement-vapeurs-degraissant-nettoyage-pieces-metalliques\/","title":{"rendered":"oberA Caz de utilizare: Tratarea vaporilor de degresare a metalelor"},"content":{"rendered":"\n<figure class=\"wp-block-image alignright size-large is-resized\"><img decoding=\"async\" width=\"576\" height=\"1024\" src=\"https:\/\/obera.fr\/wp-content\/uploads\/2023\/12\/epurbox-1-576x1024.jpg\" alt=\"epurbox 1\" class=\"wp-image-26448\" style=\"width:237px;height:auto\" srcset=\"https:\/\/obera.fr\/wp-content\/uploads\/2023\/12\/epurbox-1-576x1024.jpg 576w, https:\/\/obera.fr\/wp-content\/uploads\/2023\/12\/epurbox-1-169x300.jpg 169w, https:\/\/obera.fr\/wp-content\/uploads\/2023\/12\/epurbox-1-768x1365.jpg 768w, https:\/\/obera.fr\/wp-content\/uploads\/2023\/12\/epurbox-1-864x1536.jpg 864w, https:\/\/obera.fr\/wp-content\/uploads\/2023\/12\/epurbox-1-1152x2048.jpg 1152w, https:\/\/obera.fr\/wp-content\/uploads\/2023\/12\/epurbox-1-scaled.jpg 1440w\" sizes=\"(max-width: 576px) 100vw, 576px\" \/><\/figure>\n\n<p>Am avut ocazia s\u0103 echip\u0103m un client interna\u021bional specializat \u00een dezvoltarea, proiectarea, produc\u021bia \u0219i <strong>distribu\u021bia de pompe cu membran\u0103 \u0219i sisteme pentru gaze<\/strong> \u0219i lichide. Clientul nostru, con\u0219tient de importan\u021ba protej\u0103rii mediului \u0219i a s\u0103n\u0103t\u0103\u021bii angaja\u021bilor s\u0103i, ne-a cerut s\u0103 rezolv\u0103m o provocare critic\u0103 \u00een cadrul procesului lor de produc\u021bie. <\/p>\n\n<p>Agen\u021bii de degresare utiliza\u021bi pentru cur\u0103\u021barea pieselor metalice ale pompelor lor generau vapori de degresare care erau nocivi pentru mediu \u0219i pentru <a href=\"https:\/\/obera.fr\/ro\/sfatul-nostru\/traitement-odeurs-industrielles\/\">calitatea aerului interior<\/a> din atelierul lor de produc\u021bie.<\/p>\n\n<p>Con\u0219tien\u021bi de impactul nociv al emisiilor de vapori de degresant asupra s\u0103n\u0103t\u0103\u021bii lucr\u0103torilor \u0219i asupra mediului, am propus o solu\u021bie personalizat\u0103. Am proiectat \u0219i am instalat un <strong>backsplash de aspira\u021bie<\/strong> completat de un sistem de aspirare a prafului cu c\u0103rbune activ <a href=\"https:\/\/obera.fr\/ro\/produits\/traitement-cov\/aspiration-mobile-odeurs-epur-box\/\">ePURBOX<\/a> direct la sta\u021bia de cur\u0103\u021bare a pieselor metalice pentru a capta \u0219i filtra eficient vaporii degresantului la surs\u0103 \u0219i pentru a proteja astfel operatorul. <\/p>\n\n<p>Datorit\u0103 expertizei noastre \u00een tratarea aerului, am reu\u0219it s\u0103 <strong>reducem semnificativ emisiile de vapori<\/strong> de degresant \u00een aerul ambiental din atelierul lor. Acest lucru a creat un loc de munc\u0103 mai s\u0103n\u0103tos \u0219i mai sigur pentru angaja\u021bi, reduc\u00e2nd \u00een acela\u0219i timp impactul activit\u0103\u021bii lor asupra mediului. <\/p>\n\n<p>Prin alegerea<strong> solu\u021biei<\/strong> noastre<strong> de tratare a aerului<\/strong>, clientul nostru a f\u0103cut un pas c\u0103tre o produc\u021bie mai responsabil\u0103, \u00een conformitate cu standardele de mediu \u0219i de s\u0103n\u0103tate \u0219i siguran\u021b\u0103 ocupa\u021bional\u0103. Aceast\u0103 colaborare de succes este un exemplu al angajamentului nostru fa\u021b\u0103 de inovare \u0219i durabilitate, ajut\u00e2ndu-ne clien\u021bii s\u0103 \u00ee\u0219i ating\u0103 obiectivele \u0219i s\u0103 creeze locuri de munc\u0103 mai sigure \u0219i mai s\u0103n\u0103toase. <\/p>\n\n<h2 class=\"wp-block-heading\"><strong>Pericolele vaporilor de degresare pentru s\u0103n\u0103tatea operatorilor<\/strong><\/h2>\n\n<figure class=\"wp-block-image alignleft size-full is-resized\"><img decoding=\"async\" width=\"600\" height=\"600\" src=\"https:\/\/obera.fr\/wp-content\/uploads\/2023\/12\/picto-risque-mutagene-1.jpg\" alt=\"picto risc mutagen 1\" class=\"wp-image-26460\" style=\"width:73px;height:auto\" srcset=\"https:\/\/obera.fr\/wp-content\/uploads\/2023\/12\/picto-risque-mutagene-1.jpg 600w, https:\/\/obera.fr\/wp-content\/uploads\/2023\/12\/picto-risque-mutagene-1-300x300.jpg 300w, https:\/\/obera.fr\/wp-content\/uploads\/2023\/12\/picto-risque-mutagene-1-150x150.jpg 150w\" sizes=\"(max-width: 600px) 100vw, 600px\" \/><\/figure>\n\n<p><strong>Procesul industrial de cur\u0103\u021bare a pieselor metalice<\/strong> cu ajutorul degresan\u021bilor genereaz\u0103 compu\u0219i organici volatili (COV), care prezint\u0103 o serie de riscuri pentru s\u0103n\u0103tatea operatorilor care sunt expu\u0219i la ace\u0219tia \u00een mod cronic \u0219i \u00een concentra\u021bii ridicate. COV sunt substan\u021be chimice care se vaporizeaz\u0103 u\u0219or la temperatura camerei \u0219i pot fi<strong> inhalate de operatori<\/strong>, ceea ce duce la riscuri pentru s\u0103n\u0103tate. Iat\u0103 c\u00e2teva dintre pericolele asociate cu acest proces.  <\/p>\n\n<h3 class=\"wp-block-heading\"><strong>Iritarea tractului respirator  <\/strong><\/h3>\n\n<p>Inhalarea COV poate provoca iritarea tractului respirator, <strong>duc\u00e2nd la simptome precum tuse<\/strong>, durere \u00een g\u00e2t, str\u0103nut \u0219i dificult\u0103\u021bi de respira\u021bie.<\/p>\n\n<h3 class=\"wp-block-heading\"><strong>Probleme neurologice  <\/strong><\/h3>\n\n<p>Unele COV sunt <strong>considerate neurotoxine<\/strong> \u0219i pot afecta sistemul nervos central. Expunerea prelungit\u0103 la niveluri ridicate de COV poate duce la dureri de cap, ame\u021beli, tulbur\u0103ri de memorie \u0219i probleme de concentrare. <\/p>\n\n<h3 class=\"wp-block-heading\"><strong>Tulbur\u0103ri respiratorii cronice  <\/strong><\/h3>\n\n<p><strong>Expunerea continu\u0103 la COV <\/strong>poate duce la probleme respiratorii cronice precum astmul sau la agravarea simptomelor la persoanele predispuse.<\/p>\n\n<h3 class=\"wp-block-heading\"><strong>Probleme de piele<\/strong><\/h3>\n\n<p>Unii degresan\u021bi con\u021bin substan\u021be chimice care pot <strong>provoca reac\u021bii alergice ale pielii<\/strong> la operatorii expu\u0219i.<\/p>\n\n<h3 class=\"wp-block-heading\"><strong>Efecte asupra ficatului \u0219i rinichilor<\/strong><\/h3>\n\n<p>Unii COV sunt toxici pentru ficat \u0219i rinichi, iar expunerea prelungit\u0103 poate provoca leziuni ale acestor organe.<\/p>\n\n<h3 class=\"wp-block-heading\"><strong>Riscuri cancerigene  <\/strong><\/h3>\n\n<p>Unii COV sunt <strong>clasifica\u021bi drept substan\u021be <\/strong>probabil <strong>cancerigene <\/strong>pentru oameni de c\u0103tre anumite agen\u021bii interna\u021bionale de s\u0103n\u0103tate, ceea ce genereaz\u0103 \u00eengrijor\u0103ri cu privire la poten\u021bialul lor de a provoca cancer la persoanele expuse.<\/p>\n\n<p>Este important de <strong>re\u021binut c\u0103 pericolele COV<\/strong> depind de concentra\u021bia \u00een aer, de durata \u0219i frecven\u021ba expunerii \u0219i de sensibilitatea individual\u0103. Operatorii care lucreaz\u0103 \u00een mod regulat cu degresan\u021bi generatori de COV pot fi expu\u0219i la niveluri ridicate ale acestor substan\u021be chimice, <strong>cresc\u00e2nd riscul pentru s\u0103n\u0103tatea lor<\/strong>. <\/p>\n\n<p>Pentru a proteja s\u0103n\u0103tatea operatorilor, este esen\u021bial s\u0103 se pun\u0103 \u00een aplicare m\u0103suri preventive, cum ar fi utilizarea de degresan\u021bi cu con\u021binut sc\u0103zut de COV sau f\u0103r\u0103 COV, <strong>tratarea adecvat\u0103 a aerului din zonele de cur\u0103\u021bare<\/strong> pentru a reduce concentra\u021bia de COV din aer \u0219i utilizarea de echipamente de protec\u021bie individual\u0103 (EPI) adecvate pentru a reduce la minimum contactul direct cu substan\u021bele chimice periculoase. \u00cen plus, operatorii trebuie s\u0103 fie informa\u021bi cu privire la riscurile asociate cu COV \u0219i instrui\u021bi cu privire la bunele practici de siguran\u021b\u0103 pentru a-\u0219i reduce expunerea \u0219i a preveni problemele de s\u0103n\u0103tate asociate. Prin luarea acestor m\u0103suri, este posibil s\u0103 se<strong> creeze un mediu de lucru mai sigur \u0219i mai s\u0103n\u0103tos<\/strong> atunci c\u00e2nd se cur\u0103\u021b\u0103 piese metalice cu agen\u021bi de degresare care genereaz\u0103 COV nocivi.  <\/p>\n\n<h2 class=\"wp-block-heading\"><strong>Avantajele tratamentului cu vapori degresan\u021bi pentru cur\u0103\u021barea pieselor metalice<\/strong><\/h2>\n\n<p>Tratarea compu\u0219ilor organici volatili (COV) emana\u021bi de agen\u021bii de degresare \u00een timpul degres\u0103rii pieselor metalice ofer\u0103 o serie de avantaje importante. \u00cen primul r\u00e2nd,<strong> protejeaz\u0103 s\u0103n\u0103tatea operatorilor<\/strong> prin eliminarea sau reducerea emisiilor de COV \u00een aerul \u00eenconjur\u0103tor, minimiz\u00e2nd astfel riscul de iritare a tractului respirator, probleme respiratorii cronice, tulbur\u0103ri neurologice \u0219i alte efecte adverse asupra s\u0103n\u0103t\u0103\u021bii. <\/p>\n\n<figure class=\"wp-block-image alignright size-large is-resized\"><img decoding=\"async\" width=\"1024\" height=\"683\" src=\"https:\/\/obera.fr\/wp-content\/uploads\/2023\/12\/environnement-sain-1-1024x683.jpg\" alt=\"b&#x103;iat t&#xE2;n&#x103;r cu capul spre cer &#x219;i ochii &#xEE;nchi&#x219;i &#xEE;ntr-o zi senin&#x103;\" class=\"wp-image-26455\" style=\"width:376px;height:auto\" srcset=\"https:\/\/obera.fr\/wp-content\/uploads\/2023\/12\/environnement-sain-1-1024x683.jpg 1024w, https:\/\/obera.fr\/wp-content\/uploads\/2023\/12\/environnement-sain-1-300x200.jpg 300w, https:\/\/obera.fr\/wp-content\/uploads\/2023\/12\/environnement-sain-1-768x512.jpg 768w, https:\/\/obera.fr\/wp-content\/uploads\/2023\/12\/environnement-sain-1-1536x1024.jpg 1536w, https:\/\/obera.fr\/wp-content\/uploads\/2023\/12\/environnement-sain-1-2048x1365.jpg 2048w\" sizes=\"(max-width: 1024px) 100vw, 1024px\" \/><\/figure>\n\n<p>\u00cen plus, tratarea aerului \u00eembun\u0103t\u0103\u021be\u0219te calitatea aerului interior \u00een atelierul de degresare prin captarea \u0219i eliminarea COV-urilor la surs\u0103. Acest lucru <strong>creeaz\u0103 un mediu de lucru mai s\u0103n\u0103tos<\/strong> pentru operatori, reduc\u00e2nd riscul durerilor de cap, al oboselii \u0219i al altor simptome asociate cu calitatea proast\u0103 a aerului. <\/p>\n\n<p>Din punct de vedere al mediului, sistemele de tratare a COV asigur\u0103 conformitatea cu reglement\u0103rile stricte de mediu privind emisiile de COV. \u00cen acest fel,<strong> companiile evit\u0103 poten\u021biale amenzi \u0219i sanc\u021biuni<\/strong>, consolid\u00e2ndu-\u0219i responsabilitatea fa\u021b\u0103 de mediu. <\/p>\n\n<p>\u00cen plus, tratarea aerului \u00eembun\u0103t\u0103\u021be\u0219te eficien\u021ba degres\u0103rii, permi\u021b\u00e2nd o mai bun\u0103 gestionare a emisiilor de COV. Acest lucru conduce la o utilizare mai eficient\u0103 a degresan\u021bilor, la o mai bun\u0103 conservare a resurselor \u0219i la costuri opera\u021bionale reduse. <\/p>\n\n<p>Prin adoptarea unor practici responsabile de tratare a COV, companiile \u00ee\u0219i demonstreaz\u0103 angajamentul fa\u021b\u0103 de s\u0103n\u0103tatea \u0219i siguran\u021ba angaja\u021bilor, precum \u0219i preocuparea pentru mediu. Acest lucru<strong> le<\/strong> poate<strong> \u00eembun\u0103t\u0103\u021bi imaginea \u00een fa\u021ba clien\u021bilor<\/strong>, a partenerilor de afaceri \u0219i a publicului larg. <\/p>\n\n<blockquote class=\"wp-block-quote is-layout-flow wp-block-quote-is-layout-flow\">\n<p>Descoperi\u021bi, de asemenea, un caz de utilizare privind <a href=\"https:\/\/obera.fr\/ro\/sfatul-nostru\/cas-usage-traitement-hydrocarbures-milieu-industriel\/\">tratarea hidrocarburilor<\/a> \u00eentr-un mediu industrial<\/p>\n<\/blockquote>\n","protected":false},"excerpt":{"rendered":"<p>Am avut ocazia s\u0103 echip\u0103m un client interna\u021bional specializat \u00een dezvoltarea, proiectarea, produc\u021bia \u0219i distribu\u021bia de pompe cu membran\u0103 \u0219i sisteme pentru gaze \u0219i lichide. Clientul nostru, con\u0219tient de importan\u021ba protej\u0103rii mediului \u0219i a s\u0103n\u0103t\u0103\u021bii angaja\u021bilor s\u0103i, ne-a cerut s\u0103 rezolv\u0103m o provocare critic\u0103 \u00een cadrul procesului lor de produc\u021bie. <\/p>\n","protected":false},"author":4,"featured_media":81850,"comment_status":"open","ping_status":"closed","sticky":false,"template":"","format":"standard","meta":{"_acf_changed":false,"_seopress_robots_primary_cat":"none","_seopress_titles_title":"oberA Caz de utilizare: Tratarea vaporilor de degresare a metalelor","_seopress_titles_desc":"OberA a avut ocazia s\u0103 echipeze un client interna\u021bional specializat \u00een dezvoltarea, proiectarea, produc\u021bia \u0219i distribu\u021bia de pompe cu membran\u0103 \u0219i sisteme pentru gaze \u0219i lichide. Afla\u021bi cum am reu\u0219it s\u0103 satisfacem aceast\u0103 cerere. ","_seopress_robots_index":"","footnotes":""},"categories":[144],"tags":[145],"class_list":["post-41222","post","type-post","status-publish","format-standard","has-post-thumbnail","hentry","category-sfatul-nostru","tag-entete-mic","generate-columns","tablet-grid-50","mobile-grid-100","grid-parent","grid-50","no-featured-image-padding","resize-featured-image"],"acf":[],"_links":{"self":[{"href":"https:\/\/obera.fr\/ro\/wp-json\/wp\/v2\/posts\/41222","targetHints":{"allow":["GET"]}}],"collection":[{"href":"https:\/\/obera.fr\/ro\/wp-json\/wp\/v2\/posts"}],"about":[{"href":"https:\/\/obera.fr\/ro\/wp-json\/wp\/v2\/types\/post"}],"author":[{"embeddable":true,"href":"https:\/\/obera.fr\/ro\/wp-json\/wp\/v2\/users\/4"}],"replies":[{"embeddable":true,"href":"https:\/\/obera.fr\/ro\/wp-json\/wp\/v2\/comments?post=41222"}],"version-history":[{"count":3,"href":"https:\/\/obera.fr\/ro\/wp-json\/wp\/v2\/posts\/41222\/revisions"}],"predecessor-version":[{"id":82367,"href":"https:\/\/obera.fr\/ro\/wp-json\/wp\/v2\/posts\/41222\/revisions\/82367"}],"wp:featuredmedia":[{"embeddable":true,"href":"https:\/\/obera.fr\/ro\/wp-json\/wp\/v2\/media\/81850"}],"wp:attachment":[{"href":"https:\/\/obera.fr\/ro\/wp-json\/wp\/v2\/media?parent=41222"}],"wp:term":[{"taxonomy":"category","embeddable":true,"href":"https:\/\/obera.fr\/ro\/wp-json\/wp\/v2\/categories?post=41222"},{"taxonomy":"post_tag","embeddable":true,"href":"https:\/\/obera.fr\/ro\/wp-json\/wp\/v2\/tags?post=41222"}],"curies":[{"name":"wp","href":"https:\/\/api.w.org\/{rel}","templated":true}]}}