{"id":41246,"date":"2023-11-14T12:01:34","date_gmt":"2023-11-14T10:01:34","guid":{"rendered":"https:\/\/obera.fr\/non-classifiee\/obera-caz-de-utilizare-tratarea-formaldehidei-in-ambalaje-industriale\/"},"modified":"2025-04-23T08:31:22","modified_gmt":"2025-04-23T06:31:22","slug":"cas-usage-traitement-formaldehydes-emballage-industriel","status":"publish","type":"post","link":"https:\/\/obera.fr\/ro\/sfatul-nostru\/cas-usage-traitement-formaldehydes-emballage-industriel\/","title":{"rendered":"oberA Caz de utilizare: tratarea formaldehidei din ambalajele industriale"},"content":{"rendered":"\n<figure class=\"wp-block-image alignright size-full is-resized\"><img decoding=\"async\" width=\"275\" height=\"183\" src=\"https:\/\/obera.fr\/wp-content\/uploads\/2023\/12\/impression-emballage-2.jpg\" alt=\"imprimarea ambalajelor 2\" class=\"wp-image-26468\" style=\"width:316px;height:auto\"\/><\/figure>\n\n<p>OberA a lucrat recent cu un <strong>client interna\u021bional specializat \u00een ambalaje<\/strong>. Clientul ne-a contactat pentru a ne ocupa de emisiile de formaldehid\u0103 care ap\u0103reau \u00een timpul procesului lor de fabrica\u021bie, mai exact \u00een timpul lipirii foliei de aluminiu. <\/p>\n\n<p>Formaldehida este o substan\u021b\u0103 chimic\u0103 poten\u021bial nociv\u0103 pentru s\u0103n\u0103tatea uman\u0103 \u0219i este utilizat\u0103 \u00een mod obi\u0219nuit \u00een anumite procese industriale, inclusiv \u00een lipirea foliei de aluminiu pentru ambalaje.<\/p>\n\n<p><a href=\"https:\/\/obera.fr\/ro\/sfatul-nostru\/traitement-odeurs-industrielles\/\">Expertiza noastr\u0103 \u00een tratarea aerului<\/a> ne-a permis s\u0103 proiect\u0103m \u0219i s\u0103 instal\u0103m 2 instala\u021bii compuse dintr-un <a href=\"https:\/\/obera.fr\/ro\/produits\/traitement-cov\/aspiration-mobile-odeurs-epur-box\/\">ePURBOX<\/a>, ambele echipate cu c\u00e2te un cartu\u0219 suplimentar mare de c\u0103rbune activ. Aceast\u0103 solu\u021bie personalizat\u0103 capteaz\u0103 \u0219i elimin\u0103 eficient emisiile de formaldehid\u0103 direct la sta\u021bia de lipire a foliei de aluminiu. \u00cen acest fel, am contribuit la protejarea s\u0103n\u0103t\u0103\u021bii \u0219i siguran\u021bei lucr\u0103torilor clientului nostru, asigur\u00e2nd \u00een acela\u0219i timp conformitatea cu standardele \u0219i reglement\u0103rile \u00een vigoare.  <\/p>\n\n<p>Datorit\u0103 <strong>abord\u0103rii<\/strong> noastre <strong>personalizate<\/strong> \u0219i a angajamentului nostru fa\u021b\u0103 de excelen\u021ba \u00een domeniul mediului, clientul nostru a reu\u0219it s\u0103 \u00eembun\u0103t\u0103\u021beasc\u0103 calitatea aerului din mediul s\u0103u de lucru, reduc\u00e2nd riscurile pentru s\u0103n\u0103tatea angaja\u021bilor \u0219i consolid\u00e2ndu-\u0219i <strong>responsabilitatea social\u0103<\/strong> de a proteja mediul.<\/p>\n\n<h2 class=\"wp-block-heading\"><strong>Procesul care genereaz\u0103 formaldehid\u0103 \u0219i pericolele sale<\/strong><\/h2>\n\n<figure class=\"wp-block-image alignleft size-large is-resized\"><img decoding=\"async\" width=\"1024\" height=\"538\" src=\"https:\/\/obera.fr\/wp-content\/uploads\/2023\/12\/impression-emballage-aluminium-1024x538.jpg\" alt=\"imprimarea ambalajelor din aluminiu\" class=\"wp-image-26471\" style=\"width:304px;height:auto\" srcset=\"https:\/\/obera.fr\/wp-content\/uploads\/2023\/12\/impression-emballage-aluminium-1024x538.jpg 1024w, https:\/\/obera.fr\/wp-content\/uploads\/2023\/12\/impression-emballage-aluminium-300x158.jpg 300w, https:\/\/obera.fr\/wp-content\/uploads\/2023\/12\/impression-emballage-aluminium-768x403.jpg 768w, https:\/\/obera.fr\/wp-content\/uploads\/2023\/12\/impression-emballage-aluminium.jpg 1200w\" sizes=\"(max-width: 1024px) 100vw, 1024px\" \/><\/figure>\n\n<p><strong> Emisiile de formaldehid\u0103<\/strong> \u00een timpul procesului de lipire a foliei de aluminiu se datoreaz\u0103 \u00een principal utiliz\u0103rii de cleiuri sau adezivi care con\u021bin r\u0103\u0219ini de formaldehid\u0103 (fenoplaste sau r\u0103\u0219ini fenol-formaldehid\u0103).<\/p>\n\n<p>Formaldehida este un compus chimic volatil care este eliberat sub form\u0103 de gaz la temperatura camerei, evapor\u00e2ndu-se \u00een aer la<strong>aplicarea adezivilor<\/strong>.<\/p>\n\n<p>Formaldehida este utilizat\u0103 \u00een mod obi\u0219nuit \u00een multe tipuri de cleiuri \u0219i adezivi datorit\u0103 propriet\u0103\u021bilor sale de aderen\u021b\u0103 \u0219i uscare rapid\u0103, precum \u0219i \u00een fabricarea polimerilor termorezisten\u021bi. Cu toate acestea, aceast\u0103 <strong>substan\u021b\u0103 prezint\u0103 riscuri pentru s\u0103n\u0103tatea uman\u0103<\/strong>, \u00een special atunci c\u00e2nd este inhalat\u0103 \u00een cantit\u0103\u021bi mari \u0219i prelungite. <\/p>\n\n<p>Inhalarea formaldehidei poate cauza o serie de probleme de s\u0103n\u0103tate, inclusiv irita\u021bii ale tractului respirator, dureri de cap, grea\u021b\u0103, probleme respiratorii, reac\u021bii alergice \u0219i irita\u021bii ale pielii. \u00cen plus, formaldehida este clasificat\u0103 de <strong>Agen\u021bia Interna\u021bional\u0103 pentru Cercetarea Cancerului<\/strong> (IARC) drept un CMR despre care se \u0219tie c\u0103 provoac\u0103 cancer la om, ceea ce \u00eenseamn\u0103 c\u0103 expunerea cronic\u0103 la aceast\u0103 substan\u021b\u0103 poate cre\u0219te riscul de a dezvolta anumite tipuri de cancer. <\/p>\n\n<p>\u00cen timpul procesului de lipire a foliei de aluminiu, vaporii de formaldehid\u0103 pot fi degaja\u021bi \u00een aerul \u00eenconjur\u0103tor de cleiurile sau adezivii utiliza\u021bi, precum \u0219i \u00een timpul usc\u0103rii foliilor lipite. Aceste fumuri pot fi prezente \u00een<strong>atelierul de produc\u021bie \u0219i pot fi inhalate de lucr\u0103tori<\/strong>, expun\u00e2ndu-i la riscuri pentru s\u0103n\u0103tate. <\/p>\n\n<h2 class=\"wp-block-heading\"><strong>Beneficiile trat\u0103rii formaldehidei \u00een mediile industriale<\/strong><\/h2>\n\n<figure class=\"wp-block-image alignright size-full\"><img decoding=\"async\" width=\"283\" height=\"225\" src=\"https:\/\/obera.fr\/wp-content\/uploads\/2023\/12\/formaldehyde.png\" alt=\"formaldehid&#x103;\" class=\"wp-image-26477\"\/><\/figure>\n\n<p>Tratarea formaldehidei \u00een mediul industrial ofer\u0103 o serie de avantaje importante. \u00cen primul r\u00e2nd, <strong>protejeaz\u0103 s\u0103n\u0103tatea lucr\u0103torilor<\/strong> prin eliminarea sau reducerea emisiilor de formaldehid\u0103 \u00een aerul \u00eenconjur\u0103tor. Acest lucru reduce riscul de irita\u021bii ale tractului respirator, probleme respiratorii, reac\u021bii alergice \u0219i probleme de s\u0103n\u0103tate mai grave asociate cu aceast\u0103 substan\u021b\u0103 poten\u021bial nociv\u0103.  <\/p>\n\n<p>\u00cen plus,<strong> tratarea formaldehidei<\/strong> ajut\u0103 companiile s\u0103 respecte reglement\u0103rile stricte privind emisiile de formaldehid\u0103. Prin respectarea standardelor de mediu \u0219i de s\u0103n\u0103tate, companiile evit\u0103 amenzile \u0219i penalit\u0103\u021bile asociate nerespect\u0103rii acestora. <\/p>\n\n<p>Un alt beneficiu al trat\u0103rii aerului este<strong>\u00eembun\u0103t\u0103\u021birea calit\u0103\u021bii aerului<\/strong> \u00een mediul de lucru. Prin captarea \u0219i eliminarea emisiilor de formaldehid\u0103, ajut\u0103 la crearea unui mediu mai s\u0103n\u0103tos pentru angaja\u021bi, reduc\u00e2nd riscul de dureri de cap, grea\u021b\u0103 \u0219i alte simptome asociate cu calitatea proast\u0103 a aerului. <\/p>\n\n<p>\u00cen plus, tratamentul cu formaldehid\u0103 contribuie la reducerea riscului de boli profesionale legate de aceast\u0103 substan\u021b\u0103, cum ar fi<strong>astmul profesional sau irita\u021biile cutanate<\/strong>. Prin eliminarea expunerii excesive la formaldehid\u0103, se contribuie la protejarea s\u0103n\u0103t\u0103\u021bii lucr\u0103torilor pe termen lung. <\/p>\n\n<p>\u00cen ceea ce prive\u0219te imaginea corporativ\u0103, adoptarea unor practici responsabile de tratare a formaldehidei demonstreaz\u0103<strong>angajamentul fa\u021b\u0103 de s\u0103n\u0103tatea \u0219i siguran\u021ba angaja\u021bilor<\/strong>, precum \u0219i responsabilitatea fa\u021b\u0103 de mediu. Acest lucru poate \u00eembun\u0103t\u0103\u021bi imaginea \u00een fa\u021ba clien\u021bilor, a partenerilor de afaceri \u0219i a publicului larg. <\/p>\n\n<p>\u00cen cele din urm\u0103, tratamentul cu formaldehid\u0103 poate contribui, de asemenea, la reducerea costurilor pentru companie, permi\u021b\u00e2nd o utilizare mai eficient\u0103 a resurselor \u0219i a materiilor prime.<\/p>\n\n<p>Pe scurt, <strong>tratarea formaldehidelor \u00een mediile industriale <\/strong>ofer\u0103 o serie de beneficii esen\u021biale pentru crearea unui mediu de lucru mai sigur, mai s\u0103n\u0103tos \u0219i mai ecologic \u00een industriile respective. Este o m\u0103sur\u0103 proactiv\u0103 care promoveaz\u0103 s\u0103n\u0103tatea lucr\u0103torilor, conformitatea cu reglement\u0103rile, eficien\u021ba opera\u021bional\u0103 \u0219i o imagine corporativ\u0103 pozitiv\u0103. <\/p>\n\n<h2 class=\"wp-block-heading\"><strong>Eficacitatea c\u0103rbunelui activ asupra formaldehidelor \u00een mediul industrial<\/strong><\/h2>\n\n<figure class=\"wp-block-image alignleft size-large is-resized\"><img decoding=\"async\" width=\"1024\" height=\"549\" src=\"https:\/\/obera.fr\/wp-content\/uploads\/2023\/12\/cko-charbon-purple-1024x549.jpg\" alt=\"cko c&#x103;rbune violet\" class=\"wp-image-26474\" style=\"width:429px;height:auto\" srcset=\"https:\/\/obera.fr\/wp-content\/uploads\/2023\/12\/cko-charbon-purple-1024x549.jpg 1024w, https:\/\/obera.fr\/wp-content\/uploads\/2023\/12\/cko-charbon-purple-300x161.jpg 300w, https:\/\/obera.fr\/wp-content\/uploads\/2023\/12\/cko-charbon-purple-768x412.jpg 768w, https:\/\/obera.fr\/wp-content\/uploads\/2023\/12\/cko-charbon-purple.jpg 1200w\" sizes=\"(max-width: 1024px) 100vw, 1024px\" \/><\/figure>\n\n<p>Moleculele de formaldehid\u0103 sunt mici \u0219i pot fi dificil de captat eficient. Cu toate acestea, c\u0103rbunele activ are o suprafa\u021b\u0103 specific\u0103 mare, cu <strong>pori de diferite dimensiuni<\/strong>, ceea ce \u00eei permite s\u0103 prind\u0103 \u0219i s\u0103 adsorb\u0103 moleculele de formaldehid\u0103. Pe m\u0103sur\u0103 ce aerul contaminat cu formaldehid\u0103 trece prin carbonul activ, aceste molecule sunt captate \u0219i re\u021binute pe suprafa\u021ba materialului, contribuind la <strong>reducerea concentra\u021biei de formaldehid\u0103 din aer<\/strong>.  <\/p>\n\n<p>Este important de re\u021binut c\u0103 eficien\u021ba c\u0103rbunelui activ depinde de factori precum compozi\u021bia cleiurilor industriale, temperatura, debitul de aer \u0219i durata de contact cu c\u0103rbunele activ. Prin urmare, este esen\u021bial s\u0103 alege\u021bi tipul corect de c\u0103rbune activ pentru o aplica\u021bie specific\u0103, pentru a asigura<strong> \u00eendep\u0103rtarea eficient\u0103 a formaldehidelor<\/strong> \u0219i \u00eembun\u0103t\u0103\u021birea calit\u0103\u021bii aerului \u00een mediile industriale. <\/p>\n\n<blockquote class=\"wp-block-quote is-layout-flow wp-block-quote-is-layout-flow\">\n<p>Pute\u021bi citi studiul nostru de caz privind <a href=\"https:\/\/obera.fr\/ro\/sfatul-nostru\/cas-usage-traitements-covs-secteur-serigraphie\/\">tratarea COV-urilor \u00een sectorul serigrafiei<\/a>. <\/p>\n<\/blockquote>\n","protected":false},"excerpt":{"rendered":"<p>OberA a lucrat recent cu un client interna\u021bional specializat \u00een ambalaje. Acest client ne-a contactat pentru a ne ocupa de emisiile de formaldehid\u0103 care ap\u0103reau \u00een timpul procesului lor de produc\u021bie, mai exact \u00een timpul lipirii foliei de aluminiu.<\/p>\n","protected":false},"author":4,"featured_media":84844,"comment_status":"open","ping_status":"closed","sticky":false,"template":"","format":"standard","meta":{"_acf_changed":false,"_seopress_robots_primary_cat":"none","_seopress_titles_title":"oberA Caz de utilizare: tratarea formaldehidei din ambalajele industriale","_seopress_titles_desc":"OberA a lucrat recent cu un client interna\u021bional specializat \u00een ambalaje. Afla\u021bi mai multe despre procesele noastre pentru a \u00eendeplini cerin\u021bele de tratare a formaldehidei.","_seopress_robots_index":"","footnotes":""},"categories":[144],"tags":[145],"class_list":["post-41246","post","type-post","status-publish","format-standard","has-post-thumbnail","hentry","category-sfatul-nostru","tag-entete-mic","generate-columns","tablet-grid-50","mobile-grid-100","grid-parent","grid-50","no-featured-image-padding","resize-featured-image"],"acf":[],"_links":{"self":[{"href":"https:\/\/obera.fr\/ro\/wp-json\/wp\/v2\/posts\/41246","targetHints":{"allow":["GET"]}}],"collection":[{"href":"https:\/\/obera.fr\/ro\/wp-json\/wp\/v2\/posts"}],"about":[{"href":"https:\/\/obera.fr\/ro\/wp-json\/wp\/v2\/types\/post"}],"author":[{"embeddable":true,"href":"https:\/\/obera.fr\/ro\/wp-json\/wp\/v2\/users\/4"}],"replies":[{"embeddable":true,"href":"https:\/\/obera.fr\/ro\/wp-json\/wp\/v2\/comments?post=41246"}],"version-history":[{"count":7,"href":"https:\/\/obera.fr\/ro\/wp-json\/wp\/v2\/posts\/41246\/revisions"}],"predecessor-version":[{"id":84853,"href":"https:\/\/obera.fr\/ro\/wp-json\/wp\/v2\/posts\/41246\/revisions\/84853"}],"wp:featuredmedia":[{"embeddable":true,"href":"https:\/\/obera.fr\/ro\/wp-json\/wp\/v2\/media\/84844"}],"wp:attachment":[{"href":"https:\/\/obera.fr\/ro\/wp-json\/wp\/v2\/media?parent=41246"}],"wp:term":[{"taxonomy":"category","embeddable":true,"href":"https:\/\/obera.fr\/ro\/wp-json\/wp\/v2\/categories?post=41246"},{"taxonomy":"post_tag","embeddable":true,"href":"https:\/\/obera.fr\/ro\/wp-json\/wp\/v2\/tags?post=41246"}],"curies":[{"name":"wp","href":"https:\/\/api.w.org\/{rel}","templated":true}]}}