{"id":41448,"date":"2023-11-14T11:56:04","date_gmt":"2023-11-14T09:56:04","guid":{"rendered":"https:\/\/obera.fr\/non-classifiee\/obera-caz-de-utilizare-tratarea-cov-in-industria-serigrafica\/"},"modified":"2025-04-23T08:36:27","modified_gmt":"2025-04-23T06:36:27","slug":"cas-usage-traitements-covs-secteur-serigraphie","status":"publish","type":"post","link":"https:\/\/obera.fr\/ro\/sfatul-nostru\/cas-usage-traitements-covs-secteur-serigraphie\/","title":{"rendered":"caz de utilizare oberA: tratarea COV \u00een sectorul serigrafiei"},"content":{"rendered":"\n<figure class=\"wp-block-image alignright size-large is-resized\"><img decoding=\"async\" width=\"681\" height=\"1024\" src=\"https:\/\/obera.fr\/wp-content\/uploads\/2023\/12\/serigraphie-machine-1-681x1024.jpg\" alt=\"ma&#x219;in&#x103; de serigrafie 1\" class=\"wp-image-26484\" style=\"width:175px;height:auto\" srcset=\"https:\/\/obera.fr\/wp-content\/uploads\/2023\/12\/serigraphie-machine-1-681x1024.jpg 681w, https:\/\/obera.fr\/wp-content\/uploads\/2023\/12\/serigraphie-machine-1-200x300.jpg 200w, https:\/\/obera.fr\/wp-content\/uploads\/2023\/12\/serigraphie-machine-1-768x1154.jpg 768w, https:\/\/obera.fr\/wp-content\/uploads\/2023\/12\/serigraphie-machine-1-1022x1536.jpg 1022w, https:\/\/obera.fr\/wp-content\/uploads\/2023\/12\/serigraphie-machine-1-1363x2048.jpg 1363w, https:\/\/obera.fr\/wp-content\/uploads\/2023\/12\/serigraphie-machine-1-scaled.jpg 1703w\" sizes=\"(max-width: 681px) 100vw, 681px\" \/><\/figure>\n\n<p>OberA a avut privilegiul de a lucra cu un <strong>client specializat \u00een sectorul serigrafiei<\/strong>. Am fost solicita\u021bi s\u0103 lucr\u0103m la un proiect complex: instalarea a 132 de coloane de captare a surselor deasupra fiec\u0103rei sta\u021bii de serigrafie \u0219i a fiec\u0103rui operator. De\u0219i ideea lor ini\u021bial\u0103 p\u0103rea promi\u021b\u0103toare, aceasta s-a dovedit a fi foarte costisitoare \u0219i extrem de consumatoare de energie. Din fericire, la Obera suntem<a href=\"https:\/\/obera.fr\/ro\/sfatul-nostru\/traitement-odeurs-industrielles\/\"> exper\u021bi \u00een tratarea mirosurilor industriale \u0219i a COV-urilor <\/a>\u0219i am putut s\u0103 \u00eei ajut\u0103m cu proiectul lor complex.   <\/p>\n\n<p>Pentru a r\u0103spunde nevoilor lor mai eficient \u0219i mai economic, am propus o solu\u021bie inovatoare: <strong>instalarea a 15 epur50 echipate cu cartu\u0219e de c\u0103rbune activ<\/strong>. Aceast\u0103 alegere a adus multe beneficii considerabile pentru clientul nostru. <\/p>\n\n<p>\u00cen primul r\u00e2nd, am reu\u0219it s\u0103 p\u0103str\u0103m integritatea cl\u0103dirii existente, evit\u00e2nd modific\u0103ri majore care ar fi putut afecta activitatea lor. Mai mult, <strong>datorit\u0103 utiliz\u0103rii epur50s<\/strong>, nu a fost necesar\u0103 nicio instalare grea, permi\u021b\u00e2nd implementarea rapid\u0103 a proiectului \u0219i f\u0103r\u0103 perturb\u0103ri majore. <\/p>\n\n<figure class=\"wp-block-image alignleft size-large is-resized\"><img decoding=\"async\" width=\"609\" height=\"811\" src=\"https:\/\/obera.fr\/wp-content\/uploads\/2023\/12\/image-photoroom.png-photoroom-edited.png\" alt=\"imagine photoroom.png photoroom\" class=\"wp-image-26500\" style=\"width:182px;height:auto\" srcset=\"https:\/\/obera.fr\/wp-content\/uploads\/2023\/12\/image-photoroom.png-photoroom-edited.png 609w, https:\/\/obera.fr\/wp-content\/uploads\/2023\/12\/image-photoroom.png-photoroom-edited-225x300.png 225w\" sizes=\"(max-width: 609px) 100vw, 609px\" \/><\/figure>\n\n<p>Cea mai semnificativ\u0103 \u00eembun\u0103t\u0103\u021bire a fost \u00een ceea ce prive\u0219te consumul de energie. Datorit\u0103 performan\u021bei \u0219i eficien\u021bei epur50, am reu\u0219it s\u0103 reducem consumul global de energie al clientului nostru cu aproape 90%. Aceast\u0103 optimizare energetic\u0103 a dus la <strong>economii considerabile la costurile lor de exploatare<\/strong>, contribuind \u00een acela\u0219i timp la un impact mai pozitiv asupra mediului.  <\/p>\n\n<p>\u00cen cele din urm\u0103, bugetul ini\u021bial de investi\u021bii pentru proiect a fost redus considerabil. Opt\u00e2nd pentru epur50s, clientul nostru a reu\u0219it s\u0103 reduc\u0103 costul total al proiectului de cinci ori, bucur\u00e2ndu-se \u00een acela\u0219i timp de rezultate optime. <\/p>\n\n<p>Aceast\u0103 colaborare cu clientul nostru specializat \u00een serigrafie a fost un succes. Abordarea noastr\u0103 inovatoare, combinat\u0103 cu eficien\u021ba solu\u021biilor noastre epur50, ne-a permis s\u0103 r\u0103spundem nevoilor lor specifice,<strong> oferind \u00een acela\u0219i timp beneficii substan\u021biale<\/strong> \u00een ceea ce prive\u0219te u\u0219urin\u021ba instal\u0103rii, economiile de energie \u0219i controlul bugetului. Suntem m\u00e2ndri c\u0103 am contribuit la succesul lor \u0219i c\u0103 vom continua s\u0103 oferim solu\u021bii personalizate pentru provoc\u0103rile industriale ale clien\u021bilor no\u0219tri.  <\/p>\n\n<h2 class=\"wp-block-heading\"><strong>Principalele surse de COV \u00een serigrafie<\/strong><\/h2>\n\n<p>\u00cen general, serigrafia \u00een sine este considerat\u0103 a fi un<strong> proces cu emisii reduse de COV<\/strong> \u00een compara\u021bie cu alte metode de imprimare mai tradi\u021bionale. Cu toate acestea, exist\u0103 \u00eenc\u0103 surse poten\u021biale de COV \u00een procesul de serigrafie, legate \u00een principal de utilizarea cernelurilor, a solven\u021bilor \u0219i a altor substan\u021be chimice. <\/p>\n\n<p>Principalele surse de COV \u00een serigrafie sunt urm\u0103toarele:<\/p>\n\n<h3 class=\"wp-block-heading\"><strong>Cerneluri pe baz\u0103 de solven\u021bi  <\/strong><\/h3>\n\n<p>Unele cerneluri utilizate \u00een serigrafie pot <strong>con\u021bine solven\u021bi organici volatili<\/strong> care se evapor\u0103 \u00een aer \u00een timpul procesului de uscare. COV con\u021binu\u021bi \u00een ace\u0219ti solven\u021bi pot contribui la formarea poluan\u021bilor atmosferici \u0219i la deteriorarea calit\u0103\u021bii aerului interior. <\/p>\n\n<h3 class=\"wp-block-heading\"><strong>Detergen\u021bi \u0219i diluan\u021bi<\/strong><\/h3>\n\n<p>Produsele chimice utilizate pentru <strong>cur\u0103\u021barea ecranelor \u0219i a uneltelor<\/strong>, precum \u0219i diluan\u021bii utiliza\u021bi pentru ajustarea v\u00e2scozit\u0103\u021bii cernelurilor pot, de asemenea, <strong>emite COV<\/strong> atunci c\u00e2nd sunt manipulate sau utilizate f\u0103r\u0103 precau\u021bii adecvate.<\/p>\n\n<h3 class=\"wp-block-heading\"><strong>Ecrane \u0219i adezivi  <\/strong><\/h3>\n\n<p>Unele materiale utilizate la fabricarea ecranelor (cum ar fi cleiurile sau adezivii) <strong>pot con\u021bine COV<\/strong> care sunt eliberate atunci c\u00e2nd sunt \u00eenc\u0103lzite sau manipulate.<\/p>\n\n<h2 class=\"wp-block-heading\"><strong>Boli cauzate adesea de covs \u00een serigrafie<\/strong><\/h2>\n\n<p>Compu\u0219ii organici volatili (COV) prezen\u021bi \u00een serigrafie pot contribui la formarea poluan\u021bilor atmosferici \u0219i pot cauza <strong>probleme de s\u0103n\u0103tate lucr\u0103torilor <\/strong>expu\u0219i \u00een mod cronic la concentra\u021bii ridicate. Iat\u0103 c\u00e2teva boli frecvente asociate cu COV din serigrafie: <\/p>\n\n<h3 class=\"wp-block-heading\"><strong>Iritarea tractului respirator<\/strong><\/h3>\n\n<p>COV pot <strong>provoca iritarea tractului respirator<\/strong>, cu simptome precum tuse, dureri \u00een g\u00e2t, congestie nazal\u0103 \u0219i str\u0103nut.<\/p>\n\n<h3 class=\"wp-block-heading\"><strong>Astmul<\/strong><\/h3>\n\n<p>Expunerea prelungit\u0103 la COV-uri poate agrava simptomele astmului la persoanele predispuse. Lucr\u0103torii care sufer\u0103 de astm \u00ee\u0219i pot vedea <strong>simptomele exacerbate \u00een prezen\u021ba COV-urilor<\/strong>. <\/p>\n\n<h3 class=\"wp-block-heading\"><strong>Tulbur\u0103ri neurologice<\/strong><\/h3>\n\n<p>Unele COV sunt considerate neurotoxine \u0219i pot afecta sistemul nervos central. Expunerea cronic\u0103 la <strong>niveluri ridicate de COV<\/strong> poate fi asociat\u0103 cu dureri de cap, ame\u021beli, tulbur\u0103ri de memorie \u0219i probleme de concentrare. <\/p>\n\n<h3 class=\"wp-block-heading\"><strong>Alergii cutanate  <\/strong><\/h3>\n\n<p>Unele persoane pot dezvolta <strong>reac\u021bii alergice ale pielii \u00een urma expunerii repetate la COV-urile<\/strong> prezente \u00een cerneluri, solven\u021bi sau substan\u021be chimice utilizate \u00een serigrafie.<\/p>\n\n<h3 class=\"wp-block-heading\"><strong>Efecte asupra ficatului \u0219i rinichilor<\/strong><\/h3>\n\n<p>Unii COV pot fi toxici pentru ficat \u0219i rinichi, provoc\u00e2nd leziuni ale acestor organe \u00een caz de expunere prelungit\u0103 \u0219i la concentra\u021bii ridicate.<\/p>\n\n<p>Este important de re\u021binut c\u0103 <strong>gravitatea efectelor asupra s\u0103n\u0103t\u0103\u021bii<\/strong> depinde de concentra\u021bia de COV din aer, de durata \u0219i frecven\u021ba expunerii, precum \u0219i de sensibilitatea individual\u0103. Angajatorii \u0219i lucr\u0103torii trebuie s\u0103 ia m\u0103suri preventive pentru a minimiza expunerea la COV \u0219i pentru a proteja s\u0103n\u0103tatea lucr\u0103torilor. <\/p>\n\n<h2 class=\"wp-block-heading\"><strong>M\u0103suri preventive \u00eempotriva COV \u00een serigrafie<\/strong><\/h2>\n\n<figure class=\"wp-block-image alignleft size-full is-resized\"><img decoding=\"async\" width=\"225\" height=\"225\" src=\"https:\/\/obera.fr\/wp-content\/uploads\/2023\/12\/picto-masque.jpg\" alt=\"masc&#x103; picto\" class=\"wp-image-26488\" style=\"width:78px;height:auto\" srcset=\"https:\/\/obera.fr\/wp-content\/uploads\/2023\/12\/picto-masque.jpg 225w, https:\/\/obera.fr\/wp-content\/uploads\/2023\/12\/picto-masque-150x150.jpg 150w\" sizes=\"(max-width: 225px) 100vw, 225px\" \/><\/figure>\n\n<p>M\u0103surile preventive \u00eempotriva <strong>compu\u0219ilor organici volatili (COV<\/strong> ) \u00een serigrafie sunt esen\u021biale pentru protejarea s\u0103n\u0103t\u0103\u021bii lucr\u0103torilor \u0219i minimizarea impactului asupra mediului. Optarea pentru cerneluri \u0219i substan\u021be chimice cu con\u021binut sc\u0103zut de COV sau f\u0103r\u0103 COV este un prim pas important. \u00cen plus, este esen\u021bial s\u0103 se asigure tratarea adecvat\u0103 a aerului \u00een zonele de lucru pentru a reduce concentra\u021bia de COV din aerul \u00eenconjur\u0103tor.    <\/p>\n\n<figure class=\"wp-block-image size-full is-resized\"><img decoding=\"async\" width=\"346\" height=\"80\" src=\"https:\/\/obera.fr\/wp-content\/uploads\/2023\/12\/capture-decran-2023-12-06-155242.png\" alt=\"captur&#x103; decran 2023 12 06 155242\" class=\"wp-image-26509\" style=\"width:71px;height:auto\" srcset=\"https:\/\/obera.fr\/wp-content\/uploads\/2023\/12\/capture-decran-2023-12-06-155242.png 346w, https:\/\/obera.fr\/wp-content\/uploads\/2023\/12\/capture-decran-2023-12-06-155242-300x69.png 300w\" sizes=\"(max-width: 346px) 100vw, 346px\" \/><\/figure>\n\n<figure class=\"wp-block-image alignleft size-full is-resized\"><img decoding=\"async\" width=\"225\" height=\"225\" src=\"https:\/\/obera.fr\/wp-content\/uploads\/2023\/12\/picto-gant.png\" alt=\"m&#x103;nu&#x219;&#x103; picto\" class=\"wp-image-26491\" style=\"width:76px;height:auto\" srcset=\"https:\/\/obera.fr\/wp-content\/uploads\/2023\/12\/picto-gant.png 225w, https:\/\/obera.fr\/wp-content\/uploads\/2023\/12\/picto-gant-150x150.png 150w\" sizes=\"(max-width: 225px) 100vw, 225px\" \/><\/figure>\n\n<p><strong>Furnizarea de echipamente de protec\u021bie individual\u0103 (EPI)<\/strong> adecvate, cum ar fi aparatele de respirat \u0219i m\u0103nu\u0219ile, este esen\u021bial\u0103 pentru protejarea lucr\u0103torilor \u00eempotriva riscurilor asociate cu COV. \u00cen cele din urm\u0103, instruirea lucr\u0103torilor \u00een ceea ce prive\u0219te bunele practici de siguran\u021b\u0103 \u0219i riscurile COV este esen\u021bial\u0103 pentru men\u021binerea unui mediu de lucru sigur \u0219i s\u0103n\u0103tos. Prin aplicarea consecvent\u0103 a acestor m\u0103suri, \u00eentreprinderile de serigrafie pot contribui la reducerea expunerii la COV \u0219i la \u00eembun\u0103t\u0103\u021birea s\u0103n\u0103t\u0103\u021bii \u0219i siguran\u021bei angaja\u021bilor lor, <strong>protej\u00e2nd<\/strong> \u00een acela\u0219i timp <strong>mediul<\/strong>.  <\/p>\n\n<h2 class=\"wp-block-heading\"><strong>Beneficiile tratamentului aerului \u00een sectorul serigrafiei<\/strong><\/h2>\n\n<p>Tratarea aerului \u00een sectorul serigrafiei ofer\u0103 o serie de avantaje semnificative. \u00cen primul r\u00e2nd, contribuie la<strong>reducerea expunerii lucr\u0103torilor la compu\u0219ii organici volatili (COV<\/strong> ) prezen\u021bi \u00een cernelurile \u0219i substan\u021bele chimice utilizate. Aceast\u0103 reducere a expunerii protejeaz\u0103 s\u0103n\u0103tatea lucr\u0103torilor prin evitarea unor probleme precum iritarea tractului respirator, alergiile cutanate \u0219i tulbur\u0103rile neurologice.  <\/p>\n\n<p>Prin \u00eembun\u0103t\u0103\u021birea calit\u0103\u021bii aerului interior,<strong> tratarea aerului creeaz\u0103 un mediu de lucru<\/strong> mai s\u0103n\u0103tos, permi\u021b\u00e2nd angaja\u021bilor s\u0103 lucreze \u00een condi\u021bii mai confortabile \u0219i mai productive. De asemenea, contribuie la bun\u0103starea lor general\u0103 \u0219i minimizeaz\u0103 riscurile pentru s\u0103n\u0103tate pe termen lung. <\/p>\n\n<p>Un alt beneficiu major al trat\u0103rii aerului este conformitatea cu reglement\u0103rile de mediu <strong>privind emisiile de COV<\/strong>. Prin implementarea sistemelor adecvate de ventila\u021bie \u0219i purificare, \u00eentreprinderile de serigrafie pot respecta standardele de calitate a aerului \u0219i pot evita sanc\u021biunile sau amenzile asociate nerespect\u0103rii acestora. <\/p>\n\n<h2 class=\"wp-block-heading\"><strong>Carbon activat \u0219i COV<\/strong><\/h2>\n\n<figure class=\"wp-block-image alignright size-full is-resized\"><img decoding=\"async\" width=\"166\" height=\"551\" src=\"https:\/\/obera.fr\/wp-content\/uploads\/2023\/12\/cartouche-charbon-actif.png\" alt=\"cartu&#x219; de c&#x103;rbune activ\" class=\"wp-image-26494\" style=\"width:58px;height:auto\" srcset=\"https:\/\/obera.fr\/wp-content\/uploads\/2023\/12\/cartouche-charbon-actif.png 166w, https:\/\/obera.fr\/wp-content\/uploads\/2023\/12\/cartouche-charbon-actif-90x300.png 90w\" sizes=\"(max-width: 166px) 100vw, 166px\" \/><\/figure>\n\n<p>Carbonul activat este foarte eficient \u00een eliminarea compu\u0219ilor organici volatili (COV) din aer. COV sunt compu\u0219i chimici organici care se evapor\u0103 u\u0219or la temperatura camerei \u0219i provin<strong> dintr-o varietate de surse, cum ar fi solven\u021bi<\/strong>, produse de cur\u0103\u021bat, vopsele, mobilier \u0219i altele. Aceste substan\u021be pot fi poten\u021bial d\u0103un\u0103toare pentru s\u0103n\u0103tatea uman\u0103 \u0219i contribuie la poluarea aerului.  <\/p>\n\n<p><strong>C\u0103rbunele activ este un material cu o structur\u0103 poroas\u0103<\/strong> \u0219i o suprafa\u021b\u0103 specific\u0103 mare care \u00eei permite s\u0103 capteze \u0219i s\u0103 adsorb\u0103 eficient moleculele COV prezente \u00een aer. Atunci c\u00e2nd aerul trece prin c\u0103rbunele activ, porii de pe suprafa\u021ba acestuia capteaz\u0103 moleculele COV, asigur\u00e2nd re\u021binerea eficient\u0103 a acestor substan\u021be. Aceast\u0103 proprietate face posibil\u0103<strong>eliminarea unei game largi de COV<\/strong>, contribuind la purificarea aerului \u0219i la reducerea riscurilor pentru s\u0103n\u0103tate asociate cu inhalarea acestor substan\u021be.  <\/p>\n\n<blockquote class=\"wp-block-quote is-layout-flow wp-block-quote-is-layout-flow\">\n<p>G\u0103si\u021bi aici un alt caz de utilizare privind <a href=\"https:\/\/obera.fr\/ro\/sfatul-nostru\/cas-usage-traitement-cov-fonderie-metallurgie\/\">tratarea COV a metalului topit<\/a> \u00eentr-o turn\u0103torie.<\/p>\n<\/blockquote>\n","protected":false},"excerpt":{"rendered":"<p>OberA a avut privilegiul de a lucra cu un client specializat \u00een sectorul serigrafiei. Am fost solicita\u021bi s\u0103 lucr\u0103m la un proiect complex: instalarea a 132 de coloane de captare a surselor deasupra fiec\u0103rei sta\u021bii de serigrafie \u0219i a fiec\u0103rui operator. De\u0219i ideea lor ini\u021bial\u0103 p\u0103rea promi\u021b\u0103toare, aceasta s-a dovedit a fi foarte costisitoare \u0219i extrem de consumatoare de energie. Din fericire, la Obera suntem exper\u021bi \u00een tratarea mirosurilor industriale \u0219i a COV-urilor \u0219i am putut s\u0103 \u00eei ajut\u0103m cu proiectul lor complex.   <\/p>\n","protected":false},"author":4,"featured_media":84882,"comment_status":"open","ping_status":"closed","sticky":false,"template":"","format":"standard","meta":{"_acf_changed":false,"_seopress_robots_primary_cat":"none","_seopress_titles_title":"caz de utilizare oberA: tratarea COV \u00een sectorul serigrafiei","_seopress_titles_desc":"OberA a avut privilegiul de a lucra cu un client specializat \u00een sectorul serigrafiei. Afla\u021bi cum am reu\u0219it s\u0103 rezolv\u0103m problema COV-urilor \u00een sectorul serigrafiei.","_seopress_robots_index":"","footnotes":""},"categories":[144],"tags":[145],"class_list":["post-41448","post","type-post","status-publish","format-standard","has-post-thumbnail","hentry","category-sfatul-nostru","tag-entete-mic","generate-columns","tablet-grid-50","mobile-grid-100","grid-parent","grid-50","no-featured-image-padding","resize-featured-image"],"acf":[],"_links":{"self":[{"href":"https:\/\/obera.fr\/ro\/wp-json\/wp\/v2\/posts\/41448","targetHints":{"allow":["GET"]}}],"collection":[{"href":"https:\/\/obera.fr\/ro\/wp-json\/wp\/v2\/posts"}],"about":[{"href":"https:\/\/obera.fr\/ro\/wp-json\/wp\/v2\/types\/post"}],"author":[{"embeddable":true,"href":"https:\/\/obera.fr\/ro\/wp-json\/wp\/v2\/users\/4"}],"replies":[{"embeddable":true,"href":"https:\/\/obera.fr\/ro\/wp-json\/wp\/v2\/comments?post=41448"}],"version-history":[{"count":3,"href":"https:\/\/obera.fr\/ro\/wp-json\/wp\/v2\/posts\/41448\/revisions"}],"predecessor-version":[{"id":84989,"href":"https:\/\/obera.fr\/ro\/wp-json\/wp\/v2\/posts\/41448\/revisions\/84989"}],"wp:featuredmedia":[{"embeddable":true,"href":"https:\/\/obera.fr\/ro\/wp-json\/wp\/v2\/media\/84882"}],"wp:attachment":[{"href":"https:\/\/obera.fr\/ro\/wp-json\/wp\/v2\/media?parent=41448"}],"wp:term":[{"taxonomy":"category","embeddable":true,"href":"https:\/\/obera.fr\/ro\/wp-json\/wp\/v2\/categories?post=41448"},{"taxonomy":"post_tag","embeddable":true,"href":"https:\/\/obera.fr\/ro\/wp-json\/wp\/v2\/tags?post=41448"}],"curies":[{"name":"wp","href":"https:\/\/api.w.org\/{rel}","templated":true}]}}