{"id":42226,"date":"2023-05-30T14:14:28","date_gmt":"2023-05-30T12:14:28","guid":{"rendered":"https:\/\/obera.fr\/non-classifiee\/avantajele-unui-colector-de-praf-mobil-in-comparatie-cu-un-colector-de-praf-fix\/"},"modified":"2025-04-23T08:51:23","modified_gmt":"2025-04-23T06:51:23","slug":"avantages-depoussiereur-mobile-par-rapport-a-depoussiereur-fixe","status":"publish","type":"post","link":"https:\/\/obera.fr\/ro\/sfatul-nostru\/avantages-depoussiereur-mobile-par-rapport-a-depoussiereur-fixe\/","title":{"rendered":"Avantajele unui colector de praf mobil fa\u021b\u0103 de un colector de praf fix"},"content":{"rendered":"\n<p><strong>Tratarea aerului industrial<\/strong> reprezint\u0103 o provocare major\u0103 pentru s\u0103n\u0103tatea \u0219i siguran\u021ba lucr\u0103torilor \u0219i a mediului. Acesta permite captarea la surs\u0103 a poluan\u021bilor emi\u0219i de utilajele \u0219i procesele industriale. Acest lucru poate fi realizat prin instalarea de echipamente fixe sau mobile de tratare a aerului. \u00cen acest articol, ne vom concentra asupra avantajelor unui <strong>sistem mobil de tratare a aerului industrial<\/strong> (colector de praf mobil sau unitate de extrac\u021bie mobil\u0103).   <\/p>\n\n<h2 class=\"wp-block-heading\">Rezolvare rapid\u0103 pentru cerin\u021bele urgente<\/h2>\n\n<div class=\"wp-block-columns is-layout-flex wp-container-core-columns-is-layout-28f84493 wp-block-columns-is-layout-flex\">\n<div class=\"wp-block-column is-vertically-aligned-center is-layout-flow wp-block-column-is-layout-flow\" style=\"flex-basis:33.33%\">\n<figure class=\"wp-block-image aligncenter size-full is-resized\"><img decoding=\"async\" width=\"300\" height=\"200\" src=\"https:\/\/obera.fr\/wp-content\/uploads\/2023\/05\/1-1.png\" alt=\"1 1\" class=\"wp-image-22866\"\/><\/figure>\n<\/div>\n\n\n\n<div class=\"wp-block-column is-vertically-aligned-center is-layout-flow wp-block-column-is-layout-flow\" style=\"flex-basis:66.66%\">\n<p>Unul dintre cele mai importante avantaje ale unui<strong> sistem mobil de tratare a aerului <\/strong>este rapiditatea cu care poate fi instalat \u00een caz de urgen\u021b\u0103. De fapt, echipamentele mobile pot fi instalate foarte rapid la locul de munc\u0103 pentru a r\u0103spunde unei situa\u021bii de urgen\u021b\u0103. Acesta poate fi cazul dac\u0103 un <strong>sistem fix de tratare a aerului<\/strong> se defecteaz\u0103 sau dac\u0103 procesele de produc\u021bie trebuie modificate pentru a r\u0103spunde imediat.  <\/p>\n<\/div>\n<\/div>\n\n<h2 class=\"wp-block-heading\">Cost de achizi\u021bie redus \u00een compara\u021bie cu o instala\u021bie fix\u0103<\/h2>\n\n<div class=\"wp-block-columns are-vertically-aligned-center is-layout-flex wp-container-core-columns-is-layout-28f84493 wp-block-columns-is-layout-flex\">\n<div class=\"wp-block-column is-vertically-aligned-center is-layout-flow wp-block-column-is-layout-flow\" style=\"flex-basis:66.66%\">\n<p>Costul de achizi\u021bie al unui <strong>colector de praf mobil<\/strong> este, \u00een general, mai mic dec\u00e2t cel al unei instala\u021bii fixe. Acest lucru se datoreaz\u0103 faptului c\u0103 o instala\u021bie mobil\u0103 este Plug and Play \u0219i nu necesit\u0103 lucr\u0103ri de inginerie civil\u0103,<strong>instala\u021bii electrice <\/strong>sau conducte complexe. Acest lucru este \u0219i mai adev\u0103rat atunci c\u00e2nd echipamentul mobil este utilizat pentru o perioad\u0103 limitat\u0103 de timp. \u00cen acest caz, acesta poate fi chiar \u00eenchiriat sau cump\u0103rat la un pre\u021b mai atractiv dec\u00e2t o instala\u021bie fix\u0103.   <\/p>\n<\/div>\n\n\n\n<div class=\"wp-block-column is-vertically-aligned-center is-layout-flow wp-block-column-is-layout-flow\" style=\"flex-basis:33.33%\">\n<figure class=\"wp-block-image aligncenter size-full is-resized\"><img decoding=\"async\" width=\"300\" height=\"200\" src=\"https:\/\/obera.fr\/wp-content\/uploads\/2023\/05\/1.png\" alt=\"Dustomat 4.24 cu bra&#x21B;\" class=\"wp-image-22851\"\/><\/figure>\n<\/div>\n<\/div>\n\n<h2 class=\"wp-block-heading\">Flexibilitate \u00een cazul modific\u0103rii instala\u021biilor<\/h2>\n\n<div class=\"wp-block-columns are-vertically-aligned-center is-layout-flex wp-container-core-columns-is-layout-28f84493 wp-block-columns-is-layout-flex\">\n<div class=\"wp-block-column is-vertically-aligned-center is-layout-flow wp-block-column-is-layout-flow\" style=\"flex-basis:33.33%\">\n<figure class=\"wp-block-image aligncenter size-full is-resized\"><img decoding=\"async\" width=\"1200\" height=\"675\" src=\"https:\/\/obera.fr\/wp-content\/uploads\/2023\/12\/dustomat-4-poussiere_bras.jpg\" alt=\"dustomat 4 bra&#x21B; de praf\" class=\"wp-image-26355\" style=\"aspect-ratio:1.5;width:330px;height:auto\" srcset=\"https:\/\/obera.fr\/wp-content\/uploads\/2023\/12\/dustomat-4-poussiere_bras.jpg 1200w, https:\/\/obera.fr\/wp-content\/uploads\/2023\/12\/dustomat-4-poussiere_bras-300x169.jpg 300w, https:\/\/obera.fr\/wp-content\/uploads\/2023\/12\/dustomat-4-poussiere_bras-1024x576.jpg 1024w, https:\/\/obera.fr\/wp-content\/uploads\/2023\/12\/dustomat-4-poussiere_bras-768x432.jpg 768w\" sizes=\"(max-width: 1200px) 100vw, 1200px\" \/><\/figure>\n<\/div>\n\n\n\n<div class=\"wp-block-column is-vertically-aligned-center is-layout-flow wp-block-column-is-layout-flow\" style=\"flex-basis:66.66%\">\n<p><strong>Fabricile moderne<\/strong> evolueaz\u0103 adesea, instala\u021biile de produc\u021bie fiind \u00een mod constant mutate \u0219i fabrica remodelat\u0103 pentru a se adapta gamei de produse fabricate. Prin urmare, de multe ori are sens s\u0103 dota\u021bi o instala\u021bie de produc\u021bie cu propriul <strong>colector de praf mobil dedicat<\/strong>. De fapt, un colector de praf mobil ofer\u0103 o mare flexibilitate \u00een cazul modific\u0103rii instala\u021biei. Dac\u0103 procesele de produc\u021bie se schimb\u0103,<strong>instala\u021bia mobil\u0103<\/strong> poate fi mutat\u0103 cu u\u0219urin\u021b\u0103<strong>\u00eentr-o nou\u0103 loca\u021bie<\/strong>, f\u0103r\u0103 costuri suplimentare. Acest lucru faciliteaz\u0103 adaptarea rapid\u0103 a sistemului de tratare a aerului la modific\u0103rile din instala\u021bie, ceea ce poate reprezenta un <a href=\"https:\/\/obera.fr\/conseils\/reglementation-vlep-evaluation-risque-chimique-lieu-de-travail\/\">avantaj economic semnificativ<\/a>.    <\/p>\n<\/div>\n<\/div>\n\n<p>Pe de alt\u0103 parte, un<strong> colector de praf fix centralizat <\/strong>\u0219i re\u021beaua sa<strong> de conducte <\/strong>distribuit\u0103 \u00een \u00eentreaga fabric\u0103 pot avea sens dac\u0103 procesul de fabrica\u021bie nu se schimb\u0103 prea mult, dar modific\u0103rile conductelor devin costisitoare \u0219i restrictive atunci c\u00e2nd cerin\u021bele de aspirare se modific\u0103 \u0219i se schimb\u0103. O re\u021bea de aspira\u021bie este fix\u0103 prin natura sa \u0219i nu poate aspira dec\u00e2t debitul pentru care a fost proiectat\u0103, pentru a <strong>respecta vitezele de transport corecte<\/strong> \u0219i a men\u021bine o bun\u0103 eficien\u021b\u0103 a aspira\u021biei. <\/p>\n\n<div class=\"wp-block-columns are-vertically-aligned-center is-layout-flex wp-container-core-columns-is-layout-ec2e7a44 wp-block-columns-is-layout-flex\" style=\"padding-top:0;padding-bottom:0\">\n<div class=\"wp-block-column is-vertically-aligned-center is-layout-flow wp-block-column-is-layout-flow\" style=\"flex-basis:66.66%\">\n<h2 class=\"wp-block-heading\">\u00centre\u021binere mai rapid\u0103, cu costuri reduse<\/h2>\n\n\n\n<p>Un alt avantaj important al unui <strong>colector de praf industrial mobil<\/strong> este c\u0103, \u00een general, necesit\u0103 mult mai pu\u021bin\u0103 \u00eentre\u021binere dec\u00e2t o instala\u021bie fix\u0103. Sistemele mobile de tratare a aerului sunt concepute pentru a fi <strong>u\u0219or demontate \u0219i transportate<\/strong>, ceea ce \u00eenseamn\u0103 c\u0103 componentele sunt u\u0219or accesibile \u0219i pot fi u\u0219or cur\u0103\u021bate \u0219i \u00eentre\u021binute departe de locul de produc\u021bie. <\/p>\n\n\n\n<p>\u00cen schimb, un<strong>sistem fix de tratare a aerului<\/strong> necesit\u0103 adesea o \u00eentre\u021binere mai lung\u0103 \u0219i mai costisitoare, deoarece componentele sunt adesea mai mari \u0219i mai complexe \u0219i sunt integrate \u00een infrastructura fabricii. \u00centreruperile sau defec\u021biunile pot duce la timpi mor\u021bi costisitori \u0219i la \u00eent\u00e2rzieri ale produc\u021biei, care pot afecta negativ<strong> rentabilitatea unei \u00eentreprinderi<\/strong>. <\/p>\n<\/div>\n\n\n\n<div class=\"wp-block-column is-vertically-aligned-center is-layout-flow wp-block-column-is-layout-flow\" style=\"flex-basis:33.33%\">\n<figure class=\"wp-block-image aligncenter size-full is-resized\"><img decoding=\"async\" width=\"600\" height=\"600\" src=\"https:\/\/obera.fr\/wp-content\/uploads\/2023\/12\/epurbex-1000-2000.png\" alt=\"epurbex 1000 2000\" class=\"wp-image-26360\" style=\"width:277px;height:auto\" srcset=\"https:\/\/obera.fr\/wp-content\/uploads\/2023\/12\/epurbex-1000-2000.png 600w, https:\/\/obera.fr\/wp-content\/uploads\/2023\/12\/epurbex-1000-2000-300x300.png 300w, https:\/\/obera.fr\/wp-content\/uploads\/2023\/12\/epurbex-1000-2000-150x150.png 150w\" sizes=\"(max-width: 600px) 100vw, 600px\" \/><\/figure>\n<\/div>\n<\/div>\n\n<p>\u00cen plus, o defec\u021biune a unui <strong>colector de praf fix centralizat<\/strong> duce la oprirea \u00eentregii instala\u021bii, \u00een timp ce o defec\u021biune a unui colector de praf mobil duce la oprirea mediului aspirat. Este u\u0219or s\u0103 dispui de un <strong>colector de praf mobil de urgen\u021b\u0103 <\/strong>pentru a \u00eenlocui rapid una dintre unit\u0103\u021bile defecte ale instala\u021biei. Acest lucru este evident imposibil atunci c\u00e2nd instala\u021bia este echipat\u0103 cu un colector de praf central fix.  <\/p>\n\n<h2 class=\"wp-block-heading\">Mobilitate \u00een cazul unei surse mobile de emisii poluante sau al necesit\u0103\u021bii unui post de lucru mobil<\/h2>\n\n<div class=\"wp-block-columns are-vertically-aligned-center is-layout-flex wp-container-core-columns-is-layout-28f84493 wp-block-columns-is-layout-flex\">\n<div class=\"wp-block-column is-vertically-aligned-center is-layout-flow wp-block-column-is-layout-flow\" style=\"flex-basis:33.33%\">\n<figure class=\"wp-block-image aligncenter size-full\"><img decoding=\"async\" width=\"300\" height=\"200\" src=\"https:\/\/obera.fr\/wp-content\/uploads\/2023\/05\/4.png\" alt=\"Vacumat cu bra&#x21B;\" class=\"wp-image-22872\"\/><\/figure>\n<\/div>\n\n\n\n<div class=\"wp-block-column is-vertically-aligned-center is-layout-flow wp-block-column-is-layout-flow\" style=\"flex-basis:66.66%\">\n<p>\u00cen cele din urm\u0103, o <strong>unitate mobil\u0103 de tratare a aerului industrial<\/strong> este foarte mobil\u0103. Aceasta poate fi deplasat\u0103 cu u\u0219urin\u021b\u0103 \u00een jurul locului de munc\u0103 pentru a trata poluan\u021bii emi\u0219i de o surs\u0103 mobil\u0103. De asemenea, poate fi utilizat\u0103 ca o <strong>sta\u021bie de lucru mobil\u0103 <\/strong>pentru angaja\u021bii care lucreaz\u0103 \u00een medii poluate \u00een mi\u0219care. \u00cen acest caz, instala\u021bia mobil\u0103 poate fi amplasat\u0103 \u00een apropierea locului lor de munc\u0103 pentru a purifica aerul pe care \u00eel respir\u0103 \u0219i pentru a le \u00eembun\u0103t\u0103\u021bi condi\u021biile de lucru.   <\/p>\n\n\n\n<p>\u00cen concluzie, <strong>sistemele mobile de tratare a aerului industrial<\/strong> ofer\u0103 multe avantaje fa\u021b\u0103 de instala\u021biile fixe. Acestea pot reac\u021biona rapid la nevoile urgente, sunt mai economice la achizi\u021bionare \u0219i \u00eentre\u021binere, ofer\u0103 o <strong>mare flexibilitate<\/strong> \u00een cazul \u00een care instala\u021bia trebuie modificat\u0103 \u0219i sunt mobile pentru a satisface <a href=\"https:\/\/obera.fr\/conseils\/solutions-pour-traiter-poussiere\/\">cerin\u021bele specifice de tratare a aerului<\/a>. <\/p>\n<\/div>\n<\/div>\n\n<p>Din toate aceste motive,<strong>utilizarea sistemelor mobile de tratare a aerului<\/strong> poate fi o solu\u021bie eficient\u0103 pentru satisfacerea nevoilor de \u00eendep\u0103rtare, extragere \u0219i filtrare a prafului \u00een mediile industriale.<\/p>\n\n<div class=\"wp-block-columns is-layout-flex wp-container-core-columns-is-layout-28f84493 wp-block-columns-is-layout-flex\">\n<div class=\"wp-block-column is-vertically-aligned-center is-layout-flow wp-block-column-is-layout-flow\">\n<div class=\"wp-block-buttons is-content-justification-center is-layout-flex wp-container-core-buttons-is-layout-a89b3969 wp-block-buttons-is-layout-flex\">\n<div class=\"wp-block-button\"><a class=\"wp-block-button__link wp-element-button\" href=\"https:\/\/obera.fr\/produits\/depoussiereurs-industriels\/mobiles\/\">Vede\u021bi colectoarele noastre mobile de praf<\/a><\/div>\n<\/div>\n<\/div>\n\n\n\n<div class=\"wp-block-column is-vertically-aligned-center is-layout-flow wp-block-column-is-layout-flow\">\n<div class=\"wp-block-buttons is-horizontal is-content-justification-center is-layout-flex wp-container-core-buttons-is-layout-03627597 wp-block-buttons-is-layout-flex\">\n<div class=\"wp-block-button has-custom-width wp-block-button__width-100\"><a class=\"wp-block-button__link wp-element-button\" href=\"https:\/\/obera.fr\/ro\/contactati-ne\/\">Afl\u0103 mai multe<\/a><\/div>\n<\/div>\n<\/div>\n<\/div>\n","protected":false},"excerpt":{"rendered":"<p>Tratarea aerului industrial este o problem\u0103 major\u0103 pentru s\u0103n\u0103tatea \u0219i siguran\u021ba lucr\u0103torilor \u0219i a mediului. Acest lucru poate fi realizat prin instalarea unui colector de praf fix sau mobil. \u00cen acest articol, ne vom concentra pe avantajele unui sistem mobil de tratare a aerului industrial.  <\/p>\n","protected":false},"author":4,"featured_media":85207,"comment_status":"open","ping_status":"closed","sticky":false,"template":"","format":"standard","meta":{"_acf_changed":false,"_seopress_robots_primary_cat":"none","_seopress_titles_title":"Avantajele unui colector de praf mobil fa\u021b\u0103 de un colector de praf tradi\u021bional","_seopress_titles_desc":"Tratarea aerului industrial este o problem\u0103 major\u0103 pentru s\u0103n\u0103tatea \u0219i siguran\u021ba lucr\u0103torilor \u0219i a mediului. Descoperi\u021bi avantajele unui colector de praf mobil. ","_seopress_robots_index":"","footnotes":""},"categories":[144],"tags":[145],"class_list":["post-42226","post","type-post","status-publish","format-standard","has-post-thumbnail","hentry","category-sfatul-nostru","tag-entete-mic","generate-columns","tablet-grid-50","mobile-grid-100","grid-parent","grid-50","no-featured-image-padding","resize-featured-image"],"acf":[],"_links":{"self":[{"href":"https:\/\/obera.fr\/ro\/wp-json\/wp\/v2\/posts\/42226","targetHints":{"allow":["GET"]}}],"collection":[{"href":"https:\/\/obera.fr\/ro\/wp-json\/wp\/v2\/posts"}],"about":[{"href":"https:\/\/obera.fr\/ro\/wp-json\/wp\/v2\/types\/post"}],"author":[{"embeddable":true,"href":"https:\/\/obera.fr\/ro\/wp-json\/wp\/v2\/users\/4"}],"replies":[{"embeddable":true,"href":"https:\/\/obera.fr\/ro\/wp-json\/wp\/v2\/comments?post=42226"}],"version-history":[{"count":3,"href":"https:\/\/obera.fr\/ro\/wp-json\/wp\/v2\/posts\/42226\/revisions"}],"predecessor-version":[{"id":85361,"href":"https:\/\/obera.fr\/ro\/wp-json\/wp\/v2\/posts\/42226\/revisions\/85361"}],"wp:featuredmedia":[{"embeddable":true,"href":"https:\/\/obera.fr\/ro\/wp-json\/wp\/v2\/media\/85207"}],"wp:attachment":[{"href":"https:\/\/obera.fr\/ro\/wp-json\/wp\/v2\/media?parent=42226"}],"wp:term":[{"taxonomy":"category","embeddable":true,"href":"https:\/\/obera.fr\/ro\/wp-json\/wp\/v2\/categories?post=42226"},{"taxonomy":"post_tag","embeddable":true,"href":"https:\/\/obera.fr\/ro\/wp-json\/wp\/v2\/tags?post=42226"}],"curies":[{"name":"wp","href":"https:\/\/api.w.org\/{rel}","templated":true}]}}