{"id":42441,"date":"2023-04-26T15:38:09","date_gmt":"2023-04-26T13:38:09","guid":{"rendered":"https:\/\/obera.fr\/non-classifiee\/reducerea-tlv-urilor-pentru-praf-incepand-cu-1-iulie-2023\/"},"modified":"2025-04-25T09:48:43","modified_gmt":"2025-04-25T07:48:43","slug":"evolution-des-valeurs-limites-dexposition-des-poussieres","status":"publish","type":"post","link":"https:\/\/obera.fr\/ro\/conseils\/evolution-des-valeurs-limites-dexposition-des-poussieres\/","title":{"rendered":"Reducerea TLV-urilor pentru praf de la 1 iulie 2023"},"content":{"rendered":"\n<p>La 1 ianuarie 2022, <strong>VLE <\/strong>pentru <strong>pulberile considerate a nu avea efecte specifice<\/strong> au fost deja modificate. Cu toate acestea, acestea vor fi reduse din nou, cu scopul de a proteja mai bine s\u0103n\u0103tatea lucr\u0103torilor expu\u0219i la aceste substan\u021be. Prin urmare, de la<strong> 1 iulie 2023<\/strong>, <strong>valorile limit\u0103 de expunere profesional\u0103 (VLEP<\/strong> ) pentru pulberile considerate a nu avea efecte specifice vor fi <strong>reduse <\/strong>\u00een Fran\u021ba.  <\/p>\n\n<p>Pulberile considerate a nu avea efecte specifice sunt pulberi care nu sunt clasificate drept cancerigene, mutagene sau <a href=\"https:\/\/obera.fr\/ro\/sfatul-nostru\/ce-sunt-cmr-urile-si-ce-produse-sunt-cancerigene-mutagene-si-reprotoxice\/\">toxice pentru reproducere (<strong>CMR<\/strong>)<\/a>. Cu toate acestea, acest <strong>lucru nu \u00eenseamn\u0103 c\u0103 sunt inofensive<\/strong> pentru <strong>s\u0103n\u0103tatea<\/strong> lucr\u0103torilor. \u00centr-adev\u0103r, pulberile considerate a nu avea efecte specifice pot provoca <strong>irita\u021bii respiratorii<\/strong> \u0219i<strong> probleme de s\u0103n\u0103tate<\/strong>, cum ar fi <strong>boli pulmonare<\/strong>.  <\/p>\n\n<div class=\"wp-block-buttons is-horizontal is-content-justification-center is-layout-flex wp-container-core-buttons-is-layout-03627597 wp-block-buttons-is-layout-flex\">\n<div class=\"wp-block-button has-custom-width wp-block-button__width-100\"><a class=\"wp-block-button__link wp-element-button\" href=\"https:\/\/obera.fr\/ro\/contactati-ne\/\">Afl\u0103 mai multe<\/a><\/div>\n<\/div>\n\n<figure class=\"wp-block-image alignright size-full is-resized\"><img decoding=\"async\" width=\"500\" height=\"500\" src=\"https:\/\/obera.fr\/wp-content\/uploads\/2024\/09\/vlep.png\" alt=\"semicerc cu diferite culori, de la verde &#xEE;nchis la ro&#x219;u, &#x219;i un ac &#xEE;ndreptat spre o culoare\" class=\"wp-image-33979\" style=\"width:301px;height:auto\" srcset=\"https:\/\/obera.fr\/wp-content\/uploads\/2024\/09\/vlep.png 500w, https:\/\/obera.fr\/wp-content\/uploads\/2024\/09\/vlep-300x300.png 300w, https:\/\/obera.fr\/wp-content\/uploads\/2024\/09\/vlep-150x150.png 150w, https:\/\/obera.fr\/wp-content\/uploads\/2024\/09\/vlep-24x24.png 24w, https:\/\/obera.fr\/wp-content\/uploads\/2024\/09\/vlep-48x48.png 48w, https:\/\/obera.fr\/wp-content\/uploads\/2024\/09\/vlep-96x96.png 96w\" sizes=\"(max-width: 500px) 100vw, 500px\" \/><\/figure>\n\n<h2 class=\"wp-block-heading\">Ce este un VLEP?<\/h2>\n\n<p>O OELV este o valoare <a href=\"https:\/\/obera.fr\/ro\/sfatul-nostru\/ce-este-o-limita-de-expunere-profesionala-sau-oel\/\">limit\u0103 de expunere profesional\u0103<\/a> care define\u0219te concentra\u021bia maxim\u0103 permis\u0103 a unei substan\u021be \u00een aerul respirat de un lucr\u0103tor pe o anumit\u0103 perioad\u0103. OEL sunt utilizate pentru a proteja <strong>s\u0103n\u0103tatea lucr\u0103torilor<\/strong> \u00eempotriva efectelor nocive ale anumitor substan\u021be. <\/p>\n\n<p>Exist\u0103 dou\u0103 tipuri de valori limit\u0103 de expunere profesional\u0103 (OELV):  <\/p>\n\n<h3 class=\"wp-block-heading\">VLEP pe termen scurt<\/h3>\n\n<p>OELV pe termen scurt este o valoare limit\u0103 care determin\u0103 <strong>cantitatea maxim\u0103 a unei substan\u021be<\/strong> la care un lucr\u0103tor poate fi expus pe o perioad\u0103 scurt\u0103, \u00een general 15 minute. Aceast\u0103 valoare limit\u0103 este utilizat\u0103 pentru a proteja lucr\u0103torii \u00eempotriva efectelor imediate ale expunerii la o substan\u021b\u0103, cum ar fi <strong>iritarea sau reac\u021biile alergice<\/strong>. <\/p>\n\n<h3 class=\"wp-block-heading\">VLEP pe termen lung<\/h3>\n\n<p><strong>OELV<\/strong> pe termen lung, pe de alt\u0103 parte, este o valoare limit\u0103 care determin\u0103 <strong>cantitatea maxim\u0103 de substan\u021b\u0103<\/strong> la care un lucr\u0103tor poate fi expus pe o perioad\u0103 mai lung\u0103, \u00een general 8 ore pe zi \u0219i 40 de ore pe s\u0103pt\u0103m\u00e2n\u0103. Aceast\u0103 valoare limit\u0103 este utilizat\u0103 pentru a <strong>proteja lucr\u0103torii \u00eempotriva efectelor pe termen lung <\/strong>ale expunerii la o substan\u021b\u0103, cum ar fi bolile respiratorii sau cancerul. <\/p>\n\n<p>VLEP sunt stabilite de autorit\u0103\u021bile de s\u0103n\u0103tate public\u0103 pentru a proteja s\u0103n\u0103tatea lucr\u0103torilor \u00eempotriva<strong> efectelor nocive ale anumitor substan\u021be<\/strong>. Este important ca angajatorii s\u0103 cunoasc\u0103 <a href=\"https:\/\/obera.fr\/ro\/sfatul-nostru\/care-sunt-riscurile-nerespectarii-vlep\/\">VLEP aplicabile activit\u0103\u021bilor lor<\/a> \u0219i s\u0103 pun\u0103 \u00een aplicare m\u0103surile preventive necesare pentru a asigura <strong>s\u0103n\u0103tatea \u0219i siguran\u021ba lucr\u0103torilor lor<\/strong>. <\/p>\n\n<h2 class=\"wp-block-heading\">Ce \u00eenseamn\u0103 acest lucru?<\/h2>\n\n<p>\u00centreprinderile \u00een cauz\u0103 vor trebui s\u0103 ia m\u0103surile necesare <strong>\u00eenainte de 1 iulie 2023<\/strong> pentru a se asigura c\u0103 lucr\u0103torii lor sunt proteja\u021bi \u00eempotriva efectelor nocive ale acestor pulberi. Acestea pot include punerea \u00een aplicare a unor m\u0103suri preventive, cum ar fi ventilarea,<strong>extrac\u021bia la surs\u0103<\/strong> sau \u00een mediu, furnizarea de<strong>echipamente de protec\u021bie individual\u0103<\/strong>sau limitarea expunerii la praf. <\/p>\n\n<figure class=\"wp-block-image aligncenter size-large is-resized\"><img decoding=\"async\" width=\"1024\" height=\"293\" src=\"https:\/\/obera.fr\/wp-content\/uploads\/2023\/04\/vlep-en-mgm3-1-1024x293.png\" alt=\"Modific&#x103;ri &#xEE;n VLEP iulie 2023\" class=\"wp-image-22450\" style=\"width:768px;height:220px\" srcset=\"https:\/\/obera.fr\/wp-content\/uploads\/2023\/04\/vlep-en-mgm3-1-1024x293.png 1024w, https:\/\/obera.fr\/wp-content\/uploads\/2023\/04\/vlep-en-mgm3-1-300x86.png 300w, https:\/\/obera.fr\/wp-content\/uploads\/2023\/04\/vlep-en-mgm3-1-768x219.png 768w, https:\/\/obera.fr\/wp-content\/uploads\/2023\/04\/vlep-en-mgm3-1.png 1400w\" sizes=\"(max-width: 1024px) 100vw, 1024px\" \/><\/figure>\n\n<div class=\"wp-block-buttons is-horizontal is-content-justification-center is-layout-flex wp-container-core-buttons-is-layout-03627597 wp-block-buttons-is-layout-flex\">\n<div class=\"wp-block-button has-custom-width wp-block-button__width-100\"><a class=\"wp-block-button__link wp-element-button\" href=\"https:\/\/obera.fr\/ro\/contactati-ne\/\">Afl\u0103 mai multe<\/a><\/div>\n<\/div>\n\n<h2 class=\"wp-block-heading\">Cum v\u0103 conforma\u021bi VLEP?<\/h2>\n\n<p>Dispozitivele OberA sunt concepute pentru a <strong>trata aerul din mediu<\/strong> sau direct la surs\u0103 \u0219i pentru a elimina substan\u021bele nocive, pentru a respecta pragurile VLEP \u0219i a proteja s\u0103n\u0103tatea angaja\u021bilor. Aceste dispozitive pot fi utilizate \u00een <strong>diferite tipuri de medii de lucru<\/strong>, cum ar fi ateliere, fabrici, laboratoare etc. <\/p>\n\n<p>Prin respectarea limitelor VLEP, echipamentele OberA contribuie la<strong>\u00eembun\u0103t\u0103\u021birea productivit\u0103\u021bii angaja\u021bilor<\/strong>. Expunerea prelungit\u0103 la substan\u021be nocive poate provoca oboseal\u0103, dureri de cap, irita\u021bii sau dificult\u0103\u021bi de respira\u021bie, care pot avea un impact negativ asupra performan\u021bei lucr\u0103torilor. Prin protejarea s\u0103n\u0103t\u0103\u021bii angaja\u021bilor, dispozitivele OberA contribuie la <strong>\u00eembun\u0103t\u0103\u021birea bun\u0103st\u0103rii \u0219i eficien\u021bei acestora la locul de munc\u0103<\/strong>.  <\/p>\n\n<p>\u00cen cele din urm\u0103, prin respectarea limitelor VLEP, echipamentele OberA<strong>previn \u00eentreruperile de lucru din cauza problemelor de s\u0103n\u0103tate<\/strong> cauzate de expunerea la substan\u021be nocive. Acest lucru contribuie la reducerea costurilor pentru \u00eentreprinderi \u0219i la asigurarea continuit\u0103\u021bii activit\u0103\u021bii. <\/p>\n\n<div class=\"wp-block-buttons is-content-justification-center is-layout-flex wp-container-core-buttons-is-layout-a89b3969 wp-block-buttons-is-layout-flex\">\n<div class=\"wp-block-button\"><a class=\"wp-block-button__link wp-element-button\" href=\"https:\/\/obera.fr\/ro\/produits\/\">Vede\u021bi produsele noastre<\/a><\/div>\n<\/div>\n","protected":false},"excerpt":{"rendered":"<p>\u00cencep\u00e2nd cu 1 ianuarie 2022, TLV pentru pulberile considerate a nu avea efecte specifice au fost deja modificate. Cu toate acestea, acestea vor fi revizuite din nou \u00een sc\u0103dere de la 1 iulie 2023, c\u00e2nd TLV-urile pentru pulberile considerate a nu avea efecte specifice vor fi reduse \u00een Fran\u021ba. <\/p>\n","protected":false},"author":4,"featured_media":89593,"comment_status":"closed","ping_status":"closed","sticky":false,"template":"","format":"standard","meta":{"_acf_changed":false,"_seopress_robots_primary_cat":"1","_seopress_titles_title":"Reducerea TLV-urilor pentru praf de la 1 iulie 2023","_seopress_titles_desc":"De la 1 iulie 2023, TLV-urile pentru pulberile considerate a nu avea efecte specifice vor fi reduse pentru a oferi o mai mare protec\u021bie operatorilor.","_seopress_robots_index":"","footnotes":""},"categories":[144],"tags":[145],"class_list":["post-42441","post","type-post","status-publish","format-standard","has-post-thumbnail","hentry","category-sfatul-nostru","tag-entete-mic","generate-columns","tablet-grid-50","mobile-grid-100","grid-parent","grid-50","no-featured-image-padding","resize-featured-image"],"acf":[],"_links":{"self":[{"href":"https:\/\/obera.fr\/ro\/wp-json\/wp\/v2\/posts\/42441","targetHints":{"allow":["GET"]}}],"collection":[{"href":"https:\/\/obera.fr\/ro\/wp-json\/wp\/v2\/posts"}],"about":[{"href":"https:\/\/obera.fr\/ro\/wp-json\/wp\/v2\/types\/post"}],"author":[{"embeddable":true,"href":"https:\/\/obera.fr\/ro\/wp-json\/wp\/v2\/users\/4"}],"replies":[{"embeddable":true,"href":"https:\/\/obera.fr\/ro\/wp-json\/wp\/v2\/comments?post=42441"}],"version-history":[{"count":4,"href":"https:\/\/obera.fr\/ro\/wp-json\/wp\/v2\/posts\/42441\/revisions"}],"predecessor-version":[{"id":89632,"href":"https:\/\/obera.fr\/ro\/wp-json\/wp\/v2\/posts\/42441\/revisions\/89632"}],"wp:featuredmedia":[{"embeddable":true,"href":"https:\/\/obera.fr\/ro\/wp-json\/wp\/v2\/media\/89593"}],"wp:attachment":[{"href":"https:\/\/obera.fr\/ro\/wp-json\/wp\/v2\/media?parent=42441"}],"wp:term":[{"taxonomy":"category","embeddable":true,"href":"https:\/\/obera.fr\/ro\/wp-json\/wp\/v2\/categories?post=42441"},{"taxonomy":"post_tag","embeddable":true,"href":"https:\/\/obera.fr\/ro\/wp-json\/wp\/v2\/tags?post=42441"}],"curies":[{"name":"wp","href":"https:\/\/api.w.org\/{rel}","templated":true}]}}