{"id":42588,"date":"2023-04-25T16:45:46","date_gmt":"2023-04-25T14:45:46","guid":{"rendered":"https:\/\/obera.fr\/non-classifiee\/care-sunt-beneficiile-unui-purificator-de-aer-asupra-facturilor-de-energie\/"},"modified":"2025-04-23T09:01:56","modified_gmt":"2025-04-23T07:01:56","slug":"les-avantages-de-la-purification-dair-sur-vos-factures-energetiques","status":"publish","type":"post","link":"https:\/\/obera.fr\/ro\/sfatul-nostru\/les-avantages-de-la-purification-dair-sur-vos-factures-energetiques\/","title":{"rendered":"Care sunt beneficiile unui purificator de aer asupra facturilor dvs. de energie?"},"content":{"rendered":"\n<p><strong>Stratificarea <\/strong>aerului \u00een spa\u021biile industriale poate duce la pierderi semnificative de c\u0103ldur\u0103, la o calitate slab\u0103 a aerului \u0219i la lipsa confortului pentru lucr\u0103tori. <strong>Detratificarea <\/strong>aerului presupune amestecarea aerului cald cu cel rece pentru a uniformiza temperatura \u00een \u00eenc\u0103pere, reduc\u00e2nd astfel pierderile de c\u0103ldur\u0103 \u0219i limit\u00e2nd consumul de \u00eenc\u0103lzire \u0219i aer condi\u021bionat. La OberA, <strong>purificatoarele de aer industriale<\/strong> permit ca aceast\u0103 destratificare s\u0103 fie realizat\u0103 economic \u0219i eficient, elimin\u00e2nd \u00een acela\u0219i timp particulele de praf, gazele \u0219i mirosurile, cre\u00e2nd un mediu de lucru mai s\u0103n\u0103tos \u0219i mai sigur pentru lucr\u0103tori. V\u0103 vom explica mai detaliat acest lucru \u00een articolul de mai jos.   <\/p>\n\n<div class=\"wp-block-buttons is-horizontal is-content-justification-center is-layout-flex wp-container-core-buttons-is-layout-03627597 wp-block-buttons-is-layout-flex\">\n<div class=\"wp-block-button has-custom-width wp-block-button__width-100\"><a class=\"wp-block-button__link wp-element-button\" href=\"https:\/\/obera.fr\/ro\/contactati-ne\/\">Afl\u0103 mai multe<\/a><\/div>\n<\/div>\n\n<h2 class=\"wp-block-heading\">Ce este stratificarea aerului?<\/h2>\n\n<p><strong>Stratificarea <\/strong>aerului este un fenomen comun \u00een spa\u021biile industriale \u00een care aerul este \u00eenc\u0103lzit. Se manifest\u0103 prin formarea unor straturi de aer cald \u00een partea superioar\u0103 a \u00eenc\u0103perii \u0219i de aer rece \u00een partea inferioar\u0103, cre\u00e2nd<strong> diferen\u021be semnificative de temperatur\u0103<\/strong>. Aceast\u0103 stratificare poate duce la pierderi semnificative de c\u0103ldur\u0103, la lipsa confortului pentru lucr\u0103tori \u0219i la o <a href=\"https:\/\/obera.fr\/conseils\/qualite-l-air-interieur-critere-essentiel-industrie\/\">calitate slab\u0103 a aerului<\/a>.  <\/p>\n\n<figure class=\"wp-block-image aligncenter size-medium is-resized\"><img decoding=\"async\" width=\"300\" height=\"300\" src=\"https:\/\/obera.fr\/wp-content\/uploads\/2023\/04\/sans-titre-2023-04-25t154307.808-300x300.png\" alt=\"Stratificarea aerului\" class=\"wp-image-21980\" style=\"width:225px;height:225px\" srcset=\"https:\/\/obera.fr\/wp-content\/uploads\/2023\/04\/sans-titre-2023-04-25t154307.808-300x300.png 300w, https:\/\/obera.fr\/wp-content\/uploads\/2023\/04\/sans-titre-2023-04-25t154307.808-150x150.png 150w, https:\/\/obera.fr\/wp-content\/uploads\/2023\/04\/sans-titre-2023-04-25t154307.808.png 700w\" sizes=\"(max-width: 300px) 100vw, 300px\" \/><\/figure>\n\n<h2 class=\"wp-block-heading\">Ce este destratificarea aerului?<\/h2>\n\n<p><strong>Detratificarea <\/strong>aerului presupune amestecarea aerului cald cu cel rece pentru a<strong> uniformiza temperatura \u00een \u00eenc\u0103pere<\/strong>. Aceast\u0103 tehnic\u0103 reduce pierderile de c\u0103ldur\u0103, promoveaz\u0103 circula\u021bia aerului \u0219i creeaz\u0103 un mediu de lucru mai confortabil pentru angaja\u021bi. \u00cen plus, destratificarea aerului <a href=\"https:\/\/obera.fr\/conseils\/industriels-des-solutions-pour-faire-des-economies-denergie\/\">reduce costurile cu energia<\/a> prin limitarea necesarului de \u00eenc\u0103lzire.  <\/p>\n\n<figure class=\"wp-block-image aligncenter size-medium is-resized\"><img decoding=\"async\" width=\"300\" height=\"300\" src=\"https:\/\/obera.fr\/wp-content\/uploads\/2023\/04\/sans-titre-76-300x300.jpg\" alt=\"destratificarea aerului\" class=\"wp-image-21984\" style=\"width:225px;height:225px\" srcset=\"https:\/\/obera.fr\/wp-content\/uploads\/2023\/04\/sans-titre-76-300x300.jpg 300w, https:\/\/obera.fr\/wp-content\/uploads\/2023\/04\/sans-titre-76-150x150.jpg 150w, https:\/\/obera.fr\/wp-content\/uploads\/2023\/04\/sans-titre-76.jpg 700w\" sizes=\"(max-width: 300px) 100vw, 300px\" \/><\/figure>\n\n<h2 class=\"wp-block-heading\">Care sunt avantajele destratific\u0103rii aerului \u00een mediile industriale?<\/h2>\n\n<p>\u00centr-un mediu industrial, avantajele destratific\u0103rii sunt numeroase. \u00cen primul r\u00e2nd, aceasta ajut\u0103 la <strong>men\u021binerea unei temperaturi constante<\/strong> \u00een spa\u021biile de lucru, ceea ce <strong>\u00eembun\u0103t\u0103\u021be\u0219te confortul \u0219i productivitatea lucr\u0103torilor<\/strong>. De asemenea, destratificarea aerului contribuie la <strong>reducerea costurilor energetice <\/strong>prin limitarea consumului de \u00eenc\u0103lzire \u0219i aer condi\u021bionat.  <\/p>\n\n<p>Reamintim c\u0103 ADEME recomand\u0103 reducerea temperaturii de \u00eenc\u0103lzire cu 1\u00b0C pentru a <strong>face economii semnificative de energie<\/strong>. De fapt, fiecare grad \u00een minus reduce consumul de \u00eenc\u0103lzire cu 7%. Prin urmare, aceast\u0103 m\u0103sur\u0103 simpl\u0103 \u0219i eficient\u0103 poate duce la economii semnificative de energie \u0219i poate contribui la combaterea schimb\u0103rilor climatice.  <\/p>\n\n<h2 class=\"wp-block-heading\">Ce pot face pentru spa\u021biul meu de lucru sau sala de logistic\u0103?  <\/h2>\n\n<div class=\"wp-block-columns is-layout-flex wp-container-core-columns-is-layout-28f84493 wp-block-columns-is-layout-flex\">\n<div class=\"wp-block-column is-vertically-aligned-center is-layout-flow wp-block-column-is-layout-flow\" style=\"flex-basis:66.66%\">\n<p>La OberA, oferim <a href=\"https:\/\/obera.fr\/ro\/produits\/purificateurs-air\/\" data-type=\"page\" data-id=\"26\">purificatoarele noastre de aer industriale<\/a>, care <strong>destratific\u0103 eficient \u0219i economic aerul<\/strong>. Acestea sunt echipate cu un sistem de aspira\u021bie puternic care colecteaz\u0103 aerul cald din partea superioar\u0103 a \u00eenc\u0103perii \u0219i \u00eel aduce \u00eenapoi \u00een jos, unde este amestecat cu aerul rece. Aceast\u0103 tehnic\u0103 reduce diferen\u021bele de temperatur\u0103 \u0219i<strong>\u00eembun\u0103t\u0103\u021be\u0219te calitatea aerului<\/strong>.  <\/p>\n\n\n\n<p>Purificatoarele noastre de aer industrial ofer\u0103 \u0219i alte beneficii \u00een plus fa\u021b\u0103 de <strong>destratificarea aerului<\/strong>. Acestea elimin\u0103 particulele de praf, gazele \u0219i mirosurile, cre\u00e2nd un mediu de lucru mai s\u0103n\u0103tos \u0219i mai sigur pentru lucr\u0103tori. \u00cen plus, purificatoarele noastre de aer industrial sunt<strong> eficiente din punct de vedere energetic<\/strong>, astfel \u00eenc\u00e2t pute\u021bi reduce consumul de energie \u0219i prelungi durata de via\u021b\u0103 a echipamentelor din halele \u0219i atelierele dvs.  <\/p>\n<\/div>\n\n\n\n<div class=\"wp-block-column is-vertically-aligned-center is-layout-flow wp-block-column-is-layout-flow\" style=\"flex-basis:33.33%\">\n<figure class=\"wp-block-image aligncenter size-medium is-resized\"><a href=\"https:\/\/obera.fr\/produits\/purificateurs-air\/industriel-epur\/\"><img decoding=\"async\" width=\"300\" height=\"300\" src=\"https:\/\/obera.fr\/wp-content\/uploads\/2023\/05\/gamme-de-purificateur-dair-epur-garantie-300x300.png\" alt=\"gama de purificatoare de aer epur garantat&#x103;\" class=\"wp-image-22613\" style=\"width:225px;height:225px\" srcset=\"https:\/\/obera.fr\/wp-content\/uploads\/2023\/05\/gamme-de-purificateur-dair-epur-garantie-300x300.png 300w, https:\/\/obera.fr\/wp-content\/uploads\/2023\/05\/gamme-de-purificateur-dair-epur-garantie-150x150.png 150w, https:\/\/obera.fr\/wp-content\/uploads\/2023\/05\/gamme-de-purificateur-dair-epur-garantie.png 600w\" sizes=\"(max-width: 300px) 100vw, 300px\" \/><\/a><\/figure>\n<\/div>\n<\/div>\n\n<div class=\"wp-block-buttons is-horizontal is-content-justification-center is-layout-flex wp-container-core-buttons-is-layout-03627597 wp-block-buttons-is-layout-flex\">\n<div class=\"wp-block-button has-custom-width wp-block-button__width-100\"><a class=\"wp-block-button__link wp-element-button\" href=\"https:\/\/obera.fr\/ro\/contactati-ne\/\">Afl\u0103 mai multe<\/a><\/div>\n<\/div>\n\n<h2 class=\"wp-block-heading\">Concluzie<\/h2>\n\n<p>\u00cen concluzie, destratificarea aerului este o <strong>tehnic\u0103 eficient\u0103 pentru reducerea costurilor energetice<\/strong>, \u00eembun\u0103t\u0103\u021birea confortului lucr\u0103torilor \u0219i promovarea circula\u021biei aerului \u00een spa\u021biile industriale. Purificatoarele de aer industrial OberA sunt solu\u021bii eficiente pentru a realiza aceast\u0103 <strong>destratificare \u00een mod economic<\/strong>\u0219i cu beneficii suplimentare \u00een ceea ce prive\u0219te calitatea aerului \u0219i eficien\u021ba energetic\u0103. <\/p>\n","protected":false},"excerpt":{"rendered":"<p>Purificarea aerului \u00een mediile industriale prezint\u0103 multe avantaje, dar a\u021bi auzit vreodat\u0103 de destratificarea aerului? Acest fenomen amestec\u0103 aerul cald din partea superioar\u0103 a cl\u0103dirii cu aerul proasp\u0103t din partea inferioar\u0103, oferind un spa\u021biu de lucru s\u0103n\u0103tos \u0219i confortabil \u0219i reduc\u00e2nd costurile cu energia.   <\/p>\n","protected":false},"author":4,"featured_media":85351,"comment_status":"closed","ping_status":"closed","sticky":false,"template":"","format":"standard","meta":{"_acf_changed":false,"_seopress_robots_primary_cat":"none","_seopress_titles_title":"Care sunt beneficiile unui purificator de aer asupra facturilor dumneavoastr\u0103?","_seopress_titles_desc":"\u00cen acest articol, descoperi\u021bi beneficiile destratific\u0103rii aerului asupra costurilor dvs. de energie datorit\u0103 purific\u0103rii industriale a aerului.","_seopress_robots_index":"","footnotes":""},"categories":[144],"tags":[145],"class_list":["post-42588","post","type-post","status-publish","format-standard","has-post-thumbnail","hentry","category-sfatul-nostru","tag-entete-mic","generate-columns","tablet-grid-50","mobile-grid-100","grid-parent","grid-50","no-featured-image-padding","resize-featured-image"],"acf":[],"_links":{"self":[{"href":"https:\/\/obera.fr\/ro\/wp-json\/wp\/v2\/posts\/42588","targetHints":{"allow":["GET"]}}],"collection":[{"href":"https:\/\/obera.fr\/ro\/wp-json\/wp\/v2\/posts"}],"about":[{"href":"https:\/\/obera.fr\/ro\/wp-json\/wp\/v2\/types\/post"}],"author":[{"embeddable":true,"href":"https:\/\/obera.fr\/ro\/wp-json\/wp\/v2\/users\/4"}],"replies":[{"embeddable":true,"href":"https:\/\/obera.fr\/ro\/wp-json\/wp\/v2\/comments?post=42588"}],"version-history":[{"count":3,"href":"https:\/\/obera.fr\/ro\/wp-json\/wp\/v2\/posts\/42588\/revisions"}],"predecessor-version":[{"id":85699,"href":"https:\/\/obera.fr\/ro\/wp-json\/wp\/v2\/posts\/42588\/revisions\/85699"}],"wp:featuredmedia":[{"embeddable":true,"href":"https:\/\/obera.fr\/ro\/wp-json\/wp\/v2\/media\/85351"}],"wp:attachment":[{"href":"https:\/\/obera.fr\/ro\/wp-json\/wp\/v2\/media?parent=42588"}],"wp:term":[{"taxonomy":"category","embeddable":true,"href":"https:\/\/obera.fr\/ro\/wp-json\/wp\/v2\/categories?post=42588"},{"taxonomy":"post_tag","embeddable":true,"href":"https:\/\/obera.fr\/ro\/wp-json\/wp\/v2\/tags?post=42588"}],"curies":[{"name":"wp","href":"https:\/\/api.w.org\/{rel}","templated":true}]}}