{"id":42621,"date":"2023-04-18T10:16:57","date_gmt":"2023-04-18T08:16:57","guid":{"rendered":"https:\/\/obera.fr\/non-classifiee\/ar-trebui-sa-optez-pentru-racirea-adiabatica-in-spatii-mari-in-timpul-valurilor-de-caldura\/"},"modified":"2025-04-25T09:53:45","modified_gmt":"2025-04-25T07:53:45","slug":"le-rafraichissement-adiabatique-un-coefficient-de-performance-thermique-inegale-pour-les-grands-volumes","status":"publish","type":"post","link":"https:\/\/obera.fr\/ro\/sfatul-nostru\/le-rafraichissement-adiabatique-un-coefficient-de-performance-thermique-inegale-pour-les-grands-volumes\/","title":{"rendered":"Odorizante de mare volum: criterii de selec\u021bie \u0219i ghid de cump\u0103rare"},"content":{"rendered":"\n<div class=\"wp-block-columns is-layout-flex wp-container-core-columns-is-layout-28f84493 wp-block-columns-is-layout-flex\">\n<div class=\"wp-block-column is-layout-flow wp-block-column-is-layout-flow\" style=\"flex-basis:66.66%\">\n<p><strong> R\u0103citoarele de aer cu volum mare<\/strong> sunt ideale pentru men\u021binerea unei temperaturi pl\u0103cute \u00een spa\u021bii mari precum ateliere, hangare, depozite, magazine \u0219i s\u0103li de sport. Concepute pentru a r\u0103ci eficient aceste spa\u021bii mari, aceste unit\u0103\u021bi utilizeaz\u0103 principiul evapor\u0103rii apei, o metod\u0103 natural\u0103 care este at\u00e2t ecologic\u0103, c\u00e2t \u0219i eficient\u0103 din punct de vedere energetic. Alegerea modelului depinde \u00een principal de dimensiunea \u00eenc\u0103perii care urmeaz\u0103 s\u0103 fie r\u0103cit\u0103, dar <strong>trebuie luate \u00een considerare \u0219i o serie de alte criterii<\/strong>. Alegerea r\u0103citorului potrivit este esen\u021bial\u0103 pentru a garanta condi\u021bii de lucru confortabile, men\u021bin\u00e2nd \u00een acela\u0219i timp costurile energetice sub control. Acest articol v\u0103<strong>va ajuta s\u0103 alege\u021bi r\u0103citorul de aer<\/strong> potrivit pentru un volum mare.    <\/p>\n<\/div>\n\n\n\n<div class=\"wp-block-column is-layout-flow wp-block-column-is-layout-flow\" style=\"flex-basis:33.33%\">\n<figure class=\"wp-block-image aligncenter size-large is-resized\"><img decoding=\"async\" width=\"1024\" height=\"1024\" src=\"https:\/\/obera.fr\/wp-content\/uploads\/2025\/02\/9-1024x1024.png\" alt=\"9\" class=\"wp-image-67897\" style=\"width:266px;height:auto\" srcset=\"https:\/\/obera.fr\/wp-content\/uploads\/2025\/02\/9-1024x1024.png 1024w, https:\/\/obera.fr\/wp-content\/uploads\/2025\/02\/9-300x300.png 300w, https:\/\/obera.fr\/wp-content\/uploads\/2025\/02\/9-150x150.png 150w, https:\/\/obera.fr\/wp-content\/uploads\/2025\/02\/9-768x768.png 768w, https:\/\/obera.fr\/wp-content\/uploads\/2025\/02\/9.png 1200w\" sizes=\"(max-width: 1024px) 100vw, 1024px\" \/><\/figure>\n<\/div>\n<\/div>\n\n<h2 class=\"wp-block-heading\">Cum func\u021bioneaz\u0103 r\u0103citoarele de aer<\/h2>\n\n<div class=\"wp-block-columns is-layout-flex wp-container-core-columns-is-layout-28f84493 wp-block-columns-is-layout-flex\">\n<div class=\"wp-block-column is-layout-flow wp-block-column-is-layout-flow\" style=\"flex-basis:50%\">\n<h3 class=\"wp-block-heading\">R\u0103cirea prin evaporarea apei<\/h3>\n\n\n\n<p><a href=\"https:\/\/obera.fr\/conseils\/comment-fonctionne-un-rafraichisseur-adiabatique\/\">R\u0103citorul de aer func\u021bioneaz\u0103 pe principiul evapor\u0103rii apei<\/a>, un proces termodinamic care permite sc\u0103derea natural\u0103 \u0219i eficient\u0103 a temperaturii aerului ambiental. R\u0103citorul extrage aerul cald din camer\u0103 cu ajutorul unui ventilator puternic, apoi \u00eel trece printr-un mediu \u00eembibat cu ap\u0103.   <\/p>\n\n\n\n<p><\/p>\n\n\n\n<p>La contactul cu aerul cald, apa se evapor\u0103, absorbind c\u0103ldura \u0219i r\u0103cind aerul \u00eenainte ca acesta s\u0103 fie eliberat \u00een \u00eenc\u0103pere. <strong>R\u0103citorul de aer este adiabatic \u0219i ofer\u0103 mai multe viteze <\/strong>pentru reglarea fluxului de aer, asigur\u00e2nd o r\u0103cire optim\u0103 \u00eentr-un interval scurt de timp. <\/p>\n<\/div>\n\n\n\n<div class=\"wp-block-column is-layout-flow wp-block-column-is-layout-flow\" style=\"flex-basis:50%\">\n<figure class=\"wp-block-embed is-type-video is-provider-youtube wp-block-embed-youtube wp-embed-aspect-16-9 wp-has-aspect-ratio\"><div class=\"wp-block-embed__wrapper\">\n<iframe title=\"Rafraichisseur d&#039;air - Gamme IC - OberA\" width=\"1200\" height=\"675\" src=\"https:\/\/www.youtube.com\/embed\/NG-Ssy2oM70?feature=oembed\" frameborder=\"0\" allow=\"accelerometer; autoplay; clipboard-write; encrypted-media; gyroscope; picture-in-picture; web-share\" referrerpolicy=\"strict-origin-when-cross-origin\" allowfullscreen><\/iframe>\n<\/div><\/figure>\n<\/div>\n\n\n\n<div class=\"wp-block-column is-layout-flow wp-block-column-is-layout-flow\"><\/div>\n<\/div>\n\n<h3 class=\"wp-block-heading\">Avantajele unui r\u0103citor evaporativ fa\u021b\u0103 de un aparat de aer condi\u021bionat<\/h3>\n\n<p><a href=\"https:\/\/obera.fr\/ro\/sfatul-nostru\/eficienta-odorizante-de-aer\/\">R\u0103citoarele de aer sunt deosebit de eficiente<\/a> atunci c\u00e2nd temperatura exterioar\u0103 este ridicat\u0103 \u0219i aerul este uscat. Spre deosebire de aparatele de aer condi\u021bionat tradi\u021bionale, performan\u021ba lor cre\u0219te odat\u0103 cu c\u0103ldura \u0219i usc\u0103ciunea, asigur\u00e2nd o r\u0103cire optim\u0103 \u00een mediile industriale. <\/p>\n\n<p><\/p>\n\n<p>De asemenea, sunt mai ecologice, deoarece nu emit gaze refrigerante \u0219i consum\u0103 pu\u021bin\u0103 energie. Sunt mai economice dec\u00e2t aparatele de aer condi\u021bionat, cu un <strong>pre\u021b de achizi\u021bie mai mic \u0219i f\u0103r\u0103 costuri de instalare<\/strong>. \u00cen plus, sunt u\u0219or \u0219i ieftin de \u00eentre\u021binut, neav\u00e2nd nevoie de unelte specializate sau competen\u021be tehnice, ceea ce reduce timpul necesar pentru \u00eentre\u021binere.  <\/p>\n\n<p><\/p>\n\n<p>Un r\u0103citor evaporativ asigur\u0103 o <a href=\"https:\/\/obera.fr\/ro\/sfatul-nostru\/rafraichisseur-air-basse-temperature\/\">reducere semnificativ\u0103 a temperaturii<\/a>, de la 4 la 12\u00b0C, f\u0103r\u0103 a<strong> provoca stres termic<\/strong> sau senza\u021bie de frig excesiv, dezavantaje adesea asociate cu aerul condi\u021bionat. \u00cen plus, aerul r\u0103m\u00e2ne pl\u0103cut umed, prevenind deshidratarea \u0219i disconfortul asociat cu aerul prea uscat, un alt dezavantaj adesea asociat cu aerul condi\u021bionat. <strong>Filtrele integrate \u0219i lampa UV asigur\u0103, de asemenea, o mai bun\u0103 igien\u0103 a aerului<\/strong>.  <\/p>\n\n<p><\/p>\n\n<p>\u00cen cele din urm\u0103, datorit\u0103 configura\u021biei lor mobile, r\u0103citoarele evaporative sunt ideale pentru r\u0103cirea zonelor din apropierea sta\u021biilor de lucru, a ma\u0219inilor sau a serverelor, prevenind <strong>riscul supra\u00eenc\u0103lzirii echipamentelor<\/strong> \u0219i \u00eembun\u0103t\u0103\u021bind \u00een acela\u0219i timp confortul operatorului. Cu toate acestea, eficien\u021ba lor depinde de dimensionarea corect\u0103 a aparatului \u0219i de timpul necesar pentru a atinge temperatura dorit\u0103. <\/p>\n\n<figure class=\"wp-block-image aligncenter size-large is-resized\"><img decoding=\"async\" width=\"1024\" height=\"1024\" src=\"https:\/\/obera.fr\/wp-content\/uploads\/2025\/01\/image-avantages-1024x1024.jpg\" alt=\"avantaje de imagine\" class=\"wp-image-57732\" style=\"width:130px;height:auto\" srcset=\"https:\/\/obera.fr\/wp-content\/uploads\/2025\/01\/image-avantages-1024x1024.jpg 1024w, https:\/\/obera.fr\/wp-content\/uploads\/2025\/01\/image-avantages-300x300.jpg 300w, https:\/\/obera.fr\/wp-content\/uploads\/2025\/01\/image-avantages-150x150.jpg 150w, https:\/\/obera.fr\/wp-content\/uploads\/2025\/01\/image-avantages-768x768.jpg 768w, https:\/\/obera.fr\/wp-content\/uploads\/2025\/01\/image-avantages-400x400.jpg 400w, https:\/\/obera.fr\/wp-content\/uploads\/2025\/01\/image-avantages-600x600.jpg 600w, https:\/\/obera.fr\/wp-content\/uploads\/2025\/01\/image-avantages.jpg 1200w\" sizes=\"(max-width: 1024px) 100vw, 1024px\" \/><\/figure>\n\n<h3 class=\"wp-block-heading\">\u00cen ce tipuri de cl\u0103diri poate fi utilizat r\u0103citorul de aer adiabatic?<\/h3>\n\n<p>R\u0103citoarele de aer industriale sunt potrivite \u00een special pentru \u00eenc\u0103peri bine ventilate sau deschise spre exterior. Acestea sunt ideale pentru spa\u021bii mari \u0219i nu sunt recomandate pentru \u00eenc\u0103peri mici, \u00eenchise. <strong>Acest lucru<\/strong> le <strong>face ideale pentru o varietate de sectoare<\/strong>, inclusiv industria auto, metalurgic\u0103, chimic\u0103 \u0219i tipografic\u0103, unde r\u0103cirea eficient\u0103 \u0219i rentabil\u0103 este esen\u021bial\u0103. De asemenea, acestea sunt utilizate pe scar\u0103 larg\u0103 \u00een medii comerciale \u0219i de v\u00e2nzare cu am\u0103nuntul, precum \u0219i \u00een s\u0103li de sport, oferind o <strong>solu\u021bie de r\u0103cire de \u00eenalt\u0103 performan\u021b\u0103<\/strong> \u00een aceste medii.   <\/p>\n\n<h2 class=\"wp-block-heading\">Criterii de selec\u021bie pentru un r\u0103citor de aer cu volum mare<\/h2>\n\n<p>Iat\u0103 principalele criterii de care trebuie s\u0103 \u021bine\u021bi cont atunci c\u00e2nd cump\u0103ra\u021bi un r\u0103citor de aer industrial:<\/p>\n\n<ul class=\"wp-block-list\">\n<li>Capacitatea debitului de aer<\/li>\n<\/ul>\n\n<p>Un r\u0103citor trebuie s\u0103 ofere un<strong> debit de aer adaptat la suprafa\u021ba spa\u021biului care urmeaz\u0103 s\u0103 fie r\u0103cit.<\/strong> Un aparat puternic va asigura distribuirea uniform\u0103 \u0219i eficient\u0103 a aerului rece, optimiz\u00e2nd confortul utilizatorului. Pentru un atelier sau un depozit de 100-200 m\u00b2, se recomand\u0103 un r\u0103citor cu un debit de aer de 10.000-20.000 m\u00b3\/h. Pentru suprafe\u021be mai mari de peste 500 m\u00b2, un model cu un debit de aer de 30.000 m\u00b3\/h sau mai mult va fi mai eficient.  <\/p>\n\n<ul class=\"wp-block-list\">\n<li>Dimensiunea rezervorului de ap\u0103<\/li>\n<\/ul>\n\n<p>Capacitatea rezervorului de ap\u0103 are un impact direct asupra autonomiei aparatului. Cu c\u00e2t capacitatea acestuia este mai mare, cu at\u00e2t poate fi utilizat mai mult timp f\u0103r\u0103 a fi nevoie de reumplere frecvent\u0103. Un rezervor de 50 p\u00e2n\u0103 la 100 de litri asigur\u0103 \u00eentre 4 \u0219i 8 ore de utilizare continu\u0103. <strong>Modelele industriale concepute pentru spa\u021bii foarte mari<\/strong> pot con\u021bine p\u00e2n\u0103 la 300 de litri, reduc\u00e2nd frecven\u021ba re\u00eenc\u0103rc\u0103rilor.   <\/p>\n\n<ul class=\"wp-block-list\">\n<li>Nivelul de zgomot<\/li>\n<\/ul>\n\n<p>R\u0103citoarele de aer industriale sunt adesea apreciate pentru func\u021bionarea lor silen\u021bioas\u0103. Spre deosebire de aparatele de aer condi\u021bionat, care au un compresor zgomotos, aceste unit\u0103\u021bi se bazeaz\u0103 pe un <strong>sistem de ventila\u021bie silen\u021bios<\/strong>, \u00een general \u00eentre 50 \u0219i 65 dB, \u00een func\u021bie de puterea selectat\u0103. Un model de 15.000 m\u00b3\/h va produce o medie de 55 dB, echivalentul unei conversa\u021bii normale.  <\/p>\n\n<ul class=\"wp-block-list\">\n<li>Mobilitate \u0219i u\u0219urin\u021b\u0103 \u00een utilizare<\/li>\n<\/ul>\n\n<p>Un model mobil ofer\u0103 o mai mare flexibilitate de utilizare. Cu ro\u021bi robuste \u0219i greut\u0103\u021bi cuprinse \u00eentre 30 \u0219i 80 kg, \u00een func\u021bie de capacitate, r\u0103citoarele pot fi mutate cu u\u0219urin\u021b\u0103 dintr-o loca\u021bie \u00een alta. <strong>Unele produse includ o telecomand\u0103 \u0219i viteze reglabile ale ventilatorului<\/strong> pentru un confort sporit. Instalarea \u0219i pornirea sunt \u00een general rapide, reduc\u00e2nd timpul \u00eenainte de utilizare.  <\/p>\n\n<ul class=\"wp-block-list\">\n<li>Consumul de energie<\/li>\n<\/ul>\n\n<p>Un <a href=\"https:\/\/obera.fr\/ro\/sfatul-nostru\/les-avantages-du-rafraichissement-adiabatique-dominent-largement-ses-inconvenients\/\">r\u0103citor de aer industrial este mult mai economic<\/a> dec\u00e2t un aparat de aer condi\u021bionat. Puterea sa variaz\u0103 \u00een general \u00eentre 200 \u0219i 2.000 W, \u00een func\u021bie de dimensiunea aparatului. Necesarul s\u0103u redus de energie \u00eel transform\u0103 \u00eentr-o solu\u021bie ideal\u0103 pentru r\u0103cirea eficient\u0103 a spa\u021biilor mari, f\u0103r\u0103 a cre\u0219te factura de electricitate. Prin compara\u021bie, un aparat <strong>de aer condi\u021bionat industrial<\/strong> echivalent va necesita de 5 p\u00e2n\u0103 la 10 ori mai mult\u0103 energie.   <\/p>\n\n<figure class=\"wp-block-image aligncenter size-large is-resized\"><img decoding=\"async\" width=\"1024\" height=\"1024\" src=\"https:\/\/obera.fr\/wp-content\/uploads\/2025\/03\/conseil-raf-1024x1024.png\" alt=\"sfaturi raf\" class=\"wp-image-77456\" style=\"width:182px;height:auto\" srcset=\"https:\/\/obera.fr\/wp-content\/uploads\/2025\/03\/conseil-raf-1024x1024.png 1024w, https:\/\/obera.fr\/wp-content\/uploads\/2025\/03\/conseil-raf-300x300.png 300w, https:\/\/obera.fr\/wp-content\/uploads\/2025\/03\/conseil-raf-150x150.png 150w, https:\/\/obera.fr\/wp-content\/uploads\/2025\/03\/conseil-raf-768x768.png 768w, https:\/\/obera.fr\/wp-content\/uploads\/2025\/03\/conseil-raf.png 1200w\" sizes=\"(max-width: 1024px) 100vw, 1024px\" \/><\/figure>\n\n<h2 class=\"wp-block-heading\">Produsele noastre Obera: o gam\u0103 complet\u0103 de odorizante de aer industriale<\/h2>\n\n<p>Obera ofer\u0103 o gam\u0103 larg\u0103 de r\u0103citoare de aer silen\u021bioase concepute pentru r\u0103cirea spa\u021biilor mari cu cerin\u021be intensive de r\u0103cire.<\/p>\n\n<figure class=\"wp-block-table\"><table class=\"has-fixed-layout\"><tbody><tr><td><\/td><td class=\"has-text-align-center\" data-align=\"center\" colspan=\"3\"><strong>R\u0103citor mobil<\/strong><\/td><\/tr><tr><td><strong>Produs<\/strong><\/td><td class=\"has-text-align-center\" data-align=\"center\"><strong>IC12<\/strong><\/td><td class=\"has-text-align-center\" data-align=\"center\"><strong>IC22<\/strong><\/td><td class=\"has-text-align-center\" data-align=\"center\"><strong>IC30<\/strong><\/td><\/tr><tr><td>Suprafa\u021ba de r\u0103cire<\/td><td class=\"has-text-align-center\" data-align=\"center\">80 p\u00e2n\u0103 la 150 m\u00b2 de suprafa\u021b\u0103<\/td><td class=\"has-text-align-center\" data-align=\"center\">150 p\u00e2n\u0103 la 250 m\u00b2 de suprafa\u021b\u0103<\/td><td class=\"has-text-align-center\" data-align=\"center\">200 p\u00e2n\u0103 la 400 m\u00b2 de suprafa\u021b\u0103<\/td><\/tr><tr><td>Debitul de aer<\/td><td class=\"has-text-align-center\" data-align=\"center\">12,000<sup>m3\/h<\/sup><\/td><td class=\"has-text-align-center\" data-align=\"center\">22,000<sup>m3\/h<\/sup><\/td><td class=\"has-text-align-center\" data-align=\"center\">30,000<sup>m3\/h<\/sup><\/td><\/tr><tr><td>Vitezele ventilatorului<\/td><td class=\"has-text-align-center\" data-align=\"center\">3  <\/td><td class=\"has-text-align-center\" data-align=\"center\">3  <\/td><td class=\"has-text-align-center\" data-align=\"center\">3<\/td><\/tr><tr><td>Nivel redus de zgomot<\/td><td class=\"has-text-align-center\" data-align=\"center\">54 p\u00e2n\u0103 la 63 decibeli<\/td><td class=\"has-text-align-center\" data-align=\"center\">58 p\u00e2n\u0103 la 68 decibeli<\/td><td class=\"has-text-align-center\" data-align=\"center\">66 p\u00e2n\u0103 la 70 decibeli<\/td><\/tr><tr><td>Rezervor de ap\u0103<\/td><td class=\"has-text-align-center\" data-align=\"center\">70 L<\/td><td class=\"has-text-align-center\" data-align=\"center\">130 L<\/td><td class=\"has-text-align-center\" data-align=\"center\">280 L<\/td><\/tr><tr><td>Greutatea la tarare<\/td><td class=\"has-text-align-center\" data-align=\"center\">43 kg<\/td><td class=\"has-text-align-center\" data-align=\"center\">50 kg<\/td><td class=\"has-text-align-center\" data-align=\"center\">110 kg<\/td><\/tr><tr><td>Putere  <\/td><td class=\"has-text-align-center\" data-align=\"center\">440 W<\/td><td class=\"has-text-align-center\" data-align=\"center\">640 W<\/td><td class=\"has-text-align-center\" data-align=\"center\">850 W<\/td><\/tr><\/tbody><\/table><\/figure>\n\n<h2 class=\"wp-block-heading\">Alegerea r\u0103citorului de aer potrivit pentru spa\u021biile dvs. mari<\/h2>\n\n<p>Pentru a <strong>alege r\u0103citorul de aer potrivit<\/strong>, trebuie s\u0103 lua\u021bi \u00een considerare o serie de criterii: un debit de aer bun, un rezervor de ap\u0103 mare \u0219i un aparat silen\u021bios \u0219i eficient energetic. Puterea sistemului joac\u0103 un rol esen\u021bial \u00een eficien\u021ba r\u0103cirii. Un ventilator performant <strong>asigur\u0103 o bun\u0103 circula\u021bie a aerului \u0219i optimizeaz\u0103 debitul<\/strong>, evit\u00e2nd zonele slab r\u0103cite.    <\/p>\n\n<p><\/p>\n\n<p>Unele produse au mai multe viteze ale ventilatorului, astfel \u00eenc\u00e2t s\u0103 pute\u021bi regla puterea \u00een func\u021bie de nevoile dvs. Pentru un plus de confort, o telecomand\u0103 faciliteaz\u0103 ajustarea set\u0103rilor de la distan\u021b\u0103. \u00cen cele din urm\u0103, fie c\u0103  <strong> <\/strong><a href=\"https:\/\/obera.fr\/ro\/produits\/rafraichisseurs-air\/\">Fie c\u0103 alege\u021bi un r\u0103citor mobil pentru o mai mare flexibilitate<\/a> sau un model fix pentru o instalare de lung\u0103 durat\u0103, trebuie s\u0103 selecta\u021bi un echipament care s\u0103 \u00eendeplineasc\u0103 exact cerin\u021bele spa\u021biului dvs. \u0218i nu uita\u021bi s\u0103 verifica\u021bi recenziile clien\u021bilor \u0219i termenele de livrare \u00eenainte de a cump\u0103ra. <\/p>\n\n<div style=\"height:20px\" aria-hidden=\"true\" class=\"wp-block-spacer\"><\/div>\n\n<div class=\"wp-block-buttons is-content-justification-center is-layout-flex wp-container-core-buttons-is-layout-a89b3969 wp-block-buttons-is-layout-flex\">\n<div class=\"wp-block-button\"><a class=\"wp-block-button__link wp-element-button\" href=\"https:\/\/obera.fr\/ro\/contact\/\">AVE\u021aI NEVOIE DE CONSILIERE PERSONALIZAT\u0102?<\/a><\/div>\n<\/div>\n","protected":false},"excerpt":{"rendered":"<p>Vara, \u00een special \u00een timpul v\u00e2rfurilor de c\u0103ldur\u0103, r\u0103cirea volumelor mari ale companiei reprezint\u0103 o problem\u0103 pentru aerul condi\u021bionat conven\u021bional, \u00een timp ce r\u0103cirea adiabatic\u0103 \u00eembun\u0103t\u0103\u021be\u0219te performan\u021ba acestuia.<\/p>\n","protected":false},"author":4,"featured_media":89748,"comment_status":"closed","ping_status":"closed","sticky":false,"template":"","format":"standard","meta":{"_acf_changed":false,"_seopress_robots_primary_cat":"none","_seopress_titles_title":"Faut-il opter pour rafra\u00eechissement adiabatique durant les vanicules ?","_seopress_titles_desc":"D\u00e9couvrez comment le rafraichissement adiabatique peut \u00eatre ma solution id\u00e9ale pour maintenir une temp\u00e9rature agr\u00e9able dans les grands espaces.","_seopress_robots_index":"","footnotes":""},"categories":[144],"tags":[145],"class_list":["post-42621","post","type-post","status-publish","format-standard","has-post-thumbnail","hentry","category-sfatul-nostru","tag-entete-mic","generate-columns","tablet-grid-50","mobile-grid-100","grid-parent","grid-50","no-featured-image-padding","resize-featured-image"],"acf":[],"_links":{"self":[{"href":"https:\/\/obera.fr\/ro\/wp-json\/wp\/v2\/posts\/42621","targetHints":{"allow":["GET"]}}],"collection":[{"href":"https:\/\/obera.fr\/ro\/wp-json\/wp\/v2\/posts"}],"about":[{"href":"https:\/\/obera.fr\/ro\/wp-json\/wp\/v2\/types\/post"}],"author":[{"embeddable":true,"href":"https:\/\/obera.fr\/ro\/wp-json\/wp\/v2\/users\/4"}],"replies":[{"embeddable":true,"href":"https:\/\/obera.fr\/ro\/wp-json\/wp\/v2\/comments?post=42621"}],"version-history":[{"count":5,"href":"https:\/\/obera.fr\/ro\/wp-json\/wp\/v2\/posts\/42621\/revisions"}],"predecessor-version":[{"id":77974,"href":"https:\/\/obera.fr\/ro\/wp-json\/wp\/v2\/posts\/42621\/revisions\/77974"}],"wp:featuredmedia":[{"embeddable":true,"href":"https:\/\/obera.fr\/ro\/wp-json\/wp\/v2\/media\/89748"}],"wp:attachment":[{"href":"https:\/\/obera.fr\/ro\/wp-json\/wp\/v2\/media?parent=42621"}],"wp:term":[{"taxonomy":"category","embeddable":true,"href":"https:\/\/obera.fr\/ro\/wp-json\/wp\/v2\/categories?post=42621"},{"taxonomy":"post_tag","embeddable":true,"href":"https:\/\/obera.fr\/ro\/wp-json\/wp\/v2\/tags?post=42621"}],"curies":[{"name":"wp","href":"https:\/\/api.w.org\/{rel}","templated":true}]}}