{"id":42718,"date":"2023-04-18T10:17:44","date_gmt":"2023-04-18T08:17:44","guid":{"rendered":"https:\/\/obera.fr\/non-classifiee\/racitoare-de-aer-adiabatice-mobile-o-solutie-flexibila-si-practica-pentru-aplicatii-industriale\/"},"modified":"2025-04-25T09:52:02","modified_gmt":"2025-04-25T07:52:02","slug":"rafraichisseur-dair-adiabatique-mobile-une-solution-souple-et-pratique-pour-lindustriel","status":"publish","type":"post","link":"https:\/\/obera.fr\/ro\/sfatul-nostru\/rafraichisseur-dair-adiabatique-mobile-une-solution-souple-et-pratique-pour-lindustriel\/","title":{"rendered":"R\u0103citoare de aer adiabatice mobile: o solu\u021bie flexibil\u0103 \u0219i practic\u0103 pentru aplica\u021bii industriale"},"content":{"rendered":"\n<p>La beneficiile standard ale r\u0103cirii adiabatice, r\u0103citorul <strong>adiabatic mobil<\/strong> adaug\u0103 ubicuitatea \u0219i simplitatea \u00eentr-o gam\u0103 larg\u0103 de situa\u021bii.<\/p>\n\n<h2 class=\"wp-block-heading\">Utilizarea omniprezent\u0103 a unui r\u0103citor adiabatic mobil<\/h2>\n\n<p>Flexibilitatea este esen\u021ba unui <a href=\"https:\/\/obera.fr\/ro\/produits\/rafraichisseurs-air\/\">r\u0103citor evaporativ mobil<\/a><strong>.<\/strong> Mobilitatea sa \u00eenseamn\u0103 c\u0103 poate fi utilizat \u00eentr-o gam\u0103 larg\u0103 de situa\u021bii \u00een care r\u0103cirea mediului de lucru este esen\u021bial\u0103. Acesta este <strong>mobil at\u00e2t spa\u021bial, c\u00e2t \u0219i temporal<\/strong>. <\/p>\n\n<p><strong>R\u0103citorul adiabatic mobil<\/strong> poate fi pozi\u021bionat \u00een punctul cel mai adecvat din volumul care trebuie r\u0103cit. De exemplu: zona fierbinte a unui proces industrial, o zon\u0103 de lucru deosebit de expus\u0103 la fluxul de c\u0103ldur\u0103 etc. \u00cen plus, <strong>principiul r\u0103cirii prin evaporare <\/strong>extinde func\u021bionarea unit\u0103\u021bilor la o varietate de loca\u021bii, at\u00e2t \u00een interiorul, c\u00e2t \u0219i \u00een exteriorul unei cl\u0103diri. Un r\u0103citor evaporativ mobil r\u0103ce\u0219te eficient o<strong> teras\u0103 de firm\u0103, un depozit logistic, o copertin\u0103 de eveniment<\/strong> sau o teras\u0103 acoperit\u0103 de restaurant.   <\/p>\n\n<p>\u00cen plus, r\u0103citorul adiabatic mobil poate fi pozi\u021bionat succesiv \u00een mai multe locuri, \u00een func\u021bie de<strong>evolu\u021bia fluxului de c\u0103ldur\u0103 care afecteaz\u0103 volumul de lucru<\/strong>. De exemplu : <\/p>\n\n<ul class=\"wp-block-list\">\n<li>Radia\u021bia solar\u0103 dinspre est, apoi dinspre vest, \u00een func\u021bie de momentul zilei, pe o<strong> cl\u0103dire industrial\u0103 neizolat\u0103 sau slab izolat\u0103<\/strong>;<\/li>\n\n\n\n<li>O succesiune de<strong> posturi de lucru supra\u00eenc\u0103lzite \u00een timpul zilei<\/strong>, cum ar fi \u00eenc\u0103rcarea sau desc\u0103rcarea containerelor sau remorcilor.<\/li>\n<\/ul>\n\n<div class=\"wp-block-columns is-layout-flex wp-container-core-columns-is-layout-28f84493 wp-block-columns-is-layout-flex\">\n<div class=\"wp-block-column is-layout-flow wp-block-column-is-layout-flow\">\n<p>\u00cen acest sens,<strong> multiplicarea punctelor fierbin\u021bi specifice<\/strong> este u\u0219or de rezolvat prin pozi\u021bionarea adecvat\u0103 a mai multor r\u0103citoare evaporative \u00een volum. Ubicuitatea \u0219i rentabilitatea acestor dispozitive, precum \u0219i coeficientul lor de performan\u021b\u0103 energetic\u0103, fac ca<strong>produc\u0103torii s\u0103 poat\u0103 aborda cu \u00eencredere aceast\u0103 abordare multi-cooler.<\/strong> Flexibilitatea \u0219i diversitatea utiliz\u0103rilor, economiile de energie generate \u0219i costurile de exploatare reduse \u00een compara\u021bie cu o solu\u021bie conven\u021bional\u0103 de climatizare favorizeaz\u0103 alegerea mai multor unit\u0103\u021bi dec\u00e2t instalarea unei<strong>re\u021bele fixe de transport \u0219i distribu\u021bie a aerului.<\/strong> <\/p>\n\n\n\n<p>\u00centr-un fel, flexibilitatea \u0219i capacitatea de reac\u021bie a r\u0103citorului mobil permit <strong>producerea just-in-time de aer<\/strong> rece pentru a face fa\u021b\u0103 v\u00e2rfurilor de temperatur\u0103 sezoniere sau industriale. Cu at\u00e2t mai mult cu c\u00e2t, \u00eentr-un <a href=\"https:\/\/obera.fr\/ro\/sfatul-nostru\/le-principe-de-fonctionnement-du-refroidissement-adiabatique-air-eau-evaporation\/\">r\u0103citor adiabatic<\/a>, fluxul termic extern este cel care determin\u0103 produc\u021bia de refrigerare. Cu c\u00e2t este mai cald \u0219i mai uscat, cu at\u00e2t mai eficient este r\u0103citorul evaporativ.  <\/p>\n<\/div>\n\n\n\n<div class=\"wp-block-column is-layout-flow wp-block-column-is-layout-flow\">\n<figure class=\"wp-block-embed is-type-video is-provider-youtube wp-block-embed-youtube wp-embed-aspect-16-9 wp-has-aspect-ratio\"><div class=\"wp-block-embed__wrapper\">\n<iframe title=\"Rafraichisseur d&#039;air - Gamme IC - OberA\" width=\"1200\" height=\"675\" src=\"https:\/\/www.youtube.com\/embed\/NG-Ssy2oM70?feature=oembed\" frameborder=\"0\" allow=\"accelerometer; autoplay; clipboard-write; encrypted-media; gyroscope; picture-in-picture; web-share\" referrerpolicy=\"strict-origin-when-cross-origin\" allowfullscreen><\/iframe>\n<\/div><\/figure>\n<\/div>\n<\/div>\n\n<div class=\"wp-block-columns is-layout-flex wp-container-core-columns-is-layout-28f84493 wp-block-columns-is-layout-flex\">\n<div class=\"wp-block-column is-layout-flow wp-block-column-is-layout-flow\">\n<figure class=\"wp-block-image aligncenter size-full is-resized\"><img decoding=\"async\" width=\"600\" height=\"600\" src=\"https:\/\/obera.fr\/wp-content\/uploads\/2023\/04\/zone-logstique.png\" alt=\"zona logistic&#x103;\" class=\"wp-image-20904\" style=\"width:450px;height:450px\" srcset=\"https:\/\/obera.fr\/wp-content\/uploads\/2023\/04\/zone-logstique.png 600w, https:\/\/obera.fr\/wp-content\/uploads\/2023\/04\/zone-logstique-300x300.png 300w, https:\/\/obera.fr\/wp-content\/uploads\/2023\/04\/zone-logstique-150x150.png 150w\" sizes=\"(max-width: 600px) 100vw, 600px\" \/><figcaption class=\"wp-element-caption\"><em>Zona logistic\u0103<\/em><\/figcaption><\/figure>\n<\/div>\n\n\n\n<div class=\"wp-block-column is-layout-flow wp-block-column-is-layout-flow\">\n<figure class=\"wp-block-image aligncenter size-full is-resized\"><img decoding=\"async\" width=\"600\" height=\"600\" src=\"https:\/\/obera.fr\/wp-content\/uploads\/2023\/04\/zone-industrielle.png\" alt=\"zon&#x103; industrial&#x103;\" class=\"wp-image-20907\" style=\"width:450px;height:450px\" srcset=\"https:\/\/obera.fr\/wp-content\/uploads\/2023\/04\/zone-industrielle.png 600w, https:\/\/obera.fr\/wp-content\/uploads\/2023\/04\/zone-industrielle-300x300.png 300w, https:\/\/obera.fr\/wp-content\/uploads\/2023\/04\/zone-industrielle-150x150.png 150w\" sizes=\"(max-width: 600px) 100vw, 600px\" \/><figcaption class=\"wp-element-caption\"><em>Zon\u0103 industrial\u0103 mare<\/em><\/figcaption><\/figure>\n<\/div>\n<\/div>\n\n<h2 class=\"wp-block-heading\">U\u0219urin\u021ba de utilizare a unui r\u0103citor adiabatic mobil<\/h2>\n\n<p>Umple\u021bi rezervorul de ap\u0103, conecta\u021bi r\u0103citorul, ap\u0103sa\u021bi telecomanda \u0219i procesul de r\u0103cire \u00eencepe.<\/p>\n\n<p>Un<strong> r\u0103citor evaporativ mobil distribuie <\/strong>aerul r\u0103cit prin simpla deplasare a aerului din volumul care urmeaz\u0103 s\u0103 fie r\u0103cit. De asemenea, se poate ad\u0103uga o func\u021bie de m\u0103turare pentru a accelera distribuirea fluxului de aer proasp\u0103t. \u00cen plus, cre\u0219terea puterii de ventila\u021bie poate fi utilizat\u0103 \u00een situa\u021biile \u00een care r\u0103cirea foarte <strong>rapid\u0103 a unui volum fierbinte<\/strong>devine o prioritate din motive de siguran\u021b\u0103 sau productivitate: o ma\u0219in\u0103 supra\u00eenc\u0103lzit\u0103 sau un spa\u021biu supra\u00eenc\u0103lzit. Atunci c\u00e2nd se r\u0103ce\u0219te o copertin\u0103 exterioar\u0103, ad\u0103ugarea unui furtun flexibil permite <strong>pozi\u021bionarea r\u0103citorului \u00een exterior<\/strong>, dac\u0103 este necesar.   <\/p>\n\n<p>Un r\u0103citor evaporativ mobil este proiectat pentru a se deplasa u\u0219or \u0219i rapid c\u0103tre zona care trebuie r\u0103cit\u0103. Ro\u021bile, l\u0103\u021bimea redus\u0103, volumul compact \u0219i greutatea redus\u0103 contribuie la manevrabilitatea unit\u0103\u021bii, permi\u021b\u00e2ndu-i s\u0103 treac\u0103 prin pasaje \u00eenguste (u\u0219\u0103, coridor, ramp\u0103 de acces) \u0219i apoi s\u0103 ajusteze cu u\u0219urin\u021b\u0103 <strong>pozi\u021bia r\u0103citorului<\/strong> pentru a ob\u021bine un flux eficient de aer rece peste zona care trebuie r\u0103cit\u0103. <\/p>\n\n<p>Rezervorul <strong>este proiectat <\/strong>s\u0103 func\u021bioneze autonom timp de 10 p\u00e2n\u0103 la 12 ore. Acest lucru face posibil\u0103 r\u0103cirea unei <strong>structuri u\u0219oare \u00een aer liber<\/strong> sau deplasarea pe un \u0219antier de mai multe ori \u00een timpul unei zile de lucru <strong>,<\/strong> f\u0103r\u0103 a fi nevoie de puncte de ap\u0103 \u00een apropiere. Dac\u0103 pozi\u021bia r\u0103citorului este fixat\u0103 permanent, conectarea acestuia la un robinet standard asigur\u0103<strong> o alimentare constant\u0103 cu ap\u0103,<\/strong> reglat\u0103 de un flotor.  <\/p>\n\n<p>Electricitatea este furnizat\u0103 prin intermediul unei<strong> prize monofazate standard \u00een interiorul unei cl\u0103diri<\/strong>. \u00cen exterior, este conectat la o surs\u0103 de alimentare mobil\u0103 sau la un generator monofazat, ca toate echipamentele electrice destinate utiliz\u0103rii externe. <\/p>\n\n<h2 class=\"wp-block-heading\">Concluzie: un r\u0103citor adiabatic mobil ofer\u0103 o solu\u021bie pentru majoritatea situa\u021biilor.<\/h2>\n\n<p>Un <strong>r\u0103citor adiabatic mobil<\/strong> combin\u0103 varietatea \u0219i flexibilitatea de utilizare cu o operare simpl\u0103 \u0219i practic\u0103. Prin urmare, r\u0103spunde unei game largi de nevoi \u0219i aplica\u021bii, oferind \u00een acela\u0219i timp confortul termic \u0219i beneficiile ecologice \u0219i economice ale r\u0103cirii adiabatice. <\/p>\n\n<p>Datorit\u0103 rentabilit\u0103\u021bii \u0219i ubicuit\u0103\u021bii sale, angajatorii pot <strong>achizi\u021biona cu \u00eencredere mai multe unit\u0103\u021bi<\/strong>, deoarece acestea pot fi utilizate \u00eempreun\u0103 sau separat, \u00een func\u021bie de diversitatea situa\u021biilor termice pe care trebuie s\u0103 le abordeze. Acestea pot fi utilizate pentru r\u0103cirea permanent\u0103 fie a unor zone fierbin\u021bi specifice, fie a unor volume mari, sau pentru r\u0103cirea succesiv\u0103 a unei variet\u0103\u021bi de zone din cadrul \u00eentreprinderii (hal\u0103 logistic\u0103, remorc\u0103 de camion, teras\u0103 de recep\u021bie, cort etc.). <\/p>\n\n<div style=\"height:20px\" aria-hidden=\"true\" class=\"wp-block-spacer\"><\/div>\n\n<div class=\"wp-block-buttons is-content-justification-center is-layout-flex wp-container-core-buttons-is-layout-a89b3969 wp-block-buttons-is-layout-flex\">\n<div class=\"wp-block-button\"><a class=\"wp-block-button__link wp-element-button\" href=\"https:\/\/obera.fr\/ro\/contact\/\">AVE\u021aI NEVOIE DE CONSILIERE PERSONALIZAT\u0102?<\/a><\/div>\n<\/div>\n","protected":false},"excerpt":{"rendered":"<p>Flexibilitatea este esen\u021ba unui r\u0103citor evaporativ mobil. Datorit\u0103 mobilit\u0103\u021bii sale, acesta poate fi utilizat \u00eentr-o gam\u0103 larg\u0103 de situa\u021bii \u00een care r\u0103cirea mediului de lucru este esen\u021bial\u0103. Este vorba despre mobilitate spa\u021bial\u0103 \u0219i temporal\u0103.<\/p>\n","protected":false},"author":4,"featured_media":89668,"comment_status":"closed","ping_status":"closed","sticky":false,"template":"","format":"standard","meta":{"_acf_changed":false,"_seopress_robots_primary_cat":"none","_seopress_titles_title":"R\u0103citor adiabatic mobil: o solu\u021bie flexibil\u0103 pentru industrie","_seopress_titles_desc":"\u00cen plus fa\u021b\u0103 de diversele avantaje ale unui r\u0103citor adiabatic, acesta este, de asemenea, o solu\u021bie flexibil\u0103 \u0219i practic\u0103 pentru industrie atunci c\u00e2nd temperaturile sunt ridicate.","_seopress_robots_index":"","footnotes":""},"categories":[144],"tags":[145],"class_list":["post-42718","post","type-post","status-publish","format-standard","has-post-thumbnail","hentry","category-sfatul-nostru","tag-entete-mic","generate-columns","tablet-grid-50","mobile-grid-100","grid-parent","grid-50","no-featured-image-padding","resize-featured-image"],"acf":[],"_links":{"self":[{"href":"https:\/\/obera.fr\/ro\/wp-json\/wp\/v2\/posts\/42718","targetHints":{"allow":["GET"]}}],"collection":[{"href":"https:\/\/obera.fr\/ro\/wp-json\/wp\/v2\/posts"}],"about":[{"href":"https:\/\/obera.fr\/ro\/wp-json\/wp\/v2\/types\/post"}],"author":[{"embeddable":true,"href":"https:\/\/obera.fr\/ro\/wp-json\/wp\/v2\/users\/4"}],"replies":[{"embeddable":true,"href":"https:\/\/obera.fr\/ro\/wp-json\/wp\/v2\/comments?post=42718"}],"version-history":[{"count":3,"href":"https:\/\/obera.fr\/ro\/wp-json\/wp\/v2\/posts\/42718\/revisions"}],"predecessor-version":[{"id":89706,"href":"https:\/\/obera.fr\/ro\/wp-json\/wp\/v2\/posts\/42718\/revisions\/89706"}],"wp:featuredmedia":[{"embeddable":true,"href":"https:\/\/obera.fr\/ro\/wp-json\/wp\/v2\/media\/89668"}],"wp:attachment":[{"href":"https:\/\/obera.fr\/ro\/wp-json\/wp\/v2\/media?parent=42718"}],"wp:term":[{"taxonomy":"category","embeddable":true,"href":"https:\/\/obera.fr\/ro\/wp-json\/wp\/v2\/categories?post=42718"},{"taxonomy":"post_tag","embeddable":true,"href":"https:\/\/obera.fr\/ro\/wp-json\/wp\/v2\/tags?post=42718"}],"curies":[{"name":"wp","href":"https:\/\/api.w.org\/{rel}","templated":true}]}}