{"id":42894,"date":"2023-04-18T10:02:38","date_gmt":"2023-04-18T08:02:38","guid":{"rendered":"https:\/\/obera.fr\/non-classifiee\/cum-impune-codul-muncii-ca-locurile-de-munca-sa-fie-reimprospatate\/"},"modified":"2025-04-23T09:11:50","modified_gmt":"2025-04-23T07:11:50","slug":"code-du-travail-et-canicule-lobligation-de-rafraichir-les-locaux","status":"publish","type":"post","link":"https:\/\/obera.fr\/ro\/sfatul-nostru\/code-du-travail-et-canicule-lobligation-de-rafraichir-les-locaux\/","title":{"rendered":"Cum impune Codul muncii ca locurile de munc\u0103 s\u0103 fie re\u00eemprosp\u0103tate?"},"content":{"rendered":"\n<p>Odat\u0103 cu schimb\u0103rile climatice,<strong> Fran\u021ba se confrunt\u0103 cu valuri de c\u0103ldur\u0103 mai intense \u0219i mai frecvente<\/strong>. Potrivit M\u00e9t\u00e9o France, \u00eenainte de 1989, Fran\u021ba suferea o medie de 1,7 zile de canicul\u0103 pe an. \u00cen ultimul deceniu, media a crescut la 9,4 zile. M\u00e9t\u00e9o France preconizeaz\u0103 c\u0103 valurile de c\u0103ldur\u0103 se vor dubla p\u00e2n\u0103 \u00een 2050.   <\/p>\n\n<p>Aceste perioade de c\u0103ldur\u0103 intens\u0103 genereaz\u0103 <strong>temperaturi anormal de ridicate<\/strong> \u0219i prezint\u0103 un risc pentru s\u0103n\u0103tatea lucr\u0103torilor. Exist\u0103 riscul deshidrat\u0103rii, epuiz\u0103rii, loviturilor de c\u0103ldur\u0103 etc. Aceste riscuri pot deveni evidente \u00eenc\u0103 din primele zile de c\u0103ldur\u0103. <\/p>\n\n<p><strong>Codul muncii<\/strong> francez prevede c\u0103 angajatorul trebuie s\u0103 ia m\u0103surile necesare pentru a asigura securitatea \u0219i a <a href=\"https:\/\/obera.fr\/ro\/sfatul-nostru\/qualite-de-lair-etablissements-de-sante\/\">proteja s\u0103n\u0103tatea lucr\u0103torilor<\/a> \u00een ceea ce prive\u0219te cre\u0219terea temperaturii. Aceste m\u0103suri se refer\u0103 la : <\/p>\n\n<ul class=\"wp-block-list\">\n<li><strong>instalarea ventila\u021biei<\/strong> \u00een conformitate cu reglement\u0103rile (articolul R4222-1 din Codul muncii francez).<\/li>\n\n\n\n<li><strong>asigurarea <\/strong>protec\u021biei <strong>angaja\u021bilor <\/strong>\u00eempotriva c\u0103ldurii extreme.<\/li>\n\n\n\n<li><strong>Ap\u0103 dulce gratuit\u0103.<\/strong><\/li>\n<\/ul>\n\n<p>Angajatorul adapteaz\u0103 aceste m\u0103suri f\u0103c\u00e2nd trimitere la sistemul de <strong>vigilen\u021b\u0103 meteorologic\u0103 al M\u00e9t\u00e9o France <\/strong>, care avertizeaz\u0103 \u00een caz de canicul\u0103 care prezint\u0103 un risc pentru s\u0103n\u0103tate. Acest sistem este caracterizat de praguri de temperatur\u0103, pe departamente, care nu trebuie dep\u0103\u0219ite. <\/p>\n\n<figure class=\"wp-block-image aligncenter size-full is-resized\"><img decoding=\"async\" width=\"500\" height=\"500\" src=\"https:\/\/obera.fr\/wp-content\/uploads\/2023\/06\/france_ete-1.png\" alt=\"fran&#x21B;a ete 1\" class=\"wp-image-23220\" style=\"width:375px;height:375px\" srcset=\"https:\/\/obera.fr\/wp-content\/uploads\/2023\/06\/france_ete-1.png 500w, https:\/\/obera.fr\/wp-content\/uploads\/2023\/06\/france_ete-1-300x300.png 300w, https:\/\/obera.fr\/wp-content\/uploads\/2023\/06\/france_ete-1-150x150.png 150w\" sizes=\"(max-width: 500px) 100vw, 500px\" \/><\/figure>\n\n<p><strong>Alert\u0103 albastr\u0103:<\/strong> <strong>v\u00e2rf de c\u0103ldur\u0103 <\/strong>intens\u0103 timp de 1 sau 2 zile care dep\u0103\u0219e\u0219te pragul sau <strong>episod persistent de c\u0103ldur\u0103<\/strong> (mai mult de 3 zile) cu temperaturi apropiate de pragul departamental. Aceste evenimente prezint\u0103 un risc pentru s\u0103n\u0103tatea lucr\u0103torilor supraexpu\u0219i la c\u0103ldur\u0103 \u00een medii cum ar fi vopsitorii, sp\u0103l\u0103toriile, buc\u0103t\u0103riile, turn\u0103toriile etc. Instalarea de r\u0103citoare mobile \u00een apropierea lucr\u0103torilor supraexpu\u0219i este o solu\u021bie rapid\u0103 \u0219i eficient\u0103.  <\/p>\n\n<p><strong>Alert\u0103 portocalie<\/strong> <strong>: val de c\u0103ldur\u0103 care<\/strong> dureaz\u0103 3 zile \u0219i 3 nop\u021bi consecutive \u0219i dep\u0103\u0219e\u0219te pragurile minime \u0219i maxime. \u0218i \u00een acest caz, solu\u021bia rapid\u0103 \u0219i relevant\u0103 este un <a href=\"https:\/\/obera.fr\/ro\/sfatul-nostru\/racitoare-de-aer-adiabatice-mobile-o-solutie-flexibila-si-practica-pentru-aplicatii-industriale\/\">r\u0103citor adiabatic mobil<\/a> pentru lucr\u0103torii expu\u0219i la c\u0103ldur\u0103 ca urmare a activit\u0103\u021bii lor fizice sau a mediului termic de la locul de munc\u0103. <\/p>\n\n<p><strong>Alert\u0103 ro\u0219ie:<\/strong> <strong>val de c\u0103ldur\u0103 extrem\u0103. <\/strong>Val de c\u0103ldur\u0103 excep\u021bional prin durata \u0219i intensitatea sa, cu factori agravan\u021bi care au un impact major asupra s\u0103n\u0103t\u0103\u021bii tuturor tipurilor de angaja\u021bi \u0219i care pot avea efecte colaterale \u00een ceea ce prive\u0219te continuitatea activit\u0103\u021bii.<\/p>\n\n<div class=\"wp-block-columns is-layout-flex wp-container-core-columns-is-layout-28f84493 wp-block-columns-is-layout-flex\">\n<div class=\"wp-block-column is-layout-flow wp-block-column-is-layout-flow\" style=\"flex-basis:50%\">\n<p>O alert\u0103 ro\u0219ie declan\u0219eaz\u0103 automat obliga\u021bii de reglementare. \u00cen fiecare zi, angajatorul trebuie s\u0103 reevalueze riscurile pentru lucr\u0103tori, lu\u00e2nd \u00een considerare: schimb\u0103rile de temperatur\u0103 din timpul zilei, natura muncii, v\u00e2rsta \u0219i starea de s\u0103n\u0103tate a angaja\u021bilor. \u00cen cazul \u00een care angajatorul nu face acest lucru, salariatul poate sesiza Inspec\u021bia Muncii sau Comitetul Economic \u0219i Social, sau \u00ee\u0219i poate exercita dreptul de retragere.  <\/p>\n\n\n\n<p>\u00cen cazul unei alerte ro\u0219ii,<strong>angajatorii trebuie s\u0103<\/strong> reac\u021bioneze rapid. Angajarea odorizantelor de aer este r\u0103spunsul la aceast\u0103 problem\u0103. Cu c\u00e2t temperatura este mai ridicat\u0103, cu at\u00e2t r\u0103citorul este mai eficient. \u00cen cazul unei alerte ro\u0219ii, r\u0103citorul trebuie s\u0103 aib\u0103 un flux de aer suficient de mare pentru a men\u021bine o temperatur\u0103 confortabil\u0103. De asemenea, este posibil s\u0103 dori\u021bi s\u0103 angaja\u021bi mai multe r\u0103citoare pentru a combate eficient un val de c\u0103ldur\u0103 extrem\u0103.    <\/p>\n<\/div>\n\n\n\n<div class=\"wp-block-column is-layout-flow wp-block-column-is-layout-flow\" style=\"flex-basis:50%\">\n<figure class=\"wp-block-embed is-type-video is-provider-youtube wp-block-embed-youtube wp-embed-aspect-16-9 wp-has-aspect-ratio\"><div class=\"wp-block-embed__wrapper\">\n<iframe title=\"Rafraichisseur d&#039;air - Gamme IC - OberA\" width=\"1200\" height=\"675\" src=\"https:\/\/www.youtube.com\/embed\/NG-Ssy2oM70?feature=oembed\" frameborder=\"0\" allow=\"accelerometer; autoplay; clipboard-write; encrypted-media; gyroscope; picture-in-picture; web-share\" referrerpolicy=\"strict-origin-when-cross-origin\" allowfullscreen><\/iframe>\n<\/div><\/figure>\n<\/div>\n<\/div>\n\n<div style=\"height:20px\" aria-hidden=\"true\" class=\"wp-block-spacer\"><\/div>\n\n<div class=\"wp-block-buttons is-content-justification-center is-layout-flex wp-container-core-buttons-is-layout-a89b3969 wp-block-buttons-is-layout-flex\">\n<div class=\"wp-block-button\"><a class=\"wp-block-button__link wp-element-button\" href=\"https:\/\/obera.fr\/ro\/contact\/\">AVE\u021aI NEVOIE DE CONSILIERE PERSONALIZAT\u0102?<\/a><\/div>\n<\/div>\n","protected":false},"excerpt":{"rendered":"<p>Odat\u0103 cu schimb\u0103rile climatice, Fran\u021ba se confrunt\u0103 cu valuri de c\u0103ldur\u0103 mai intense \u0219i mai frecvente. Potrivit M\u00e9t\u00e9o France, \u00eenainte de 1989, Fran\u021ba suferea o medie de 1,7 zile de canicul\u0103 pe an. \u00cen ultimul deceniu, media a crescut la 9,4 zile. M\u00e9t\u00e9o France preconizeaz\u0103 c\u0103 valurile de c\u0103ldur\u0103 se vor dubla p\u00e2n\u0103 \u00een 2050.   <\/p>\n","protected":false},"author":4,"featured_media":85457,"comment_status":"closed","ping_status":"closed","sticky":false,"template":"","format":"standard","meta":{"_acf_changed":false,"_seopress_robots_primary_cat":"none","_seopress_titles_title":"Codul muncii impune servirea de b\u0103uturi r\u0103coritoare la locul de munc\u0103?","_seopress_titles_desc":"\u00cen conformitate cu Codul muncii, angajatorii sunt obliga\u021bi s\u0103 se asigure c\u0103 spa\u021biile lor sunt r\u0103coroase \u00een timpul valurilor de c\u0103ldur\u0103. Afla\u021bi mai multe despre m\u0103surile care trebuie puse \u00een aplicare. ","_seopress_robots_index":"","footnotes":""},"categories":[144],"tags":[145],"class_list":["post-42894","post","type-post","status-publish","format-standard","has-post-thumbnail","hentry","category-sfatul-nostru","tag-entete-mic","generate-columns","tablet-grid-50","mobile-grid-100","grid-parent","grid-50","no-featured-image-padding","resize-featured-image"],"acf":[],"_links":{"self":[{"href":"https:\/\/obera.fr\/ro\/wp-json\/wp\/v2\/posts\/42894","targetHints":{"allow":["GET"]}}],"collection":[{"href":"https:\/\/obera.fr\/ro\/wp-json\/wp\/v2\/posts"}],"about":[{"href":"https:\/\/obera.fr\/ro\/wp-json\/wp\/v2\/types\/post"}],"author":[{"embeddable":true,"href":"https:\/\/obera.fr\/ro\/wp-json\/wp\/v2\/users\/4"}],"replies":[{"embeddable":true,"href":"https:\/\/obera.fr\/ro\/wp-json\/wp\/v2\/comments?post=42894"}],"version-history":[{"count":3,"href":"https:\/\/obera.fr\/ro\/wp-json\/wp\/v2\/posts\/42894\/revisions"}],"predecessor-version":[{"id":86055,"href":"https:\/\/obera.fr\/ro\/wp-json\/wp\/v2\/posts\/42894\/revisions\/86055"}],"wp:featuredmedia":[{"embeddable":true,"href":"https:\/\/obera.fr\/ro\/wp-json\/wp\/v2\/media\/85457"}],"wp:attachment":[{"href":"https:\/\/obera.fr\/ro\/wp-json\/wp\/v2\/media?parent=42894"}],"wp:term":[{"taxonomy":"category","embeddable":true,"href":"https:\/\/obera.fr\/ro\/wp-json\/wp\/v2\/categories?post=42894"},{"taxonomy":"post_tag","embeddable":true,"href":"https:\/\/obera.fr\/ro\/wp-json\/wp\/v2\/tags?post=42894"}],"curies":[{"name":"wp","href":"https:\/\/api.w.org\/{rel}","templated":true}]}}