{"id":43512,"date":"2023-04-14T16:01:24","date_gmt":"2023-04-14T14:01:24","guid":{"rendered":"https:\/\/obera.fr\/non-classifiee\/racirea-adiabatica-contribuie-la-calitatea-aerului-interior-si-la-confortul-angajatilor\/"},"modified":"2025-04-23T09:13:25","modified_gmt":"2025-04-23T07:13:25","slug":"quels-sont-les-avantages-du-rafraichissement-adiabatique","status":"publish","type":"post","link":"https:\/\/obera.fr\/ro\/sfatul-nostru\/quels-sont-les-avantages-du-rafraichissement-adiabatique\/","title":{"rendered":"R\u0103cirea adiabatic\u0103 contribuie la calitatea aerului interior \u0219i la confortul angaja\u021bilor"},"content":{"rendered":"\n<h2 class=\"wp-block-heading\">R\u0103citorul adiabatic ajut\u0103 la filtrarea aerului<\/h2>\n\n<p>De\u0219i aceasta nu este func\u021bia sa principal\u0103 (spre deosebire de purificatoarele industriale),<strong> r\u0103citorul adiabatic<\/strong> contribuie la filtrarea aerului pe care \u00eel inspir\u0103. Exist\u0103 dou\u0103 modalit\u0103\u021bi de a face acest lucru: \u00een primul r\u00e2nd, prin intermediul mediului care filtreaz\u0103 praful din aerul exterior atunci c\u00e2nd acesta intr\u0103 \u00een r\u0103citor \u0219i, \u00een al doilea r\u00e2nd, prin intermediul <strong>mediului evaporativ <\/strong>care &#8222;spal\u0103&#8221; aerul. <\/p>\n\n<h2 class=\"wp-block-heading\">R\u0103citorul adiabatic contribuie la un aer mai curat<\/h2>\n\n<p><strong> Ventilatorul re\u00eennoie\u0219te aerul<\/strong> la fiecare 3 p\u00e2n\u0103 la 5 minute, \u00een func\u021bie de rata de evaporare dorit\u0103. Re\u00eennoirea continu\u0103 a aerului din \u00eenc\u0103pere ajut\u0103 la cur\u0103\u021barea aerului respirat de angaja\u021bi. Mediile evaporative umidific\u0103 aerul, contribuind la<strong> reducerea prezen\u021bei particulelor din aerul<\/strong> interior. De fapt,<a href=\"https:\/\/obera.fr\/ro\/produits\/rafraichisseurs-air\/\"> r\u0103citorul adiabatic<\/a> ajut\u0103 la reducerea disconfortului olfactiv \u0219i a timpului \u00een care bacteriile, viru\u0219ii \u0219i particulele r\u0103m\u00e2n \u00een aer. Ca urmare, contribuie la reducerea riscului pentru s\u0103n\u0103tatea lucr\u0103torilor (irita\u021bii ale tractului respirator, alergii).    <\/p>\n\n<p>Mai mult, deoarece <strong>ventilatorul nu proiecteaz\u0103 pic\u0103turi <\/strong>prin panoul evaporativ, aerul suflat nu favorizeaz\u0103 organismele patogene \u0219i strategia lor de contaminare. \u00cen plus, panoul evaporativ prime\u0219te un tratament antifungic \u0219i antibacterian care \u00eempiedic\u0103 r\u0103sp\u00e2ndirea agen\u021bilor patogeni. \u00cen sf\u00e2r\u0219it, circula\u021bia constant\u0103 a apei \u0219i temperatura acesteia sub 25\u00b0 nu favorizeaz\u0103 <strong>dezvoltarea microbian\u0103 sau fungic\u0103<\/strong>. \u00cen aceste condi\u021bii, legionella nu se poate dezvolta. \u00cen cele din urm\u0103, este, de asemenea, posibil s\u0103 se instaleze o lamp\u0103 UV \u00een circuitul de ap\u0103 pentru a ucide <strong>poten\u021bialele organisme patogene<\/strong>.    <\/p>\n\n<h2 class=\"wp-block-heading\">R\u0103citorul adiabatic induce o sc\u0103dere corespunz\u0103toare a temperaturii<\/h2>\n\n<div class=\"wp-block-columns is-layout-flex wp-container-core-columns-is-layout-28f84493 wp-block-columns-is-layout-flex\">\n<div class=\"wp-block-column is-layout-flow wp-block-column-is-layout-flow\" style=\"flex-basis:66.66%\">\n<p><a href=\"https:\/\/obera.fr\/ro\/sfatul-nostru\/le-rafraichissement-adiabatique-un-coefficient-de-performance-thermique-inegale-pour-les-grands-volumes\/\"> R\u0103cirea adiabatic\u0103 ofer\u0103 o sc\u0103dere medie a temperaturii de 7\u00b0C<\/a> \u00eentre aerul exterior \u0219i aerul din camer\u0103. Aceasta este u\u0219or de gestionat de receptorii termici ai corpului uman. R\u0103cirea fluxului de aer nu genereaz\u0103 o<strong> diferen\u021b\u0103 brusc\u0103 de temperatur\u0103 <\/strong>care ar putea sl\u0103bi ap\u0103rarea imunitar\u0103 a corpului uman \u0219i ar putea duce la \u00eemboln\u0103vire.  <\/p>\n\n\n\n<p>Cu c\u00e2t aerul este mai cald \u0219i mai uscat, cu at\u00e2t <strong>sc\u0103derea de temperatur\u0103<\/strong> este mai mare. Atunci c\u00e2nd temperatura exterioar\u0103 atinge 35\u00b0C, exist\u0103 o diferen\u021b\u0103 de temperatur\u0103 de 10\u00b0C \u00een volumul r\u0103cit. <\/p>\n\n\n\n<p>Cu toate acestea, deoarece r\u0103cirea adiabatic\u0103 este o <strong>tehnologie bioclimatic\u0103<\/strong>, aceasta nu este potrivit\u0103 dac\u0103, indiferent de condi\u021biile meteorologice de afar\u0103, temperatura setat\u0103 trebuie s\u0103 fie strict sub 25\u00b0C.<\/p>\n<\/div>\n\n\n\n<div class=\"wp-block-column is-layout-flow wp-block-column-is-layout-flow\" style=\"flex-basis:33.33%\">\n<figure class=\"wp-block-image aligncenter size-full is-resized\"><img decoding=\"async\" width=\"600\" height=\"558\" src=\"https:\/\/obera.fr\/wp-content\/uploads\/2023\/04\/rafraichissement-dair-temperature-3.jpg\" alt=\"temperatura de r&#x103;cire a aerului 3\" class=\"wp-image-20848\" style=\"width:300px;height:279px\" srcset=\"https:\/\/obera.fr\/wp-content\/uploads\/2023\/04\/rafraichissement-dair-temperature-3.jpg 600w, https:\/\/obera.fr\/wp-content\/uploads\/2023\/04\/rafraichissement-dair-temperature-3-300x279.jpg 300w\" sizes=\"(max-width: 600px) 100vw, 600px\" \/><\/figure>\n<\/div>\n<\/div>\n\n<h2 class=\"wp-block-heading\">R\u0103citorul adiabatic genereaz\u0103 umiditate reglat\u0103<\/h2>\n\n<p><strong> R\u0103cirea prin evaporare <\/strong>umeze\u0219te \u00een mod natural aerul ambiental. Aceast\u0103 umiditate, creat\u0103 prin evaporare, este eliberat\u0103 din \u00eenc\u0103pere prin ventila\u021bie, produc\u00e2nd o re\u00eennoire constant\u0103 a aerului interior. Astfel, contrar credin\u021bei populare, r\u0103cirea aerului nu creeaz\u0103 o atmosfer\u0103 umed\u0103 din cauza umidit\u0103\u021bii excesive. Umiditatea rezidual\u0103<strong> este conform\u0103 cu standardele de confort acceptate<\/strong>.   <\/p>\n\n<p>\u00cen plus,<strong> r\u0103citorul evaporativ combate nivelurile excesiv de sc\u0103zute de umiditate <\/strong>din aerul ambiental, care irit\u0103 tractul respirator \u0219i usuc\u0103 ochii. Umiditatea este reglat\u0103 prin modularea debitelor de aer \u0219i de ap\u0103 \u00een func\u021bie de temperatura \u0219i umiditatea din \u00eenc\u0103pere. <\/p>\n\n<p>Cu c\u00e2t aerul este mai uscat, cu at\u00e2t este mai probabil s\u0103 apar\u0103 probleme legate de <strong>desc\u0103rc\u0103rile electrostatice <\/strong>: deteriorarea echipamentelor \u0219i pierderi de produc\u021bie. \u00cen general, atunci c\u00e2nd aerul con\u021bine mai mult de 50 sau 60% umiditate relativ\u0103, riscurile legate de electricitatea static\u0103 devin minime sau inexistente. R\u0103citorul evaporativ este o solu\u021bie simpl\u0103 pentru evitarea acestui risc, deoarece umidific\u0103 aerul. \u00cen special pe vreme cald\u0103 \u0219i uscat\u0103, \u00eentr-o zon\u0103 \u00een care echipamentele genereaz\u0103 c\u0103ldur\u0103, acesta cre\u0219te umiditatea relativ\u0103 peste 40%, \u00eempiedic\u00e2nd astfel acumularea de sarcini electrostatice.   <\/p>\n\n<p>\u00cen plus, umiditatea furnizat\u0103 de <strong>r\u0103citorul evaporativ <\/strong>contribuie la reducerea aerosolilor, deci la \u00eembun\u0103t\u0103\u021birea calit\u0103\u021bii aerului. Corolarul este o reducere a riscurilor pentru s\u0103n\u0103tatea angaja\u021bilor \u0219i a <strong>disfunc\u021bionalit\u0103\u021bilor echipamentelor<\/strong>. <\/p>\n\n<p>Cu toate acestea,<strong> r\u0103citorul bioclimatic<\/strong> este mai pu\u021bin eficient \u00een condi\u021bii climatice foarte umede. De exemplu, dup\u0103 o furtun\u0103 violent\u0103 \u00een timpul verii. \u00cen acest caz, opri\u021bi pur \u0219i simplu ciclul apei \u0219i utiliza\u021bi ventila\u021bia r\u0103citorului pentru a r\u0103ci camera, <strong>profit\u00e2nd de r\u0103cirea aerului exterior <\/strong>cauzat\u0103 de acest eveniment climatic.  <\/p>\n\n<p>De asemenea, trebuie remarcat faptul c\u0103 <strong>r\u0103citorul bioclimatic<\/strong> nu este potrivit pentru zonele \u00een care trebuie aplicat\u0103 o specifica\u021bie foarte strict\u0103 privind umiditatea, deoarece nivelul de umiditate pe care \u00eel produce \u00een interior depinde de umiditatea atmosferei exterioare. Cu toate acestea, \u00een general, sistemul de umidificare pentru acest tip de zon\u0103 a fost decis \u00een etapa de proiectare. <\/p>\n\n<h2 class=\"wp-block-heading\">R\u0103citorul adiabatic creeaz\u0103 un mediu confortabil \u00een vreme cald\u0103<\/h2>\n\n<p><strong>R\u0103cirea prin evaporare <\/strong>asigur\u0103 un mediu de lucru confortabil \u00een vreme cald\u0103. Acest lucru se realizeaz\u0103 prin<strong> furnizarea de aer care este \u00een mod constant re\u00eennoit<\/strong>, filtrat \u0219i r\u0103cit \u00eentr-un mod natural \u0219i treptat, cu o umiditate adecvat\u0103. <\/p>\n\n<p>\u00cen acest sens, <a href=\"https:\/\/obera.fr\/ro\/sfatul-nostru\/comment-fonctionne-un-rafraichisseur-adiabatique\/\">r\u0103cirea adiabatic\u0103 evit\u0103 pierderea productivit\u0103\u021bii personalului<\/a> asociat\u0103 cu c\u0103ldura excesiv\u0103 (la 27\u00b0C productivitatea scade cu 5%, iar la 31,5\u00b0C scade cu 10%, conform Berkeley Lab: <em>Indoor Air Quality Scientific Findings Resource Bank).<\/em><\/p>\n\n<p>Atunci c\u00e2nd temperatura exterioar\u0103 dep\u0103\u0219e\u0219te 35\u00b0C, <strong>r\u0103cirea prin evaporare <\/strong>este singurul sistem care continu\u0103 s\u0103 men\u021bin\u0103 condi\u021bii de confort suficiente pentru lucr\u0103tor. Acesta poate difuza \u00een continuare o briz\u0103 r\u0103coritoare, asigur\u00e2nd \u00een acela\u0219i timp un<strong> mediu de lucru confortabil.<\/strong> <\/p>\n\n<div style=\"height:20px\" aria-hidden=\"true\" class=\"wp-block-spacer\"><\/div>\n\n<div class=\"wp-block-buttons is-content-justification-center is-layout-flex wp-container-core-buttons-is-layout-a89b3969 wp-block-buttons-is-layout-flex\">\n<div class=\"wp-block-button\"><a class=\"wp-block-button__link has-text-align-center wp-element-button\">AVE\u021aI NEVOIE DE CONSILIERE PERSONALIZAT\u0102?<\/a><\/div>\n<\/div>\n","protected":false},"excerpt":{"rendered":"<p>R\u0103cirea adiabatic\u0103 este o solu\u021bie de confort pentru lucr\u0103tori \u00een vreme cald\u0103. Aceasta contribuie la calitatea aerului \u00eenconjur\u0103tor, \u00eembun\u0103t\u0103\u021be\u0219te productivitatea \u0219i ajut\u0103 la protejarea echipamentelor. Eficient\u0103 din punct de vedere energetic, r\u0103cirea adiabatic\u0103 este o tehnologie ecologic\u0103 care nu contribuie la \u00eenc\u0103lzirea global\u0103.  <\/p>\n","protected":false},"author":4,"featured_media":85679,"comment_status":"closed","ping_status":"closed","sticky":false,"template":"","format":"standard","meta":{"_acf_changed":false,"_seopress_robots_primary_cat":"none","_seopress_titles_title":"Care sunt avantajele r\u0103cirii adiabatice?","_seopress_titles_desc":"R\u0103citoarele adiabatice ofer\u0103 o serie de beneficii pentru combaterea temperaturilor ridicate din spa\u021biile dvs. de lucru \u0219i din industrie \u00een timpul verii.","_seopress_robots_index":"","footnotes":""},"categories":[144],"tags":[145],"class_list":["post-43512","post","type-post","status-publish","format-standard","has-post-thumbnail","hentry","category-sfatul-nostru","tag-entete-mic","generate-columns","tablet-grid-50","mobile-grid-100","grid-parent","grid-50","no-featured-image-padding","resize-featured-image"],"acf":[],"_links":{"self":[{"href":"https:\/\/obera.fr\/ro\/wp-json\/wp\/v2\/posts\/43512","targetHints":{"allow":["GET"]}}],"collection":[{"href":"https:\/\/obera.fr\/ro\/wp-json\/wp\/v2\/posts"}],"about":[{"href":"https:\/\/obera.fr\/ro\/wp-json\/wp\/v2\/types\/post"}],"author":[{"embeddable":true,"href":"https:\/\/obera.fr\/ro\/wp-json\/wp\/v2\/users\/4"}],"replies":[{"embeddable":true,"href":"https:\/\/obera.fr\/ro\/wp-json\/wp\/v2\/comments?post=43512"}],"version-history":[{"count":5,"href":"https:\/\/obera.fr\/ro\/wp-json\/wp\/v2\/posts\/43512\/revisions"}],"predecessor-version":[{"id":86146,"href":"https:\/\/obera.fr\/ro\/wp-json\/wp\/v2\/posts\/43512\/revisions\/86146"}],"wp:featuredmedia":[{"embeddable":true,"href":"https:\/\/obera.fr\/ro\/wp-json\/wp\/v2\/media\/85679"}],"wp:attachment":[{"href":"https:\/\/obera.fr\/ro\/wp-json\/wp\/v2\/media?parent=43512"}],"wp:term":[{"taxonomy":"category","embeddable":true,"href":"https:\/\/obera.fr\/ro\/wp-json\/wp\/v2\/categories?post=43512"},{"taxonomy":"post_tag","embeddable":true,"href":"https:\/\/obera.fr\/ro\/wp-json\/wp\/v2\/tags?post=43512"}],"curies":[{"name":"wp","href":"https:\/\/api.w.org\/{rel}","templated":true}]}}