{"id":43576,"date":"2021-10-25T16:07:28","date_gmt":"2021-10-25T14:07:28","guid":{"rendered":"https:\/\/obera.fr\/non-classifiee\/intrebari-frecvente-racitoare-de-aer-adiabatic-2\/"},"modified":"2024-10-30T16:09:13","modified_gmt":"2024-10-30T14:09:13","slug":"intrebari-frecvente-racitoare-de-aer-adiabatic-2","status":"publish","type":"post","link":"https:\/\/obera.fr\/ro\/sfatul-nostru\/intrebari-frecvente-racitoare-de-aer-adiabatic-2\/","title":{"rendered":"\u00centreb\u0103ri frecvente R\u0103citoare de aer adiabatic"},"content":{"rendered":"\n<p>R\u0103citoarele evaporative de aer cresc riscul de apari\u021bie a bolii legionarilor? \u0218i pot s\u0103 le folosesc dac\u0103 lucrez \u00een industria siderurgic\u0103? Sunt zgomotoase?    <\/p>\n\n<p>Acest articol ofer\u0103 r\u0103spunsuri la \u00eentreb\u0103ri frecvente despre <a href=\"https:\/\/obera.fr\/ro\/sfatul-nostru\/comment-rafraichissement-evaporation-ameliorer-production-industrielle\/\">r\u0103cirea prin evaporare<\/a>.<\/p>\n\n<h2 class=\"wp-block-heading\">R\u0103citoarele evaporative cresc riscul de infec\u021bii \u0219i alte probleme de s\u0103n\u0103tate?<\/h2>\n\n<p>Nu, dimpotriv\u0103! Aceast\u0103 \u00eentrebare se bazeaz\u0103 de obicei pe presupunerea incorect\u0103 c\u0103 r\u0103citoarele evaporative pot provoca o <strong>u\u0219oar\u0103 cre\u0219tere a umidit\u0103\u021bii<\/strong>, dar cresc \u0219i riscul de dezvoltare a viru\u0219ilor, bacteriilor \u0219i ciupercilor. Toate <strong><a href=\"https:\/\/obera.fr\/en\/rafraichisseurs-air\/\" data-type=\"page\" data-id=\"368\">r\u0103citoarele evaporative OberA<\/a> sunt echipate cu pre-filtru \u0219i o lamp\u0103 UV<\/strong> care <a href=\"https:\/\/obera.fr\/conseils\/qualite-l-air-interieur-critere-essentiel-industrie\/\" data-type=\"post\" data-id=\"5884\">trateaz\u0103 aerul pentru a elimina<\/a>particulele care faciliteaz\u0103 mi\u0219carea viru\u0219ilor \u0219i bacteriilor.    <\/p>\n\n<p>Efectele pozitive ale utiliz\u0103rii evapor\u0103rii sunt, de fapt, bine cunoscute. <a href=\"https:\/\/obera.fr\/ro\/sfatul-nostru\/traitement-air-industriel-guide-complet\/\" data-type=\"URL\" data-id=\"https:\/\/obera.fr\/conseils\/traitement-air-industriel-guide-complet\/\">R\u0103cirea<\/a> prin evaporare nu numai c\u0103 <a href=\"https:\/\/obera.fr\/ro\/sfatul-nostru\/traitement-air-industriel-guide-complet\/\" data-type=\"URL\" data-id=\"https:\/\/obera.fr\/conseils\/traitement-air-industriel-guide-complet\/\">ofer\u0103<\/a> aer <a href=\"https:\/\/obera.fr\/ro\/sfatul-nostru\/traitement-air-industriel-guide-complet\/\" data-type=\"URL\" data-id=\"https:\/\/obera.fr\/conseils\/traitement-air-industriel-guide-complet\/\">curat<\/a>, proasp\u0103t \u0219i filtrat, dar consum\u0103 \u0219i mult mai <strong>pu\u021bin\u0103 energie<\/strong> \u0219i este <strong>mai u\u0219or de \u00eentre\u021binut<\/strong>. Ea nu necesit\u0103 utilizarea gazelor CFC d\u0103un\u0103toare, spre deosebire de multe aparate de aer condi\u021bionat.    <\/p>\n\n<h2 class=\"wp-block-heading\">Lucrez cu produse din o\u021bel, deci nu doresc umiditate \u00een mediul meu de lucru pentru a evita orice risc de coroziune. \u00censeamn\u0103 acest lucru c\u0103 nu pot utiliza r\u0103cirea prin evaporare?   <\/h2>\n\n<p>R\u0103citoarele noastre evapor\u0103 ap\u0103? Apa din r\u0103citor este sub form\u0103 de vapori, nu lichid\u0103 (microdrolete). <strong> Umiditatea va cre\u0219te \u00eentre 2% \u0219i 5%, \u00een func\u021bie de mediu<\/strong>.    <\/p>\n\n<p>Exist\u0103 c\u00e2teva lucruri pe care le pute\u021bi face pentru a <strong>preveni cre\u0219terea umidit\u0103\u021bii<\/strong> \u00een mediul dumneavoastr\u0103.<\/p>\n\n<ul class=\"wp-block-list\">\n<li><strong>Cre\u0219te\u021bi ventila\u021bia<\/strong>(deschide\u021bi u\u0219ile \u0219i ferestrele). Mai mult\u0103 ventila\u021bie \u00eenseamn\u0103 mai pu\u021bin\u0103 umiditate. Cu c\u00e2t este mai mult\u0103 ventila\u021bie, cu at\u00e2t umiditatea va cre\u0219te mai pu\u021bin.    <\/li>\n\n\n\n<li><strong>Monitorizeaz\u0103 temperatura \u0219i umiditatea pentru a le men\u021bine<\/strong>la nivelul corect. R\u0103citoarele noastre evaporative au un <strong>panou de control integrat<\/strong> pentru a seta nivelul.   <\/li>\n<\/ul>\n\n<p>R\u0103citoarele portabile sunt de obicei utilizate pentru a r\u0103ci o anumit\u0103 zon\u0103. Aceasta \u00eenseamn\u0103 c\u0103 doar o parte din suprafa\u021ba total\u0103 va fi r\u0103cit\u0103. Prin urmare,<strong>efectul total asupra umidit\u0103\u021bii<\/strong> va fi de obicei <strong>mult mai mic de 2-5%<\/strong>. Re\u021bine\u021bi c\u0103 r\u0103citoarele evaporative puternice expulzeaz\u0103 aerul cald \u0219i umed din cl\u0103dire.     <\/p>\n\n<h2 class=\"wp-block-heading\">R\u0103cirea prin evaporare cre\u0219te riscul de legionella deoarece utilizeaz\u0103 ap\u0103?<\/h2>\n\n<p>Legionella este o bacterie care <strong>se dezvolt\u0103 \u00een sistemele de ap\u0103 cald\u0103<\/strong>. Unit\u0103\u021bile noastre sunt echipate cu l\u0103mpi UV. 100% din apa care curge peste panourile de r\u0103cire este tratat\u0103 cu lumin\u0103 UV.    <\/p>\n\n<p><strong>\u00cen<\/strong> plus, <strong>legioneloza se transmite prin inhalarea de aerosoli din apa contaminat\u0103<\/strong> cu bacteria legionella. Dispozitivele noastre <strong>nu elibereaz\u0103 aerosoli<\/strong>. Apa este vaporizat\u0103 sau transportat\u0103 sub form\u0103 de vapori, nu de lichid.    <\/p>\n\n<p>Prin urmare, riscul este extrem de sc\u0103zut \u0219i nu mai mare dec\u00e2t \u00een cazul aerului condi\u021bionat tradi\u021bional.<\/p>\n\n<h2 class=\"wp-block-heading\">Pot reduce nivelul de zgomot al unui r\u0103citor de aer evaporativ?<\/h2>\n\n<p>Nivelurile de zgomot ale <strong>unit\u0103\u021bilor noastre sunt, \u00een general, mai sc\u0103zute dec\u00e2t<\/strong>pe pie\u021bele <strong>noastre<\/strong>principale (industrie, logistic\u0103, produc\u021bie) \u00cen plus, importan\u021ba efectului de r\u0103cire dep\u0103\u0219e\u0219te cu mult pe cea a reducerii zgomotului. R\u0103citoarele noastre sunt <strong>echipate cu un control al vitezei<\/strong> pentru a <strong>reduce viteza \u0219i, astfel, zgomotul<\/strong>, dac\u0103 este necesar. Cu c\u00e2t r\u0103citorul este mai mic, cu at\u00e2t nivelul de zgomot este mai sc\u0103zut. Nivelul sonor al unit\u0103\u021bilor noastre este de 66 dB.     <\/p>\n\n<blockquote class=\"wp-block-quote is-layout-flow wp-block-quote-is-layout-flow\">\n<p>Cite\u0219te \u0219i : <a href=\"https:\/\/obera.fr\/ro\/sfatul-nostru\/ou-utiliser-rafraichissement-evaporation\/\" data-type=\"post\" data-id=\"7093\">Unde pot folosi r\u0103cirea prin evaporare?<\/a><\/p>\n<\/blockquote>\n\n<h2 class=\"wp-block-heading\">Ce pot face pentru a regla fluxul de aer?<\/h2>\n\n<p>La fel ca la \u00eentrebarea 4, unele persoane dintr-o fabric\u0103 pot g\u0103si fluxul de aer deranjant. \u00cen acest caz, pute\u021bi <strong>muta unitatea mai departe sau pute\u021bi regla direc\u021bia fluxului<\/strong>. R\u0103citoarele noastre de aer au aripioare reglabile care v\u0103 permit s\u0103 <strong>controla\u021bi direc\u021bia fluxului de aer<\/strong>. De asemenea, pute\u021bi <strong>regla viteza<\/strong> cu ajutorul panoului de control \u0219i pute\u021bi <strong>reduce fluxul de aer al unit\u0103\u021bii<\/strong>.     <\/p>\n\n<p>O alt\u0103 solu\u021bie este plasarea <strong>r\u0103citorului \u00eentr-o pozi\u021bie mai \u00eenalt\u0103<\/strong> pentru a evita direc\u021bionarea aerului c\u0103tre oameni (aerul rece se deplaseaz\u0103 \u00eentotdeauna \u00een jos, astfel \u00eenc\u00e2t \u0219i aceast\u0103 solu\u021bie asigur\u0103 o r\u0103cire adecvat\u0103).<\/p>\n\n<h2 class=\"wp-block-heading\">De ce s\u0103 cheltuie\u0219ti bani pe confort: este mai ieftin s\u0103 te lipse\u0219ti de el, nu?<\/h2>\n\n<p>Costurile de instalare, operare \u0219i gestionare sunt destul de sc\u0103zute, astfel \u00eenc\u00e2t r\u0103cirea prin evaporare <strong>este rentabil\u0103<\/strong>. \u00cen plus, angaja\u021bii care lucreaz\u0103 \u00een medii fierbin\u021bi sunt expu\u0219i stresului termic, care le poate afecta at\u00e2t siguran\u021ba, c\u00e2t \u0219i <a href=\"https:\/\/obera.fr\/ro\/sfatul-nostru\/comment-rafraichissement-evaporation-ameliorer-production-industrielle\/\" data-type=\"post\" data-id=\"7081\">productivitatea<\/a>. Lucrul \u00eentr-un mediu confortabil <strong>le va \u00eembun\u0103t\u0103\u021bi concentrarea \u0219i capacitatea de a lucra eficient<\/strong>.   <\/p>\n\n<h2 class=\"wp-block-heading\">Cum pot s\u0103-mi cur\u0103\u021b r\u0103citorul de aer \u0219i s\u0103-l depozitez la sf\u00e2r\u0219itul sezonului cald?<\/h2>\n\n<p>Dac\u0103 mediul dvs. de lucru este pr\u0103fuit sau murdar, trebuie s\u0103 m\u0103ri\u021bi num\u0103rul de ori \u00een care cur\u0103\u021ba\u021bi \u0219i goli\u021bi dozatorul. V\u0103 recomand\u0103m <strong>s\u0103 goli\u021bi rezervorul de ap\u0103 o dat\u0103 pe lun\u0103<\/strong> c\u00e2nd este utilizat \u0219i s\u0103 <strong>\u00eel cur\u0103\u021ba\u021bi cu ap\u0103 curat\u0103<\/strong>.   <\/p>\n\n<p>Preg\u0103tirea r\u0103citoarelor de aer pentru iarn\u0103 la sf\u00e2r\u0219itul sezonului<\/p>\n\n<p>Panourile nu trebuie s\u0103 fie schimbate dac\u0103 sunt depozitate la uscat la sf\u00e2r\u0219itul sezonului.<\/p>\n\n<p>V\u0103 recomand\u0103m s\u0103 efectua\u021bi urm\u0103toarele opera\u021biuni la sf\u00e2r\u0219itul fiec\u0103rui sezon \u00eenainte de a depozita r\u0103citoarele evaporative pentru iarn\u0103:<\/p>\n\n<ul class=\"wp-block-list\">\n<li><strong>Goli\u021bi unit\u0103\u021bile<\/strong><\/li>\n\n\n\n<li>Cl\u0103ti\u021bi <strong>cu ap\u0103 curat\u0103<\/strong>.<\/li>\n\n\n\n<li><strong>Rula\u021bi aparatele cu ap\u0103 curat\u0103<\/strong> \u0219i, dac\u0103 este necesar, ad\u0103uga\u021bi o\u021bet alb.<\/li>\n\n\n\n<li><strong>Scurge\u021bi-le complet<\/strong><\/li>\n\n\n\n<li><strong>Rula\u021bi-le timp de cel pu\u021bin 6 ore f\u0103r\u0103 ap\u0103<\/strong> pentru a usca panourile \u0219i unitatea.<\/li>\n<\/ul>\n\n<h2 class=\"wp-block-heading\">Ave\u021bi o alt\u0103 \u00eentrebare?<\/h2>\n\n<p>Nu ezita\u021bi s\u0103 ne contacta\u021bi dac\u0103 ave\u021bi \u00eentreb\u0103ri suplimentare. Unul dintre reprezentan\u021bii no\u0219tri v\u0103 va r\u0103spunde la \u00eentreb\u0103ri \u0219i v\u0103 va ajuta s\u0103 v\u0103 realiza\u021bi <a href=\"https:\/\/obera.fr\/ro\/sfatul-nostru\/rafraichissement-adiabatique-confort-thermique-naturel\/\" data-type=\"URL\" data-id=\"https:\/\/obera.fr\/conseils\/rafraichissement-adiabatique-confort-thermique-naturel\/\">proiectul de aer condi\u021bionat<\/a>.   <\/p>\n\n<div class=\"wp-block-buttons is-horizontal is-content-justification-center is-layout-flex wp-container-core-buttons-is-layout-03627597 wp-block-buttons-is-layout-flex\">\n<div class=\"wp-block-button has-custom-width wp-block-button__width-100\"><a class=\"wp-block-button__link wp-element-button\" href=\"https:\/\/obera.fr\/ro\/contactati-ne\/\">Afl\u0103 mai multe<\/a><\/div>\n<\/div>\n","protected":false},"excerpt":{"rendered":"<p>Acest articol ofer\u0103 r\u0103spunsuri la \u00eentreb\u0103ri frecvente despre r\u0103cirea prin evaporare.<\/p>\n","protected":false},"author":4,"featured_media":43577,"comment_status":"closed","ping_status":"closed","sticky":false,"template":"","format":"standard","meta":{"_acf_changed":false,"_seopress_robots_primary_cat":"none","_seopress_titles_title":"R\u0103citoare adiabatice: \u00centreb\u0103ri frecvente - OberA","_seopress_titles_desc":"G\u0103si\u021bi r\u0103spunsuri la \u00eentreb\u0103rile frecvente despre r\u0103citoarele noastre de aer adiabatic \u00een FAQ.","_seopress_robots_index":"","footnotes":""},"categories":[144],"tags":[145],"class_list":["post-43576","post","type-post","status-publish","format-standard","has-post-thumbnail","hentry","category-sfatul-nostru","tag-entete-mic","generate-columns","tablet-grid-50","mobile-grid-100","grid-parent","grid-50","no-featured-image-padding","resize-featured-image"],"acf":[],"_links":{"self":[{"href":"https:\/\/obera.fr\/ro\/wp-json\/wp\/v2\/posts\/43576","targetHints":{"allow":["GET"]}}],"collection":[{"href":"https:\/\/obera.fr\/ro\/wp-json\/wp\/v2\/posts"}],"about":[{"href":"https:\/\/obera.fr\/ro\/wp-json\/wp\/v2\/types\/post"}],"author":[{"embeddable":true,"href":"https:\/\/obera.fr\/ro\/wp-json\/wp\/v2\/users\/4"}],"replies":[{"embeddable":true,"href":"https:\/\/obera.fr\/ro\/wp-json\/wp\/v2\/comments?post=43576"}],"version-history":[{"count":1,"href":"https:\/\/obera.fr\/ro\/wp-json\/wp\/v2\/posts\/43576\/revisions"}],"predecessor-version":[{"id":43578,"href":"https:\/\/obera.fr\/ro\/wp-json\/wp\/v2\/posts\/43576\/revisions\/43578"}],"wp:featuredmedia":[{"embeddable":true,"href":"https:\/\/obera.fr\/ro\/wp-json\/wp\/v2\/media\/43577"}],"wp:attachment":[{"href":"https:\/\/obera.fr\/ro\/wp-json\/wp\/v2\/media?parent=43576"}],"wp:term":[{"taxonomy":"category","embeddable":true,"href":"https:\/\/obera.fr\/ro\/wp-json\/wp\/v2\/categories?post=43576"},{"taxonomy":"post_tag","embeddable":true,"href":"https:\/\/obera.fr\/ro\/wp-json\/wp\/v2\/tags?post=43576"}],"curies":[{"name":"wp","href":"https:\/\/api.w.org\/{rel}","templated":true}]}}