{"id":43871,"date":"2021-10-20T15:35:28","date_gmt":"2021-10-20T13:35:28","guid":{"rendered":"https:\/\/obera.fr\/non-classifiee\/cum-poate-racirea-prin-evaporare-sa-imbunatateasca-productia-industriala\/"},"modified":"2025-05-06T11:06:13","modified_gmt":"2025-05-06T09:06:13","slug":"comment-rafraichissement-evaporation-ameliorer-production-industrielle","status":"publish","type":"post","link":"https:\/\/obera.fr\/ro\/sfatul-nostru\/comment-rafraichissement-evaporation-ameliorer-production-industrielle\/","title":{"rendered":"Cum poate r\u0103cirea prin evaporare s\u0103 \u00eembun\u0103t\u0103\u021beasc\u0103 produc\u021bia industrial\u0103?"},"content":{"rendered":"\n<p>Iulie 2023, cea mai cald\u0103 lun\u0103 \u00eenregistrat\u0103 \u00een lume de la \u00eenceputul \u00eenregistr\u0103rilor meteorologice: \u00eenc\u0103lzirea global\u0103 se accelereaz\u0103. Acest lucru are un impact asupra tuturor mediilor de lucru. \u00cen special \u00een <strong>produc\u021bia industrial\u0103, unde aerul condi\u021bionat<\/strong> consum\u0103 prea mult\u0103 energie pentru a fi un sistem de r\u0103cire economic. Explora\u021bi o nou\u0103 abordare a condi\u021bion\u0103rii aerului folosind procese adiabatice.   <\/p>\n\n<h2 class=\"wp-block-heading\">Impactul cre\u0219terii temperaturilor asupra produc\u021biei industriale<\/h2>\n\n<div class=\"wp-block-columns are-vertically-aligned-center is-layout-flex wp-container-core-columns-is-layout-28f84493 wp-block-columns-is-layout-flex\">\n<div class=\"wp-block-column is-vertically-aligned-center is-layout-flow wp-block-column-is-layout-flow\" style=\"flex-basis:33.33%\">\n<figure class=\"wp-block-image aligncenter size-large is-resized\"><img decoding=\"async\" width=\"1024\" height=\"595\" src=\"https:\/\/obera.fr\/wp-content\/uploads\/2021\/10\/thermometer-ge272eddee_1920-1-1024x595.jpg\" alt=\"Cre&#x219;terea temperaturilor\" class=\"wp-image-7085\" style=\"width:363px;height:210px\" srcset=\"https:\/\/obera.fr\/wp-content\/uploads\/2021\/10\/thermometer-ge272eddee_1920-1-1024x595.jpg 1024w, https:\/\/obera.fr\/wp-content\/uploads\/2021\/10\/thermometer-ge272eddee_1920-1-300x174.jpg 300w, https:\/\/obera.fr\/wp-content\/uploads\/2021\/10\/thermometer-ge272eddee_1920-1-768x446.jpg 768w, https:\/\/obera.fr\/wp-content\/uploads\/2021\/10\/thermometer-ge272eddee_1920-1-1536x893.jpg 1536w, https:\/\/obera.fr\/wp-content\/uploads\/2021\/10\/thermometer-ge272eddee_1920-1.jpg 1920w\" sizes=\"(max-width: 1024px) 100vw, 1024px\" \/><\/figure>\n<\/div>\n\n\n\n<div class=\"wp-block-column is-vertically-aligned-center is-layout-flow wp-block-column-is-layout-flow\"><\/div>\n\n\n\n<div class=\"wp-block-column is-vertically-aligned-center is-layout-flow wp-block-column-is-layout-flow\" style=\"flex-basis:66.66%\">\n<p>V\u00e2rfurile de c\u0103ldur\u0103 sporesc provocarea de a controla <strong>temperatura anumitor procese industriale<\/strong>. C\u0103ldura este generat\u0103 de func\u021bionarea a numeroase echipamente din sistemul de produc\u021bie, de exemplu cuptoare, ma\u0219ini etc. \u00cen plus, personalul care efectueaz\u0103 o munc\u0103 fizic\u0103 intens\u0103 contribuie la cre\u0219terea temperaturii, de exemplu, opera\u021biunile de \u00eenc\u0103rcare \u0219i desc\u0103rcare.  <\/p>\n\n\n\n<p>La acestea se adaug\u0103 comportamentul cl\u0103dirii \u00een raport cu c\u0103ldura. Izolarea, ventila\u021bia, configura\u021bia \u0219i amplasarea cl\u0103dirii au toate o influen\u021b\u0103 asupra temperaturii interioare \u0219i, prin urmare, asupra eficien\u021bei unui sistem de r\u0103cire \u00een eliminarea <strong>c\u0103ldurii produse<\/strong>. <\/p>\n\n\n\n<p>Controlul temperaturii are un impact asupra eficien\u021bei economice \u0219i a calit\u0103\u021bii sistemului de produc\u021bie. C\u0103ldura excesiv\u0103 reduce productivitatea angaja\u021bilor, le pune s\u0103n\u0103tatea \u00een pericol, \u00eei expune riscului de produse necalitative \u0219i de func\u021bionare degradat\u0103 a <strong>echipamentelor de produc\u021bie<\/strong>, \u00een special a motoarelor. <\/p>\n<\/div>\n<\/div>\n\n<h2 class=\"wp-block-heading\">De ce din ce \u00een ce mai multe instala\u021bii recurg la r\u0103cirea prin evaporare?<\/h2>\n\n<p>P\u00e2n\u0103 de cur\u00e2nd, <a href=\"https:\/\/obera.fr\/conseils\/rafraichissement-air-evaporation-production-automobile\/\">r\u0103cirea prin evaporare<\/a> nu era cunoscut\u0103 pe scar\u0103 larg\u0103 \u00een Europa. De la valurile de c\u0103ldur\u0103, produc\u0103torii europeni au recunoscut poten\u021bialul s\u0103u deosebit \u00een condi\u021bii de lucru extreme, unde aerul condi\u021bionat standard este fie prea scump, fie pur \u0219i simplu imposibil de implementat. <\/p>\n\n<p>\u00cen compara\u021bie cu solu\u021biile tradi\u021bionale de climatizare, unit\u0103\u021bile de r\u0103cire prin evaporare ofer\u0103 avantaje <strong>practice \u0219i economice<\/strong> majore \u00een produc\u021bia industrial\u0103:<\/p>\n\n<h3 class=\"wp-block-heading\">Reducerea costurilor cu energia<\/h3>\n\n<div class=\"wp-block-columns is-layout-flex wp-container-core-columns-is-layout-28f84493 wp-block-columns-is-layout-flex\">\n<div class=\"wp-block-column is-vertically-aligned-center is-layout-flow wp-block-column-is-layout-flow\" style=\"flex-basis:33.33%\">\n<figure class=\"wp-block-image aligncenter size-full is-resized\"><img decoding=\"async\" width=\"500\" height=\"500\" src=\"https:\/\/obera.fr\/wp-content\/uploads\/2021\/11\/Sans-titre-2021-11-02T135811.740.png\" alt=\"Costuri energetice mai mici\" class=\"wp-image-7433\" style=\"width:121px;height:121px\" srcset=\"https:\/\/obera.fr\/wp-content\/uploads\/2021\/11\/Sans-titre-2021-11-02T135811.740.png 500w, https:\/\/obera.fr\/wp-content\/uploads\/2021\/11\/Sans-titre-2021-11-02T135811.740-300x300.png 300w, https:\/\/obera.fr\/wp-content\/uploads\/2021\/11\/Sans-titre-2021-11-02T135811.740-150x150.png 150w\" sizes=\"(max-width: 500px) 100vw, 500px\" \/><\/figure>\n<\/div>\n\n\n\n<div class=\"wp-block-column is-layout-flow wp-block-column-is-layout-flow\" style=\"flex-basis:66.66%\">\n<p>Conform unor studii recente efectuate pe \u00eentreprinderi din Uniunea European\u0103, energia reprezint\u0103, \u00een medie, \u00eentre 6 % \u0219i 9 % din costurile de<strong> produc\u021bie \u00een sectoare<\/strong> precum produsele chimice de baz\u0103, fibrele sintetice, fierul, o\u021belul \u0219i h\u00e2rtia.<\/p>\n\n\n\n<p>Spre deosebire de sistemele standard de aer condi\u021bionat, <a href=\"https:\/\/obera.fr\/ro\/produits\/rafraichisseurs-air\/\">r\u0103citoarele de aer industriale<\/a> \u00ee\u0219i extrag 90% din energia de r\u0103cire din evaporare.<strong> R\u0103citoarele adiabatice<\/strong> extrag din aerul exterior energia echivalent\u0103 cu c\u0103ldura latent\u0103 a apei necesar\u0103 pentru evaporarea acesteia. Prin urmare, acestea utilizeaz\u0103 10% din energia electric\u0103 a unui aparat de aer condi\u021bionat pentru a distribui aerul \u00een acela\u0219i volum.  <br\/><br\/>\u00cen contextul cre\u0219terii costurilor energetice (gaz, electricitate etc.) \u0219i al reducerii amprentei de carbon \u00een procesele de produc\u021bie, <strong>r\u0103cirea adiabatic\u0103<\/strong> are sens.<\/p>\n<\/div>\n<\/div>\n\n<h3 class=\"wp-block-heading\">Productivitate mai bun\u0103<\/h3>\n\n<div class=\"wp-block-columns is-layout-flex wp-container-core-columns-is-layout-28f84493 wp-block-columns-is-layout-flex\">\n<div class=\"wp-block-column is-vertically-aligned-center is-layout-flow wp-block-column-is-layout-flow\" style=\"flex-basis:33.33%\">\n<figure class=\"wp-block-image aligncenter size-full is-resized\"><img decoding=\"async\" width=\"500\" height=\"500\" src=\"https:\/\/obera.fr\/wp-content\/uploads\/2021\/11\/Productivite-croissance.png\" alt=\"cre&#x219;terea productivit&#x103;&#x21B;ii\" class=\"wp-image-7435\" style=\"width:125px;height:125px\" srcset=\"https:\/\/obera.fr\/wp-content\/uploads\/2021\/11\/Productivite-croissance.png 500w, https:\/\/obera.fr\/wp-content\/uploads\/2021\/11\/Productivite-croissance-300x300.png 300w, https:\/\/obera.fr\/wp-content\/uploads\/2021\/11\/Productivite-croissance-150x150.png 150w\" sizes=\"(max-width: 500px) 100vw, 500px\" \/><\/figure>\n<\/div>\n\n\n\n<div class=\"wp-block-column is-layout-flow wp-block-column-is-layout-flow\" style=\"flex-basis:66.66%\">\n<p>Orice grad \u00een plus fa\u021b\u0103 de temperatura normal\u0103 de confort la locul de munc\u0103 reduce productivitatea. Presiunea asupra produc\u021biei este cu at\u00e2t mai mare cu c\u00e2t <strong>performan\u021ba depinde de activitatea fizic\u0103<\/strong>. \u00cen intervalul de disconfort, orice c\u0103ldur\u0103 suplimentar\u0103 va sl\u0103bi organismul, va reduce concentrarea \u0219i va favoriza disfunc\u021biile.  <\/p>\n\n\n\n<p>Un r\u0103citor evaporativ func\u021bioneaz\u0103 eficient chiar \u0219i \u00eentr-un mediu deschis. Acesta aduce aer proasp\u0103t \u00een orice loca\u021bie \u00een care c\u0103ldura excesiv\u0103 degradeaz\u0103 productivitatea; at\u00e2t \u00een interior, c\u00e2t \u0219i \u00een exterior.<strong> Eficien\u021ba sa de r\u0103cire<\/strong> nu \u00eencetine\u0219te dac\u0103 u\u0219ile se deschid sau dac\u0103 trebuie s\u0103 r\u0103ci\u021bi un doc logistic sau interiorul unei remorci. <\/p>\n<\/div>\n<\/div>\n\n<h3 class=\"wp-block-heading\">medii de lucru mai sigure<\/h3>\n\n<div class=\"wp-block-columns is-layout-flex wp-container-core-columns-is-layout-28f84493 wp-block-columns-is-layout-flex\">\n<div class=\"wp-block-column is-vertically-aligned-center is-layout-flow wp-block-column-is-layout-flow\" style=\"flex-basis:33.33%\">\n<figure class=\"wp-block-image aligncenter size-full is-resized\"><img decoding=\"async\" width=\"500\" height=\"500\" src=\"https:\/\/obera.fr\/wp-content\/uploads\/2021\/11\/Sans-titre-2021-11-02T141120.556.png\" alt=\"Mediu de lucru sigur&#10;\" class=\"wp-image-7436\" style=\"width:117px;height:117px\" srcset=\"https:\/\/obera.fr\/wp-content\/uploads\/2021\/11\/Sans-titre-2021-11-02T141120.556.png 500w, https:\/\/obera.fr\/wp-content\/uploads\/2021\/11\/Sans-titre-2021-11-02T141120.556-300x300.png 300w, https:\/\/obera.fr\/wp-content\/uploads\/2021\/11\/Sans-titre-2021-11-02T141120.556-150x150.png 150w\" sizes=\"(max-width: 500px) 100vw, 500px\" \/><\/figure>\n<\/div>\n\n\n\n<div class=\"wp-block-column is-layout-flow wp-block-column-is-layout-flow\" style=\"flex-basis:66.66%\">\n<p>\u00cen ciuda siguran\u021bei sistemelor de produc\u021bie, <strong>accidentele legate de c\u0103ldur\u0103<\/strong> sunt frecvente. Atunci c\u00e2nd temperatura dep\u0103\u0219e\u0219te 39\u00b0C, fluxul de c\u0103ldur\u0103 emis de o instala\u021bie de produc\u021bie poate fi letal. Organismul are dificult\u0103\u021bi \u00een a se r\u0103ci. Acest lucru duce la reducerea aten\u021biei \u0219i a abilit\u0103\u021bilor motorii, ceea ce cre\u0219te riscul de accidente la utilizarea echipamentelor industriale. Apoi vine stresul termic, caracterizat prin ame\u021beli, sl\u0103biciune, crampe, grea\u021b\u0103 etc. Dac\u0103 nu este tratat\u0103, insola\u021bia poate duce la invaliditate permanent\u0103 sau deces.     <\/p>\n\n\n\n<p>\u00cen aceste condi\u021bii extreme, <strong>r\u0103citoarele evaporative<\/strong> \u00ee\u0219i p\u0103streaz\u0103 \u00eentreaga eficien\u021b\u0103 de r\u0103cire. Acestea asigur\u0103 siguran\u021ba angaja\u021bilor, \u00eendeplinind \u00een acela\u0219i timp cerin\u021bele reglement\u0103rilor UE privind temperatura la locul de munc\u0103. <\/p>\n<\/div>\n<\/div>\n\n<h2 class=\"wp-block-heading\">Cum func\u021bioneaz\u0103<\/h2>\n\n<figure class=\"wp-block-image alignright size-full is-resized\"><img decoding=\"async\" width=\"661\" height=\"267\" src=\"https:\/\/obera.fr\/wp-content\/uploads\/2021\/10\/Capture-decran-2021-10-06-100819.jpg\" alt=\"Opera&#x21B;iunea de r&#x103;cire adiabatic&#x103;\" class=\"wp-image-7087\" style=\"width:551px;height:222px\" srcset=\"https:\/\/obera.fr\/wp-content\/uploads\/2021\/10\/Capture-decran-2021-10-06-100819.jpg 661w, https:\/\/obera.fr\/wp-content\/uploads\/2021\/10\/Capture-decran-2021-10-06-100819-300x121.jpg 300w\" sizes=\"(max-width: 661px) 100vw, 661px\" \/><\/figure>\n\n<p>Unit\u0103\u021bile de r\u0103cire prin evaporare extrag <strong>aerul cald<\/strong> din exterior \u0219i \u00eel <strong>transform\u0103 <\/strong>\u00een interior<strong> \u00eentr-o briz\u0103 r\u0103coroas\u0103 \u0219i proasp\u0103t\u0103<\/strong>. Pentru a face acest lucru, sistemul lor de aer condi\u021bionat se bazeaz\u0103 pe <strong>procesul natural de evaporare<\/strong> a apei, pe care \u00eel maximizeaz\u0103 \u00een cadrul unui schimb\u0103tor. Acesta este modul \u00een care func\u021bioneaz\u0103 procesul de r\u0103cire.    <br\/><br\/>Un ventilator direc\u021bioneaz\u0103 aerul peste un perete alveolar \u00eembibat cu ap\u0103, proiectat pentru a optimiza contactul aer-ap\u0103. Pe m\u0103sur\u0103 ce trece prin perete, aerul furnizeaz\u0103 energia termic\u0103 necesar\u0103 pentru ca apa care circul\u0103 \u00een celule s\u0103 se transforme \u00een gaz. Energia schimb\u0103rii de faz\u0103 reprezint\u0103 energia de <strong>r\u0103cire a sistemului<\/strong>. La ie\u0219ire, temperatura aerului a sc\u0103zut, iar nivelul de umiditate a crescut. Instala\u021bia de r\u0103cire pulverizeaz\u0103 aerul r\u0103cit \u00een cl\u0103dire, care este apoi evacuat prin orificii. Volumul care trebuie r\u0103cit este re\u00eennoit \u00een 5 minute.     <\/p>\n\n<p>Pentru a afla mai multe despre <strong>r\u0103cirea prin evaporare<\/strong> \u0219i rolul s\u0103u din ce \u00een ce mai important \u00een produc\u021bia industrial\u0103 sau pentru a v\u0103 ajuta s\u0103 alege\u021bi cel mai bun sistem pentru nevoile dumneavoastr\u0103, contacta\u021bi echipa noastr\u0103 de exper\u021bi prin intermediul formularului nostru de contact.<\/p>\n\n<div class=\"wp-block-buttons is-horizontal is-content-justification-center is-layout-flex wp-container-core-buttons-is-layout-03627597 wp-block-buttons-is-layout-flex\">\n<div class=\"wp-block-button\"><a class=\"wp-block-button__link wp-element-button\" href=\"https:\/\/obera.fr\/ro\/sfatul-nostru\/intrebari-frecvente-racitoare-de-aer-adiabatic\/\">\u00centreb\u0103ri frecvente R\u0103citoare de aer adiabatic<\/a><\/div>\n<\/div>\n","protected":false},"excerpt":{"rendered":"<p>\u00cen \u00eentreaga Europ\u0103, temperaturile ridicate au fost \u00een cre\u0219tere, ultimul deceniu fiind cel mai cald \u00eenregistrat vreodat\u0103. De fapt, 2020 a fost cel mai cald an \u00eenregistrat vreodat\u0103, cu 1,2\u00b0C mai cald dec\u00e2t anul mediu din secolul al XIX-lea. <\/p>\n","protected":false},"author":4,"featured_media":96268,"comment_status":"open","ping_status":"closed","sticky":false,"template":"","format":"standard","meta":{"_acf_changed":false,"_seopress_robots_primary_cat":"none","_seopress_titles_title":"R\u0103cirea prin evaporare \u0219i produc\u021bia industrial\u0103","_seopress_titles_desc":"Descoperi\u021bi beneficiile \u0219i avantajele r\u0103cirii evaporative a aerului pentru produc\u021bia industrial\u0103, bun\u0103starea angaja\u021bilor \u0219i a companiei.","_seopress_robots_index":"","footnotes":""},"categories":[144],"tags":[145],"class_list":["post-43871","post","type-post","status-publish","format-standard","has-post-thumbnail","hentry","category-sfatul-nostru","tag-entete-mic","generate-columns","tablet-grid-50","mobile-grid-100","grid-parent","grid-50","no-featured-image-padding","resize-featured-image"],"acf":[],"_links":{"self":[{"href":"https:\/\/obera.fr\/ro\/wp-json\/wp\/v2\/posts\/43871","targetHints":{"allow":["GET"]}}],"collection":[{"href":"https:\/\/obera.fr\/ro\/wp-json\/wp\/v2\/posts"}],"about":[{"href":"https:\/\/obera.fr\/ro\/wp-json\/wp\/v2\/types\/post"}],"author":[{"embeddable":true,"href":"https:\/\/obera.fr\/ro\/wp-json\/wp\/v2\/users\/4"}],"replies":[{"embeddable":true,"href":"https:\/\/obera.fr\/ro\/wp-json\/wp\/v2\/comments?post=43871"}],"version-history":[{"count":3,"href":"https:\/\/obera.fr\/ro\/wp-json\/wp\/v2\/posts\/43871\/revisions"}],"predecessor-version":[{"id":96448,"href":"https:\/\/obera.fr\/ro\/wp-json\/wp\/v2\/posts\/43871\/revisions\/96448"}],"wp:featuredmedia":[{"embeddable":true,"href":"https:\/\/obera.fr\/ro\/wp-json\/wp\/v2\/media\/96268"}],"wp:attachment":[{"href":"https:\/\/obera.fr\/ro\/wp-json\/wp\/v2\/media?parent=43871"}],"wp:term":[{"taxonomy":"category","embeddable":true,"href":"https:\/\/obera.fr\/ro\/wp-json\/wp\/v2\/categories?post=43871"},{"taxonomy":"post_tag","embeddable":true,"href":"https:\/\/obera.fr\/ro\/wp-json\/wp\/v2\/tags?post=43871"}],"curies":[{"name":"wp","href":"https:\/\/api.w.org\/{rel}","templated":true}]}}