{"id":44064,"date":"2021-05-17T19:28:45","date_gmt":"2021-05-17T17:28:45","guid":{"rendered":"https:\/\/obera.fr\/non-classifiee\/diagnosticarea-calitatii-aerului-interior-pentru-cladiri-industriale\/"},"modified":"2025-05-06T13:26:48","modified_gmt":"2025-05-06T11:26:48","slug":"qai-diagnostic-qualite-de-l-air-interieur-batiments-industriels","status":"publish","type":"post","link":"https:\/\/obera.fr\/ro\/sfatul-nostru\/qai-diagnostic-qualite-de-l-air-interieur-batiments-industriels\/","title":{"rendered":"Diagnosticarea calit\u0103\u021bii aerului interior pentru cl\u0103diri industriale"},"content":{"rendered":"\n<p>Calitatea aerului interior este o problem\u0103 major\u0103 de s\u0103n\u0103tate \u0219i de mediu. La domiciliu sau la birou, <strong>poluarea din interior<\/strong> este de 5 p\u00e2n\u0103 la 10 ori mai mare dec\u00e2t \u00een exterior! Cauzele: umiditatea excesiv\u0103, poluan\u021bii degaja\u021bi de produsele de cur\u0103\u021bare \u0219i materialele de construc\u021bie, ventila\u021bia inadecvat\u0103 etc.    <\/p>\n\n<p><strong>Diagnosticarea calit\u0103\u021bii aerului interior (IAQ)<\/strong> este obligatorie pentru toate unit\u0103\u021bile deschise publicului \u0219i ofer\u0103 o imagine de ansamblu a situa\u021biei actuale, astfel \u00eenc\u00e2t s\u0103 poat\u0103 fi elaborat un plan de ac\u021biune adecvat. Ce poluan\u021bi caut\u0103 diagnosticarea IAQ? De ce \u0219i cum trebuie<strong> monitorizat\u0103 calitatea aerului interior \u00een cl\u0103dirile industriale<\/strong>?    <\/p>\n\n<p>Urm\u0103ri\u021bi ghidul nostru pentru a afla tot ce trebuie s\u0103 \u0219ti\u021bi despre diagnosticarea IAQ.<\/p>\n\n<h2 class=\"wp-block-heading\">Ce este diagnosticul calit\u0103\u021bii aerului interior?<\/h2>\n\n<p>Diagnosticarea <a href=\"https:\/\/obera.fr\/conseils\/qualite-l-air-interieur-critere-essentiel-industrie\/\" data-type=\"URL\" data-id=\"https:\/\/obera.fr\/conseils\/qualite-l-air-interieur-critere-essentiel-industrie\/\">calit\u0103\u021bii aerului interior<\/a> (IAQ) presupune <strong>m\u0103surarea nivelului de poluare \u00een spa\u021bii \u00eenchise<\/strong> (locuin\u021be, spa\u021bii comerciale, unit\u0103\u021bi deschise publicului etc.). Aceast\u0103 evaluare identific\u0103 <strong>concentra\u021bia \u0219i sursa poluan\u021bilor<\/strong> prezen\u021bi \u00een interiorul cl\u0103dirii. <\/p>\n\n<h3 class=\"wp-block-heading\">Ce poluan\u021bi sunt m\u0103sura\u021bi \u00een timpul unui diagnostic IAQ?<\/h3>\n\n<p>Diagnosticarea calit\u0103\u021bii aerului interior se bazeaz\u0103 pe diverse m\u0103sur\u0103tori:<\/p>\n\n<ul class=\"wp-block-list\"><li><strong>analiza poluan\u021bilor gazo\u0219i<\/strong>: dioxid de carbon (CO2) \u0219i compu\u0219i organici volatili (COV) precum formaldehida;<\/li><li><strong>c\u0103utarea particulelor<\/strong>: praf, fibre de azbest, etc. ;<\/li><li><strong>m\u0103surarea valorilor fizice<\/strong>: <a href=\"https:\/\/obera.fr\/ro\/sfatul-nostru\/choisir-rafraichisseur-d-air-industriel-reguler-temperature\/\" data-type=\"URL\" data-id=\"https:\/\/obera.fr\/conseils\/choisir-rafraichisseur-d-air-industriel-reguler-temperature\/\">temperatura<\/a> \u0219i umiditatea relativ\u0103.<\/li><\/ul>\n\n<p>Aceste produse prezint\u0103 <strong>riscuri pentru s\u0103n\u0103tatea uman\u0103 \u0219i pentru mediu<\/strong>. Unele dintre ele pot provoca cancer. Acest lucru este valabil \u00een special pentru formaldehid\u0103 \u0219i azbest. Poluarea aerului ucide aproape 50 000 de persoane pe an \u00een Fran\u021ba.   <\/p>\n\n<h3 class=\"wp-block-heading\">Care sunt sursele de poluare a aerului \u00een cl\u0103dirile industriale?<\/h3>\n\n<p>Spa\u021biile industriale ad\u0103postesc numeroase surse de poluare:<\/p>\n\n<ul class=\"wp-block-list\"><li>Substan\u021bele <strong>chimice \u0219i materialele<\/strong> utilizate \u00een procesele de fabrica\u021bie elibereaz\u0103 poluan\u021bi \u00een aer.<\/li><li><strong>Transportul materialelor \u0219i al produselor finite<\/strong> genereaz\u0103 praf, particule, vapori de hidrocarburi etc.<\/li><li><strong>Poluan\u021bii din mediul exterior<\/strong> pot r\u0103m\u00e2ne bloca\u021bi \u00een interiorul cl\u0103dirilor.<\/li><\/ul>\n\n<blockquote class=\"wp-block-quote is-layout-flow wp-block-quote-is-layout-flow\"><p><strong>Absen\u021ba ventila\u021biei \u0219i a unui sistem de ventila\u021bie adecvat<\/strong> concentreaz\u0103 poluan\u021bii \u0219i afecteaz\u0103, de asemenea, temperatura \u0219i nivelul de umiditate din interiorul unit\u0103\u021bii.<\/p><\/blockquote>\n\n<h2 class=\"wp-block-heading\">De ce s\u0103 m\u0103sur\u0103m calitatea aerului din interior?<\/h2>\n\n<p><a href=\"https:\/\/obera.fr\/ro\/sfatul-nostru\/analiza-calitatii-aerului-interior-sfaturile-noastre\/\" data-type=\"URL\" data-id=\"https:\/\/obera.fr\/conseils\/analyse-qualite-l-air-interieur\/\">Evaluarea calit\u0103\u021bii aerului interior<\/a> este o<strong> obliga\u021bie legal\u0103 pentru angajatori<\/strong>. De asemenea, contribuie la<strong>\u00eembun\u0103t\u0103\u021birea productivit\u0103\u021bii unit\u0103\u021bilor<\/strong>. <\/p>\n\n<h3 class=\"wp-block-heading\">Este obligatorie diagnosticarea calit\u0103\u021bii aerului interior?<\/h3>\n\n<p>\u00cen Fran\u021ba, decretul nr. 2015-1000 impune testarea calit\u0103\u021bii aerului interior \u00een locurile \u00een care sunt prezen\u021bi copii (gr\u0103dini\u021be \u0219i \u0219coli primare, centre de agrement \u0219i \u0219coli secundare). <strong>Din 2023<\/strong><strong>, testarea calit\u0103\u021bii aerului interior va fi obligatorie pentru toate unit\u0103\u021bile deschise publicului (ERP)<\/strong>, adic\u0103 spa\u021biile deschise persoanelor din exterior (altele dec\u00e2t angaja\u021bii).<br\/><br\/>Indiferent dac\u0103 societatea dumneavoastr\u0103 este sau nu un ERP, trebuie s\u0103 <strong>respecta\u021bi valorile limit\u0103 de expunere profesional\u0103 (VLEP) impuse de Codul muncii francez<\/strong>. Diagnosticul IAQ v\u0103 permite s\u0103 verifica\u021bi dac\u0103 concentra\u021biile de poluan\u021bi sunt cu mult sub valorile stabilite prin lege \u0219i s\u0103 lua\u021bi \u00een considerare m\u0103suri corective dac\u0103 este necesar. <\/p>\n\n<h3 class=\"wp-block-heading\">Care sunt beneficiile unui aer s\u0103n\u0103tos \u00eentr-o cl\u0103dire industrial\u0103?<\/h3>\n\n<p>\u00cen plus fa\u021b\u0103 de aspectul normativ, men\u021binerea unei bune calit\u0103\u021bi a aerului interior are <a href=\"https:\/\/obera.fr\/ro\/sfatul-nostru\/comment-rafraichissement-evaporation-ameliorer-production-industrielle\/\" data-type=\"URL\" data-id=\"https:\/\/obera.fr\/conseils\/comment-rafraichissement-evaporation-ameliorer-production-industrielle\/\">o serie de beneficii pentru productivitatea unit\u0103\u021bii dumneavoastr\u0103<\/a>:<\/p>\n\n<ul class=\"wp-block-list\"><li><strong>\u00cembun\u0103t\u0103\u021birea s\u0103n\u0103t\u0103\u021bii angaja\u021bilor<\/strong>: o for\u021b\u0103 de munc\u0103 s\u0103n\u0103toas\u0103 contribuie la reducerea absenteismului \u0219i a concediilor medicale;<\/li><li><strong>costuri de \u00eentre\u021binere reduse<\/strong>: spa\u021biile r\u0103m\u00e2n mai mult timp curate, iar utilajele se defecteaz\u0103 mai rar;<\/li><li><strong>\u00cembun\u0103t\u0103\u021birea calit\u0103\u021bii produselor finite<\/strong>: monitorizarea poluan\u021bilor, a temperaturii \u0219i a nivelului de umiditate asigur\u0103 conservarea optim\u0103 a materialelor.<\/li><\/ul>\n\n<h2 class=\"wp-block-heading\">Cum efectua\u021bi un diagnostic al calit\u0103\u021bii aerului interior?<\/h2>\n\n<p>Diagnosticarea IAQ necesit\u0103 <strong>instrumente de m\u0103surare specifice<\/strong> \u0219i trebuie efectuat\u0103 de un <strong>specialist \u00een calitatea aerului<\/strong>.<\/p>\n\n<h3 class=\"wp-block-heading\">Cum se m\u0103soar\u0103 calitatea aerului din interior?<\/h3>\n\n<p>\u00cen calitate de specialist \u00een tratarea aerului industrial, OBERA ofer\u0103 o gam\u0103 de contoare de particule \u0219i analizoare de aer. Acest tip de dispozitiv<strong> <a href=\"https:\/\/obera.fr\/conseils\/mesure-de-la-qualite-de-l-air-interieur-interet-principe\/\" data-type=\"URL\" data-id=\"https:\/\/obera.fr\/conseils\/mesure-de-la-qualite-de-l-air-interieur-interet-principe\/\">m\u0103soar\u0103 \u00een permanen\u021b\u0103 parametrii de calitate a aerului interior<\/a><\/strong> cu ajutorul mai multor senzori: <\/p>\n\n<ul class=\"wp-block-list\"><li>un <strong>senzor VOC<\/strong> (compu\u0219i organici volatili);<\/li><li>un <strong>senzor de CO2<\/strong>;<\/li><li>un<strong>senzor de praf \u0219i particule<\/strong> (PM 0,3 p\u00e2n\u0103 la PM 10)<\/li><li>un <strong>senzor de temperatur\u0103<\/strong>;<\/li><li>un <strong>senzor de umiditate<\/strong>.<\/li><\/ul>\n\n<p><strong>Analiza \u00een timp real<\/strong> \u00eenseamn\u0103 c\u0103 pot fi luate m\u0103suri rapide dac\u0103 m\u0103sur\u0103torile dep\u0103\u0219esc limitele de expunere profesional\u0103.<\/p>\n\n<h3 class=\"wp-block-heading\">La cine ar trebui s\u0103 apela\u021bi pentru un diagnostic IAQ al unit\u0103\u021bii dumneavoastr\u0103?<\/h3>\n\n<p><strong>Pentru cl\u0103dirile ERP vizate de decretul nr. 2015-1000, diagnosticarea calit\u0103\u021bii aerului interior trebuie efectuat\u0103 de un profesionist acreditat de stat<\/strong>. OBERA v\u0103 ofer\u0103 diagnostice care includ : <\/p>\n\n<ul class=\"wp-block-list\"><li>identificarea surselor de poluare a aerului \u00een cadrul unit\u0103\u021bii dumneavoastr\u0103;<\/li><li>studierea concentra\u021biei de poluan\u021bi (formaldehid\u0103, CO2 etc.);<\/li><li>m\u0103surarea temperaturii \u0219i a umidit\u0103\u021bii relative.<\/li><\/ul>\n\n<p>V\u0103 rug\u0103m s\u0103 nu ezita\u021bi s\u0103 ne contacta\u021bi pentru <strong>o ofert\u0103 de pre\u021b<\/strong> sau pentru a discuta despre <strong>implementarea solu\u021biilor de tratare a aerului industrial<\/strong>.<\/p>\n\n<p>Informa\u021bii suplimentare: <a href=\"https:\/\/obera.fr\/ro\/sfatul-nostru\/ghidul-complet-pentru-tratarea-aerului-industrial\/\" data-type=\"post\" data-id=\"1420\">Ghidul complet pentru tratarea aerului industrial<\/a>.<\/p>\n","protected":false},"excerpt":{"rendered":"<p>Diagnosticarea calit\u0103\u021bii aerului interior (IAQ) este obligatorie pentru toate unit\u0103\u021bile deschise publicului \u0219i ofer\u0103 o imagine de ansamblu a situa\u021biei actuale, astfel \u00eenc\u00e2t s\u0103 poat\u0103 fi elaborat un plan de ac\u021biune adecvat. Ce poluan\u021bi caut\u0103 diagnosticarea IAQ? De ce \u0219i cum trebuie monitorizat\u0103 calitatea aerului interior \u00een cl\u0103dirile industriale?    <\/p>\n","protected":false},"author":4,"featured_media":96584,"comment_status":"open","ping_status":"closed","sticky":false,"template":"","format":"standard","meta":{"_acf_changed":false,"_seopress_robots_primary_cat":"none","_seopress_titles_title":"Diagnosticarea calit\u0103\u021bii aerului interior pentru produc\u0103tori","_seopress_titles_desc":"Diagnosticarea calit\u0103\u021bii aerului interior (IAQ) este obligatorie pentru toate unit\u0103\u021bile deschise publicului \u0219i ofer\u0103 o imagine de ansamblu a situa\u021biei actuale, astfel \u00eenc\u00e2t s\u0103 poat\u0103 fi elaborat un plan de ac\u021biune adecvat.","_seopress_robots_index":"","footnotes":""},"categories":[144],"tags":[],"class_list":["post-44064","post","type-post","status-publish","format-standard","has-post-thumbnail","hentry","category-sfatul-nostru","generate-columns","tablet-grid-50","mobile-grid-100","grid-parent","grid-50","no-featured-image-padding","resize-featured-image"],"acf":[],"_links":{"self":[{"href":"https:\/\/obera.fr\/ro\/wp-json\/wp\/v2\/posts\/44064","targetHints":{"allow":["GET"]}}],"collection":[{"href":"https:\/\/obera.fr\/ro\/wp-json\/wp\/v2\/posts"}],"about":[{"href":"https:\/\/obera.fr\/ro\/wp-json\/wp\/v2\/types\/post"}],"author":[{"embeddable":true,"href":"https:\/\/obera.fr\/ro\/wp-json\/wp\/v2\/users\/4"}],"replies":[{"embeddable":true,"href":"https:\/\/obera.fr\/ro\/wp-json\/wp\/v2\/comments?post=44064"}],"version-history":[{"count":3,"href":"https:\/\/obera.fr\/ro\/wp-json\/wp\/v2\/posts\/44064\/revisions"}],"predecessor-version":[{"id":96621,"href":"https:\/\/obera.fr\/ro\/wp-json\/wp\/v2\/posts\/44064\/revisions\/96621"}],"wp:featuredmedia":[{"embeddable":true,"href":"https:\/\/obera.fr\/ro\/wp-json\/wp\/v2\/media\/96584"}],"wp:attachment":[{"href":"https:\/\/obera.fr\/ro\/wp-json\/wp\/v2\/media?parent=44064"}],"wp:term":[{"taxonomy":"category","embeddable":true,"href":"https:\/\/obera.fr\/ro\/wp-json\/wp\/v2\/categories?post=44064"},{"taxonomy":"post_tag","embeddable":true,"href":"https:\/\/obera.fr\/ro\/wp-json\/wp\/v2\/tags?post=44064"}],"curies":[{"name":"wp","href":"https:\/\/api.w.org\/{rel}","templated":true}]}}