{"id":44312,"date":"2021-05-06T11:22:12","date_gmt":"2021-05-06T09:22:12","guid":{"rendered":"https:\/\/obera.fr\/non-classifiee\/aerare-si-covid-19-obera-echipeaza-salile-de-clasa-cantinele-si-refectoriile-din-numeroase-scoli-si-licee-franceze\/"},"modified":"2025-05-07T10:08:58","modified_gmt":"2025-05-07T08:08:58","slug":"aeration-covid-salles-classes-cantines-refectoire-lycees","status":"publish","type":"post","link":"https:\/\/obera.fr\/ro\/sfatul-nostru\/aeration-covid-salles-classes-cantines-refectoire-lycees\/","title":{"rendered":"Ventila\u021bie \u0219i COVID-19: OberA echipeaz\u0103 s\u0103lile de clas\u0103, cantinele \u0219i refectoriile multor \u0219coli \u0219i licee franceze!"},"content":{"rendered":"\n<h2 class=\"wp-block-heading\">Solu\u021bii de aerare antibacterian\u0103 \u00een educa\u021bie<\/h2>\n\n<p>\u00cenv\u0103\u021barea \u00eempreun\u0103 este esen\u021bial\u0103 pentru copii \u0219i adolescen\u021bi. \u0218i cel mai bun lucru este c\u0103 acest lucru este \u00eentotdeauna posibil \u00een sala de clas\u0103, at\u00e2t timp c\u00e2t aerul este curat \u0219i sunt respectate condi\u021biile sanitare. <\/p>\n\n<figure class=\"wp-block-image alignright size-large is-resized\"><img decoding=\"async\" src=\"https:\/\/obera.fr\/wp-content\/uploads\/2021\/05\/image_ecole-covid-1024x768.jpg\" alt=\"ventila&#x21B;ie &#x219;coal&#x103; covid\" class=\"wp-image-5610\" width=\"527\" height=\"395\" srcset=\"https:\/\/obera.fr\/wp-content\/uploads\/2021\/05\/image_ecole-covid-1024x768.jpg 1024w, https:\/\/obera.fr\/wp-content\/uploads\/2021\/05\/image_ecole-covid-300x225.jpg 300w, https:\/\/obera.fr\/wp-content\/uploads\/2021\/05\/image_ecole-covid-768x576.jpg 768w, https:\/\/obera.fr\/wp-content\/uploads\/2021\/05\/image_ecole-covid-1536x1152.jpg 1536w, https:\/\/obera.fr\/wp-content\/uploads\/2021\/05\/image_ecole-covid.jpg 2016w\" sizes=\"(max-width: 527px) 100vw, 527px\" \/><figcaption class=\"wp-element-caption\">Ventilarea unei s\u0103li de clas\u0103 cu OBERA<\/figcaption><\/figure>\n\n<p>O serie de regiuni franceze au decis s\u0103 finan\u021beze integral sau par\u021bial costul <a href=\"https:\/\/obera.fr\/ro\/produits\/purificateurs-air\/purificatoare-de-aer-anti-virus-si-anti-bacteriene-covid-19\/\" data-type=\"page\" data-id=\"5161\">purificatoarelor de aer<\/a> \u0219i s\u0103 ajute unit\u0103\u021bile de \u00eenv\u0103\u021b\u0103m\u00e2nt s\u0103 le achizi\u021bioneze:<\/p>\n\n<ul class=\"wp-block-list\">\n<li>Regiunea Auvergne-Rh\u00f4ne-Alpes a votat \u00een favoarea unui plan regional de investi\u021bii \u00een valoare de 10 milioane EUR pentru <a href=\"https:\/\/obera.fr\/ro\/produits\/purificateurs-air\/\" data-type=\"page\">purificarea aerului<\/a> din \u0219colile secundare \u0219i colegiile din regiune.  <\/li>\n\n\n\n<li>Regiunea Ile-de-France ofer\u0103 finan\u021b\u0103ri de p\u00e2n\u0103 la 10 000 EUR \u0219colilor secundare \u0219i autorit\u0103\u021bilor locale pentru achizi\u021bionarea de echipamente legate de s\u0103n\u0103tate, cum ar fi purificatoarele de aer.<\/li>\n<\/ul>\n\n<p>Odat\u0103 cu revenirea pred\u0103rii fa\u021b\u0103 \u00een fa\u021b\u0103 \u0219i a utiliz\u0103rii cantinelor \u0219i refectoriilor, <strong>purificatoarele de aer sunt necesare pentru a trata zonele cu concentra\u021bii mari de persoane<\/strong> \u0219i\/sau zonele cu un num\u0103r mare de elevi \u00een acela\u0219i timp. Purificatoarele de aer pot trata aerul din aceste zone cu echivalentul a aproximativ patru p\u00e2n\u0103 la zece schimb\u0103ri ale volumului camerei pe or\u0103.   <\/p>\n\n<blockquote class=\"wp-block-quote is-layout-flow wp-block-quote-is-layout-flow\">\n<p>Acest lucru <strong>reduce semnificativ num\u0103rul de particule \u0219i viru\u0219i \u00een suspensie<\/strong> (-85% \u00een medie) \u0219i purific\u0103 semnificativ aerul din camer\u0103.<\/p>\n<\/blockquote>\n\n<div class=\"wp-block-buttons is-horizontal is-content-justification-center is-layout-flex wp-container-core-buttons-is-layout-03627597 wp-block-buttons-is-layout-flex\">\n<div class=\"wp-block-button\"><a class=\"wp-block-button__link wp-element-button\" href=\"https:\/\/obera.fr\/ro\/contact\/\">A\u0219 dori s\u0103 aflu mai multe<\/a><\/div>\n<\/div>\n\n<h2 class=\"wp-block-heading\">Aerarea coronavirusului<\/h2>\n\n<div class=\"wp-block-columns is-layout-flex wp-container-core-columns-is-layout-28f84493 wp-block-columns-is-layout-flex\">\n<div class=\"wp-block-column is-vertically-aligned-center is-layout-flow wp-block-column-is-layout-flow\" style=\"flex-basis:66.66%\">\n<p>Pentru a <strong>reduce considerabil riscul de contagiune \u00een interior<\/strong>, este totu\u0219i necesar\u0103 o ventila\u021bie regulat\u0103. Totu\u0219i, acest lucru nu este \u00eentotdeauna posibil (atunci c\u00e2nd \u00eenc\u0103perile nu au ferestre sau c\u00e2nd este prea frig). \u00cen astfel de cazuri, instalarea unui purificator de aer \u0219i a<strong>unor senzori pentru m\u0103surarea<\/strong> continu\u0103 a parametrilor de calitate a aerului poate fi solu\u021bia.  <\/p>\n\n\n\n<h3 class=\"wp-block-heading\">\u00cen ciuda purificatoarelor de aer: tot trebuie s\u0103 ventila\u021bi!<\/h3>\n\n\n\n<p>Unele unit\u0103\u021bi au ales, de asemenea, s\u0103 se echipeze cu <a href=\"https:\/\/obera.fr\/ro\/produits\/purificateurs-air\/purificatoare-de-aer-anti-virus-si-anti-bacteriene-covid-19\/purificator-de-aer-virbox-anti-virus\/\" data-type=\"page\" data-id=\"4902\">senzori de CO2<\/a> pentru a m\u0103sura \u00een permanen\u021b\u0103 concentra\u021bia de CO2 \u0219i pentru a declan\u0219a ventila\u021bia dac\u0103 se dep\u0103\u0219e\u0219te pragul recomandat.<\/p>\n<\/div>\n\n\n\n<div class=\"wp-block-column is-vertically-aligned-center is-layout-flow wp-block-column-is-layout-flow\" style=\"flex-basis:33.33%\">\n<figure class=\"wp-block-image aligncenter size-full is-resized\"><img decoding=\"async\" src=\"https:\/\/obera.fr\/wp-content\/uploads\/2021\/05\/Sans-titre-20.jpg\" alt=\"Aerisirea camerelor prin ferestre\" class=\"wp-image-5607\" width=\"250\" height=\"250\" srcset=\"https:\/\/obera.fr\/wp-content\/uploads\/2021\/05\/Sans-titre-20.jpg 500w, https:\/\/obera.fr\/wp-content\/uploads\/2021\/05\/Sans-titre-20-300x300.jpg 300w, https:\/\/obera.fr\/wp-content\/uploads\/2021\/05\/Sans-titre-20-150x150.jpg 150w\" sizes=\"(max-width: 250px) 100vw, 250px\" \/><\/figure>\n<\/div>\n<\/div>\n\n<h2 class=\"wp-block-heading\">Un instrument distractiv: LED albastru: totul este bine; LED ro\u0219u: trebuie s\u0103 ventila\u021bi<\/h2>\n\n<p>O serie de sindicate ale cadrelor didactice solicit\u0103 instalarea de <strong>senzori de CO2<\/strong> pentru monitorizarea continu\u0103 a calit\u0103\u021bii aerului.<\/p>\n\n<p><strong>Multe studii recomand\u0103 utilizarea senzorilor de CO2 \u00een interior<\/strong>. \u00cen acest sens, ar fi \u00een\u021belept s\u0103 le aplica\u021bi \u00een special \u00een toate s\u0103lile de clas\u0103. Aceste instrumente de m\u0103surare trag un semnal de alarm\u0103 atunci c\u00e2nd interioarele trebuie ventilate. Ace\u0219ti senzori sunt un instrument bun pentru a face vizibil\u0103 calitatea aerului \u00een s\u0103lile de clas\u0103:     <\/p>\n\n<blockquote class=\"wp-block-quote is-layout-flow wp-block-quote-is-layout-flow\">\n<p>&#8222;\u00cen camere, acestea arat\u0103 c\u00e2nd limitele au fost atinse \u0219i ferestrele trebuie deschise.&#8221;  <\/p>\n<\/blockquote>\n","protected":false},"excerpt":{"rendered":"<p>Pentru a reduce riscul de transmitere a virusului Covid-19, OberA a echipat s\u0103lile de clas\u0103, cantinele \u0219i refectoriile multor \u0219coli \u0219i licee franceze!<\/p>\n","protected":false},"author":4,"featured_media":98840,"comment_status":"open","ping_status":"closed","sticky":false,"template":"","format":"standard","meta":{"_acf_changed":false,"_seopress_robots_primary_cat":"none","_seopress_titles_title":"Ventila\u021bie \u0219i COVID-19: OBERA echipeaz\u0103 \u0219colile secundare franceze!","_seopress_titles_desc":"OberA instaleaz\u0103 \u00een \u0219coli sisteme de purificare a aerului care sunt eficiente \u00eempotriva viru\u0219ilor \u0219i bacteriilor pentru a proteja elevii \u0219i personalul didactic.","_seopress_robots_index":"","footnotes":""},"categories":[144],"tags":[145],"class_list":["post-44312","post","type-post","status-publish","format-standard","has-post-thumbnail","hentry","category-sfatul-nostru","tag-entete-mic","generate-columns","tablet-grid-50","mobile-grid-100","grid-parent","grid-50","no-featured-image-padding","resize-featured-image"],"acf":[],"_links":{"self":[{"href":"https:\/\/obera.fr\/ro\/wp-json\/wp\/v2\/posts\/44312","targetHints":{"allow":["GET"]}}],"collection":[{"href":"https:\/\/obera.fr\/ro\/wp-json\/wp\/v2\/posts"}],"about":[{"href":"https:\/\/obera.fr\/ro\/wp-json\/wp\/v2\/types\/post"}],"author":[{"embeddable":true,"href":"https:\/\/obera.fr\/ro\/wp-json\/wp\/v2\/users\/4"}],"replies":[{"embeddable":true,"href":"https:\/\/obera.fr\/ro\/wp-json\/wp\/v2\/comments?post=44312"}],"version-history":[{"count":3,"href":"https:\/\/obera.fr\/ro\/wp-json\/wp\/v2\/posts\/44312\/revisions"}],"predecessor-version":[{"id":99169,"href":"https:\/\/obera.fr\/ro\/wp-json\/wp\/v2\/posts\/44312\/revisions\/99169"}],"wp:featuredmedia":[{"embeddable":true,"href":"https:\/\/obera.fr\/ro\/wp-json\/wp\/v2\/media\/98840"}],"wp:attachment":[{"href":"https:\/\/obera.fr\/ro\/wp-json\/wp\/v2\/media?parent=44312"}],"wp:term":[{"taxonomy":"category","embeddable":true,"href":"https:\/\/obera.fr\/ro\/wp-json\/wp\/v2\/categories?post=44312"},{"taxonomy":"post_tag","embeddable":true,"href":"https:\/\/obera.fr\/ro\/wp-json\/wp\/v2\/tags?post=44312"}],"curies":[{"name":"wp","href":"https:\/\/api.w.org\/{rel}","templated":true}]}}