{"id":44493,"date":"2021-05-18T19:28:45","date_gmt":"2021-05-18T17:28:45","guid":{"rendered":"https:\/\/obera.fr\/non-classifiee\/analiza-calitatii-aerului-interior-sfaturile-noastre\/"},"modified":"2025-05-07T09:45:34","modified_gmt":"2025-05-07T07:45:34","slug":"analyse-qualite-l-air-interieur","status":"publish","type":"post","link":"https:\/\/obera.fr\/ro\/sfatul-nostru\/analyse-qualite-l-air-interieur\/","title":{"rendered":"Analiza calit\u0103\u021bii aerului interior: sfaturile noastre"},"content":{"rendered":"\n<p>Conform OMS, poluarea aerului ucide aproape 50.000 de persoane \u00een Fran\u021ba \u00een fiecare an. \u0218i, contrar credin\u021bei populare, aerul din interiorul unei case sau al unei cl\u0103diri industriale poate fi de p\u00e2n\u0103 la 10 ori mai poluat dec\u00e2t aerul de afar\u0103!   <\/p>\n\n<p>La locul de munc\u0103, analiza <a href=\"https:\/\/obera.fr\/ro\/sfatul-nostru\/qualite-l-air-interieur-critere-essentiel-industrie\/\" data-type=\"URL\" data-id=\"https:\/\/obera.fr\/conseils\/qualite-l-air-interieur-critere-essentiel-industrie\/\">calit\u0103\u021bii aerului interior<\/a> este, prin urmare, o provocare major\u0103 pentru s\u0103n\u0103tatea angaja\u021bilor.  <\/p>\n\n<p>Care sunt sursele de poluare interioar\u0103? Este obligatorie <strong>monitorizarea calit\u0103\u021bii aerului din interior<\/strong>? Cum se <strong>m\u0103soar\u0103 calitatea aerului din interior<\/strong>? Descoperi\u021bi sfaturile noastre pentru un mediu de lucru s\u0103n\u0103tos care respect\u0103 legisla\u021bia.   <\/p>\n\n<h2 class=\"wp-block-heading\" id=\"quelles-sont-les-sources-de-pollution-de-l-air-interieur\">Care sunt sursele de poluare a aerului interior?<\/h2>\n\n<p><strong>Analiza calit\u0103\u021bii aerului interior<\/strong> \u00eentr-un spa\u021biu \u00eenchis (locuin\u021b\u0103, cl\u0103dire industrial\u0103, institu\u021bie deschis\u0103 publicului) se bazeaz\u0103 pe <strong>c\u0103utarea poluan\u021bilor \u0219i pe m\u0103surarea m\u0103rimilor fizice<\/strong> (temperatur\u0103, umiditate, presiune etc.).<\/p>\n\n<h3 class=\"wp-block-heading\" id=\"les-particules-et-composes-organiques-volatils-cov\">Particule \u0219i compu\u0219i organici volatili (COV)<\/h3>\n\n<p>Materialele de construc\u021bie, produsele de cur\u0103\u021bare \u0219i lipsa ventila\u021biei \u00een cl\u0103diri sunt toate surse de poluare la locul de munc\u0103. <strong>Diagnosticul calit\u0103\u021bii aerului interior (IAQ)<\/strong> se bazeaz\u0103 pe o evaluare a concentra\u021biei a dou\u0103 tipuri de poluan\u021bi: <\/p>\n\n<ul class=\"wp-block-list\">\n<li><strong>Compu\u0219i organici volatili (COV<\/strong> ): mirosuri, vapori din produse chimice, cum ar fi formaldehida;<\/li>\n\n\n\n<li><strong>particule solide sau lichide<\/strong>: praf, aerosoli \u0219i compu\u0219i biologici (microbi, mucegai etc.).<\/li>\n<\/ul>\n\n<blockquote class=\"wp-block-quote is-layout-flow wp-block-quote-is-layout-flow\">\n<p>Poluarea aerului interior reprezint\u0103 o <strong>amenin\u021bare la adresa s\u0103n\u0103t\u0103\u021bii angaja\u021bilor \u0219i a mediului<\/strong>. Formaldehida este o substan\u021b\u0103 cancerigen\u0103, iar COV-urile contribuie la efectul de ser\u0103. <\/p>\n<\/blockquote>\n\n<h3 class=\"wp-block-heading\" id=\"des-valeurs-de-temperature-et-d-humidite-excessives\">Niveluri excesive de temperatur\u0103 \u0219i umiditate<\/h3>\n\n<p>Analiza calit\u0103\u021bii aerului interior necesit\u0103, de asemenea, <strong>m\u0103surarea temperaturii \u0219i a umidit\u0103\u021bii relative<\/strong>. C\u0103ldura sau umiditatea excesive favorizeaz\u0103 dezvoltarea poluan\u021bilor biologici (mucegai, bacterii) care <strong>deterioreaz\u0103 materialele \u0219i produsele finite<\/strong>. \u00cen plus, temperatura \u0219i umiditatea excesive sporesc efectul nociv al COV-urilor \u0219i <strong>contribuie la deteriorarea mediului de lucru<\/strong>.  <\/p>\n\n<h2 class=\"wp-block-heading\" id=\"que-dit-la-loi-sur-la-surveillance-de-la-qualite-de-l-air-interieur\">Ce spune legea despre monitorizarea calit\u0103\u021bii aerului din interior?<\/h2>\n\n<p>Angajatorii au obliga\u021bia legal\u0103 de a analiza calitatea aerului interior, prin <strong>respectarea valorilor limit\u0103 de expunere profesional\u0103 (VLEP)<\/strong> \u0219i prin efectuarea diagnostic\u0103rii calit\u0103\u021bii aerului interior. <strong><a href=\"https:\/\/obera.fr\/ro\/sfatul-nostru\/qai-diagnostic-qualite-de-l-air-interieur-batiments-industriels\/\" data-type=\"URL\" data-id=\"https:\/\/obera.fr\/conseils\/qai-diagnostic-qualite-de-l-air-interieur-batiments-industriels\/\">stabilirea unui diagnostic al calit\u0103\u021bii aerului interior<\/a><\/strong>.<\/p>\n\n<h3 class=\"wp-block-heading\" id=\"valeurs-limites-d-exposition-professionnelle\">Valori limit\u0103 de expunere profesional\u0103<\/h3>\n\n<p>Codul muncii francez stabile\u0219te valorile limit\u0103 de expunere profesional\u0103 (VLEP), care corespund <strong>nivelurilor maxime de poluan\u021bi sau de particule<\/strong> la care un operator poate fi expus f\u0103r\u0103 a avea efecte asupra s\u0103n\u0103t\u0103\u021bii sale. \u00cen cazul \u00een care se dep\u0103\u0219esc OELV-urile, postul de lucru este suspendat p\u00e2n\u0103 c\u00e2nd se iau m\u0103suri pentru a reduce expunerea angajatului. <\/p>\n\n<h3 class=\"wp-block-heading\" id=\"diagnostic-qualite-de-l-air-interieur\">Diagnosticarea calit\u0103\u021bii aerului interior<\/h3>\n\n<p>Ca parte a legii &#8222;Grenelle 2&#8221; privind angajamentul na\u021bional pentru mediu, testarea calit\u0103\u021bii aerului interior (IAQ) este obligatorie \u00een Fran\u021ba pentru cl\u0103dirile utilizate de copii (gr\u0103dini\u021be \u0219i \u0219coli primare, centre de agrement \u0219i \u0219coli secundare). <strong>Din ianuarie 2023, testarea IAQ va fi extins\u0103 la toate cl\u0103dirile deschise publicului (ERP)<\/strong>, adic\u0103 cele deschise vizitatorilor, al\u021bii dec\u00e2t personalul.<\/p>\n\n<h2 class=\"wp-block-heading\" id=\"comment-realiser-l-analyse-de-la-qualite-de-l-air-interieur\">Cum este analizat\u0103 calitatea aerului interior?<\/h2>\n\n<p>Calitatea aerului interior este monitorizat\u0103 cu ajutorul <strong>unor echipamente de m\u0103surare specifice<\/strong>, la <strong>recomandarea unui profesionist<\/strong>.<\/p>\n\n<h3 class=\"wp-block-heading\" id=\"les-appareils-de-mesure-de-la-pollution-de-l-air\">Echipamente de m\u0103surare a polu\u0103rii aerului<\/h3>\n\n<p>Analiza calit\u0103\u021bii aerului interior necesit\u0103 echipamente special concepute pentru a c\u0103uta poluan\u021bii \u0219i a m\u0103sura concentra\u021bia acestora \u00een fiecare camer\u0103 a unei cl\u0103diri. \u00cen calitate de <a href=\"https:\/\/obera.fr\/ro\/sfatul-nostru\/ghidul-complet-pentru-tratarea-aerului-industrial\/\" data-type=\"URL\" data-id=\"https:\/\/obera.fr\/conseils\/traitement-air-industriel-guide-complet\/\">exper\u021bi \u00een tratarea aerului industrial<\/a>, OBERA ofer\u0103 o gam\u0103 de <strong>contoare de particule \u0219i analizoare de aer<\/strong>. Acest tip de echipament asigur\u0103 monitorizarea continu\u0103 a calit\u0103\u021bii aerului din interiorul unit\u0103\u021bii dumneavoastr\u0103: <\/p>\n\n<ul class=\"wp-block-list\">\n<li>detectarea <strong>compu\u0219ilor organici volatili (COV)<\/strong> \u0219i a dioxidului de carbon (CO2) ;<\/li>\n\n\n\n<li>analiza cantitativ\u0103 \u0219i calitativ\u0103 a <strong>prafului \u0219i a particulelor<\/strong> (PM 0,3 p\u00e2n\u0103 la PM 10) ;<\/li>\n\n\n\n<li>m\u0103soar\u0103 <strong>valorile temperaturii \u0219i umidit\u0103\u021bii relative<\/strong>.<\/li>\n<\/ul>\n\n<p><strong>Analiza \u00een timp real a datelor<\/strong> \u00eenseamn\u0103 c\u0103 pot fi luate rapid m\u0103suri corective (ventila\u021bie, tratarea aerului) pentru a respecta valorile limit\u0103 de expunere profesional\u0103.<\/p>\n\n<h3 class=\"wp-block-heading\" id=\"nos-conseils-pour-des-analyses-qai-efficaces\">Sfaturile noastre pentru analize IAQ eficiente<\/h3>\n\n<p>Institu\u021biile deschise publicului (ERP) care intr\u0103 sub inciden\u021ba legii Grenelle 2 trebuie s\u0103 fie diagnosticate cu privire la calitatea aerului interior de c\u0103tre un profesionist autorizat. \u00cen toate cazurile, este recomandabil s\u0103 <strong>apela\u021bi la un specialist \u00een calitatea aerului<\/strong>. Oferim servicii de <a href=\"https:\/\/obera.fr\/conseils\/mesure-de-la-qualite-de-l-air-interieur-interet-principe\/\" data-type=\"URL\" data-id=\"https:\/\/obera.fr\/conseils\/mesure-de-la-qualite-de-l-air-interieur-interet-principe\/\">m\u0103surare a calit\u0103\u021bii aerului interior<\/a> \u0219i v\u0103 putem ajuta s\u0103 instala\u021bi un sistem industrial de tratare a aerului.  <\/p>\n\n<blockquote class=\"wp-block-quote is-layout-flow wp-block-quote-is-layout-flow\">\n<p><a href=\"https:\/\/obera.fr\/ro\/contact\/\" data-type=\"page\" data-id=\"124\">Contacta\u021bi-ne<\/a> pentru a discuta despre nevoile dvs. \u0219i pentru a primi sfaturi cu privire la<strong>analiza calit\u0103\u021bii aerului interior<\/strong> din cl\u0103direa dvs.<\/p>\n<\/blockquote>\n\n<p>Merge\u021bi mai departe: <a href=\"https:\/\/obera.fr\/ro\/sfatul-nostru\/choisir-rafraichisseur-d-air-industriel-reguler-temperature\/\" data-type=\"URL\" data-id=\"https:\/\/obera.fr\/conseils\/choisir-rafraichisseur-d-air-industriel-reguler-temperature\/\">Alegerea r\u0103citorului de aer industrial<\/a>.  <\/p>\n","protected":false},"excerpt":{"rendered":"<p>Care sunt sursele de poluare interioar\u0103? Este obligatorie monitorizarea calit\u0103\u021bii aerului din interior? Cum se m\u0103soar\u0103 calitatea aerului din interior? Descoperi\u021bi sfaturile noastre pentru un mediu de lucru s\u0103n\u0103tos care respect\u0103 legisla\u021bia.   <\/p>\n","protected":false},"author":4,"featured_media":98434,"comment_status":"open","ping_status":"closed","sticky":false,"template":"","format":"standard","meta":{"_acf_changed":false,"_seopress_robots_primary_cat":"none","_seopress_titles_title":"Cum pute\u021bi \u00eembun\u0103t\u0103\u021bi calitatea aerului interior \u00een locuin\u021ba dumneavoastr\u0103?","_seopress_titles_desc":"Descoperi\u021bi sfaturile noastre pentru un mediu de lucru s\u0103n\u0103tos care respect\u0103 legisla\u021bia, analiza calit\u0103\u021bii aerului interior fiind o problem\u0103 major\u0103.","_seopress_robots_index":"","footnotes":""},"categories":[144],"tags":[],"class_list":["post-44493","post","type-post","status-publish","format-standard","has-post-thumbnail","hentry","category-sfatul-nostru","generate-columns","tablet-grid-50","mobile-grid-100","grid-parent","grid-50","no-featured-image-padding","resize-featured-image"],"acf":[],"_links":{"self":[{"href":"https:\/\/obera.fr\/ro\/wp-json\/wp\/v2\/posts\/44493","targetHints":{"allow":["GET"]}}],"collection":[{"href":"https:\/\/obera.fr\/ro\/wp-json\/wp\/v2\/posts"}],"about":[{"href":"https:\/\/obera.fr\/ro\/wp-json\/wp\/v2\/types\/post"}],"author":[{"embeddable":true,"href":"https:\/\/obera.fr\/ro\/wp-json\/wp\/v2\/users\/4"}],"replies":[{"embeddable":true,"href":"https:\/\/obera.fr\/ro\/wp-json\/wp\/v2\/comments?post=44493"}],"version-history":[{"count":3,"href":"https:\/\/obera.fr\/ro\/wp-json\/wp\/v2\/posts\/44493\/revisions"}],"predecessor-version":[{"id":98622,"href":"https:\/\/obera.fr\/ro\/wp-json\/wp\/v2\/posts\/44493\/revisions\/98622"}],"wp:featuredmedia":[{"embeddable":true,"href":"https:\/\/obera.fr\/ro\/wp-json\/wp\/v2\/media\/98434"}],"wp:attachment":[{"href":"https:\/\/obera.fr\/ro\/wp-json\/wp\/v2\/media?parent=44493"}],"wp:term":[{"taxonomy":"category","embeddable":true,"href":"https:\/\/obera.fr\/ro\/wp-json\/wp\/v2\/categories?post=44493"},{"taxonomy":"post_tag","embeddable":true,"href":"https:\/\/obera.fr\/ro\/wp-json\/wp\/v2\/tags?post=44493"}],"curies":[{"name":"wp","href":"https:\/\/api.w.org\/{rel}","templated":true}]}}