{"id":44964,"date":"2020-11-20T16:32:55","date_gmt":"2020-11-20T14:32:55","guid":{"rendered":"https:\/\/obera.fr\/non-classifiee\/poluarea-aerului-factori-de-risc\/"},"modified":"2025-05-07T11:03:10","modified_gmt":"2025-05-07T09:03:10","slug":"facteurs-de-risque","status":"publish","type":"post","link":"https:\/\/obera.fr\/ro\/sfatul-nostru\/facteurs-de-risque\/","title":{"rendered":"Poluarea aerului: factori de risc"},"content":{"rendered":"\n<p>Pe l\u00e2ng\u0103 faptul c\u0103 are un impact ecologic foarte puternic, despre care auzim adesea \u00een mass-media, poluarea aerului este foarte d\u0103un\u0103toare pentru s\u0103n\u0103tatea noastr\u0103.<br\/>Conform unui studiu realizat de Dr. Rob Beelen (Universitatea din Utrecht, \u021a\u0103rile de Jos) \u0219i publicat \u00een revista medical\u0103 The Lancet \u00een 2013, o cre\u0219tere de 5 micrograme pe metru cub a concentra\u021biei de PM2,5 cre\u0219te mortalitatea cu 7%.<\/p>\n\n<h2 class=\"wp-block-heading\" id=\"diametre-des-polluants\">Diametrul poluan\u021bilor<\/h2>\n\n<p>Tabelul de mai sus ofer\u0103 o indica\u021bie a dimensiunii medii a diferi\u021bilor poluan\u021bi. Cu c\u00e2t particula este mai grosier\u0103, cu at\u00e2t organismul poate lupta \u00eempotriva ei; invers, cu c\u00e2t particula este mai fin\u0103, cu at\u00e2t riscurile sunt mai mari. <\/p>\n\n<p>Exist\u0103 dou\u0103 tipuri de particule. Cele cu un diametru mai mare de 10\u00b5m, care sunt vizibile cu ochiul liber, \u00een special \u00een zilele \u00eensorite, \u0219i particulele mai mici de PM 10, care sunt invizibile pentru ochi. Acestea din urm\u0103 alc\u0103tuiesc cea mai mare parte a prafului \u0219i sunt, de asemenea, cele mai periculoase. \u00cen plus, av\u00e2nd \u00een vedere c\u0103 masa lor este foarte mic\u0103, sunt supuse curen\u021bilor de aer \u0219i se disperseaz\u0103 foarte u\u0219or. To\u021bi aerosolii intr\u0103 \u00een aceast\u0103 categorie.    <\/p>\n\n<figure class=\"wp-block-image aligncenter size-large is-resized\"><img decoding=\"async\" src=\"https:\/\/obera.fr\/wp-content\/uploads\/2020\/11\/4-temps-de-sedimentation-1024x376.jpg\" alt=\"4 Timp de sedimentare\" class=\"wp-image-1841\" width=\"1024\" height=\"376\" srcset=\"https:\/\/obera.fr\/wp-content\/uploads\/2020\/11\/4-temps-de-sedimentation-1024x376.jpg 1024w, https:\/\/obera.fr\/wp-content\/uploads\/2020\/11\/4-temps-de-sedimentation-300x110.jpg 300w, https:\/\/obera.fr\/wp-content\/uploads\/2020\/11\/4-temps-de-sedimentation-768x282.jpg 768w, https:\/\/obera.fr\/wp-content\/uploads\/2020\/11\/4-temps-de-sedimentation-1536x564.jpg 1536w, https:\/\/obera.fr\/wp-content\/uploads\/2020\/11\/4-temps-de-sedimentation-2048x752.jpg 2048w\" sizes=\"(max-width: 1024px) 100vw, 1024px\" \/><\/figure>\n\n<h2 class=\"wp-block-heading\" id=\"la-granulometrie-des-poussieres-et-leurs-effets\">Granulometria prafului \u0219i efectele sale<\/h2>\n\n<p>Diagrama de mai sus arat\u0103 nivelul de penetrare a particulelor \u00een organism \u00een func\u021bie de diametrul lor. Cu c\u00e2t sunt mai fine, cu at\u00e2t se vor depune mai ad\u00e2nc \u00een organism \u0219i vor fi mai greu de excretat. <\/p>\n\n<p>\u00cen mod natural, organismul poate expectora praful datorit\u0103 ciliatelor pulmonare. Acestea vor \u00eempinge particula mai sus \u00een tractul digestiv \u0219i o vor elimina prin digestie. \u00cens\u0103 anumite popula\u021bii sunt mai vulnerabile. De exemplu, fum\u0103torii au considerabil mai pu\u021bini cili pulmonari, astfel \u00eenc\u00e2t le ia mai mult timp pentru a excreta particulele. Astmaticii sunt mai sensibili la poluarea aerului&#8230;    <\/p>\n\n<p>Unul dintre cei mai importan\u021bi factori ai toxicit\u0103\u021bii particulelor este biopersisten\u021ba: timpul necesar organismului pentru a expulza praful.<\/p>\n\n<p>Un alt factor este PM 1. Aceste particule sunt at\u00e2t de fine \u00eenc\u00e2t trec prin alveolele pulmonare \u0219i migreaz\u0103 direct \u00een s\u00e2nge. Acesta este \u00een special cazul fumului de \u021bigar\u0103, al viru\u0219ilor, al pesticidelor etc.  <\/p>\n\n<figure class=\"wp-block-image aligncenter size-full is-resized\"><img decoding=\"async\" src=\"https:\/\/obera.fr\/wp-content\/uploads\/2020\/11\/4-fraction-poussieres.jpg\" alt=\"4 Frac&#x21B;ia de praf\" class=\"wp-image-1840\" width=\"500\" height=\"526\" srcset=\"https:\/\/obera.fr\/wp-content\/uploads\/2020\/11\/4-fraction-poussieres.jpg 500w, https:\/\/obera.fr\/wp-content\/uploads\/2020\/11\/4-fraction-poussieres-285x300.jpg 285w\" sizes=\"(max-width: 500px) 100vw, 500px\" \/><\/figure>\n\n<h2 class=\"wp-block-heading\" id=\"temps-de-sedimentation\">Timpul de sedimentare<\/h2>\n\n<p>Toate particulele precipit\u0103. Dar \u00een cazul particulelor ultrafine, poate dura c\u00e2teva zile p\u00e2n\u0103 c\u00e2nd acestea se depun la sol. <\/p>\n\n<p>Masa \u0219i densitatea prafului determin\u0103 viteza sa de sedimentare. Cu c\u00e2t masa este mai mic\u0103, cu at\u00e2t \u00eei va lua mai mult timp s\u0103 precipite \u0219i va fi mai sensibil la fluxurile de aer. <\/p>\n\n<p>Deci, teoretic, dac\u0103 am dori s\u0103 a\u0219tept\u0103m ca tot praful s\u0103 se depun\u0103, ar trebui s\u0103 oprim complet lucrul timp de 15 zile. Deoarece acest lucru nu se \u00eent\u00e2mpl\u0103 aproape niciodat\u0103, cele mai fine particule r\u0103m\u00e2n \u00eentotdeauna \u00een suspensie \u0219i se concentreaz\u0103. <\/p>\n\n<figure class=\"wp-block-image aligncenter size-large is-resized\"><img decoding=\"async\" src=\"https:\/\/obera.fr\/wp-content\/uploads\/2020\/11\/4-taille-de-particules-1024x844.jpg\" alt=\"4 Dimensiunea particulelor\" class=\"wp-image-1839\" width=\"1024\" height=\"844\" srcset=\"https:\/\/obera.fr\/wp-content\/uploads\/2020\/11\/4-taille-de-particules-1024x844.jpg 1024w, https:\/\/obera.fr\/wp-content\/uploads\/2020\/11\/4-taille-de-particules-300x247.jpg 300w, https:\/\/obera.fr\/wp-content\/uploads\/2020\/11\/4-taille-de-particules-768x633.jpg 768w, https:\/\/obera.fr\/wp-content\/uploads\/2020\/11\/4-taille-de-particules-1536x1266.jpg 1536w, https:\/\/obera.fr\/wp-content\/uploads\/2020\/11\/4-taille-de-particules-2048x1688.jpg 2048w\" sizes=\"(max-width: 1024px) 100vw, 1024px\" \/><\/figure>\n\n<p>Afla\u021bi <a href=\"https:\/\/obera.fr\/ro\/sfatul-nostru\/poussiere-solvant-industrie\/\">ce praf \u0219i solven\u021bi sunt \u00een industrie<\/a> citind articolul nostru dedicat, precum \u0219i <a href=\"https:\/\/obera.fr\/ro\/sfatul-nostru\/traitement-air-industriel-guide-complet\/\">ghidul complet pentru tratarea aerului industrial<\/a>.  <\/p>\n","protected":false},"excerpt":{"rendered":"<p>Poluarea aerului este foarte nociv\u0103 pentru s\u0103n\u0103tatea noastr\u0103. Conform unui studiu efectuat de Dr. Rob Beelen \u00een \u021a\u0103rile de Jos \u00een 2013, o cre\u0219tere de 5 micrograme pe metru cub a concentra\u021biei de PM2,5 cre\u0219te mortalitatea cu 7%. Afla\u021bi mai multe despre factorii de risc asocia\u021bi cu poluarea.  <\/p>\n","protected":false},"author":4,"featured_media":99247,"comment_status":"closed","ping_status":"closed","sticky":false,"template":"","format":"standard","meta":{"_acf_changed":false,"_seopress_robots_primary_cat":"none","_seopress_titles_title":"Poluarea aerului: factori de risc pentru s\u0103n\u0103tate","_seopress_titles_desc":"Pe l\u00e2ng\u0103 faptul c\u0103 are un impact ecologic foarte puternic, despre care auzim adesea \u00een mass-media, poluarea aerului este foarte d\u0103un\u0103toare pentru s\u0103n\u0103tatea noastr\u0103.","_seopress_robots_index":"","footnotes":""},"categories":[144],"tags":[145],"class_list":["post-44964","post","type-post","status-publish","format-standard","has-post-thumbnail","hentry","category-sfatul-nostru","tag-entete-mic","generate-columns","tablet-grid-50","mobile-grid-100","grid-parent","grid-50","no-featured-image-padding","resize-featured-image"],"acf":[],"_links":{"self":[{"href":"https:\/\/obera.fr\/ro\/wp-json\/wp\/v2\/posts\/44964","targetHints":{"allow":["GET"]}}],"collection":[{"href":"https:\/\/obera.fr\/ro\/wp-json\/wp\/v2\/posts"}],"about":[{"href":"https:\/\/obera.fr\/ro\/wp-json\/wp\/v2\/types\/post"}],"author":[{"embeddable":true,"href":"https:\/\/obera.fr\/ro\/wp-json\/wp\/v2\/users\/4"}],"replies":[{"embeddable":true,"href":"https:\/\/obera.fr\/ro\/wp-json\/wp\/v2\/comments?post=44964"}],"version-history":[{"count":3,"href":"https:\/\/obera.fr\/ro\/wp-json\/wp\/v2\/posts\/44964\/revisions"}],"predecessor-version":[{"id":99605,"href":"https:\/\/obera.fr\/ro\/wp-json\/wp\/v2\/posts\/44964\/revisions\/99605"}],"wp:featuredmedia":[{"embeddable":true,"href":"https:\/\/obera.fr\/ro\/wp-json\/wp\/v2\/media\/99247"}],"wp:attachment":[{"href":"https:\/\/obera.fr\/ro\/wp-json\/wp\/v2\/media?parent=44964"}],"wp:term":[{"taxonomy":"category","embeddable":true,"href":"https:\/\/obera.fr\/ro\/wp-json\/wp\/v2\/categories?post=44964"},{"taxonomy":"post_tag","embeddable":true,"href":"https:\/\/obera.fr\/ro\/wp-json\/wp\/v2\/tags?post=44964"}],"curies":[{"name":"wp","href":"https:\/\/api.w.org\/{rel}","templated":true}]}}