{"id":45331,"date":"2020-11-20T16:36:00","date_gmt":"2020-11-20T14:36:00","guid":{"rendered":"https:\/\/obera.fr\/non-classifiee\/poluarea-aerului-impactul-asupra-sanatatii\/"},"modified":"2025-05-07T11:05:45","modified_gmt":"2025-05-07T09:05:45","slug":"pollution-air-impact-sante","status":"publish","type":"post","link":"https:\/\/obera.fr\/ro\/sfatul-nostru\/pollution-air-impact-sante\/","title":{"rendered":"Poluarea aerului: impactul asupra s\u0103n\u0103t\u0103\u021bii"},"content":{"rendered":"\n<h2 class=\"wp-block-heading\" id=\"maladies-dues-a-la-qualite-de-l-air\">Boli cauzate de calitatea aerului<\/h2>\n\n<p>Nu v-a\u021bi \u00eencuraja niciodat\u0103 copilul s\u0103 respire gaze de e\u0219apament! \u0218i totu\u0219i, tr\u0103ind \u00eentr-o atmosfer\u0103 poluat\u0103, absorbi\u021bi involuntar un volum mare de particule nocive. <\/p>\n\n<p>Praful este d\u0103un\u0103tor prin \u00eens\u0103\u0219i natura sa, dar \u0219i datorit\u0103 <a href=\"https:\/\/obera.fr\/ro\/sfatul-nostru\/facteurs-de-risque\/\" data-type=\"post\" data-id=\"1837\" target=\"_blank\" rel=\"noreferrer noopener\">biopersisten\u021bei<\/a> sale. Mai mult, particulele fuzioneaz\u0103 adesea cu poluan\u021bi chimici. Ace\u0219tia sunt prin\u0219i \u00een corpul dumneavoastr\u0103 \u0219i pot trece poten\u021bial prin mucoasele alveolare \u00een fluxul sanguin.  <\/p>\n\n<p>\u00cen sf\u00e2r\u0219it, praful este alc\u0103tuit din poluan\u021bi fizici, chimici \u0219i biologici. Ace\u0219ti poluan\u021bi provoac\u0103 boli legate de expunerea la particule fine, cum ar fi : <\/p>\n\n<ul class=\"wp-block-list\">\n<li>Astmul<\/li>\n\n\n\n<li>Alergiile<\/li>\n\n\n\n<li>Durere de cap<\/li>\n\n\n\n<li>Grea\u021b\u0103 (\u00een special \u00een cazul COV)<\/li>\n\n\n\n<li>Iritarea\/inflamarea tractului respirator<\/li>\n\n\n\n<li>Traheit\u0103\/bron\u0219it\u0103<\/li>\n\n\n\n<li>Boli ale c\u0103ilor respiratorii<\/li>\n\n\n\n<li>Fibroz\u0103 pulmonar\u0103<\/li>\n\n\n\n<li>Cancere<\/li>\n<\/ul>\n\n<figure class=\"wp-block-image alignwide size-large\"><img decoding=\"async\" width=\"1024\" height=\"368\" src=\"https:\/\/obera.fr\/wp-content\/uploads\/2020\/11\/impact-sante-1024x368.jpg\" alt=\"Impact Sante\" class=\"wp-image-1850\" srcset=\"https:\/\/obera.fr\/wp-content\/uploads\/2020\/11\/impact-sante-1024x368.jpg 1024w, https:\/\/obera.fr\/wp-content\/uploads\/2020\/11\/impact-sante-300x108.jpg 300w, https:\/\/obera.fr\/wp-content\/uploads\/2020\/11\/impact-sante-768x276.jpg 768w, https:\/\/obera.fr\/wp-content\/uploads\/2020\/11\/impact-sante-1536x552.jpg 1536w, https:\/\/obera.fr\/wp-content\/uploads\/2020\/11\/impact-sante.jpg 1920w\" sizes=\"(max-width: 1024px) 100vw, 1024px\" \/><\/figure>\n\n<h2 class=\"wp-block-heading\" id=\"les-maladies-professionnelles-specifiques-a-une-mauvaise-qualite-de-l-air\">Boli profesionale specifice calit\u0103\u021bii sc\u0103zute a aerului<\/h2>\n\n<p>Anumite sectoare de activitate concentreaz\u0103 boli profesionale specifice. Cea mai cunoscut\u0103 este cancerul pulmonar \u00een cazul lucr\u0103torilor \u00een contact cu azbestul. <\/p>\n\n<p>Riscurile pentru organism depind de frecven\u021ba expunerii, de cantitatea de particule inhalate \u0219i de natura particulelor.<\/p>\n\n<p>\u00cen general, dac\u0103 nivelul de praf PM 2,5 este ridicat, orice tip de particul\u0103 este susceptibil de a provoca cancer. Prin urmare, este esen\u021bial s\u0103 se ia m\u0103suri adecvate. <\/p>\n","protected":false},"excerpt":{"rendered":"<p>Nu v-a\u021bi \u00eencuraja niciodat\u0103 copilul s\u0103 respire gaze de e\u0219apament! \u0218i totu\u0219i, tr\u0103ind \u00eentr-o atmosfer\u0103 poluat\u0103, absorbi\u021bi involuntar un volum mare de particule nocive.  Ce boli sunt cauzate de calitatea sc\u0103zut\u0103 a aerului?<\/p>\n","protected":false},"author":4,"featured_media":82035,"comment_status":"closed","ping_status":"closed","sticky":false,"template":"","format":"standard","meta":{"_acf_changed":false,"_seopress_robots_primary_cat":"none","_seopress_titles_title":"Poluarea aerului: impactul asupra s\u0103n\u0103t\u0103\u021bii","_seopress_titles_desc":"Praful este d\u0103un\u0103tor prin \u00eens\u0103\u0219i natura sa, dar \u0219i datorit\u0103 biopersisten\u021bei sale. Particulele fuzioneaz\u0103 adesea cu poluan\u021bii chimici. ","_seopress_robots_index":"","footnotes":""},"categories":[144],"tags":[],"class_list":["post-45331","post","type-post","status-publish","format-standard","has-post-thumbnail","hentry","category-sfatul-nostru","generate-columns","tablet-grid-50","mobile-grid-100","grid-parent","grid-50","no-featured-image-padding","resize-featured-image"],"acf":[],"_links":{"self":[{"href":"https:\/\/obera.fr\/ro\/wp-json\/wp\/v2\/posts\/45331","targetHints":{"allow":["GET"]}}],"collection":[{"href":"https:\/\/obera.fr\/ro\/wp-json\/wp\/v2\/posts"}],"about":[{"href":"https:\/\/obera.fr\/ro\/wp-json\/wp\/v2\/types\/post"}],"author":[{"embeddable":true,"href":"https:\/\/obera.fr\/ro\/wp-json\/wp\/v2\/users\/4"}],"replies":[{"embeddable":true,"href":"https:\/\/obera.fr\/ro\/wp-json\/wp\/v2\/comments?post=45331"}],"version-history":[{"count":3,"href":"https:\/\/obera.fr\/ro\/wp-json\/wp\/v2\/posts\/45331\/revisions"}],"predecessor-version":[{"id":99676,"href":"https:\/\/obera.fr\/ro\/wp-json\/wp\/v2\/posts\/45331\/revisions\/99676"}],"wp:featuredmedia":[{"embeddable":true,"href":"https:\/\/obera.fr\/ro\/wp-json\/wp\/v2\/media\/82035"}],"wp:attachment":[{"href":"https:\/\/obera.fr\/ro\/wp-json\/wp\/v2\/media?parent=45331"}],"wp:term":[{"taxonomy":"category","embeddable":true,"href":"https:\/\/obera.fr\/ro\/wp-json\/wp\/v2\/categories?post=45331"},{"taxonomy":"post_tag","embeddable":true,"href":"https:\/\/obera.fr\/ro\/wp-json\/wp\/v2\/tags?post=45331"}],"curies":[{"name":"wp","href":"https:\/\/api.w.org\/{rel}","templated":true}]}}