{"id":45518,"date":"2020-11-20T16:38:52","date_gmt":"2020-11-20T14:38:52","guid":{"rendered":"https:\/\/obera.fr\/non-classifiee\/calitatea-aerului-o-societate-in-schimbare\/"},"modified":"2025-05-07T11:03:59","modified_gmt":"2025-05-07T09:03:59","slug":"qualite-air-evolution-societe","status":"publish","type":"post","link":"https:\/\/obera.fr\/ro\/sfatul-nostru\/qualite-air-evolution-societe\/","title":{"rendered":"Calitatea aerului: schimb\u0103ri \u00een societate"},"content":{"rendered":"\n<h2 class=\"wp-block-heading\" id=\"evolution-future-de-la-reglementation\">Evolu\u021bii viitoare ale reglement\u0103rilor<\/h2>\n\n<p><em><strong>Poluarea cu particule fine este din ce \u00een ce mai prezent\u0103 \u00een \u0219tiri. Auzim mult despre poluarea aerului \u00een zonele urbane, despre v\u00e2rfurile de poluare cu particule fine&#8230; <\/strong><\/em><\/p>\n\n<p><em><strong>\u00cen prezent, standardele europene nu impun nicio reglementare privind particulele ultrafine. Dar scandalurile pun acum la \u00eendoial\u0103 aceast\u0103 tendin\u021b\u0103.   <\/strong><\/em><\/p>\n\n<h2 class=\"wp-block-heading\" id=\"focus-sur-les-particules-les-plus-fines\">Focalizare pe cele mai fine particule<\/h2>\n\n<h3 class=\"wp-block-heading\" id=\"fos-sur-mer\">Fos-sur-mer<\/h3>\n\n<p>\u00cen 2017, \u00een Fos-sur-mer s-au \u00eenregistrat de dou\u0103 ori mai multe infec\u021bii pulmonare, cancere \u0219i boli de inim\u0103 dec\u00e2t oriunde altundeva \u00een Fran\u021ba. Ora\u0219ul este situat \u00eentr-una dintre cele mai importante zone industriale ale Europei, care include rafin\u0103rii, depozite de petrol \u0219i o o\u021bel\u0103rie uria\u0219\u0103&#8230; <\/p>\n\n<p>Dup\u0103 analizarea emisiilor de particule, oamenii de \u0219tiin\u021b\u0103 au constatat c\u0103 rezultatele se \u00eencadreaz\u0103 \u00een norme pentru particulele mai mari de PM 2,5. Cu toate acestea, s-a demonstrat c\u0103 aceste fabrici produc un num\u0103r mare de particule PM 1, precum \u0219i COV \u0219i CMR, ceea ce face ca emisiile lor s\u0103 fie extrem de toxice. Din p\u0103cate, m\u0103sur\u0103torile concentra\u021biilor de particule PM 1 sunt foarte recente. Comunitatea \u0219tiin\u021bific\u0103 este de acord c\u0103 acestea sunt principala cauz\u0103 a cre\u0219terii flagrante a num\u0103rului de \u00eemboln\u0103viri \u00een aceast\u0103 zon\u0103.   <\/p>\n\n<p>Association de D\u00e9fense et de Protection du Littoral du Golf de Fos sur Mer a preluat aceast\u0103 problem\u0103 pentru a propune solu\u021bii de \u00eembun\u0103t\u0103\u021bire a calit\u0103\u021bii aerului, pentru a monitoriza emisiile de poluan\u021bi atmosferici \u0219i pentru a lua m\u0103suri legale.<\/p>\n\n<h3 class=\"wp-block-heading\" id=\"les-pics-de-pollution-aux-particules-ultrafines-dans-les-villes\">Poluarea cu particule ultrafine atinge cote maxime \u00een ora\u0219e<\/h3>\n\n<p>Marile ora\u0219e din Fran\u021ba \u0219i din \u00eentreaga lume \u00eenregistreaz\u0103 \u00een mod regulat v\u00e2rfuri de poluare cu particule ultrafine. Potrivit Ministerului francez al S\u0103n\u0103t\u0103\u021bii, oamenii ar trebui s\u0103 \u00ee\u0219i reduc\u0103 activitatea fizic\u0103 pe c\u00e2t posibil, s\u0103 evite ie\u0219irile \u00een ora\u0219 \u0219i s\u0103 consulte un medic dac\u0103 dezvolt\u0103 simptome&#8230; <\/p>\n\n<p>Cu toate acestea, fabricile, atelierele \u0219i depozitele \u00een care poluan\u021bii genera\u021bi de procesele de fabrica\u021bie \u0219i manipulare nu sunt (sau sunt slab) capta\u021bi, dezvolt\u0103 o poluare similar\u0103 cu v\u00e2rfurile din marile ora\u0219e. \u00cen teorie, acelea\u0219i recomand\u0103ri ar trebui s\u0103 se aplice \u0219i angaja\u021bilor, ceea ce ar duce la o sc\u0103dere semnificativ\u0103 a productivit\u0103\u021bii. <\/p>\n\n<h2 class=\"wp-block-heading\" id=\"aujourd-hui-il-y-a-peu-d-obligations-relatives-aux-particules-ultrafines-mais-qu-en-est-il-de-demain\">\u00cen prezent, exist\u0103 pu\u021bine obliga\u021bii legate de particulele ultrafine, dar ce se va \u00eent\u00e2mpla m\u00e2ine?<\/h2>\n\n<p>Acest tip de scandal, rata mortalit\u0103\u021bii legate de poluarea atmosferic\u0103, cre\u0219terea num\u0103rului de boli cauzate de particulele fine etc. determin\u0103 autorit\u0103\u021bile s\u0103 fie mai vigilente. Acesta este cazul ora\u0219elor noastre, cu restric\u021bii pentru vehiculele cele mai poluante, m\u0103suri sanitare \u0219i sociale etc. <\/p>\n\n<p>Ca urmare, normele de siguran\u021b\u0103 referitoare la particulele fine au fost \u00een\u0103sprite. \u00cen prezent, se efectueaz\u0103 m\u0103sur\u0103tori at\u00e2t \u00een ceea ce prive\u0219te diametrul, c\u00e2t \u0219i compozi\u021bia poluan\u021bilor. \u00cen plus, s-a \u00eenregistrat o cre\u0219tere a sanc\u021biunilor pentru bolile profesionale.  <\/p>\n","protected":false},"excerpt":{"rendered":"<p>Poluarea cu particule fine este din ce \u00een ce mai prezent\u0103 la \u0219tiri. Auzim mult despre poluarea aerului \u00een zonele urbane \u0219i despre v\u00e2rfurile de poluare cu particule fine&#8230; Afla\u021bi cum evolueaz\u0103 calitatea aerului \u00een societatea noastr\u0103. <\/p>\n","protected":false},"author":4,"featured_media":81407,"comment_status":"closed","ping_status":"closed","sticky":false,"template":"","format":"standard","meta":{"_acf_changed":false,"_seopress_robots_primary_cat":"none","_seopress_titles_title":"Calitatea aerului: schimb\u0103ri \u00een societate","_seopress_titles_desc":"Poluarea cu particule fine este din ce \u00een ce mai prezent\u0103 \u00een \u0219tiri. Auzim foarte multe despre poluarea aerului \u00een zonele urbane. ","_seopress_robots_index":"","footnotes":""},"categories":[144],"tags":[],"class_list":["post-45518","post","type-post","status-publish","format-standard","has-post-thumbnail","hentry","category-sfatul-nostru","generate-columns","tablet-grid-50","mobile-grid-100","grid-parent","grid-50","no-featured-image-padding","resize-featured-image"],"acf":[],"_links":{"self":[{"href":"https:\/\/obera.fr\/ro\/wp-json\/wp\/v2\/posts\/45518","targetHints":{"allow":["GET"]}}],"collection":[{"href":"https:\/\/obera.fr\/ro\/wp-json\/wp\/v2\/posts"}],"about":[{"href":"https:\/\/obera.fr\/ro\/wp-json\/wp\/v2\/types\/post"}],"author":[{"embeddable":true,"href":"https:\/\/obera.fr\/ro\/wp-json\/wp\/v2\/users\/4"}],"replies":[{"embeddable":true,"href":"https:\/\/obera.fr\/ro\/wp-json\/wp\/v2\/comments?post=45518"}],"version-history":[{"count":3,"href":"https:\/\/obera.fr\/ro\/wp-json\/wp\/v2\/posts\/45518\/revisions"}],"predecessor-version":[{"id":99624,"href":"https:\/\/obera.fr\/ro\/wp-json\/wp\/v2\/posts\/45518\/revisions\/99624"}],"wp:featuredmedia":[{"embeddable":true,"href":"https:\/\/obera.fr\/ro\/wp-json\/wp\/v2\/media\/81407"}],"wp:attachment":[{"href":"https:\/\/obera.fr\/ro\/wp-json\/wp\/v2\/media?parent=45518"}],"wp:term":[{"taxonomy":"category","embeddable":true,"href":"https:\/\/obera.fr\/ro\/wp-json\/wp\/v2\/categories?post=45518"},{"taxonomy":"post_tag","embeddable":true,"href":"https:\/\/obera.fr\/ro\/wp-json\/wp\/v2\/tags?post=45518"}],"curies":[{"name":"wp","href":"https:\/\/api.w.org\/{rel}","templated":true}]}}