{"id":60148,"date":"2025-02-04T11:16:40","date_gmt":"2025-02-04T09:16:40","guid":{"rendered":"https:\/\/obera.fr\/nase-rada\/worldskills-metz-taille-pierre-marbrerie\/"},"modified":"2025-06-27T15:26:02","modified_gmt":"2025-06-27T13:26:02","slug":"worldskills-metz-taille-pierre-marbrerie","status":"publish","type":"post","link":"https:\/\/obera.fr\/ro\/sfatul-nostru\/worldskills-metz-taille-pierre-marbrerie\/","title":{"rendered":"OberA, partener al finalei regionale &#8222;WORLDSKILLS Grand-Est&#8221; la Metz 2025: un punct de referin\u021b\u0103 \u00een zid\u0103rie \u0219i marmur\u0103"},"content":{"rendered":"\n<p>La <strong>OberA<\/strong>, angajamentul nostru fa\u021b\u0103 de excelen\u021b\u0103 \u00een domeniul zid\u0103riei \u0219i al echipamentelor de lucru pentru marmur\u0103 continu\u0103 s\u0103 creasc\u0103. \u00cen ianuarie 2025, am avut privilegiul de a participa la <strong>finala regional\u0103 &#8222;WORLDSKILLS Grand-Est&#8221; de la Metz<\/strong>, un eveniment-cheie \u00een prezentarea talentelor \u0219i expertizei artizanilor francezi.<\/p>\n\n<div class=\"wp-block-media-text has-media-on-the-right is-stacked-on-mobile\" style=\"grid-template-columns:auto 21%\"><div class=\"wp-block-media-text__content\">\n<h2 class=\"wp-block-heading\">Solu\u021bii inovatoare pentru un mediu de lucru optim<\/h2>\n\n\n\n<p>Pentru a asigura condi\u021bii optime de lucru pentru concuren\u021bi, am pus la dispozi\u021bie dou\u0103 facilit\u0103\u021bi de ultim\u0103 genera\u021bie:<\/p>\n\n\n\n<ul class=\"wp-block-list\">\n<li>Aspiratorul mobil ePURbox ATEX cu dou\u0103 bra\u021be este solu\u021bia ideal\u0103 pentru lucr\u0103torii din marmur\u0103, oferind o captare precis\u0103 a prafului fin \u0219i a solven\u021bilor. Acest echipament contribuie nu numai la confortul artizanilor, ci \u0219i la reducerea semnificativ\u0103 a polu\u0103rii \u00een atelier. <\/li>\n\n\n\n<li><strong>Dustomat 16<\/strong>, un<a href=\"https:\/\/obera.fr\/ro\/produits\/depoussiereurs-industriels\/mobiles\/extracteur-poussiere-pulverulente-dustomat-16m\/\"> aspirator industrial de praf dedicat t\u0103ierii pietrei<\/a>. Datorit\u0103 capacit\u0103\u021bii sale puternice de aspirare, acesta capteaz\u0103 eficient praful pulverulent generat de lucr\u0103rile de sculptur\u0103 \u0219i modelare, garant\u00e2nd un mediu mai s\u0103n\u0103tos \u0219i mai sigur. <\/li>\n<\/ul>\n<\/div><figure class=\"wp-block-media-text__media\"><img decoding=\"async\" width=\"768\" height=\"1024\" src=\"https:\/\/obera.fr\/wp-content\/uploads\/2025\/02\/metz2-768x1024.jpg\" alt=\"metz2\" class=\"wp-image-59843 size-full\" srcset=\"https:\/\/obera.fr\/wp-content\/uploads\/2025\/02\/metz2-768x1024.jpg 768w, https:\/\/obera.fr\/wp-content\/uploads\/2025\/02\/metz2-225x300.jpg 225w, https:\/\/obera.fr\/wp-content\/uploads\/2025\/02\/metz2-1152x1536.jpg 1152w, https:\/\/obera.fr\/wp-content\/uploads\/2025\/02\/metz2-1536x2048.jpg 1536w, https:\/\/obera.fr\/wp-content\/uploads\/2025\/02\/metz2-scaled.jpg 1920w\" sizes=\"(max-width: 768px) 100vw, 768px\" \/><\/figure><\/div>\n\n<div style=\"height:32px\" aria-hidden=\"true\" class=\"wp-block-spacer\"><\/div>\n\n<h2 class=\"wp-block-heading\">De ce este esen\u021bial acest echipament?<\/h2>\n\n<ol class=\"wp-block-list\">\n<li><strong>Protec\u021bia s\u0103n\u0103t\u0103\u021bii<\/strong>: Prin limitarea expunerii la praf d\u0103un\u0103tor, contribuim la protejarea s\u0103n\u0103t\u0103\u021bii artizanilor \u0219i concuren\u021bilor.<\/li>\n\n\n\n<li><strong>Optimizarea performan\u021bei<\/strong>: Un mediu de lucru curat \u00eencurajeaz\u0103 concentrarea \u0219i precizia, elemente cheie \u00een competi\u021biile de nivel \u00eenalt.<\/li>\n\n\n\n<li><strong>Angajamentul fa\u021b\u0103 de mediu<\/strong>: Controlul emisiilor de particule face parte dintr-o industrie care respect\u0103 mai mult mediul \u0219i standardele actuale.<\/li>\n<\/ol>\n\n<div class=\"wp-block-media-text is-stacked-on-mobile\" style=\"grid-template-columns:22% auto\"><figure class=\"wp-block-media-text__media\"><img decoding=\"async\" width=\"768\" height=\"1024\" src=\"https:\/\/obera.fr\/wp-content\/uploads\/2025\/02\/metz1-768x1024.jpg\" alt=\"metz1\" class=\"wp-image-59865 size-full\" srcset=\"https:\/\/obera.fr\/wp-content\/uploads\/2025\/02\/metz1-768x1024.jpg 768w, https:\/\/obera.fr\/wp-content\/uploads\/2025\/02\/metz1-225x300.jpg 225w, https:\/\/obera.fr\/wp-content\/uploads\/2025\/02\/metz1-1152x1536.jpg 1152w, https:\/\/obera.fr\/wp-content\/uploads\/2025\/02\/metz1-1536x2048.jpg 1536w, https:\/\/obera.fr\/wp-content\/uploads\/2025\/02\/metz1-scaled.jpg 1920w\" sizes=\"(max-width: 768px) 100vw, 768px\" \/><\/figure><div class=\"wp-block-media-text__content\">\n<h2 class=\"wp-block-heading\">Un partener de \u00eencredere pentru profesioni\u0219tii din industrie<\/h2>\n\n\n\n<p>Prezen\u021ba noastr\u0103 la <strong>finala regional\u0103 Metz 2025<\/strong> ilustreaz\u0103 angajamentul nostru de a sprijini me\u0219te\u0219ugarii \u0219i viitorii profesioni\u0219ti din sectoarele pietr\u0103riei \u0219i fabric\u0103rii marmurei.<\/p>\n\n\n\n<p>La <strong>OberA<\/strong>, vom continua s\u0103 dezvolt\u0103m \u0219i s\u0103 oferim solu\u021bii inovatoare pentru a \u00eembun\u0103t\u0103\u021bi condi\u021biile de lucru \u0219i a optimiza performan\u021ba profesioni\u0219tilor. Obiectivul nostru: s\u0103 devenim <strong>referin\u021ba \u00een materie de echipamente specializate pentru t\u0103ierea pietrei \u0219i prelucrarea marmurei<\/strong>. <\/p>\n<\/div><\/div>\n\n<div style=\"height:43px\" aria-hidden=\"true\" class=\"wp-block-spacer\"><\/div>\n\n<p>Pentru mai multe informa\u021bii despre echipamentele \u0219i angajamentele noastre, <a href=\"https:\/\/obera.fr\/ro\/contact\/\">contacta\u021bi-ne<\/a> sau vizita\u021bi site-ul nostru <strong>la Obera.fr<\/strong>!<\/p>\n\n<p>A\u0219tept\u0103m cu ner\u0103bdare s\u0103 v\u0103 vedem \u00een octombrie 2025 la finala na\u021bional\u0103 de la Marsilia, unde vom fi din nou prezen\u021bi pentru a sprijini concuren\u021bii.<\/p>\n","protected":false},"excerpt":{"rendered":"<p>La OberA, angajamentul nostru fa\u021b\u0103 de excelen\u021b\u0103 \u00een domeniul zid\u0103riei \u0219i al echipamentelor de lucru pentru marmur\u0103 continu\u0103 s\u0103 creasc\u0103. \u00cen ianuarie 2025, am avut privilegiul de a participa la finala regional\u0103 &#8222;WORLDSKILLS Grand-Est&#8221; de la Metz, un eveniment-cheie \u00een prezentarea talentelor \u0219i expertizei artizanilor francezi.<\/p>\n","protected":false},"author":13,"featured_media":80778,"comment_status":"open","ping_status":"closed","sticky":false,"template":"","format":"standard","meta":{"_acf_changed":false,"_seopress_robots_primary_cat":"none","_seopress_titles_title":"OberA, partener al finalei regionale \"WORLDSKILLS Grand-Est\" la Metz 2025.","_seopress_titles_desc":"La OberA, angajamentul nostru fa\u021b\u0103 de excelen\u021b\u0103 \u00een domeniul zid\u0103riei \u0219i al echipamentelor de lucru pentru marmur\u0103 continu\u0103 s\u0103 creasc\u0103.","_seopress_robots_index":"","footnotes":""},"categories":[144],"tags":[],"class_list":["post-60148","post","type-post","status-publish","format-standard","has-post-thumbnail","hentry","category-sfatul-nostru","generate-columns","tablet-grid-50","mobile-grid-100","grid-parent","grid-50","no-featured-image-padding","resize-featured-image"],"acf":[],"_links":{"self":[{"href":"https:\/\/obera.fr\/ro\/wp-json\/wp\/v2\/posts\/60148","targetHints":{"allow":["GET"]}}],"collection":[{"href":"https:\/\/obera.fr\/ro\/wp-json\/wp\/v2\/posts"}],"about":[{"href":"https:\/\/obera.fr\/ro\/wp-json\/wp\/v2\/types\/post"}],"author":[{"embeddable":true,"href":"https:\/\/obera.fr\/ro\/wp-json\/wp\/v2\/users\/13"}],"replies":[{"embeddable":true,"href":"https:\/\/obera.fr\/ro\/wp-json\/wp\/v2\/comments?post=60148"}],"version-history":[{"count":5,"href":"https:\/\/obera.fr\/ro\/wp-json\/wp\/v2\/posts\/60148\/revisions"}],"predecessor-version":[{"id":117066,"href":"https:\/\/obera.fr\/ro\/wp-json\/wp\/v2\/posts\/60148\/revisions\/117066"}],"wp:featuredmedia":[{"embeddable":true,"href":"https:\/\/obera.fr\/ro\/wp-json\/wp\/v2\/media\/80778"}],"wp:attachment":[{"href":"https:\/\/obera.fr\/ro\/wp-json\/wp\/v2\/media?parent=60148"}],"wp:term":[{"taxonomy":"category","embeddable":true,"href":"https:\/\/obera.fr\/ro\/wp-json\/wp\/v2\/categories?post=60148"},{"taxonomy":"post_tag","embeddable":true,"href":"https:\/\/obera.fr\/ro\/wp-json\/wp\/v2\/tags?post=60148"}],"curies":[{"name":"wp","href":"https:\/\/api.w.org\/{rel}","templated":true}]}}