{"id":66162,"date":"2022-05-24T16:54:00","date_gmt":"2022-05-24T14:54:00","guid":{"rendered":"https:\/\/obera.fr\/nase-rada\/qualite-air-salle-classe\/"},"modified":"2025-05-06T10:16:22","modified_gmt":"2025-05-06T08:16:22","slug":"qualite-air-salle-classe","status":"publish","type":"post","link":"https:\/\/obera.fr\/ro\/sfatul-nostru\/qualite-air-salle-classe\/","title":{"rendered":"Care este calitatea aerului \u00een clas\u0103?"},"content":{"rendered":"\n<p><strong> Calitatea aerului dintr-o sal\u0103 de clas\u0103<\/strong> poate afecta at\u00e2t concentrarea elevilor, c\u00e2t \u0219i bun\u0103starea lor la \u0219coal\u0103. Uneori cauz\u0103 a durerilor de cap sau a irita\u021biilor oculare, aceasta a f\u0103cut obiectul unui decret, aplicabil din 2018 \u00een anumite unit\u0103\u021bi.   <\/p>\n\n<p>Aici arunc\u0103m o privire la <strong>reglement\u0103rile<\/strong> \u0219i <strong>dispozitivele de control al polu\u0103rii<\/strong> pentru o sal\u0103 de clas\u0103.<\/p>\n\n<h2 class=\"wp-block-heading\">Calitatea aerului din s\u0103lile de clas\u0103: reglement\u0103ri<\/h2>\n\n<p>\u00cen 2013, Ministerul S\u0103n\u0103t\u0103\u021bii \u0219i Ministerul Mediului au abordat problema polu\u0103rii \u00een spa\u021biile publice. Acestea au lansat un plan de ac\u021biune anexat la Planul na\u021bional pentru s\u0103n\u0103tatea mediului.   <\/p>\n\n<h3 class=\"wp-block-heading\">Unit\u0103\u021bi \u00een cauz\u0103<\/h3>\n\n<p>Articolele L. 221-8 \u0219i R. 221-30 din Codul francez al mediului stipuleaz\u0103 c\u0103 <strong>monitorizarea calit\u0103\u021bii aerului interior<\/strong> trebuie s\u0103 acopere :  <\/p>\n\n<ul class=\"wp-block-list\">\n<li>Facilit\u0103\u021bi de \u00eengrijire a copiilor sub 6 ani, cum ar fi cre\u0219e \u0219i gr\u0103dini\u021be;<\/li>\n\n\n\n<li>Toate \u0219colile primare \u0219i secundare;<\/li>\n\n\n\n<li>Centre de agrement.<\/li>\n<\/ul>\n\n<h3 class=\"wp-block-heading\">Data punerii \u00een aplicare<\/h3>\n\n<p>Decretul 2015-1000 din 17 august 2015 introduce <strong>monitorizarea calit\u0103\u021bii aerului \u00een s\u0103lile de clas\u0103<\/strong> din ianuarie:  <\/p>\n\n<ul class=\"wp-block-list\">\n<li>2018 pentru toate \u0219colile primare \u0219i gr\u0103dini\u021bele;<\/li>\n\n\n\n<li>2020 pentru centrele de agrement, colegii \u0219i <a href=\"https:\/\/obera.fr\/conseils\/un-lycee-nous-fait-confiance\/\">licee<\/a>.<\/li>\n<\/ul>\n\n<p>Pentru alte institu\u021bii deschise publicului, data de conformitate este 1 ianuarie 2023.<\/p>\n\n<h2 class=\"wp-block-heading\">Calitatea aerului \u00een \u0219coli: monitorizare<\/h2>\n\n<p>\u00cen conformitate cu legea, <strong>sistemul de monitorizare a calit\u0103\u021bii aerului pentru o clas\u0103<\/strong> are 2 componente:  <\/p>\n\n<ul class=\"wp-block-list\">\n<li>Un audit al sistemelor de ventila\u021bie;<\/li>\n\n\n\n<li>O campanie de m\u0103surare a poluan\u021bilor.<\/li>\n<\/ul>\n\n<p>Aceasta include verificarea accesibilit\u0103\u021bii<strong> sistemului de circula\u021bie a aerului<\/strong>.<\/p>\n\n<h3 class=\"wp-block-heading\">Evaluarea ventila\u021biei<\/h3>\n\n<p>Sec\u021biunea de diagnosticare evalueaz\u0103 sistemele de ventila\u021bie dintr-o sal\u0103 de clas\u0103. \u00cen special, se evalueaz\u0103 starea orificiilor de ventila\u021bie ale clasei. <\/p>\n\n<p>Re\u021bine\u021bi c\u0103 aceast\u0103 evaluare poate fi efectuat\u0103 de departamentul tehnic al unit\u0103\u021bii.  <\/p>\n\n<h3 class=\"wp-block-heading\">E\u0219antionarea poluan\u021bilor  <\/h3>\n\n<p>Probele prelevate la fa\u021ba locului pot fi utilizate pentru a m\u0103sura cu exactitate nivelul de :<\/p>\n\n<ul class=\"wp-block-list\">\n<li>Formaldehid\u0103 ;<\/li>\n\n\n\n<li>Benzen ;<\/li>\n\n\n\n<li>Percloroetilen\u0103 ;<\/li>\n\n\n\n<li>CO2 ;<\/li>\n\n\n\n<li>\u0218i a\u0219a mai departe.<\/li>\n<\/ul>\n\n<p>Se efectueaz\u0103 apoi dou\u0103 serii de teste la interval de aproximativ 6 luni.<\/p>\n\n<h2 class=\"wp-block-heading\">M\u0103surarea polu\u0103rii aerului \u00een clas\u0103<\/h2>\n\n<p>Instalarea senzorilor de CO2 este o modalitate de monitorizare precis\u0103 a <a href=\"https:\/\/obera.fr\/conseils\/qualite-l-air-interieur-critere-essentiel-industrie\/\" data-type=\"post\" data-id=\"5884\">calit\u0103\u021bii aerului<\/a>. OberA pune la dispozi\u021bia tuturor \u0219colilor <strong>dispozitive pentru m\u0103surarea calit\u0103\u021bii aerului \u00een clas\u0103<\/strong>. Acestea sunt la fel de simplu de utilizat pe c\u00e2t sunt de eficiente.    <\/p>\n\n<h3 class=\"wp-block-heading\">Senzorul de CO2<\/h3>\n\n<p>Aceast\u0103 cutie mic\u0103 verific\u0103 \u00een timp real calitatea aerului dintr-o sal\u0103 de clas\u0103 sau, mai exact, lipsa de ventila\u021bie. Un <a href=\"https:\/\/obera.fr\/ro\/produits\/analyseurs-air\/capteur-co2-obcare\/\">senzor de CO2<\/a> m\u0103soar\u0103 cu precizie \u0219i afi\u0219eaz\u0103 concentra\u021bia de dioxid de carbon \u00een ppm (p\u0103r\u021bi pe milion). Atunci c\u00e2nd ecranul este ro\u0219u, este timpul s\u0103 ventila\u021bi \u00eenc\u0103perea deschiz\u00e2nd ferestrele sau folosind un purificator de aer.    <\/p>\n\n<div class=\"wp-block-columns is-layout-flex wp-container-core-columns-is-layout-28f84493 wp-block-columns-is-layout-flex\">\n<div class=\"wp-block-column is-layout-flow wp-block-column-is-layout-flow\">\n<figure class=\"wp-block-image aligncenter size-medium\"><img decoding=\"async\" width=\"300\" height=\"225\" src=\"https:\/\/obera.fr\/wp-content\/uploads\/2022\/01\/Capteur-CO2-OberA-300x225.jpg\" alt=\"senzor co2 obera\" class=\"wp-image-8381\" srcset=\"https:\/\/obera.fr\/wp-content\/uploads\/2022\/01\/Capteur-CO2-OberA-300x225.jpg 300w, https:\/\/obera.fr\/wp-content\/uploads\/2022\/01\/Capteur-CO2-OberA-1024x768.jpg 1024w, https:\/\/obera.fr\/wp-content\/uploads\/2022\/01\/Capteur-CO2-OberA-768x576.jpg 768w, https:\/\/obera.fr\/wp-content\/uploads\/2022\/01\/Capteur-CO2-OberA-1536x1152.jpg 1536w, https:\/\/obera.fr\/wp-content\/uploads\/2022\/01\/Capteur-CO2-OberA-2048x1536.jpg 2048w\" sizes=\"(max-width: 300px) 100vw, 300px\" \/><figcaption class=\"wp-element-caption\">Senzor CO2 OBCAR<\/figcaption><\/figure>\n<\/div>\n\n\n\n<div class=\"wp-block-column is-layout-flow wp-block-column-is-layout-flow\"><\/div>\n<\/div>\n\n<h3 class=\"wp-block-heading\">Analizorul de aer<\/h3>\n\n<p>Analizorul nostru de aer ofer\u0103 o monitorizare f\u0103r\u0103 \u00eentreruperi a <strong>poluan\u021bilor care pot fi prezen\u021bi \u00eentr-o sal\u0103 de clas\u0103<\/strong>. Acest dispozitiv discret \u0219i conectat analizeaz\u0103 cu precizie concentra\u021bia de particule fine, COV, temperatura, umiditatea \u0219i nivelurile de CO2 dintr-o sal\u0103 de clas\u0103. Datele brute sunt apoi preluate \u0219i afi\u0219ate pe un grafic.    <\/p>\n\n<blockquote class=\"wp-block-quote is-layout-flow wp-block-quote-is-layout-flow\">\n<p>Acest dispozitiv are o alert\u0103 atunci c\u00e2nd este dep\u0103\u0219it pragul de 800 ppm de CO2, recomandat de Ministerul S\u0103n\u0103t\u0103\u021bii.  <\/p>\n<\/blockquote>\n\n<p>Dup\u0103 cum v-a\u021bi dat seama, <strong>reglement\u0103rile<\/strong> impun acum monitorizarea calit\u0103\u021bii aerului \u00een clas\u0103. La <a href=\"https:\/\/obera.fr\/ro\/\">OberA<\/a>, avem dispozitive simple de monitorizare care v\u0103 pot avertiza atunci c\u00e2nd nivelurile de dioxid de carbon sunt prea ridicate. Pur \u0219i simplu aerisi\u021bi sala sau utiliza\u021bi un purificator de aer pentru a reveni la un mediu s\u0103n\u0103tos. Nu ezita\u021bi s\u0103 <strong>ne contacta\u021bi pentru mai multe informa\u021bii<\/strong>.   <\/p>\n\n<div class=\"wp-block-buttons is-horizontal is-content-justification-center is-layout-flex wp-container-core-buttons-is-layout-03627597 wp-block-buttons-is-layout-flex\">\n<div class=\"wp-block-button has-custom-width wp-block-button__width-100\"><a class=\"wp-block-button__link wp-element-button\" href=\"https:\/\/obera.fr\/ro\/contactati-ne\/\">Afl\u0103 mai multe<\/a><\/div>\n<\/div>\n","protected":false},"excerpt":{"rendered":"<p>Calitatea aerului dintr-o sal\u0103 de clas\u0103 poate afecta at\u00e2t concentrarea elevilor, c\u00e2t \u0219i bun\u0103starea lor la \u0219coal\u0103. Uneori cauz\u0103 a durerilor de cap sau a irita\u021biilor oculare, aceasta a f\u0103cut obiectul unui decret, aplicabil din 2018 \u00een anumite unit\u0103\u021bi.   <\/p>\n","protected":false},"author":4,"featured_media":95601,"comment_status":"open","ping_status":"closed","sticky":false,"template":"","format":"standard","meta":{"_acf_changed":false,"_seopress_robots_primary_cat":"none","_seopress_titles_title":"Qualit\u00e9 de l'air salle de classe: r\u00e9glementation et dispositifs","_seopress_titles_desc":"Comment doit \u00eatre la qualit\u00e9 de l\u2019air dans une salle de classe ? OberA vous dit tout sur la r\u00e9glementation et les dispositifs de contr\u00f4le.","_seopress_robots_index":"","footnotes":""},"categories":[144],"tags":[145],"class_list":["post-66162","post","type-post","status-publish","format-standard","has-post-thumbnail","hentry","category-sfatul-nostru","tag-entete-mic","generate-columns","tablet-grid-50","mobile-grid-100","grid-parent","grid-50","no-featured-image-padding","resize-featured-image"],"acf":[],"_links":{"self":[{"href":"https:\/\/obera.fr\/ro\/wp-json\/wp\/v2\/posts\/66162","targetHints":{"allow":["GET"]}}],"collection":[{"href":"https:\/\/obera.fr\/ro\/wp-json\/wp\/v2\/posts"}],"about":[{"href":"https:\/\/obera.fr\/ro\/wp-json\/wp\/v2\/types\/post"}],"author":[{"embeddable":true,"href":"https:\/\/obera.fr\/ro\/wp-json\/wp\/v2\/users\/4"}],"replies":[{"embeddable":true,"href":"https:\/\/obera.fr\/ro\/wp-json\/wp\/v2\/comments?post=66162"}],"version-history":[{"count":4,"href":"https:\/\/obera.fr\/ro\/wp-json\/wp\/v2\/posts\/66162\/revisions"}],"predecessor-version":[{"id":95741,"href":"https:\/\/obera.fr\/ro\/wp-json\/wp\/v2\/posts\/66162\/revisions\/95741"}],"wp:featuredmedia":[{"embeddable":true,"href":"https:\/\/obera.fr\/ro\/wp-json\/wp\/v2\/media\/95601"}],"wp:attachment":[{"href":"https:\/\/obera.fr\/ro\/wp-json\/wp\/v2\/media?parent=66162"}],"wp:term":[{"taxonomy":"category","embeddable":true,"href":"https:\/\/obera.fr\/ro\/wp-json\/wp\/v2\/categories?post=66162"},{"taxonomy":"post_tag","embeddable":true,"href":"https:\/\/obera.fr\/ro\/wp-json\/wp\/v2\/tags?post=66162"}],"curies":[{"name":"wp","href":"https:\/\/api.w.org\/{rel}","templated":true}]}}