{"id":73113,"date":"2025-03-14T12:10:35","date_gmt":"2025-03-14T10:10:35","guid":{"rendered":"https:\/\/obera.fr\/nase-rada\/eficienta-odorizante-de-aer\/"},"modified":"2025-04-14T14:52:40","modified_gmt":"2025-04-14T12:52:40","slug":"eficienta-odorizante-de-aer","status":"publish","type":"post","link":"https:\/\/obera.fr\/ro\/sfatul-nostru\/eficienta-odorizante-de-aer\/","title":{"rendered":"Eficien\u021ba r\u0103citoarelor de aer industriale"},"content":{"rendered":"\n<div class=\"wp-block-columns is-layout-flex wp-container-core-columns-is-layout-28f84493 wp-block-columns-is-layout-flex\">\n<div class=\"wp-block-column is-layout-flow wp-block-column-is-layout-flow\" style=\"flex-basis:66.66%\">\n<p>Odat\u0103 cu<strong> cre\u0219terea temperaturilor<\/strong> \u0219i schimbarea cerin\u021belor de r\u0103cire \u00een mediile industriale \u0219i comerciale, r\u0103citoarele de aer devin o solu\u021bie tot mai popular\u0103. Aceste dispozitive asigur\u0103 o r\u0103cire eficient\u0103 a unei \u00eenc\u0103peri, limit\u00e2nd \u00een acela\u0219i timp consumul de energie. Dar c\u00e2t de eficiente sunt ele cu adev\u0103rat? \u00cen acest articol, explic\u0103m modul \u00een care <strong>r\u0103citoarele evaporative<\/strong> regleaz\u0103 temperatura din cl\u0103dirile dumneavoastr\u0103. De asemenea, analiz\u0103m avantajele r\u0103citoarelor de aer industriale \u0219i dezavantajele \u00een compara\u021bie cu aparatele de aer condi\u021bionat \u0219i ventilatoarele, pentru a v\u0103 ajuta s\u0103 alege\u021bi aparatul cel mai potrivit pentru nevoile dumneavoastr\u0103.    <\/p>\n<\/div>\n\n\n\n<div class=\"wp-block-column is-layout-flow wp-block-column-is-layout-flow\" style=\"flex-basis:33.33%\">\n<figure class=\"wp-block-image aligncenter size-large is-resized\"><img decoding=\"async\" width=\"1024\" height=\"856\" src=\"https:\/\/obera.fr\/wp-content\/uploads\/2024\/11\/gamme-ic-1-1024x856.png\" alt=\"Gama ic\" class=\"wp-image-49129\" style=\"width:309px;height:auto\" srcset=\"https:\/\/obera.fr\/wp-content\/uploads\/2024\/11\/gamme-ic-1-1024x856.png 1024w, https:\/\/obera.fr\/wp-content\/uploads\/2024\/11\/gamme-ic-1-300x251.png 300w, https:\/\/obera.fr\/wp-content\/uploads\/2024\/11\/gamme-ic-1-768x642.png 768w, https:\/\/obera.fr\/wp-content\/uploads\/2024\/11\/gamme-ic-1.png 1200w\" sizes=\"(max-width: 1024px) 100vw, 1024px\" \/><\/figure>\n<\/div>\n<\/div>\n\n<h2 class=\"wp-block-heading\">Cum func\u021bioneaz\u0103 r\u0103citoarele de aer<\/h2>\n\n<figure class=\"wp-block-image alignright size-full is-resized\"><img decoding=\"async\" width=\"1000\" height=\"1000\" src=\"https:\/\/obera.fr\/wp-content\/uploads\/2022\/03\/Rafraichisseur-dair-par-evaporation.jpg\" alt=\"r&#x103;citor de aer cu evaporare\" class=\"wp-image-13253\" style=\"width:310px;height:auto\" srcset=\"https:\/\/obera.fr\/wp-content\/uploads\/2022\/03\/Rafraichisseur-dair-par-evaporation.jpg 1000w, https:\/\/obera.fr\/wp-content\/uploads\/2022\/03\/Rafraichisseur-dair-par-evaporation-300x300.jpg 300w, https:\/\/obera.fr\/wp-content\/uploads\/2022\/03\/Rafraichisseur-dair-par-evaporation-150x150.jpg 150w, https:\/\/obera.fr\/wp-content\/uploads\/2022\/03\/Rafraichisseur-dair-par-evaporation-768x768.jpg 768w\" sizes=\"(max-width: 1000px) 100vw, 1000px\" \/><\/figure>\n\n<h3 class=\"wp-block-heading\">Principiul r\u0103cirii prin evaporare<\/h3>\n\n<p>R\u0103citoarele de aer industriale func\u021bioneaz\u0103 pe un principiu natural: <a href=\"https:\/\/obera.fr\/ro\/produits\/rafraichisseurs-air\/rafraichisseurs-par-evaporation-ic\/\">r\u0103cirea prin evaporarea apei<\/a>. Aparatul aspir\u0103 aer cald, care trece apoi prin panouri \u00eembibate cu ap\u0103. Pe m\u0103sur\u0103 ce apa se evapor\u0103, aceasta absoarbe c\u0103ldura sensibil\u0103 din aer, produc\u00e2nd un flux de aer r\u0103cit. Acest proces simplu imit\u0103 <strong>fenomenul natural al transpira\u021biei umane<\/strong>, \u00een care evaporarea transpira\u021biei scade temperatura corpului.   <\/p>\n\n<p>R\u0103citoarele consum\u0103 foarte pu\u021bin\u0103 energie electric\u0103, ceea ce le face o <strong>solu\u021bie economic\u0103 \u0219i ecologic\u0103 \u00een compara\u021bie cu aparatele de aer condi\u021bionat<\/strong>. R\u0103citoarele nu necesit\u0103 nici agent frigorific, nici compresoare, ambele consum\u00e2nd mult\u0103 energie \u0219i cost\u00e2nd mul\u021bi bani. <\/p>\n\n<h3 class=\"wp-block-heading\">Diferen\u021be cu aparatele de aer condi\u021bionat \u0219i ventilatoarele<\/h3>\n\n<p><strong>Odorizantele de aer<\/strong> difer\u0103 de aparatele de aer condi\u021bionat \u0219i de ventilatoare prin modul \u00een care func\u021bioneaz\u0103 \u0219i prin rezultatele pe care le ob\u021bin:<\/p>\n\n<ul class=\"wp-block-list\">\n<li>Aparat de <strong>aer condi\u021bionat<\/strong>: acest aparat ofer\u0103 o r\u0103cire mai puternic\u0103 \u0219i mai precis\u0103 datorit\u0103 unui sistem de compresie \u0219i refrigerare, dar necesit\u0103 o putere electric\u0103 mare (\u00een wa\u021bi) \u0219i implic\u0103 costuri ridicate de achizi\u021bie, \u00eentre\u021binere \u0219i consum de energie.<\/li>\n\n\n\n<li><strong>Ventilator<\/strong>: acest dispozitiv face pur \u0219i simplu s\u0103 circule aerul \u00eenconjur\u0103tor f\u0103r\u0103 a-i modifica temperatura. Eficacitatea sa este limitat\u0103 \u00een medii foarte fierbin\u021bi, dar costul s\u0103u este mult mai mic dec\u00e2t cel al sistemelor de r\u0103cire mai avansate. <\/li>\n<\/ul>\n\n<p>Un r\u0103citor este undeva \u00eentre un aparat de aer condi\u021bionat \u0219i un ventilator: <strong>asigur\u0103 o r\u0103cire mai eficient\u0103<\/strong> dec\u00e2t un ventilator, fiind \u00een acela\u0219i timp mai accesibil \u0219i mai eficient energetic dec\u00e2t un aparat de aer condi\u021bionat.<\/p>\n\n<h2 class=\"wp-block-heading\">Performan\u021ba r\u0103citorului de aer<\/h2>\n\n<h3 class=\"wp-block-heading\">Capacitatea de a r\u0103ci o camer\u0103<\/h3>\n\n<p><strong> R\u0103citoarele de aer pot reduce temperatura camerei \u00eentre 5 \u0219i 15\u00b0C<\/strong>, \u00een func\u021bie de condi\u021biile de mediu \u0219i de modelul ales. De exemplu, dac\u0103 temperatura ambiental\u0103 este de 35\u00b0C cu un nivel de umiditate de 30%, r\u0103citorul de aer poate reduce temperatura aerului cu aproximativ 10\u00b0C p\u00e2n\u0103 la aproximativ 25\u00b0C, cre\u00e2nd o senza\u021bie pl\u0103cut\u0103 de r\u0103coare \u00een \u00eenc\u0103pere. \u00cen spa\u021biile industriale mari, acest echipament face posibil\u0103 <strong>men\u021binerea confortului termic pentru lucr\u0103tori<\/strong>, reduc\u00e2nd \u00een acela\u0219i timp necesarul de energie.  <\/p>\n\n<h3 class=\"wp-block-heading\">Factorii care influen\u021beaz\u0103 eficien\u021ba unui r\u0103citor<\/h3>\n\n<p>Mai mul\u021bi factori influen\u021beaz\u0103 performan\u021ba unui r\u0103citor de aer:<\/p>\n\n<ul class=\"wp-block-list\">\n<li><strong>Temperatura ambiental\u0103<\/strong>: cu c\u00e2t temperatura ambiental\u0103 este mai ridicat\u0103, cu at\u00e2t este mai mare performan\u021ba r\u0103citorului. Aerul cald faciliteaz\u0103 procesul de evaporare, \u00eembun\u0103t\u0103\u021bind astfel r\u0103cirea. <\/li>\n\n\n\n<li><strong>Umiditate<\/strong>: \u00een medii umede, aerul este deja saturat cu ap\u0103, ceea ce limiteaz\u0103 procesul de evaporare \u0219i reduce eficien\u021ba aparatului.<\/li>\n\n\n\n<li><strong>Dimensiunea camerei<\/strong>: un r\u0103citor subdimensionat nu va putea r\u0103ci eficient o suprafa\u021b\u0103 mare. Trebuie s\u0103 alege\u021bi un model adaptat la volumul \u0219i suprafa\u021ba spa\u021biului care urmeaz\u0103 s\u0103 fie r\u0103cit. <\/li>\n\n\n\n<li><strong>Circula\u021bia aerului <\/strong>: o bun\u0103 ventila\u021bie este esen\u021bial\u0103 pentru a evita acumularea excesiv\u0103 de umiditate \u00een aerul ambiental, care este \u00een detrimentul <a href=\"https:\/\/obera.fr\/ro\/sfatul-nostru\/solutie-refroidire-eficienta-energetica\/\">procesului de r\u0103cire<\/a>.<\/li>\n<\/ul>\n\n<p>Lu\u00e2nd \u00een considerare to\u021bi ace\u0219ti factori, pute\u021bi maximiza performan\u021ba r\u0103citoarelor dvs.<\/p>\n\n<figure class=\"wp-block-image alignright size-full is-resized\"><img decoding=\"async\" width=\"522\" height=\"597\" src=\"https:\/\/obera.fr\/wp-content\/uploads\/2025\/03\/consommation-energetique.png\" alt=\"s&#x103;geat&#x103; &#xEE;n jurul unui fulger pentru a indica consumul de energie\" class=\"wp-image-76153\" style=\"width:159px;height:auto\" srcset=\"https:\/\/obera.fr\/wp-content\/uploads\/2025\/03\/consommation-energetique.png 522w, https:\/\/obera.fr\/wp-content\/uploads\/2025\/03\/consommation-energetique-262x300.png 262w\" sizes=\"(max-width: 522px) 100vw, 522px\" \/><\/figure>\n\n<h2 class=\"wp-block-heading\">Avantajele r\u0103citoarelor de aer<\/h2>\n\n<h3 class=\"wp-block-heading\">Un r\u0103citor cu consum redus de energie<\/h3>\n\n<p>Unul dintre <strong>principalele avantaje ale r\u0103citoarelor cu aer<\/strong> este <a href=\"https:\/\/obera.fr\/ro\/sfatul-nostru\/les-avantages-du-rafraichissement-adiabatique-dominent-largement-ses-inconvenients\/\">consumul redus de energie<\/a>. Acestea consum\u0103 cu p\u00e2n\u0103 la 90% mai pu\u021bin\u0103 energie dec\u00e2t un aparat de aer condi\u021bionat tradi\u021bional, ceea ce reduce considerabil costurile de produc\u021bie. Acest lucru le face o alternativ\u0103 ideal\u0103 la aerul condi\u021bionat pentru \u00eentreprinderile care doresc s\u0103 reduc\u0103 costurile, <strong>minimiz\u00e2ndu-\u0219i \u00een acela\u0219i timp amprenta asupra mediului<\/strong>.  <\/p>\n\n<figure class=\"wp-block-image alignright size-full is-resized\"><img decoding=\"async\" width=\"738\" height=\"764\" src=\"https:\/\/obera.fr\/wp-content\/uploads\/2025\/03\/economie-1.png\" alt=\"2 m&#xE2;ini care &#x21B;in o moned&#x103; pentru a reprezenta costurile\" class=\"wp-image-76130\" style=\"width:168px;height:auto\" srcset=\"https:\/\/obera.fr\/wp-content\/uploads\/2025\/03\/economie-1.png 738w, https:\/\/obera.fr\/wp-content\/uploads\/2025\/03\/economie-1-290x300.png 290w\" sizes=\"(max-width: 738px) 100vw, 738px\" \/><\/figure>\n\n<h3 class=\"wp-block-heading\">Modele accesibile, u\u0219or de instalat<\/h3>\n\n<p><strong> R\u0103citoarele de aer sunt mult mai accesibile<\/strong> dec\u00e2t sistemele de aer condi\u021bionat \u00een ceea ce prive\u0219te costul ini\u021bial \u0219i \u00eentre\u021binerea. De asemenea, acestea sunt u\u0219or de instalat, nefiind necesare lucr\u0103ri complexe sau modific\u0103ri structurale, ceea ce le face accesibile unei game largi de utilizatori. \u00cen plus, formatul mobil are un pre\u021b \u0219i mai atractiv, deoarece nu exist\u0103 <strong>costuri suplimentare de instalare<\/strong>.    <\/p>\n\n<h3 class=\"wp-block-heading\">Mobilitatea \u0219i versatilitatea r\u0103citorului<\/h3>\n\n<p>Pentru cerin\u021be mai flexibile sau ocazionale, <strong>modelele mobile sunt deosebit de practice<\/strong>. Echipate cu ro\u021bi, aceste unit\u0103\u021bi faciliteaz\u0103 mutarea r\u0103citorului de aer \u00een diferite zone ale \u00eenc\u0103perii unde este necesar\u0103 reducerea imediat\u0103 a c\u0103ldurii. Versatilitatea lor \u00eenseamn\u0103 c\u0103 pot fi adaptate la diferite aplica\u021bii, fie c\u0103 r\u0103cesc un atelier, un depozit sau un post de lucru temporar. Func\u021bionarea este simpl\u0103: este suficient s\u0103 <strong>conecta\u021bi r\u0103citorul la o priz\u0103 de perete<\/strong> \u0219i s\u0103 umple\u021bi rezervorul de ap\u0103.   <\/p>\n\n<h2 class=\"wp-block-heading\">Limite \u0219i dezavantaje ale r\u0103citoarelor cu aer<\/h2>\n\n<h3 class=\"wp-block-heading\">Putere limitat\u0103 \u00een medii umede<\/h3>\n\n<p><strong>Odorizantele de aer \u00ee\u0219i pierd eficien\u021ba atunci c\u00e2nd nivelul de umiditate este ridicat<\/strong>. Acest lucru se datoreaz\u0103 faptului c\u0103 aerul umed nu poate absorbi mai mult\u0103 ap\u0103, f\u0103c\u00e2nd procesul de evaporare mai pu\u021bin eficient. \u00cen aceste condi\u021bii, poate fi necesar s\u0103 utiliza\u021bi alte solu\u021bii de temperare sau s\u0103 combina\u021bi mai multe sisteme pentru a ob\u021bine rezultate satisf\u0103c\u0103toare.  <\/p>\n\n<h3 class=\"wp-block-heading\">Necesitatea unei ventila\u021bii adecvate pentru a evita umiditatea excesiv\u0103<\/h3>\n\n<p>De\u0219i r\u0103citoarele sunt eficiente \u00een medii uscate, utilizarea lor poate duce la o acumulare de umiditate \u00een spa\u021biile slab ventilate. Acest lucru poate duce la disconfort pe termen lung pentru lucr\u0103tori.<strong> Prin urmare, o ventila\u021bie adecvat\u0103 este esen\u021bial\u0103<\/strong> pentru a asigura <a href=\"https:\/\/obera.fr\/ro\/sfatul-nostru\/comment-fonctionne-un-rafraichisseur-adiabatique\/\">func\u021bionarea corespunz\u0103toare a aparatului<\/a>. R\u0103citorul de aer este deosebit de potrivit pentru spa\u021biile deschise, cum ar fi depozitele sau hangarele, unde exist\u0103 \u00een mod natural o bun\u0103 circula\u021bie a aerului.   <\/p>\n\n<h2 class=\"wp-block-heading\">Compara\u021bie: r\u0103citoare, aparate de aer condi\u021bionat \u0219i ventilatoare<\/h2>\n\n<h3 class=\"wp-block-heading\">Aparate de aer condi\u021bionat: putere \u0219i costuri ridicate<\/h3>\n\n<p>Aparatele de aer condi\u021bionat ofer\u0103 o <strong>capacitate de r\u0103cire mult mai mare dec\u00e2t r\u0103citoarele cu aer<\/strong> \u0219i sunt capabile s\u0103 men\u021bin\u0103 temperaturi constante, chiar \u0219i \u00een medii umede. Cu toate acestea, costul lor ridicat, intensitatea energetic\u0103 ridicat\u0103 \u0219i impactul asupra mediului le fac o op\u021biune mai pu\u021bin durabil\u0103 \u0219i economic\u0103, \u00een special pentru zonele industriale mari. <\/p>\n\n<h3 class=\"wp-block-heading\">Ventilatoare: avantaje \u0219i dezavantaje<\/h3>\n\n<p>Ventilatoarele sunt u\u0219or de utilizat, accesibile \u0219i agit\u0103 aerul dintr-o \u00eenc\u0103pere. Cu toate acestea, acestea nu au niciun impact asupra reducerii c\u0103ldurii ambientale \u0219i<strong> sunt ineficiente \u00een medii foarte fierbin\u021bi<\/strong>.   <\/p>\n\n<h3 class=\"wp-block-heading\">R\u0103citoare de aer: compromisul ideal<\/h3>\n\n<p>R\u0103citorul de aer este o alegere bine echilibrat\u0103, care combin\u0103 accesibilitatea, performan\u021ba eficient\u0103 \u0219i impactul energetic redus.<\/p>\n\n<h2 class=\"wp-block-heading\">Sfaturi pentru optimizarea utiliz\u0103rii unui r\u0103citor de aer<\/h2>\n\n<h3 class=\"wp-block-heading\">Alegerea modelului potrivit pentru nevoile dumneavoastr\u0103<\/h3>\n\n<p>Pentru a profita la <strong>maximum de un r\u0103citor de aer<\/strong>, trebuie s\u0103 alege\u021bi o unitate care s\u0103 se potriveasc\u0103 perfect cu dimensiunea \u0219i caracteristicile \u00eenc\u0103perii care urmeaz\u0103 s\u0103 fie r\u0103cit\u0103. Fi\u0219ele tehnice ale echipamentelor ofer\u0103 informa\u021bii importante privind debitul de aer, capacitatea de r\u0103cire \u0219i consumul de energie, facilit\u00e2nd selec\u021bia. <\/p>\n\n<p>Dimensiunea aparatului este un factor cheie \u00een asigurarea unei r\u0103ciri optime. Un aparat subdimensionat nu va putea r\u0103ci eficient o suprafa\u021b\u0103 mare, \u00een timp ce unul <strong>prea puternic ar putea irosi energie<\/strong>. De asemenea, trebuie luat\u0103 \u00een considerare izolarea camerei sau prezen\u021ba unor surse suplimentare de c\u0103ldur\u0103.  <\/p>\n\n<p>Dac\u0103 nu sunte\u021bi sigur ce model s\u0103 alege\u021bi, consulta\u021bi un expert \u00een <strong>r\u0103cire industrial\u0103<\/strong>. Un profesionist v\u0103 va putea \u00eendruma c\u0103tre aparatul cel mai potrivit pentru nevoile dumneavoastr\u0103. <\/p>\n\n<h3 class=\"wp-block-heading\">Bune practici de utilizare \u0219i \u00eentre\u021binere<\/h3>\n\n<p>\u00centre\u021binerea regulat\u0103 este necesar\u0103 pentru a asigura performan\u021ba aparatului. Iat\u0103 c\u00e2teva bune practici: <\/p>\n\n<ul class=\"wp-block-list\">\n<li>Cur\u0103\u021ba\u021bi panourile umede pentru a preveni acumularea depozitelor minerale.<\/li>\n\n\n\n<li>Schimba\u021bi regulat apa din rezervor pentru a preveni proliferarea bacteriilor.<\/li>\n\n\n\n<li>Asigura\u021bi-v\u0103 c\u0103 \u00eenc\u0103perea este bine ventilat\u0103 pentru a evita umiditatea excesiv\u0103.<\/li>\n\n\n\n<li>\u00cen timpul perioadelor de \u00eenc\u0103lzire, p\u0103stra\u021bi r\u0103citorul \u00eentr-un loc uscat pentru a-i p\u0103stra durabilitatea.  <\/li>\n<\/ul>\n\n<p>Urm\u00e2nd aceste recomand\u0103ri, pute\u021bi <strong>maximiza performan\u021ba r\u0103citorului dvs.<\/strong> \u0219i \u00eei pute\u021bi prelungi durata de via\u021b\u0103.<\/p>\n\n<h2 class=\"wp-block-heading\">Alegerea unui r\u0103citor de aer de \u00eenalt\u0103 performan\u021b\u0103<\/h2>\n\n<p><strong>R\u0103citoarele de aer industriale sunt o solu\u021bie eficient\u0103<\/strong>, economic\u0103 \u0219i ecologic\u0103, ideal\u0103 pentru \u00eenlocuirea sistemelor tradi\u021bionale de aer condi\u021bionat \u00een spa\u021bii mari. Dar eficien\u021ba lor depinde de dimensionarea \u0219i utilizarea corespunz\u0103toare. Lu\u00e2nd \u00een considerare nevoile dvs. specifice \u0219i select\u00e2nd modelul potrivit, v\u0103 pute\u021bi bucura de o r\u0103cire optim\u0103, reduc\u00e2nd \u00een acela\u0219i timp costurile cu energia. De asemenea, este recomandabil s\u0103 <strong>consulta\u021bi recenziile utilizatorilor sau ale exper\u021bilor<\/strong> pentru a v\u0103 ajuta s\u0103 cump\u0103ra\u021bi modelul cel mai potrivit pentru cerin\u021bele dumneavoastr\u0103.   <\/p>\n\n<p>Obera, exper\u021bi \u00een r\u0103cirea industrial\u0103, ofer\u0103 o gam\u0103 larg\u0103 de produse pentru a satisface orice nevoie. Fie c\u0103 sunte\u021bi \u00een c\u0103utarea unor r\u0103citoare de aer fixe sau a unor solu\u021bii mobile, Obera v\u0103 <strong>va oferi un aparat de \u00eenalt\u0103 performan\u021b\u0103<\/strong>, \u00eenso\u021bit de consiliere pentru a asigura o reglare eficient\u0103 a temperaturii, optimiz\u00e2nd \u00een acela\u0219i timp costurile cu energia. <\/p>\n","protected":false},"excerpt":{"rendered":"<p>Odat\u0103 cu cre\u0219terea temperaturilor \u0219i schimbarea cerin\u021belor de r\u0103cire \u00een mediile industriale \u0219i comerciale, r\u0103citoarele de aer devin o solu\u021bie tot mai popular\u0103. Aceste dispozitive asigur\u0103 o r\u0103cire eficient\u0103 a unei \u00eenc\u0103peri, limit\u00e2nd \u00een acela\u0219i timp consumul de energie. Dar c\u00e2t de eficiente sunt acestea?  <\/p>\n","protected":false},"author":13,"featured_media":80698,"comment_status":"open","ping_status":"closed","sticky":false,"template":"","format":"standard","meta":{"_acf_changed":false,"_seopress_robots_primary_cat":"none","_seopress_titles_title":"Efficacit\u00e9 des rafra\u00eechisseurs d'air industriels","_seopress_titles_desc":"Optimisez le confort thermique de vos espaces avec l'efficacit\u00e9 d'un rafra\u00eechisseur d'air : une solution \u00e9conomique, \u00e9cologique et performante pour un refroidissement optimal.","_seopress_robots_index":"","footnotes":""},"categories":[144],"tags":[],"class_list":["post-73113","post","type-post","status-publish","format-standard","has-post-thumbnail","hentry","category-sfatul-nostru","generate-columns","tablet-grid-50","mobile-grid-100","grid-parent","grid-50","no-featured-image-padding","resize-featured-image"],"acf":[],"_links":{"self":[{"href":"https:\/\/obera.fr\/ro\/wp-json\/wp\/v2\/posts\/73113","targetHints":{"allow":["GET"]}}],"collection":[{"href":"https:\/\/obera.fr\/ro\/wp-json\/wp\/v2\/posts"}],"about":[{"href":"https:\/\/obera.fr\/ro\/wp-json\/wp\/v2\/types\/post"}],"author":[{"embeddable":true,"href":"https:\/\/obera.fr\/ro\/wp-json\/wp\/v2\/users\/13"}],"replies":[{"embeddable":true,"href":"https:\/\/obera.fr\/ro\/wp-json\/wp\/v2\/comments?post=73113"}],"version-history":[{"count":7,"href":"https:\/\/obera.fr\/ro\/wp-json\/wp\/v2\/posts\/73113\/revisions"}],"predecessor-version":[{"id":77761,"href":"https:\/\/obera.fr\/ro\/wp-json\/wp\/v2\/posts\/73113\/revisions\/77761"}],"wp:featuredmedia":[{"embeddable":true,"href":"https:\/\/obera.fr\/ro\/wp-json\/wp\/v2\/media\/80698"}],"wp:attachment":[{"href":"https:\/\/obera.fr\/ro\/wp-json\/wp\/v2\/media?parent=73113"}],"wp:term":[{"taxonomy":"category","embeddable":true,"href":"https:\/\/obera.fr\/ro\/wp-json\/wp\/v2\/categories?post=73113"},{"taxonomy":"post_tag","embeddable":true,"href":"https:\/\/obera.fr\/ro\/wp-json\/wp\/v2\/tags?post=73113"}],"curies":[{"name":"wp","href":"https:\/\/api.w.org\/{rel}","templated":true}]}}