{"id":86481,"date":"2022-07-29T16:36:45","date_gmt":"2022-07-29T14:36:45","guid":{"rendered":"https:\/\/obera.fr\/nase-rada\/rafraichissement-conteneurs-maritimes\/"},"modified":"2025-04-23T09:19:29","modified_gmt":"2025-04-23T07:19:29","slug":"rafraichissement-conteneurs-maritimes","status":"publish","type":"post","link":"https:\/\/obera.fr\/ro\/sfatul-nostru\/rafraichissement-conteneurs-maritimes\/","title":{"rendered":"Studiu de caz : Probleme de c\u0103ldur\u0103 \u00een timpul desc\u0103rc\u0103rii containerelor maritime"},"content":{"rendered":"\n<p>Problema c\u0103ldurii \u00een containerele maritime. Containerele aveau peste 50 de grade Celsius, for\u021b\u00e2nd compania s\u0103 a\u0219tepte \u00een medie mai mult de o or\u0103 \u0219i jum\u0103tate cu u\u0219ile deschise pentru a regla temperatura \u0219i a \u00eencepe desc\u0103rcarea. \u00cen acest caz, c\u0103ldura sufocant\u0103 reprezint\u0103 o adev\u0103rat\u0103 pierdere de timp pentru companie, dar \u0219i un risc pentru operatori.  <\/p>\n\n<figure class=\"wp-block-image aligncenter size-large is-resized\"><img decoding=\"async\" src=\"https:\/\/obera.fr\/wp-content\/uploads\/2022\/07\/Rafraihisseurs-adiabatique-conteneurs-maritimes-1024x465.jpg\" alt=\"r&#x103;citoare adiabatice pentru containere maritime\" class=\"wp-image-13892\" width=\"768\" height=\"349\" srcset=\"https:\/\/obera.fr\/wp-content\/uploads\/2022\/07\/Rafraihisseurs-adiabatique-conteneurs-maritimes-1024x465.jpg 1024w, https:\/\/obera.fr\/wp-content\/uploads\/2022\/07\/Rafraihisseurs-adiabatique-conteneurs-maritimes-300x136.jpg 300w, https:\/\/obera.fr\/wp-content\/uploads\/2022\/07\/Rafraihisseurs-adiabatique-conteneurs-maritimes-768x349.jpg 768w, https:\/\/obera.fr\/wp-content\/uploads\/2022\/07\/Rafraihisseurs-adiabatique-conteneurs-maritimes.jpg 1100w\" sizes=\"(max-width: 768px) 100vw, 768px\" \/><\/figure>\n\n<h2 class=\"wp-block-heading\"><strong>R\u0103citoare adiabatice de aer: o solu\u021bie simpl\u0103, rapid\u0103 \u0219i eficient\u0103!<\/strong><\/h2>\n\n<p>OberA a propus atunci solu\u021bia sa eficient\u0103 de r\u0103cire adiabatic\u0103 a aerului. Aceast\u0103 solu\u021bie simpl\u0103, rapid\u0103 \u0219i eficient\u0103 a permis companiei s\u0103 recupereze timpul pierdut prin propulsarea aerului la 22 de grade \u0219i atingerea unei temperaturi ambientale de 32 de grade. Operatorii pot desc\u0103rca acum containerele mai rapid \u0219i \u00een condi\u021bii mai bune. <\/p>\n\n<h2 class=\"wp-block-heading\"><strong>Suntem \u00eenc\u00e2nta\u021bi!<\/strong><\/h2>\n\n<p>At\u00e2t angaja\u021bii, c\u00e2t \u0219i compania sunt foarte mul\u021bumi\u021bi de sistemul de r\u0103cire a aerului care a fost instalat. Bun\u0103starea angaja\u021bilor \u0219i productivitatea companiei au fost \u00eembun\u0103t\u0103\u021bite la un cost mai mic. <\/p>\n\n<h2 class=\"wp-block-heading\"><strong>\u00centreb\u0103ri ridicate de societate<\/strong><\/h2>\n\n<h3 class=\"wp-block-heading\">Cum func\u021bioneaz\u0103?<\/h3>\n\n<div class=\"wp-block-columns is-layout-flex wp-container-core-columns-is-layout-28f84493 wp-block-columns-is-layout-flex\">\n<div class=\"wp-block-column is-layout-flow wp-block-column-is-layout-flow\" style=\"flex-basis:33.33%\">\n<figure class=\"wp-block-image size-full\"><img decoding=\"async\" width=\"900\" height=\"500\" src=\"https:\/\/obera.fr\/wp-content\/uploads\/2022\/07\/Fonctionnement-rafraichisseurs-adiabatique1.jpg\" alt=\"func&#x21B;ionarea r&#x103;citorului adiabatic\" class=\"wp-image-13887\" srcset=\"https:\/\/obera.fr\/wp-content\/uploads\/2022\/07\/Fonctionnement-rafraichisseurs-adiabatique1.jpg 900w, https:\/\/obera.fr\/wp-content\/uploads\/2022\/07\/Fonctionnement-rafraichisseurs-adiabatique1-300x167.jpg 300w, https:\/\/obera.fr\/wp-content\/uploads\/2022\/07\/Fonctionnement-rafraichisseurs-adiabatique1-768x427.jpg 768w\" sizes=\"(max-width: 900px) 100vw, 900px\" \/><\/figure>\n<\/div>\n\n\n\n<div class=\"wp-block-column is-vertically-aligned-center is-layout-flow wp-block-column-is-layout-flow\" style=\"flex-basis:66.66%\">\n<p>Principiul r\u0103cirii adiabatice const\u0103 pur \u0219i simplu \u00een utilizarea puterii de evaporare a apei pentru a capta caloriile prezente \u00een aer \u0219i a reduce astfel temperatura de ie\u0219ire a aerului din r\u0103citor. Aerul este r\u0103cit \u00een mod natural prin trecerea prin panoul alveolar \u00eembibat cu ap\u0103. <\/p>\n<\/div>\n<\/div>\n\n<h3 class=\"wp-block-heading\">\u00cen termeni practici, c\u00e2te grade pierde\u021bi datorit\u0103 odorizantelor?<\/h3>\n\n<p>Atunci c\u00e2nd sunt dimensionate corespunz\u0103tor, unit\u0103\u021bile EcoClim pot ob\u021bine un c\u00e2\u0219tig mediu de 10 p\u00e2n\u0103 la 12 grade \u00eentre aerul ambiental \u0219i aerul care iese din unit\u0103\u021bi. Aceasta poate fi mai mare acolo unde c\u0103ldura este mai extrem\u0103. <\/p>\n\n<figure class=\"wp-block-image aligncenter size-full is-resized\"><img decoding=\"async\" src=\"https:\/\/obera.fr\/wp-content\/uploads\/2022\/07\/image-768x347-1.jpg\" alt=\"R&#x103;citoare adiabatice cu c&#xE2;&#x219;tig de temperatur&#x103;\" class=\"wp-image-13906\" width=\"576\" height=\"260\" srcset=\"https:\/\/obera.fr\/wp-content\/uploads\/2022\/07\/image-768x347-1.jpg 768w, https:\/\/obera.fr\/wp-content\/uploads\/2022\/07\/image-768x347-1-300x136.jpg 300w\" sizes=\"(max-width: 576px) 100vw, 576px\" \/><\/figure>\n\n<h3 class=\"wp-block-heading\">Ce suprafa\u021b\u0103 poate fi r\u0103cit\u0103? Trebuie s\u0103-mi echipez \u00eentregul spa\u021biu? <\/h3>\n\n<p>Suprafe\u021bele pe care le putem r\u0103ci cu gama noastr\u0103 de r\u0103citoare de aer adiabatice variaz\u0103 de la 80 la 150m\u00b2 pentru EcoClim 12 p\u00e2n\u0103 la o suprafa\u021b\u0103 de p\u00e2n\u0103 la 400m\u00b2 pentru EcoClim30.<\/p>\n\n<p>Exist\u0103 mai multe loca\u021bii posibile:<\/p>\n\n<ul class=\"wp-block-list\">\n<li>Re\u00eemprosp\u0103ta\u021bi o \u00eentreag\u0103 zon\u0103 prin \u00eenmul\u021birea num\u0103rului de dispozitive<\/li>\n\n\n\n<li>Crea\u021bi insule de r\u0103coare pentru sta\u021biile de lucru fixe<\/li>\n\n\n\n<li>\u00cemprosp\u0103tarea containerelor \u0219i a altor spa\u021bii \u00eenchise<\/li>\n<\/ul>\n\n<figure class=\"wp-block-image aligncenter size-full is-resized\"><img decoding=\"async\" src=\"https:\/\/obera.fr\/wp-content\/uploads\/2022\/07\/Rafraichisseurs-dair-superficie.jpg\" alt=\"odorizante de suprafa&#x21B;&#x103;\" class=\"wp-image-13901\" width=\"750\" height=\"225\" srcset=\"https:\/\/obera.fr\/wp-content\/uploads\/2022\/07\/Rafraichisseurs-dair-superficie.jpg 1000w, https:\/\/obera.fr\/wp-content\/uploads\/2022\/07\/Rafraichisseurs-dair-superficie-300x90.jpg 300w, https:\/\/obera.fr\/wp-content\/uploads\/2022\/07\/Rafraichisseurs-dair-superficie-768x230.jpg 768w\" sizes=\"(max-width: 750px) 100vw, 750px\" \/><\/figure>\n\n<h3 class=\"wp-block-heading\">\u0218i cum r\u0103m\u00e2ne cu praful?<\/h3>\n\n<p>Prin agitarea aerului, este posibil ca unit\u0103\u021bile EcoClim s\u0103 suspende praful atunci c\u00e2nd sunt pornite. Av\u00e2nd \u00een vedere debitul foarte mare de aer, acest praf este disipat rapid pe m\u0103sur\u0103 ce urmeaz\u0103 fluxul de aer, iar dup\u0103 c\u00e2teva secunde nu va mai exista praf \u00een flux. Datorit\u0103 panoului s\u0103u cu fagure de miere, care ac\u021bioneaz\u0103 ca un filtru de particule grosiere, unitatea nu agit\u0103 praful, ci doar \u00eel va suspenda pe cel deja prezent. Pentru a preveni acest lucru, am instalat tampoane de p\u00e2sl\u0103 \u00een amonte pentru a \u00eempiedica trecerea prafului deja prezent.     <\/p>\n\n<h3 class=\"wp-block-heading\">Exist\u0103 un risc pentru s\u0103n\u0103tatea mea?<\/h3>\n\n<p>Atunci c\u00e2nd se utilizeaz\u0103 ap\u0103, se pune problema posibilei dezvolt\u0103ri bacteriene \u00een aparate.<\/p>\n\n<p>Pentru a combate aceast\u0103 problem\u0103, am echipat toate echipamentele noastre cu l\u0103mpi UVC pentru a dezinfecta permanent apa \u0219i a preveni dezvoltarea microbilor, bacteriilor \u0219i ciupercilor.<\/p>\n\n<p>Perioadele de frig cauzate de un sistem de aer condi\u021bionat nu reprezint\u0103 o problem\u0103 atunci c\u00e2nd se utilizeaz\u0103 EcoClim din mai multe motive:<\/p>\n\n<ul class=\"wp-block-list\">\n<li>Temperatura nu va sc\u0103dea sub 20\/21 de grade<\/li>\n\n\n\n<li>Noi nu usc\u0103m aerul cu aceste dispozitive<\/li>\n<\/ul>\n\n<h3 class=\"wp-block-heading\">Care este ciclul de \u00eentre\u021binere? Ce produse sunt utilizate? <\/h3>\n\n<p>EcoClims trebuie s\u0103 fie \u00eentre\u021binute \u00eenainte de a fi depozitate, dup\u0103 cum urmeaz\u0103:<\/p>\n\n<ul class=\"wp-block-list\">\n<li>Golirea rezervorului de ap\u0103<\/li>\n\n\n\n<li>Usca\u021bi panourile alveolare activ\u00e2nd func\u021bia de ventila\u021bie timp de 2 p\u00e2n\u0103 la 3 ore.<\/li>\n\n\n\n<li>Utiliza\u021bi un produs de cur\u0103\u021bare pe baz\u0103 de probiotice pe care \u00eel oferim pentru a evita deteriorarea pl\u0103cii de celuloz\u0103.<\/li>\n<\/ul>\n\n<h3 class=\"wp-block-heading\">Exist\u0103 consumabile care trebuie schimbate?<\/h3>\n\n<p>Dac\u0103 \u00eentre\u021binerea este efectuat\u0103 corect (uscarea panourilor de celuloz\u0103, golirea rezervorului), nu exist\u0103 consumabile care s\u0103 fie schimbate.<\/p>\n\n<h3 class=\"wp-block-heading\">Care este autonomia r\u0103citoarelor de aer adiabatic oberA?<\/h3>\n\n<p>\u00cen func\u021bie de condi\u021biile de temperatur\u0103 \u0219i umiditate, dispozitivele cu un rezervor plin pot func\u021biona \u00eentre 5 \u0219i 8 ore. De asemenea, acestea pot fi conectate direct la re\u021beaua de alimentare cu ap\u0103, cu un flotor instalat \u00een dispozitiv pentru a regla nivelul. <\/p>\n\n<h3 class=\"wp-block-heading\">Ce m\u0103suri de precau\u021bie trebuie luate atunci c\u00e2nd le muta\u021bi?<\/h3>\n\n<p>EcoCLIM sunt aparate mobile care necesit\u0103 luarea c\u00e2torva m\u0103suri de precau\u021bie atunci c\u00e2nd sunt umplute cu ap\u0103. Centrul de greutate al unit\u0103\u021bilor este destul de jos atunci c\u00e2nd sunt pline, ceea ce limiteaz\u0103 riscul ca acestea s\u0103 se r\u0103stoarne. Atunci c\u00e2nd sunt goale, trebuie s\u0103 fi\u021bi mai aten\u021bi, deoarece ventilatorul este partea cea mai grea \u0219i din aceast\u0103 parte trebuie s\u0103 \u00eel \u021bine\u021bi. \u00cencerca\u021bi s\u0103 \u00eel folosi\u021bi pe suprafe\u021be plane c\u00e2t mai mult posibil.  <\/p>\n\n<h3 class=\"wp-block-heading\">La ce distan\u021b\u0103 de operatori ar trebui s\u0103 fie pozi\u021bionat r\u0103citorul de aer adiabatic?<\/h3>\n\n<p>EcoCLIM 12 \u0219i 22 sunt echipate cu palete reglabile care permit gestionarea optim\u0103 a fluxului de aer \u0219i direc\u021bionarea acestuia c\u0103tre podea sau tavan. Operatorii pozi\u021bioneaz\u0103 \u00een general unit\u0103\u021bile aproape de zona de lucru. Spre deosebire de un simplu ventilator, aceste unit\u0103\u021bi r\u0103cesc aerul ambiental, astfel \u00eenc\u00e2t pute\u021bi sim\u021bi prospe\u021bimea chiar \u0219i atunci c\u00e2nd nu v\u0103 afla\u021bi \u00een fluxul de aer.  <\/p>\n\n<h3 class=\"wp-block-heading\">Exist\u0103 obstacole \u00een fluxul de aer prin aparat? Este aceasta o problem\u0103?<\/h3>\n\n<p>Dispozitivele func\u021bioneaz\u0103 cel mai bine \u00een c\u00e2mp deschis, dar aerul va g\u0103si \u00eentotdeauna o cale chiar dac\u0103 exist\u0103 obstacole \u00een cale. Acestea pot fi utilizate, de exemplu, pentru a r\u0103ci ma\u0219inile \u0219i personalul din spatele lor. <\/p>\n\n<p>Dac\u0103 ave\u021bi \u00eentreb\u0103ri suplimentare, nu ezita\u021bi s\u0103 consulta\u021bi <a href=\"https:\/\/obera.fr\/ro\/sfatul-nostru\/intrebari-frecvente-racitoare-de-aer-adiabatic\/\">FAQ r\u0103citoare de aer adiabatic<\/a>.<\/p>\n","protected":false},"excerpt":{"rendered":"<p>Dori\u021bi s\u0103 \u00eembun\u0103t\u0103\u021bi\u021bi condi\u021biile pentru angaja\u021bii dvs. \u0219i s\u0103 evita\u021bi problemele legate de c\u0103ldur\u0103 atunci c\u00e2nd desc\u0103rca\u021bi containere maritime? Citi\u021bi studiul nostru de caz despre cum am rezolvat aceast\u0103 problem\u0103 cu r\u0103citoarele noastre de aer adiabatic ecoCLIM.   <\/p>\n","protected":false},"author":4,"featured_media":86033,"comment_status":"closed","ping_status":"closed","sticky":false,"template":"","format":"standard","meta":{"_acf_changed":false,"_seopress_robots_primary_cat":"none","_seopress_titles_title":"Studiu de caz al c\u0103ldurii \u00een timpul desc\u0103rc\u0103rii containerelor maritime","_seopress_titles_desc":"Afla\u021bi cum am rezolvat o problem\u0103 de c\u0103ldur\u0103 \u00een timpul desc\u0103rc\u0103rii containerelor maritime.","_seopress_robots_index":"","footnotes":""},"categories":[144],"tags":[145],"class_list":["post-86481","post","type-post","status-publish","format-standard","has-post-thumbnail","hentry","category-sfatul-nostru","tag-entete-mic","generate-columns","tablet-grid-50","mobile-grid-100","grid-parent","grid-50","no-featured-image-padding","resize-featured-image"],"acf":[],"_links":{"self":[{"href":"https:\/\/obera.fr\/ro\/wp-json\/wp\/v2\/posts\/86481","targetHints":{"allow":["GET"]}}],"collection":[{"href":"https:\/\/obera.fr\/ro\/wp-json\/wp\/v2\/posts"}],"about":[{"href":"https:\/\/obera.fr\/ro\/wp-json\/wp\/v2\/types\/post"}],"author":[{"embeddable":true,"href":"https:\/\/obera.fr\/ro\/wp-json\/wp\/v2\/users\/4"}],"replies":[{"embeddable":true,"href":"https:\/\/obera.fr\/ro\/wp-json\/wp\/v2\/comments?post=86481"}],"version-history":[{"count":1,"href":"https:\/\/obera.fr\/ro\/wp-json\/wp\/v2\/posts\/86481\/revisions"}],"predecessor-version":[{"id":86511,"href":"https:\/\/obera.fr\/ro\/wp-json\/wp\/v2\/posts\/86481\/revisions\/86511"}],"wp:featuredmedia":[{"embeddable":true,"href":"https:\/\/obera.fr\/ro\/wp-json\/wp\/v2\/media\/86033"}],"wp:attachment":[{"href":"https:\/\/obera.fr\/ro\/wp-json\/wp\/v2\/media?parent=86481"}],"wp:term":[{"taxonomy":"category","embeddable":true,"href":"https:\/\/obera.fr\/ro\/wp-json\/wp\/v2\/categories?post=86481"},{"taxonomy":"post_tag","embeddable":true,"href":"https:\/\/obera.fr\/ro\/wp-json\/wp\/v2\/tags?post=86481"}],"curies":[{"name":"wp","href":"https:\/\/api.w.org\/{rel}","templated":true}]}}