{"id":96281,"date":"2021-11-04T16:36:00","date_gmt":"2021-11-04T14:36:00","guid":{"rendered":"https:\/\/obera.fr\/nase-rada\/un-lycee-nous-fait-confiance\/"},"modified":"2025-05-06T10:42:35","modified_gmt":"2025-05-06T08:42:35","slug":"un-lycee-nous-fait-confiance","status":"publish","type":"post","link":"https:\/\/obera.fr\/ro\/sfatul-nostru\/un-lycee-nous-fait-confiance\/","title":{"rendered":"\u00cenc\u0103 o \u0219coal\u0103 secundar\u0103 \u00ee\u0219i pune \u00eencrederea \u00een OberA!"},"content":{"rendered":"\n<figure class=\"wp-block-image alignright size-large is-resized\"><img decoding=\"async\" width=\"1024\" height=\"768\" src=\"https:\/\/obera.fr\/wp-content\/uploads\/2021\/11\/1A1-1024x768.jpg\" alt=\"purificator de aer lyc&#xE9;e joliot Curie\" class=\"wp-image-7511\" style=\"width:512px;height:384px\" srcset=\"https:\/\/obera.fr\/wp-content\/uploads\/2021\/11\/1A1-1024x768.jpg 1024w, https:\/\/obera.fr\/wp-content\/uploads\/2021\/11\/1A1-300x225.jpg 300w, https:\/\/obera.fr\/wp-content\/uploads\/2021\/11\/1A1-768x576.jpg 768w, https:\/\/obera.fr\/wp-content\/uploads\/2021\/11\/1A1-1536x1152.jpg 1536w, https:\/\/obera.fr\/wp-content\/uploads\/2021\/11\/1A1.jpg 2016w\" sizes=\"(max-width: 1024px) 100vw, 1024px\" \/><figcaption class=\"wp-element-caption\">OberA echipeaz\u0103 Liceul Joliot Curie<\/figcaption><\/figure>\n\n<p>Liceul parizian Joliot Curie se confrunt\u0103 cu o <strong>problem\u0103 cov\u0103sneasc\u0103<\/strong>. Elevii \u0219i angaja\u021bii \u0219colii poart\u0103 m\u0103\u0219ti peste tot, cu excep\u021bia refectoriului, c\u00e2nd elevii iau masa. <\/p>\n\n<p>OberA a echipat sala de mese cu un <a href=\"https:\/\/obera.fr\/ro\/produits\/purificateurs-air\/epur-b01-ecoprime-purificator-de-aer-cu-praf\/\" data-type=\"page\" data-id=\"413\">purificator de aer ePUR030<\/a>. Configura\u021bia anti-covid, care cuprinde un pre-filtru G4 \u0219i o filtrare principal\u0103 de \u00eenalt\u0103 eficien\u021b\u0103 HEPA H13, <strong>protejeaz\u0103 copiii de riscul unor niveluri ridicate de contaminare<\/strong> atunci c\u00e2nd nu poart\u0103 m\u0103\u0219ti la mas\u0103. <\/p>\n\n<h2 class=\"wp-block-heading\">\u00centreb\u0103ri frecvente<\/h2>\n\n<h3 class=\"wp-block-heading\"><strong>Echipamentul instalat nu este prea zgomotos pentru refectoriu?<\/strong><\/h3>\n\n<p>\u00cen timpul func\u021bion\u0103rii, dispozitivul produce un nivel sonor maxim de 65 dB. Acesta corespunde <strong>nivelului sonor al unei conversa\u021bii<\/strong>. Purificatoarele de aer OberA sunt toate <strong>echipate cu un regulator de putere<\/strong> care v\u0103 permite s\u0103<strong>reduce\u021bi nivelul de zgomot<\/strong> dac\u0103 este necesar, men\u021bin\u00e2nd \u00een acela\u0219i timp o putere mare de aspirare.  <\/p>\n\n<h3 class=\"wp-block-heading\"><strong>Este cu adev\u0103rat eficient?<\/strong><\/h3>\n\n<p>Purificatoarele anti-COVID OberA trateaz\u0103 aerul viciat folosind filtrarea HEPA de \u00eenalt\u0103 eficien\u021b\u0103 certificat\u0103 conform EN1822 (E11 p\u00e2n\u0103 la HEPA 14 Medical \u00een func\u021bie de configura\u021bie). Purificatorul de aer mobil filtreaz\u0103 <strong>eficient p\u00e2n\u0103 la 99,995% din viru\u0219ii din aeros<\/strong> oli. <\/p>\n\n<h3 class=\"wp-block-heading\"><strong>Vor mai fi utile purificatoarele de aer dup\u0103 pandemia de coronavirus?<\/strong><\/h3>\n\n<p><a href=\"https:\/\/obera.fr\/ro\/produits\/purificateurs-air\/purificatoare-de-aer-anti-virus-si-anti-bacteriene-covid-19\/\" data-type=\"URL\" data-id=\"https:\/\/obera.fr\/produits\/purificateurs-air\/anti-covid-virus-bacteries\/\">Purificatoarele noastre de aer anti-covirus <\/a>capteaz\u0103 nu numai aerosolii care con\u021bin viru\u0219i, ci \u0219i <strong>bacteriile, alergenii liberi \u0219i alte microorganisme<\/strong> care provoac\u0103 boli sezoniere precum <strong>gripa, r\u0103ceala \u0219i alergiile<\/strong>.<\/p>\n\n<p>Mul\u021bi medici sunt de aceea\u0219i p\u0103rere: chiar \u0219i \u00een perioada post-Corona, vor exista, din p\u0103cate, at\u00e2t de mul\u021bi al\u021bi agen\u021bi patogeni, \u00eenc\u00e2t nevoia de a <strong>filtra eficient aerul din interior<\/strong> va r\u0103m\u00e2ne.<\/p>\n\n<p>Ca urmare, purificatoarele de aer antivirus cu filtrare HEPA de \u00eenalt\u0103 eficien\u021b\u0103 <strong>vor deveni probabil regula \u00een viitor<\/strong>.<\/p>\n\n<h2 class=\"wp-block-heading\">Contacta\u021bi-ne<\/h2>\n\n<p>Pentru un proiect similar sau orice alt\u0103 \u00eentrebare, nu ezita\u021bi s\u0103 ne contacta\u021bi. Un reprezentant de v\u00e2nz\u0103ri va lua leg\u0103tura cu dvs. pentru a v\u0103 ajuta s\u0103 v\u0103 rezolva\u021bi problemele de tratare a aerului.   <\/p>\n\n<div class=\"wp-block-buttons is-horizontal is-content-justification-center is-layout-flex wp-container-core-buttons-is-layout-03627597 wp-block-buttons-is-layout-flex\">\n<div class=\"wp-block-button has-custom-width wp-block-button__width-100\"><a class=\"wp-block-button__link wp-element-button\" href=\"https:\/\/obera.fr\/ro\/contactati-ne\/\">Afl\u0103 mai multe<\/a><\/div>\n<\/div>\n","protected":false},"excerpt":{"rendered":"<p>Liceul parizian Joliot Curie se confrunt\u0103 cu o problem\u0103 cov\u0103sneasc\u0103. Elevii \u0219i angaja\u021bii \u0219colii poart\u0103 m\u0103\u0219ti peste tot, cu excep\u021bia refectoriului, c\u00e2nd elevii iau masa. <\/p>\n","protected":false},"author":4,"featured_media":96127,"comment_status":"closed","ping_status":"closed","sticky":false,"template":"","format":"standard","meta":{"_acf_changed":false,"_seopress_robots_primary_cat":"none","_seopress_titles_title":"OberA echipeaz\u0103 o alt\u0103 \u0219coal\u0103 secundar\u0103 pentru a combate viru\u0219ii \u0219i bacteriile","_seopress_titles_desc":"Liceul Joliot Curie din Paris a f\u0103cut apel la OberA s\u0103 trateze viru\u0219ii \u0219i bacteriile pentru a-\u0219i proteja elevii \u0219i personalul didactic de Covid-19.","_seopress_robots_index":"","footnotes":""},"categories":[144],"tags":[145],"class_list":["post-96281","post","type-post","status-publish","format-standard","has-post-thumbnail","hentry","category-sfatul-nostru","tag-entete-mic","generate-columns","tablet-grid-50","mobile-grid-100","grid-parent","grid-50","no-featured-image-padding","resize-featured-image"],"acf":[],"_links":{"self":[{"href":"https:\/\/obera.fr\/ro\/wp-json\/wp\/v2\/posts\/96281","targetHints":{"allow":["GET"]}}],"collection":[{"href":"https:\/\/obera.fr\/ro\/wp-json\/wp\/v2\/posts"}],"about":[{"href":"https:\/\/obera.fr\/ro\/wp-json\/wp\/v2\/types\/post"}],"author":[{"embeddable":true,"href":"https:\/\/obera.fr\/ro\/wp-json\/wp\/v2\/users\/4"}],"replies":[{"embeddable":true,"href":"https:\/\/obera.fr\/ro\/wp-json\/wp\/v2\/comments?post=96281"}],"version-history":[{"count":1,"href":"https:\/\/obera.fr\/ro\/wp-json\/wp\/v2\/posts\/96281\/revisions"}],"predecessor-version":[{"id":96283,"href":"https:\/\/obera.fr\/ro\/wp-json\/wp\/v2\/posts\/96281\/revisions\/96283"}],"wp:featuredmedia":[{"embeddable":true,"href":"https:\/\/obera.fr\/ro\/wp-json\/wp\/v2\/media\/96127"}],"wp:attachment":[{"href":"https:\/\/obera.fr\/ro\/wp-json\/wp\/v2\/media?parent=96281"}],"wp:term":[{"taxonomy":"category","embeddable":true,"href":"https:\/\/obera.fr\/ro\/wp-json\/wp\/v2\/categories?post=96281"},{"taxonomy":"post_tag","embeddable":true,"href":"https:\/\/obera.fr\/ro\/wp-json\/wp\/v2\/tags?post=96281"}],"curies":[{"name":"wp","href":"https:\/\/api.w.org\/{rel}","templated":true}]}}