{"id":96399,"date":"2021-09-15T15:46:47","date_gmt":"2021-09-15T13:46:47","guid":{"rendered":"https:\/\/obera.fr\/nase-rada\/journal-france-2-purificateurs-d-air-covid\/"},"modified":"2025-05-06T11:04:27","modified_gmt":"2025-05-06T09:04:27","slug":"journal-france-2-purificateurs-d-air-covid","status":"publish","type":"post","link":"https:\/\/obera.fr\/ro\/sfatul-nostru\/journal-france-2-purificateurs-d-air-covid\/","title":{"rendered":"Purificatoarele de aer anti-covid OberA la \u0219tirile de la ora 8 pe France 2"},"content":{"rendered":"\n<h2 class=\"wp-block-heading\" id=\"la-video-de-notre-intervention-sur-l-efficacite-des-purificateurs-d-air-contre-le-covid-19\">\u00cenregistrarea video a discu\u021biei noastre despre eficien\u021ba purificatoarelor de aer \u00eempotriva COVID-19<\/h2>\n\n<p>Am avut pl\u0103cerea de a ap\u0103rea la \u0219tirile de la ora 8 pe France 2. \u00cen acest documentar, \u00eencerc\u0103m s\u0103 r\u0103spundem la \u00eentrebarea privind eficien\u021ba purificatoarelor de aer \u00eempotriva coronavirusului. Ca \u0219i \u00een cazul \u0219colii din reportaj, \u00een func\u021bie de regiune, este posibil s\u0103 se ob\u021bin\u0103 subven\u021bii pentru a asigura un aer s\u0103n\u0103tos pentru un \u00eenceput sigur al noului an \u0219colar. Purificatoarele noastre de aer anti-covid sunt echipate cu filtrare HEPA de \u00eenalt\u0103 eficien\u021b\u0103, capabile s\u0103 trateze viru\u0219ii la 99,99%, ceea ce \u00eenseamn\u0103 c\u0103 pot combate eficient Covid-19.   <\/p>\n\n<figure class=\"wp-block-image aligncenter size-full is-resized\"><a href=\"https:\/\/www.francetvinfo.fr\/sante\/maladie\/coronavirus\/covid-19-les-purificateurs-d-air-sont-ils-vraiment-efficaces_4755529.html\"><img decoding=\"async\" src=\"https:\/\/obera.fr\/wp-content\/uploads\/2021\/09\/OberA-France-2-purificateurs-anti-covid.jpg\" alt=\"obera fran&#x21B;a 2 purificatoare anti covid\" class=\"wp-image-6862\" width=\"627\" height=\"352\" srcset=\"https:\/\/obera.fr\/wp-content\/uploads\/2021\/09\/OberA-France-2-purificateurs-anti-covid.jpg 939w, https:\/\/obera.fr\/wp-content\/uploads\/2021\/09\/OberA-France-2-purificateurs-anti-covid-300x168.jpg 300w, https:\/\/obera.fr\/wp-content\/uploads\/2021\/09\/OberA-France-2-purificateurs-anti-covid-768x431.jpg 768w\" sizes=\"(max-width: 627px) 100vw, 627px\" \/><\/a><\/figure>\n\n<div class=\"wp-block-buttons is-horizontal is-content-justification-center is-layout-flex wp-container-core-buttons-is-layout-03627597 wp-block-buttons-is-layout-flex\">\n<div class=\"wp-block-button\"><a class=\"wp-block-button__link wp-element-button\" href=\"https:\/\/www.francetvinfo.fr\/sante\/maladie\/coronavirus\/covid-19-les-purificateurs-d-air-sont-ils-vraiment-efficaces_4755529.html\">urm\u0103ri\u021bi videoclipul<\/a><\/div>\n<\/div>\n\n<div style=\"height:25px\" aria-hidden=\"true\" class=\"wp-block-spacer\"><\/div>\n\n<h2 class=\"wp-block-heading\" id=\"notre-guide-covid-19\">Ghidul nostru covid-19<\/h2>\n\n<p>Pute\u021bi g\u0103si ghidul nostru COVID-19 \u00een care vorbim despre purificarea spa\u021biilor companiei \u00eempotriva viru\u0219ilor \u0219i bacteriilor, cum s\u0103 trata\u021bi covidul \u00een diferite ERP (Stabilimente care primesc public), cum ar fi cafenele, hoteluri, restaurante, \u0219coli, cre\u0219e \u0219i altele. De asemenea, compar\u0103m produsele noastre pentru a v\u0103 ajuta s\u0103 alege\u021bi echipamentul potrivit pentru nevoile dvs. \u00cen cele din urm\u0103, vorbim despre filtrarea HEPA H14 \u0219i despre importan\u021ba CO2 \u00een lupta \u00eempotriva coronavirusului.    <\/p>\n\n<div class=\"wp-block-buttons is-horizontal is-content-justification-center is-layout-flex wp-container-core-buttons-is-layout-03627597 wp-block-buttons-is-layout-flex\">\n<div class=\"wp-block-button\"><a class=\"wp-block-button__link wp-element-button\" href=\"https:\/\/obera.fr\/conseils\/purificateurs-air-efficaces-coronavirus\/\">consulta\u021bi ghidul covid-19<\/a><\/div>\n<\/div>\n\n<div style=\"height:25px\" aria-hidden=\"true\" class=\"wp-block-spacer\"><\/div>\n\n<h2 class=\"wp-block-heading\" id=\"les-appareils-obera-de-la-gamme-anti-covid\">Aparate OberA din gama anti-covid<\/h2>\n\n<p>Purificatoarele de aer OBERA de \u00eenalt\u0103 eficien\u021b\u0103 pot capta mai mult de 99,995% din particulele virale infec\u021bioase prezente \u00een aer. Filtrele antivirus HEPA* H13 \u0219i H14 (*niveluri ridicate de eficien\u021b\u0103) trateaz\u0103 viru\u0219ii, bacteriile \u0219i alte microorganisme. \u00cen general, se recomand\u0103 ca purificatoarele de aer antivirus s\u0103 trateze cel pu\u021bin de 5 ori volumul de aer interior pe or\u0103 (conform recomand\u0103rilor \u00cenaltului Comisariat pentru S\u0103n\u0103tate Public\u0103 din Fran\u021ba (HCSP)) pentru a v\u0103 men\u021bine spa\u021biile disponibile \u0219i mai sigure \u00een ciuda pandemiei corona.  <\/p>\n\n<div class=\"wp-block-buttons is-horizontal is-content-justification-center is-layout-flex wp-container-core-buttons-is-layout-03627597 wp-block-buttons-is-layout-flex\">\n<div class=\"wp-block-button\"><a class=\"wp-block-button__link wp-element-button\" href=\"https:\/\/obera.fr\/ro\/produits\/purificateurs-air\/purificatoare-de-aer-anti-virus-si-anti-bacteriene-covid-19\/#decouvrez_nos_appareils_de_purification_drsquoair_contre_les_virus_et_bacteries_dont_covid-19\">VEZI PRODUSE ANTI-covid<\/a><\/div>\n<\/div>\n","protected":false},"excerpt":{"rendered":"<p>Am avut pl\u0103cerea de a ap\u0103rea la \u0219tirile de la ora 8 pe France 2. \u00cen acest documentar, \u00eencerc\u0103m s\u0103 r\u0103spundem la \u00eentrebarea privind eficien\u021ba purificatoarelor de aer \u00eempotriva coronavirusului. <\/p>\n","protected":false},"author":4,"featured_media":96221,"comment_status":"open","ping_status":"closed","sticky":false,"template":"","format":"standard","meta":{"_acf_changed":false,"_seopress_robots_primary_cat":"none","_seopress_titles_title":"Fran\u021ba 2: Eficacitatea purificatoarelor de aer anti-covid obera","_seopress_titles_desc":"Am avut pl\u0103cerea de a ap\u0103rea la \u0219tirile de la ora 8 pe France 2. Am r\u0103spuns la \u00eentrebarea privind eficien\u021ba purificatoarelor de aer \u00eempotriva Covid-19. ","_seopress_robots_index":"","footnotes":""},"categories":[144],"tags":[145],"class_list":["post-96399","post","type-post","status-publish","format-standard","has-post-thumbnail","hentry","category-sfatul-nostru","tag-entete-mic","generate-columns","tablet-grid-50","mobile-grid-100","grid-parent","grid-50","no-featured-image-padding","resize-featured-image"],"acf":[],"_links":{"self":[{"href":"https:\/\/obera.fr\/ro\/wp-json\/wp\/v2\/posts\/96399","targetHints":{"allow":["GET"]}}],"collection":[{"href":"https:\/\/obera.fr\/ro\/wp-json\/wp\/v2\/posts"}],"about":[{"href":"https:\/\/obera.fr\/ro\/wp-json\/wp\/v2\/types\/post"}],"author":[{"embeddable":true,"href":"https:\/\/obera.fr\/ro\/wp-json\/wp\/v2\/users\/4"}],"replies":[{"embeddable":true,"href":"https:\/\/obera.fr\/ro\/wp-json\/wp\/v2\/comments?post=96399"}],"version-history":[{"count":1,"href":"https:\/\/obera.fr\/ro\/wp-json\/wp\/v2\/posts\/96399\/revisions"}],"predecessor-version":[{"id":96400,"href":"https:\/\/obera.fr\/ro\/wp-json\/wp\/v2\/posts\/96399\/revisions\/96400"}],"wp:featuredmedia":[{"embeddable":true,"href":"https:\/\/obera.fr\/ro\/wp-json\/wp\/v2\/media\/96221"}],"wp:attachment":[{"href":"https:\/\/obera.fr\/ro\/wp-json\/wp\/v2\/media?parent=96399"}],"wp:term":[{"taxonomy":"category","embeddable":true,"href":"https:\/\/obera.fr\/ro\/wp-json\/wp\/v2\/categories?post=96399"},{"taxonomy":"post_tag","embeddable":true,"href":"https:\/\/obera.fr\/ro\/wp-json\/wp\/v2\/tags?post=96399"}],"curies":[{"name":"wp","href":"https:\/\/api.w.org\/{rel}","templated":true}]}}