{"id":96474,"date":"2021-07-16T16:22:06","date_gmt":"2021-07-16T14:22:06","guid":{"rendered":"https:\/\/obera.fr\/nase-rada\/purificateurs-d-air-contre-covid-19-creches-maternelles-ecoles-colleges-lycees\/"},"modified":"2025-05-06T11:07:48","modified_gmt":"2025-05-06T09:07:48","slug":"purificateurs-d-air-contre-covid-19-creches-maternelles-ecoles-colleges-lycees","status":"publish","type":"post","link":"https:\/\/obera.fr\/ro\/sfatul-nostru\/purificateurs-d-air-contre-covid-19-creches-maternelles-ecoles-colleges-lycees\/","title":{"rendered":"Purificatoarele noastre de aer sunt eficiente \u00eempotriva Covid-19 \u00een cre\u0219e, gr\u0103dini\u021be, \u0219coli \u0219i colegii."},"content":{"rendered":"\n<h2 class=\"wp-block-heading\">Protej\u00e2ndu-ne copiii, ne protej\u0103m pe noi \u00een\u0219ine \u0219i pe ceilal\u021bi.  <\/h2>\n\n<p>Este responsabilitatea noastr\u0103 s\u0103 fim vigilen\u021bi atunci c\u00e2nd vine vorba de s\u0103n\u0103tatea copiilor no\u0219tri. Din fericire, \u00een majoritatea cazurilor, copiii \u0219i adolescen\u021bii sunt doar u\u0219or afecta\u021bi de Sars-Cov-2 \u0219i ies nev\u0103t\u0103ma\u021bi, dar riscurile exist\u0103. Principala problem\u0103 \u00een \u0219coli, cre\u0219e \u0219i gr\u0103dini\u021be este poten\u021bialul de r\u0103sp\u00e2ndire a virusului. Un copil infectat poate infecta zeci de al\u021bi copii, care la r\u00e2ndul lor pot transmite virusul de mai multe ori, provoc\u00e2nd o reac\u021bie \u00een lan\u021b. S\u0103 nu uit\u0103m c\u0103 \u0219i copiii se \u00eentorc acas\u0103 de la gr\u0103dini\u021b\u0103 sau de la \u0219coal\u0103 \u0219i pot infecta p\u0103rin\u021bii, fra\u021bii \u0219i surorile, precum \u0219i persoanele \u00een v\u00e2rst\u0103, care prezint\u0103 un risc semnificativ mai mare pentru s\u0103n\u0103tate.      <\/p>\n\n<blockquote class=\"wp-block-quote is-layout-flow wp-block-quote-is-layout-flow\">\n<p>S\u0103 nu pierdem timpul, s\u0103 ac\u021bion\u0103m din timp \u0219i s\u0103 ne asigur\u0103m pe c\u00e2t posibil c\u0103 viru\u0219ii \u0219i bacteriile periculoase nu se r\u0103sp\u00e2ndesc \u00een primul r\u00e2nd.<\/p>\n<\/blockquote>\n\n<figure class=\"wp-block-image alignright size-large is-resized\"><img decoding=\"async\" width=\"1024\" height=\"683\" src=\"https:\/\/obera.fr\/wp-content\/uploads\/2021\/07\/kids-1093758_1920-1024x683.jpg\" alt=\"copii-elevi-&#x219;coal&#x103;\" class=\"wp-image-6304\" style=\"width:486px;height:324px\" srcset=\"https:\/\/obera.fr\/wp-content\/uploads\/2021\/07\/kids-1093758_1920-1024x683.jpg 1024w, https:\/\/obera.fr\/wp-content\/uploads\/2021\/07\/kids-1093758_1920-300x200.jpg 300w, https:\/\/obera.fr\/wp-content\/uploads\/2021\/07\/kids-1093758_1920-768x512.jpg 768w, https:\/\/obera.fr\/wp-content\/uploads\/2021\/07\/kids-1093758_1920-1536x1024.jpg 1536w, https:\/\/obera.fr\/wp-content\/uploads\/2021\/07\/kids-1093758_1920.jpg 1920w\" sizes=\"(max-width: 1024px) 100vw, 1024px\" \/><\/figure>\n\n<p>Oriunde se adun\u0103 copiii \u0219i adolescen\u021bii, via\u021ba \u0219i ac\u021biunea sunt garantate. Noile norme privind distan\u021barea \u0219i dezinfec\u021bia m\u00e2inilor care au intrat \u00een vigoare de la SARS-CoV-2 (Covid-19) reduc poten\u021bialul de contagiune, dar din p\u0103cate nu \u00eel elimin\u0103 complet. <\/p>\n\n<p>\u00cen plus fa\u021b\u0103 de infec\u021bia cu pic\u0103turi, contaminarea cu aerosoli este tot mai mult \u00een centrul aten\u021biei. Ace\u0219ti aerosoli r\u0103m\u00e2n \u00een aer pentru o perioad\u0103 lung\u0103 de timp, transgres\u00e2nd regulile de distan\u021bare. Atunci c\u00e2nd copiii sunt \u00een aer liber, cazul este mai pu\u021bin problematic datorit\u0103 trecerii aerului exterior. Riscul de infec\u021bie cre\u0219te atunci c\u00e2nd spa\u021biile sunt restr\u00e2nse.   <\/p>\n\n<p><a href=\"https:\/\/obera.fr\/conseils\/comparer-prix-achat-purificateurs-air-anti-virus-covid-19\/\" data-type=\"post\" data-id=\"6759\">Purificatoarele de aer profesionale cu sisteme de filtrare HEPA<\/a> filtreaz\u0103 \u0219i re\u00eennoiesc \u00eentregul aer din s\u0103li de clas\u0103, s\u0103li de \u0219edin\u021b\u0103, cantine, refectorii \u0219i alte spa\u021bii restr\u00e2nse de p\u00e2n\u0103 la 4 p\u00e2n\u0103 la 8 ori pe or\u0103, neutraliz\u00e2nd \u00een mod fiabil germenii, viru\u0219ii \u0219i bacteriile.<\/p>\n\n<h2 class=\"wp-block-heading\">Criterii esen\u021biale pentru achizi\u021bionarea unui purificator de aer eficient pentru \u0219coli, cre\u0219e \u0219i gr\u0103dini\u021be:<\/h2>\n\n<ul class=\"wp-block-list\">\n<li>Eficien\u021ba filtrului trebuie s\u0103 fie suficient de ridicat\u0103: cel pu\u021bin HEPA H13 sau H14. Filtrarea HEPA 14 asigur\u0103 o filtrare de 99,995% a viru\u0219ilor \u0219i bacteriilor pe particule &gt; 1 micron suspendate \u00een aer. <\/li>\n\n\n\n<li>Debitul de aer \u0219i num\u0103rul de schimburi de aer pe or\u0103 (capacitatea purificatorului de aer): Debitul de aer, exprimat \u00een metri cubi pe or\u0103, este utilizat pentru a determina suprafa\u021ba camerei pe care purificatorul de aer o poate trata. Cu alte cuvinte, cu c\u00e2t mai mult aer trece prin aparat pe or\u0103, cu at\u00e2t mai mare este dimensiunea camerei. Num\u0103rul de schimburi de aer pe or\u0103 poate fi calculat din acest debit. Regula general\u0103 este c\u0103 un purificator de aer trebuie s\u0103 poat\u0103 filtra aerul ambiental de cel pu\u021bin 5 ori pe or\u0103 pentru a oferi o protec\u021bie suficient\u0103 \u00eempotriva infec\u021biilor. Pentru a discuta cu un expert despre dimensionarea viitorului dvs. purificator de aer, <strong>contacta\u021bi-ne<\/strong>.    <\/li>\n\n\n\n<li>Nivelul de zgomot nu trebuie s\u0103 fie prea ridicat: OberA recomand\u0103 s\u0103 nu se dep\u0103\u0219easc\u0103 50 dB la putere maxim\u0103 pentru o sal\u0103 de clas\u0103 \u0219i maximum 60 dB pentru un refectoriu. Mai mult de at\u00e2t ar putea perturba lec\u021biile sau discu\u021biile. <\/li>\n\n\n\n<li>Echipamentul trebuie s\u0103 fie adecvat pentru o utilizare continu\u0103: deoarece virusul nu ia pauz\u0103, purificatorul de aer trebuie s\u0103 fie proiectat \u00een acest scop pentru a asigura o protec\u021bie optim\u0103 a elevilor \u0219i a personalului didactic. Prin urmare, dispozitivele sunt \u00een func\u021biune 7 zile pe s\u0103pt\u0103m\u00e2n\u0103, 24 de ore pe zi. <\/li>\n\n\n\n<li>Eficacitatea \u00eempotriva particulelor ultrafine: Pentru a v\u0103 asigura c\u0103 purificatorul de aer este eficient \u00eempotriva viru\u0219ilor \u0219i bacteriilor, trebuie s\u0103 verifica\u021bi capacitatea sa de filtrare \u00eempotriva particulelor fine. Recomand\u0103m filtrarea HEPA14 capabil\u0103 s\u0103 filtreze 99,995% din particulele &gt; 1 micron. <\/li>\n\n\n\n<li>Operare \u0219i \u00eentre\u021binere: este important s\u0103 se aleag\u0103 echipamente cu filtre de lung\u0103 durat\u0103 (suprafa\u021b\u0103 mare de filtrare) \u0219i s\u0103 se asigure c\u0103 acestea sunt u\u0219or de utilizat \u0219i de \u00eentre\u021binut de c\u0103tre personalul de exploatare.  <\/li>\n<\/ul>\n\n<div class=\"wp-block-buttons is-horizontal is-content-justification-center is-layout-flex wp-container-core-buttons-is-layout-03627597 wp-block-buttons-is-layout-flex\">\n<div class=\"wp-block-button has-custom-width wp-block-button__width-100\"><a class=\"wp-block-button__link wp-element-button\" href=\"https:\/\/obera.fr\/ro\/contactati-ne\/\">Afl\u0103 mai multe<\/a><\/div>\n<\/div>\n\n<h3 class=\"wp-block-heading\"><strong>OberA dispune de o gam\u0103 de produse capabile s\u0103 satisfac\u0103 cerin\u021bele unei \u0219coli \u0219i s\u0103 abordeze eficient problema Covid-19.<\/strong><\/h3>\n\n<div class=\"wp-block-columns is-layout-flex wp-container-core-columns-is-layout-28f84493 wp-block-columns-is-layout-flex\">\n<div class=\"wp-block-column is-vertically-aligned-center is-layout-flow wp-block-column-is-layout-flow\">\n<figure class=\"wp-block-image aligncenter size-full is-resized\"><a href=\"https:\/\/obera.fr\/produits\/purificateurs-air\/poussieres-epur-b01-ecoprime\/\"><img decoding=\"async\" width=\"500\" height=\"500\" src=\"https:\/\/obera.fr\/wp-content\/uploads\/2021\/07\/Sans-titre.png\" alt=\"f&#x103;r&#x103; titlu\" class=\"wp-image-6315\" style=\"width:304px;height:304px\" srcset=\"https:\/\/obera.fr\/wp-content\/uploads\/2021\/07\/Sans-titre.png 500w, https:\/\/obera.fr\/wp-content\/uploads\/2021\/07\/Sans-titre-300x300.png 300w, https:\/\/obera.fr\/wp-content\/uploads\/2021\/07\/Sans-titre-150x150.png 150w\" sizes=\"(max-width: 500px) 100vw, 500px\" \/><\/a><figcaption class=\"wp-element-caption\">EcoPrime<\/figcaption><\/figure>\n\n\n\n<p>EcoPrime este mic \u0219i u\u0219or, ceea ce \u00eel face u\u0219or de deplasat. \u00cen plus, zgomotul redus de func\u021bionare \u00eenseamn\u0103 c\u0103 poate fi instalat \u00een orice \u00eenc\u0103pere, cum ar fi s\u0103li de conferin\u021be, s\u0103li de a\u0219teptare, birouri etc.   <\/p>\n\n\n\n<p><strong>Purificatorul de aer EcoPrime are o capacitate de filtrare de p\u00e2n\u0103 la 190 de metri cubi pe or\u0103<\/strong>, ceea ce \u00eel face ideal pentru suprafe\u021be de p\u00e2n\u0103 la 60 de metri p\u0103tra\u021bi. Dispune de un filtru principal V-protect, capabil s\u0103 trateze viru\u0219i \u0219i bacterii de p\u00e2n\u0103 la 0,07 microni cu o eficien\u021b\u0103 de peste 99,53% (certificare ISO 29463). <\/p>\n<\/div>\n\n\n\n<div class=\"wp-block-column is-vertically-aligned-top is-layout-flow wp-block-column-is-layout-flow\">\n<figure class=\"wp-block-image aligncenter size-full is-resized\"><a href=\"https:\/\/obera.fr\/produits\/purificateurs-air\/anti-covid-virus-bacteries\/epur05\/\"><img decoding=\"async\" width=\"600\" height=\"600\" src=\"https:\/\/obera.fr\/wp-content\/uploads\/2021\/05\/Sans-titre-17.jpg\" alt=\"epur05\" class=\"wp-image-5552\" style=\"width:326px;height:326px\" srcset=\"https:\/\/obera.fr\/wp-content\/uploads\/2021\/05\/Sans-titre-17.jpg 600w, https:\/\/obera.fr\/wp-content\/uploads\/2021\/05\/Sans-titre-17-300x300.jpg 300w, https:\/\/obera.fr\/wp-content\/uploads\/2021\/05\/Sans-titre-17-150x150.jpg 150w\" sizes=\"(max-width: 600px) 100vw, 600px\" \/><\/a><figcaption class=\"wp-element-caption\">ePUR 05<\/figcaption><\/figure>\n\n\n\n<p><strong>EPUR05 este un purificator de aer echipat cu un filtru de \u00eenalt\u0103 precizie capabil s\u0103 trateze viru\u0219ii \u0219i bacteriile, precum \u0219i praful fin<\/strong>, CMR-urile \u0219i aerosolii. Acest purificator are un debit reglabil \u0219i este ideal pentru zone de p\u00e2n\u0103 la 100 de metri p\u0103tra\u021bi.   <\/p>\n\n\n\n<p>Acesta este proiectat pentru a avea un zgomot de func\u021bionare redus, de numai 47 dB la func\u021bionare maxim\u0103.<\/p>\n<\/div>\n\n\n\n<div class=\"wp-block-column is-vertically-aligned-top is-layout-flow wp-block-column-is-layout-flow\">\n<figure class=\"wp-block-image aligncenter size-full is-resized\"><a href=\"https:\/\/obera.fr\/produits\/purificateurs-air\/anti-covid-virus-bacteries\/virbox\/\"><img decoding=\"async\" width=\"300\" height=\"300\" src=\"https:\/\/obera.fr\/wp-content\/uploads\/2021\/04\/Virbox_2021-removebg-preview.png\" alt=\"virbox 2021\" class=\"wp-image-5383\" style=\"width:326px;height:326px\" srcset=\"https:\/\/obera.fr\/wp-content\/uploads\/2021\/04\/Virbox_2021-removebg-preview.png 300w, https:\/\/obera.fr\/wp-content\/uploads\/2021\/04\/Virbox_2021-removebg-preview-150x150.png 150w\" sizes=\"(max-width: 300px) 100vw, 300px\" \/><\/a><figcaption class=\"wp-element-caption\">VirBox<\/figcaption><\/figure>\n\n\n\n<p>Virbox este un purificator de aer anti-virus conceput special pentru a trata viru\u0219ii \u0219i bacteriile. <strong>Virbox poate filtra 99,995% din viru\u0219ii \u0219i bacteriile din aerul ambiental<\/strong>. Designul s\u0103u \u00eel face u\u0219or de mutat \u0219i u\u0219or de trecut prin u\u0219\u0103. Cu purificatoarele de aer VirBox, aerosolii pot fi capta\u021bi \u0219i filtra\u021bi c\u00e2t mai aproape posibil de punctul lor de evacuare. Acest lucru se datoreaz\u0103 perfora\u021biilor de pe partea superioar\u0103 a dispozitivului, care permit inhalarea aerosolilor la o \u00een\u0103l\u021bime la care oamenii \u00eei resping. Multifunc\u021bional, VirBox poate fi utilizat \u0219i ca mijloc de comunicare.    <\/p>\n<\/div>\n<\/div>\n\n<div class=\"wp-block-columns is-layout-flex wp-container-core-columns-is-layout-28f84493 wp-block-columns-is-layout-flex\">\n<div class=\"wp-block-column is-vertically-aligned-top is-layout-flow wp-block-column-is-layout-flow\">\n<div class=\"wp-block-buttons is-horizontal is-content-justification-center is-layout-flex wp-container-core-buttons-is-layout-03627597 wp-block-buttons-is-layout-flex\">\n<div class=\"wp-block-button\"><a class=\"wp-block-button__link wp-element-button\" href=\"https:\/\/obera.fr\/produits\/purificateurs-air\/poussieres-epur-b01-ecoprime\/\">a se vedea ecoprime<\/a><\/div>\n<\/div>\n<\/div>\n\n\n\n<div class=\"wp-block-column is-vertically-aligned-top is-layout-flow wp-block-column-is-layout-flow\">\n<div class=\"wp-block-buttons is-horizontal is-content-justification-center is-layout-flex wp-container-core-buttons-is-layout-03627597 wp-block-buttons-is-layout-flex\">\n<div class=\"wp-block-button\"><a class=\"wp-block-button__link wp-element-button\" href=\"https:\/\/obera.fr\/produits\/purificateurs-air\/anti-covid-virus-bacteries\/epur05\/\">a se vedea epur 05<\/a><\/div>\n<\/div>\n<\/div>\n\n\n\n<div class=\"wp-block-column is-vertically-aligned-top is-layout-flow wp-block-column-is-layout-flow\">\n<div class=\"wp-block-buttons is-horizontal is-content-justification-center is-layout-flex wp-container-core-buttons-is-layout-03627597 wp-block-buttons-is-layout-flex\">\n<div class=\"wp-block-button\"><a class=\"wp-block-button__link wp-element-button\" href=\"https:\/\/obera.fr\/produits\/purificateurs-air\/anti-covid-virus-bacteries\/virbox\/\">a se vedea virbox<\/a><\/div>\n<\/div>\n<\/div>\n<\/div>\n\n<h2 class=\"wp-block-heading\">Ce tip de purificator ar trebui s\u0103 aleg \u0219i ce tratament ar trebui s\u0103 folosesc?<\/h2>\n\n<p>Institutul Na\u021bional Francez pentru Cercetare \u0219i Siguran\u021b\u0103 (INRS) avertizeaz\u0103 cu privire la anumite procedee de tratare fizico-chimic\u0103 (fotocataliz\u0103, ozonare, UV etc.) care nu numai c\u0103 nu reduc riscul de transmitere a virusului, dar pot genera \u0219i noi riscuri.<\/p>\n\n<p>\u00cen special, procesele care genereaz\u0103 UV \u0219i ozon deoarece :<\/p>\n\n<ul class=\"wp-block-list\">\n<li>Sub ac\u021biunea razelor UV, solidele \u0219i gazele din \u00eenc\u0103pere se pot descompune \u00een produse secundare care pot fi nocive pentru s\u0103n\u0103tate (COV, \u00een special compu\u0219i clorura\u021bi).<\/li>\n\n\n\n<li>L\u0103mpile UV produc ozon. Echipamentele UV genereaz\u0103 concentra\u021bii de ozon de p\u00e2n\u0103 la 100 de ori mai mari dec\u00e2t VLEP zilnic\u0103<a href=\"https:\/\/obera.fr\/conseils\/reglementation-vlep-evaluation-risque-chimique-lieu-de-travail\/\" data-type=\"post\" data-id=\"6575\">(VLEP = limit\u0103 de expunere profesional\u0103<\/a>). Ozonul este absorbit de membranele mucoase ale tractului respirator (nas, trahee, bronhii, alveole) \u0219i reac\u021bioneaz\u0103 local prin deteriorarea membranelor celulare. Expunerea cronic\u0103 provoac\u0103 emfizem \u0219i fibroz\u0103 pulmonar\u0103. Ozonul induce muta\u021bii genetice \u00een diferite tipuri de tulpini \u0219i celule.    <\/li>\n\n\n\n<li>L\u0103mpile UV utilizeaz\u0103 \u00een general vapori de mercur pentru a genera radia\u021bii UV-C germicide. Dac\u0103 lampa este distrus\u0103, mercurul este eliberat (Hg este o substan\u021b\u0103 clasificat\u0103 drept CMR-Carcinogen\u0103, Mutagen\u0103, Reprotoxic\u0103). Prin urmare, \u00eenlocuirea trebuie s\u0103 fie efectuat\u0103 de personal instruit \u0219i autorizat. De\u0219eurile sunt eliminate ca de\u0219euri periculoase cu ajutorul unui formular de urm\u0103rire a de\u0219eurilor.   <\/li>\n\n\n\n<li>Pentru personalul expus la radia\u021biile UV-C (de exemplu, la \u00eenlocuirea l\u0103mpilor sau \u00een cazul utiliz\u0103rii necorespunz\u0103toare a echipamentului), riscurile pentru s\u0103n\u0103tate pot fi semnificative: pentru <strong>piele<\/strong>, cu &#8222;arsuri solare&#8221; care variaz\u0103 de la simple eriteme la leziuni mai grave pentru <strong>ochi<\/strong>.<\/li>\n<\/ul>\n\n<p>INRS concluzioneaz\u0103 c\u0103, av\u00e2nd \u00een vedere <strong>riscurile generate de utilizarea ozonului gazos \u0219i incertitudinile care par s\u0103 existe cu privire la eficacitatea acestuia \u00een ceea ce prive\u0219te SARS-CoV-2<\/strong><strong>,<\/strong> aplicarea abord\u0103rii de prevenire a riscurilor chimice \u00eenseamn\u0103 c\u0103 acest proces trebuie \u00eenlocuit cu un altul mai pu\u021bin periculos \u0219i recomand\u0103 solu\u021bii de filtrare mecanic\u0103 cu filtrare HEPA H13 ca minim.<\/p>\n\n<blockquote class=\"wp-block-quote is-layout-flow wp-block-quote-is-layout-flow\">\n<p><a href=\"https:\/\/obera.fr\/conseils\/purificateurs-air-efficaces-coronavirus\/\" data-type=\"post\" data-id=\"2074\">Dispozitivele anti-COVID OBERA utilizate \u00een zonele ERP \u0219i ter\u021biare sunt conforme \u00een toate privin\u021bele cu recomand\u0103rile INRS<\/a>.<\/p>\n<\/blockquote>\n\n<h2 class=\"wp-block-heading\">Cum se instaleaz\u0103 un purificator de aer \u00een sala de clas\u0103?<\/h2>\n\n<p>Purificatorul de aer din sala de clas\u0103 ar trebui pozi\u021bionat \u00een mod ideal \u00een fa\u021ba mesei sau \u00een centrul p\u0103r\u021bii din spate a camerei. \u00cen cazul unei s\u0103li \u00een care mesele sunt pozi\u021bionate \u00een form\u0103 de U, purificatorul de aer poate fi pozi\u021bionat \u0219i \u00een centrul s\u0103lii. Tavanul trebuie s\u0103 fie c\u00e2t mai neted posibil \u00een zona \u00een care este amplasat purificatorul de aer. Debitul purificatorului de aer trebuie s\u0103 fie de cel pu\u021bin 5 ori mai mare dec\u00e2t volumul spa\u021biului. \u00cen timpul pauzelor, debitul ar trebui s\u0103 fie setat la puterea maxim\u0103 (dac\u0103 aparatul este echipat cu un debit reglabil). De asemenea, este recomandabil s\u0103 se reduc\u0103 concentra\u021bia de CO2 din \u00eenc\u0103pere. Dac\u0103 este posibil, v\u0103 recomand\u0103m s\u0103 deschide\u021bi sau s\u0103 \u00eenclina\u021bi o fereastr\u0103 \u00een timpul pauzelor, de cel pu\u021bin 3 ori pe zi. Performan\u021ba de filtrare a purificatorului de aer nu va fi afectat\u0103.       <\/p>\n\n<h2 class=\"wp-block-heading\">Cum se instaleaz\u0103 un purificator de aer \u00eentr-un refectoriu?<\/h2>\n\n<p>Sunt necesare purificatoare de aer de \u00eenalt\u0103 performan\u021b\u0103 pentru a reduce riscul indirect de infec\u021bie. \u00cen func\u021bie de situa\u021bie \u0219i de dimensiunea \u00eenc\u0103perii, se recomand\u0103 utilizarea mai multor dispozitive pentru a asigura cel pu\u021bin de 6 ori circula\u021bia aerului ambiant pe or\u0103 \u00een \u00eentreaga zon\u0103 de catering, cu purificare a aerului HEPA de \u00eenalt\u0103 eficien\u021b\u0103. Persoanele care lucreaz\u0103 \u00een zona de distribu\u021bie a alimentelor ar trebui, de asemenea, s\u0103 fie protejate prin pere\u021bi desp\u0103r\u021bitori cu o jant\u0103 de protec\u021bie \u00eempotriva aerosolilor.  <\/p>\n\n<h2 class=\"wp-block-heading\">\u00cen ciuda purificatoarelor de aer: tot trebuie s\u0103 ventila\u021bi!<\/h2>\n\n<p>Unele unit\u0103\u021bi au ales s\u0103 instaleze senzori de CO2 pentru a m\u0103sura \u00een mod continuu concentra\u021bia de CO2 \u0219i pentru a avertiza atunci c\u00e2nd este necesar\u0103 aerisirea \u00eenc\u0103perii, c\u00e2nd pragul a fost dep\u0103\u0219it. \u00cen plus fa\u021b\u0103 de purificarea aerului, recomand\u0103m ca ferestrele din s\u0103lile de clas\u0103 s\u0103 fie deschise atunci c\u00e2nd nivelul de CO2 este egal sau dep\u0103\u0219e\u0219te 1000 ppm. Utilizarea purificatoarelor de aer din \u00eenc\u0103peri nu face acest lucru obligatoriu, dar \u00eel recomand\u0103m totu\u0219i pentru a evita un nivel prea ridicat de CO2 \u00een aerul ambiental, ceea ce contribuie la reducerea concentra\u021biilor de aerosoli.  <\/p>\n\n<h2 class=\"wp-block-heading\">Senzorii de CO2 v\u0103 spun c\u00e2nd s\u0103 ventila\u021bi<\/h2>\n\n<p>Mai multe sindicate ale cadrelor didactice solicit\u0103 instalarea de senzori de CO2 pentru monitorizarea permanent\u0103 a calit\u0103\u021bii aerului. Ace\u0219ti senzori de CO2 sunt o modalitate bun\u0103 de a face vizibil\u0103 calitatea aerului din s\u0103lile de clas\u0103: &#8222;\u00cen s\u0103lile de clas\u0103, senzorii de C02 arat\u0103 c\u00e2nd au fost atinse limitele \u0219i c\u00e2nd trebuie deschise ferestrele.   <\/p>\n\n<p>Multe studii recomand\u0103 utilizarea senzorilor de CO2 \u00een interior. \u00cen acest sens, ar fi \u00een\u021belept s\u0103 le aplica\u021bi \u00een special \u00een toate s\u0103lile de clas\u0103. Aceste instrumente de m\u0103surare trag un semnal de alarm\u0103 atunci c\u00e2nd interioarele trebuie ventilate.    <\/p>\n\n<h2 class=\"wp-block-heading\">Programe de sprijin pentru \u0219coli \u0219i comunit\u0103\u021bi<\/h2>\n\n<p>O serie de regiuni franceze au decis s\u0103 finan\u021beze integral sau par\u021bial achizi\u021bionarea de purificatoare de aer pentru a ajuta unit\u0103\u021bile de \u00eenv\u0103\u021b\u0103m\u00e2nt s\u0103 le achizi\u021bioneze.<\/p>\n\n<p>Regiunea Auvergne-Rh\u00f4ne-Alpes a votat \u00een favoarea unui plan regional de investi\u021bii de 10 milioane EUR pentru purificarea aerului \u00een \u0219colile secundare \u0219i colegii din regiune. Regiunea Ile-de-France ofer\u0103 o finan\u021bare de 10 000 EUR \u0219colilor secundare \u0219i autorit\u0103\u021bilor locale pentru achizi\u021bionarea de echipamente legate de s\u0103n\u0103tate, cum ar fi purificatoarele de aer precum ePUR \u0219i VirBox. <\/p>\n","protected":false},"excerpt":{"rendered":"<p>Este responsabilitatea noastr\u0103 s\u0103 fim vigilen\u021bi atunci c\u00e2nd vine vorba de s\u0103n\u0103tatea copiilor no\u0219tri. Din fericire, \u00een majoritatea cazurilor, copiii \u0219i adolescen\u021bii sunt doar u\u0219or afecta\u021bi de Sars-Cov-2 \u0219i ies nev\u0103t\u0103ma\u021bi, dar riscurile exist\u0103. Principala problem\u0103 \u00een \u0219coli, cre\u0219e \u0219i gr\u0103dini\u021be este poten\u021bialul de r\u0103sp\u00e2ndire a virusului.    <\/p>\n","protected":false},"author":4,"featured_media":96352,"comment_status":"open","ping_status":"closed","sticky":false,"template":"","format":"standard","meta":{"_acf_changed":false,"_seopress_robots_primary_cat":"none","_seopress_titles_title":"Tratarea Covid-19 \u00een cre\u0219e, gr\u0103dini\u021be \u0219i \u0219coli","_seopress_titles_desc":"Obera are o gam\u0103 de purificatoare de aer capabile s\u0103 trateze viru\u0219ii (COVID-19) \u0219i bacteriile, respect\u00e2nd \u00een acela\u0219i timp cerin\u021bele unui loc de \u00eenv\u0103\u021b\u0103m\u00e2nt.","_seopress_robots_index":"","footnotes":""},"categories":[144],"tags":[145],"class_list":["post-96474","post","type-post","status-publish","format-standard","has-post-thumbnail","hentry","category-sfatul-nostru","tag-entete-mic","generate-columns","tablet-grid-50","mobile-grid-100","grid-parent","grid-50","no-featured-image-padding","resize-featured-image"],"acf":[],"_links":{"self":[{"href":"https:\/\/obera.fr\/ro\/wp-json\/wp\/v2\/posts\/96474","targetHints":{"allow":["GET"]}}],"collection":[{"href":"https:\/\/obera.fr\/ro\/wp-json\/wp\/v2\/posts"}],"about":[{"href":"https:\/\/obera.fr\/ro\/wp-json\/wp\/v2\/types\/post"}],"author":[{"embeddable":true,"href":"https:\/\/obera.fr\/ro\/wp-json\/wp\/v2\/users\/4"}],"replies":[{"embeddable":true,"href":"https:\/\/obera.fr\/ro\/wp-json\/wp\/v2\/comments?post=96474"}],"version-history":[{"count":1,"href":"https:\/\/obera.fr\/ro\/wp-json\/wp\/v2\/posts\/96474\/revisions"}],"predecessor-version":[{"id":96476,"href":"https:\/\/obera.fr\/ro\/wp-json\/wp\/v2\/posts\/96474\/revisions\/96476"}],"wp:featuredmedia":[{"embeddable":true,"href":"https:\/\/obera.fr\/ro\/wp-json\/wp\/v2\/media\/96352"}],"wp:attachment":[{"href":"https:\/\/obera.fr\/ro\/wp-json\/wp\/v2\/media?parent=96474"}],"wp:term":[{"taxonomy":"category","embeddable":true,"href":"https:\/\/obera.fr\/ro\/wp-json\/wp\/v2\/categories?post=96474"},{"taxonomy":"post_tag","embeddable":true,"href":"https:\/\/obera.fr\/ro\/wp-json\/wp\/v2\/tags?post=96474"}],"curies":[{"name":"wp","href":"https:\/\/api.w.org\/{rel}","templated":true}]}}